{"id":425479,"date":"2026-03-28T19:41:17","date_gmt":"2026-03-28T22:41:17","guid":{"rendered":"https:\/\/portaltela.pt\/noticias\/2026\/03\/28\/bolieiro-reafirma-compromisso-com-prr-na-inauguracao-da-circular-de-madalena\/"},"modified":"2026-03-28T19:41:17","modified_gmt":"2026-03-28T22:41:17","slug":"bolieiro-reafirma-compromisso-com-prr-na-inauguracao-da-circular-de-madalena","status":"publish","type":"post","link":"https:\/\/portaltela.pt\/noticias\/politica\/2026\/03\/28\/bolieiro-reafirma-compromisso-com-prr-na-inauguracao-da-circular-de-madalena\/","title":{"rendered":"Bolieiro reafirma compromisso com PRR na inaugura\u00e7\u00e3o da circular de Madalena"},"content":{"rendered":"<p>O presidente do Governo dos A\u00e7ores, Jos\u00e9 Manuel Bolieiro, refor\u00e7ou este s\u00e1bado o compromisso da regi\u00e3o com a execu\u00e7\u00e3o do Plano de Recupera\u00e7\u00e3o e Resili\u00eancia (PRR) durante a inaugura\u00e7\u00e3o da circular \u00e0 Madalena, na ilha do Pico. O chefe do executivo destacou que a interven\u00e7\u00e3o, financiada pelo PRR, realiza um \u201csonho antigo\u201d da popula\u00e7\u00e3o, alinhando as oportunidades de financiamento com as prioridades de desenvolvimento regional.<\/p>\n<p>Bolieiro sublinhou que a regi\u00e3o est\u00e1 a cumprir com sentido institucional e pr\u00e1tico a linha do tempo definida, lembrando que os objetivos s\u00e3o do povo e do futuro, n\u00e3o apenas do Governo. O refor\u00e7o da execu\u00e7\u00e3o do PRR foi apresentado como resultado do esfor\u00e7o da Estrutura de Miss\u00e3o para o Acompanhamento da Execu\u00e7\u00e3o do PRR-A\u00e7ores (EMPRR-A\u00e7ores), liderada por Rui Lu\u00eds, criada pelo governo regional.<\/p>\n<p>O l\u00edder regional salientou a import\u00e2ncia de otimizar os recursos dispon\u00edveis, reconhecendo o envelope financeiro atribu\u00eddo ao arquip\u00e9lago e a necessidade de o aplicar de forma eficaz na regi\u00e3o. A EMPRR-A\u00e7ores foi descrita como uma ferramenta de intelig\u00eancia pr\u00e1tica para cumprir marcos, metas e ajustar estrat\u00e9gias de desenvolvimento sempre que necess\u00e1rio.<\/p>\n<p>A nova infraestrutura rodovi\u00e1ria representa um investimento total de cerca de 8,5 milh\u00f5es de euros, incluindo impostos e expropria\u00e7\u00f5es. A circular, com cerca de 2.521 metros, liga dois tro\u00e7os da Estrada Regional 1-2.\u00aa, cruzando com a ER 3-2.\u00aa e v\u00e1rias vias municipais, melhorando a mobilidade na Madalena.<\/p>\n<p>O projeto visa reduzir constrangimentos identificados h\u00e1 muito, diminuir o tr\u00e1fego de pesados no centro da vila e aumentar a mobilidade urbana e a seguran\u00e7a rodovi\u00e1ria. Cinco rotundas foram criadas para aumentar a fluidez, com um cruzamento adicional numa zona de menor densidade habitacional.<\/p>\n<p>Foram criadas condi\u00e7\u00f5es para mobilidade pedonal e cicl\u00e1vel, incluindo uma ciclovia bidirecional, passeios qualificados e passadeiras em zonas de velocidade reduzida. O conjunto teve em conta a integra\u00e7\u00e3o paisag\u00edstica e ambiental, com zonas verdes, ilumina\u00e7\u00e3o p\u00fablica e muros de basalto que preservam a identidade local, bem como o reaproveitamento de materiais de escava\u00e7\u00e3o e solu\u00e7\u00f5es de drenagem para evitar impactos em propriedades privadas.<\/p>\n<p>Bolieiro enfatizou que as popula\u00e7\u00f5es s\u00e3o a raz\u00e3o da atua\u00e7\u00e3o governativa e destacou a valoriza\u00e7\u00e3o da ilha do Pico e da regi\u00e3o atrav\u00e9s da circular. O presidente salientou tamb\u00e9m o contributo de Fernando Alfaiate, presidente da Recuperar Portugal, pela coopera\u00e7\u00e3o no processo de execu\u00e7\u00e3o do PRR, presente na cerim\u00f3nia, que contou com a presen\u00e7a de secret\u00e1rios regionais.<\/p>\n","protected":false},"excerpt":{"rendered":"<ul>\n<li>O presidente do Governo dos A\u00e7ores, Jos\u00e9 Manuel Bolieiro, reafirmou o compromisso com a execu\u00e7\u00e3o do PRR durante a inaugura\u00e7\u00e3o da circular \u00e0 Madalena, na ilha do Pico.<\/li>\n<li>A obra, financiada pelo PRR, representa um investimento total de cerca de 8,5 milh\u00f5es de euros, incluindo impostos e expropria\u00e7\u00f5es.<\/li>\n<li>A via tem cerca de 2.521 metros de extens\u00e3o e liga dois tro\u00e7os da Estrada Regional n.\u00ba 1-2.\u00aa com a ER n.\u00ba 3-2.\u00aa, blocoando no centro da vila.<\/li>\n<li>O projeto prev\u00ea cinco rotundas, melhoria da mobilidade pedonal e cicl\u00e1vel, bem como um cruzamento em zona de menor densidade habitacional, para aumentar a seguran\u00e7a rodovi\u00e1ria.<\/li>\n<li>O Governo salienta a integra\u00e7\u00e3o paisag\u00edstica e ambiental, com zonas verdes, ilumina\u00e7\u00e3o p\u00fablica e reutiliza\u00e7\u00e3o de materiais de escava\u00e7\u00e3o, contribuindo para a valoriza\u00e7\u00e3o da ilha do Pico.<\/li>\n<\/ul>\n","protected":false},"author":2,"featured_media":425481,"comment_status":"closed","ping_status":"closed","sticky":false,"template":"","format":"standard","meta":{"footnotes":""},"categories":[1,5],"tags":[822,1409,28,1083,6317,2110],"class_list":["post-425479","post","type-post","status-publish","format-standard","has-post-thumbnail","hentry","category-noticias","category-politica","tag-acores","tag-desenvolvimento-regional","tag-economia","tag-estradas","tag-infraestrutura-rodoviaria","tag-mobilidade"],"yoast_head":"<!-- This site is optimized with the Yoast SEO plugin v27.2 - https:\/\/yoast.com\/product\/yoast-seo-wordpress\/ -->\n<title>Bolieiro reafirma compromisso com PRR na inaugura\u00e7\u00e3o da circular de Madalena - Portal Tela Portugal<\/title>\n<meta name=\"robots\" content=\"index, follow, max-snippet:-1, max-image-preview:large, max-video-preview:-1\" \/>\n<meta property=\"og:locale\" content=\"pt_PT\" \/>\n<meta property=\"og:type\" content=\"article\" \/>\n<meta property=\"og:title\" content=\"Bolieiro reafirma compromisso com PRR na inaugura\u00e7\u00e3o da circular de Madalena - Portal Tela Portugal\" \/>\n<meta property=\"og:description\" content=\"O presidente do Governo dos A\u00e7ores, Jos\u00e9 Manuel Bolieiro, reafirmou o compromisso com a execu\u00e7\u00e3o do PRR durante a inaugura\u00e7\u00e3o da circular \u00e0 Madalena, na ilha do Pico. A obra, financiada pelo PRR, representa um investimento total de cerca de 8,5 milh\u00f5es de euros, incluindo impostos e expropria\u00e7\u00f5es. A via tem cerca de 2.521 metros de extens\u00e3o e liga dois tro\u00e7os da Estrada Regional n.\u00ba 1-2.\u00aa com a ER n.\u00ba 3-2.\u00aa, blocoando no centro da vila. O projeto prev\u00ea cinco rotundas, melhoria da mobilidade pedonal e cicl\u00e1vel, bem como um cruzamento em zona de menor densidade habitacional, para aumentar a seguran\u00e7a rodovi\u00e1ria. O Governo salienta a integra\u00e7\u00e3o paisag\u00edstica e ambiental, com zonas verdes, ilumina\u00e7\u00e3o p\u00fablica e reutiliza\u00e7\u00e3o de materiais de escava\u00e7\u00e3o, contribuindo para a valoriza\u00e7\u00e3o da ilha do Pico.\" \/>\n<meta property=\"og:url\" content=\"https:\/\/portaltela.pt\/noticias\/2026\/03\/28\/bolieiro-reafirma-compromisso-com-prr-na-inauguracao-da-circular-de-madalena\/\" \/>\n<meta property=\"og:site_name\" content=\"Portal Tela Portugal\" \/>\n<meta property=\"article:published_time\" content=\"2026-03-28T22:41:17+00:00\" \/>\n<meta name=\"author\" content=\"Telinha\" \/>\n<meta name=\"twitter:card\" content=\"summary_large_image\" \/>\n<meta name=\"twitter:label1\" content=\"Escrito por\" \/>\n\t<meta name=\"twitter:data1\" content=\"Telinha\" \/>\n\t<meta name=\"twitter:label2\" content=\"Tempo estimado de leitura\" \/>\n\t<meta name=\"twitter:data2\" content=\"2 minutos\" \/>\n<script type=\"application\/ld+json\" class=\"yoast-schema-graph\">{\"@context\":\"https:\/\/schema.org\",\"@graph\":[{\"@type\":\"Article\",\"@id\":\"https:\/\/portaltela.pt\/noticias\/2026\/03\/28\/bolieiro-reafirma-compromisso-com-prr-na-inauguracao-da-circular-de-madalena\/#article\",\"isPartOf\":{\"@id\":\"https:\/\/portaltela.pt\/noticias\/2026\/03\/28\/bolieiro-reafirma-compromisso-com-prr-na-inauguracao-da-circular-de-madalena\/\"},\"author\":{\"name\":\"Telinha\",\"@id\":\"https:\/\/portaltela.pt\/#\/schema\/person\/c4278d4a6028830caff9ee44b42d32ed\"},\"headline\":\"Bolieiro reafirma compromisso com PRR na inaugura\u00e7\u00e3o da circular de Madalena\",\"datePublished\":\"2026-03-28T22:41:17+00:00\",\"mainEntityOfPage\":{\"@id\":\"https:\/\/portaltela.pt\/noticias\/2026\/03\/28\/bolieiro-reafirma-compromisso-com-prr-na-inauguracao-da-circular-de-madalena\/\"},\"wordCount\":462,\"image\":{\"@id\":\"https:\/\/portaltela.pt\/noticias\/2026\/03\/28\/bolieiro-reafirma-compromisso-com-prr-na-inauguracao-da-circular-de-madalena\/#primaryimage\"},\"thumbnailUrl\":\"https:\/\/portaltela.pt\/s.01k8rhncp4jt1\/2026\/03\/img_1500x1000uu2024-01-28-11-06-02-1554451.jpg\",\"keywords\":[\"A\u00e7ores\",\"desenvolvimento regional\",\"economia\",\"estradas\",\"infraestrutura rodovi\u00e1ria\",\"mobilidade\"],\"articleSection\":[\"Not\u00edcias\",\"Pol\u00edtica\"],\"inLanguage\":\"pt-PT\"},{\"@type\":\"WebPage\",\"@id\":\"https:\/\/portaltela.pt\/noticias\/2026\/03\/28\/bolieiro-reafirma-compromisso-com-prr-na-inauguracao-da-circular-de-madalena\/\",\"url\":\"https:\/\/portaltela.pt\/noticias\/2026\/03\/28\/bolieiro-reafirma-compromisso-com-prr-na-inauguracao-da-circular-de-madalena\/\",\"name\":\"Bolieiro reafirma compromisso com PRR na inaugura\u00e7\u00e3o da circular de Madalena - Portal Tela Portugal\",\"isPartOf\":{\"@id\":\"https:\/\/portaltela.pt\/#website\"},\"primaryImageOfPage\":{\"@id\":\"https:\/\/portaltela.pt\/noticias\/2026\/03\/28\/bolieiro-reafirma-compromisso-com-prr-na-inauguracao-da-circular-de-madalena\/#primaryimage\"},\"image\":{\"@id\":\"https:\/\/portaltela.pt\/noticias\/2026\/03\/28\/bolieiro-reafirma-compromisso-com-prr-na-inauguracao-da-circular-de-madalena\/#primaryimage\"},\"thumbnailUrl\":\"https:\/\/portaltela.pt\/s.01k8rhncp4jt1\/2026\/03\/img_1500x1000uu2024-01-28-11-06-02-1554451.jpg\",\"datePublished\":\"2026-03-28T22:41:17+00:00\",\"author\":{\"@id\":\"https:\/\/portaltela.pt\/#\/schema\/person\/c4278d4a6028830caff9ee44b42d32ed\"},\"breadcrumb\":{\"@id\":\"https:\/\/portaltela.pt\/noticias\/2026\/03\/28\/bolieiro-reafirma-compromisso-com-prr-na-inauguracao-da-circular-de-madalena\/#breadcrumb\"},\"inLanguage\":\"pt-PT\",\"potentialAction\":[{\"@type\":\"ReadAction\",\"target\":[\"https:\/\/portaltela.pt\/noticias\/2026\/03\/28\/bolieiro-reafirma-compromisso-com-prr-na-inauguracao-da-circular-de-madalena\/\"]}]},{\"@type\":\"ImageObject\",\"inLanguage\":\"pt-PT\",\"@id\":\"https:\/\/portaltela.pt\/noticias\/2026\/03\/28\/bolieiro-reafirma-compromisso-com-prr-na-inauguracao-da-circular-de-madalena\/#primaryimage\",\"url\":\"https:\/\/portaltela.pt\/s.01k8rhncp4jt1\/2026\/03\/img_1500x1000uu2024-01-28-11-06-02-1554451.jpg\",\"contentUrl\":\"https:\/\/portaltela.pt\/s.01k8rhncp4jt1\/2026\/03\/img_1500x1000uu2024-01-28-11-06-02-1554451.jpg\",\"width\":796,\"height\":448,\"caption\":\"Jos\u00e9 Manuel Bolieiro\"},{\"@type\":\"BreadcrumbList\",\"@id\":\"https:\/\/portaltela.pt\/noticias\/2026\/03\/28\/bolieiro-reafirma-compromisso-com-prr-na-inauguracao-da-circular-de-madalena\/#breadcrumb\",\"itemListElement\":[{\"@type\":\"ListItem\",\"position\":1,\"name\":\"In\u00edcio\",\"item\":\"https:\/\/portaltela.pt\/\"},{\"@type\":\"ListItem\",\"position\":2,\"name\":\"Bolieiro reafirma compromisso com PRR na inaugura\u00e7\u00e3o da circular de Madalena\"}]},{\"@type\":\"WebSite\",\"@id\":\"https:\/\/portaltela.pt\/#website\",\"url\":\"https:\/\/portaltela.pt\/\",\"name\":\"Portal Tela Portugal\",\"description\":\"\",\"potentialAction\":[{\"@type\":\"SearchAction\",\"target\":{\"@type\":\"EntryPoint\",\"urlTemplate\":\"https:\/\/portaltela.pt\/?s={search_term_string}\"},\"query-input\":{\"@type\":\"PropertyValueSpecification\",\"valueRequired\":true,\"valueName\":\"search_term_string\"}}],\"inLanguage\":\"pt-PT\"},{\"@type\":\"Person\",\"@id\":\"https:\/\/portaltela.pt\/#\/schema\/person\/c4278d4a6028830caff9ee44b42d32ed\",\"name\":\"Telinha\",\"image\":{\"@type\":\"ImageObject\",\"inLanguage\":\"pt-PT\",\"@id\":\"https:\/\/portaltela.pt\/s.01k8rhncp4jt1\/2025\/11\/talking-bot-125x125.png\",\"url\":\"https:\/\/portaltela.pt\/s.01k8rhncp4jt1\/2025\/11\/talking-bot-125x125.png\",\"contentUrl\":\"https:\/\/portaltela.pt\/s.01k8rhncp4jt1\/2025\/11\/talking-bot-125x125.png\",\"caption\":\"Telinha\"},\"sameAs\":[\"https:\/\/portaltela.pt\/\"],\"url\":\"https:\/\/portaltela.pt\/por\/367410592786\/\"}]}<\/script>\n<!-- \/ Yoast SEO plugin. -->","yoast_head_json":{"title":"Bolieiro reafirma compromisso com PRR na inaugura\u00e7\u00e3o da circular de Madalena - Portal Tela Portugal","robots":{"index":"index","follow":"follow","max-snippet":"max-snippet:-1","max-image-preview":"max-image-preview:large","max-video-preview":"max-video-preview:-1"},"og_locale":"pt_PT","og_type":"article","og_title":"Bolieiro reafirma compromisso com PRR na inaugura\u00e7\u00e3o da circular de Madalena - Portal Tela Portugal","og_description":"O presidente do Governo dos A\u00e7ores, Jos\u00e9 Manuel Bolieiro, reafirmou o compromisso com a execu\u00e7\u00e3o do PRR durante a inaugura\u00e7\u00e3o da circular \u00e0 Madalena, na ilha do Pico. A obra, financiada pelo PRR, representa um investimento total de cerca de 8,5 milh\u00f5es de euros, incluindo impostos e expropria\u00e7\u00f5es. A via tem cerca de 2.521 metros de extens\u00e3o e liga dois tro\u00e7os da Estrada Regional n.\u00ba 1-2.\u00aa com a ER n.\u00ba 3-2.\u00aa, blocoando no centro da vila. O projeto prev\u00ea cinco rotundas, melhoria da mobilidade pedonal e cicl\u00e1vel, bem como um cruzamento em zona de menor densidade habitacional, para aumentar a seguran\u00e7a rodovi\u00e1ria. O Governo salienta a integra\u00e7\u00e3o paisag\u00edstica e ambiental, com zonas verdes, ilumina\u00e7\u00e3o p\u00fablica e reutiliza\u00e7\u00e3o de materiais de escava\u00e7\u00e3o, contribuindo para a valoriza\u00e7\u00e3o da ilha do Pico.","og_url":"https:\/\/portaltela.pt\/noticias\/2026\/03\/28\/bolieiro-reafirma-compromisso-com-prr-na-inauguracao-da-circular-de-madalena\/","og_site_name":"Portal Tela Portugal","article_published_time":"2026-03-28T22:41:17+00:00","author":"Telinha","twitter_card":"summary_large_image","twitter_misc":{"Escrito por":"Telinha","Tempo estimado de leitura":"2 minutos"},"schema":{"@context":"https:\/\/schema.org","@graph":[{"@type":"Article","@id":"https:\/\/portaltela.pt\/noticias\/2026\/03\/28\/bolieiro-reafirma-compromisso-com-prr-na-inauguracao-da-circular-de-madalena\/#article","isPartOf":{"@id":"https:\/\/portaltela.pt\/noticias\/2026\/03\/28\/bolieiro-reafirma-compromisso-com-prr-na-inauguracao-da-circular-de-madalena\/"},"author":{"name":"Telinha","@id":"https:\/\/portaltela.pt\/#\/schema\/person\/c4278d4a6028830caff9ee44b42d32ed"},"headline":"Bolieiro reafirma compromisso com PRR na inaugura\u00e7\u00e3o da circular de Madalena","datePublished":"2026-03-28T22:41:17+00:00","mainEntityOfPage":{"@id":"https:\/\/portaltela.pt\/noticias\/2026\/03\/28\/bolieiro-reafirma-compromisso-com-prr-na-inauguracao-da-circular-de-madalena\/"},"wordCount":462,"image":{"@id":"https:\/\/portaltela.pt\/noticias\/2026\/03\/28\/bolieiro-reafirma-compromisso-com-prr-na-inauguracao-da-circular-de-madalena\/#primaryimage"},"thumbnailUrl":"https:\/\/portaltela.pt\/s.01k8rhncp4jt1\/2026\/03\/img_1500x1000uu2024-01-28-11-06-02-1554451.jpg","keywords":["A\u00e7ores","desenvolvimento regional","economia","estradas","infraestrutura rodovi\u00e1ria","mobilidade"],"articleSection":["Not\u00edcias","Pol\u00edtica"],"inLanguage":"pt-PT"},{"@type":"WebPage","@id":"https:\/\/portaltela.pt\/noticias\/2026\/03\/28\/bolieiro-reafirma-compromisso-com-prr-na-inauguracao-da-circular-de-madalena\/","url":"https:\/\/portaltela.pt\/noticias\/2026\/03\/28\/bolieiro-reafirma-compromisso-com-prr-na-inauguracao-da-circular-de-madalena\/","name":"Bolieiro reafirma compromisso com PRR na inaugura\u00e7\u00e3o da circular de Madalena - Portal Tela Portugal","isPartOf":{"@id":"https:\/\/portaltela.pt\/#website"},"primaryImageOfPage":{"@id":"https:\/\/portaltela.pt\/noticias\/2026\/03\/28\/bolieiro-reafirma-compromisso-com-prr-na-inauguracao-da-circular-de-madalena\/#primaryimage"},"image":{"@id":"https:\/\/portaltela.pt\/noticias\/2026\/03\/28\/bolieiro-reafirma-compromisso-com-prr-na-inauguracao-da-circular-de-madalena\/#primaryimage"},"thumbnailUrl":"https:\/\/portaltela.pt\/s.01k8rhncp4jt1\/2026\/03\/img_1500x1000uu2024-01-28-11-06-02-1554451.jpg","datePublished":"2026-03-28T22:41:17+00:00","author":{"@id":"https:\/\/portaltela.pt\/#\/schema\/person\/c4278d4a6028830caff9ee44b42d32ed"},"breadcrumb":{"@id":"https:\/\/portaltela.pt\/noticias\/2026\/03\/28\/bolieiro-reafirma-compromisso-com-prr-na-inauguracao-da-circular-de-madalena\/#breadcrumb"},"inLanguage":"pt-PT","potentialAction":[{"@type":"ReadAction","target":["https:\/\/portaltela.pt\/noticias\/2026\/03\/28\/bolieiro-reafirma-compromisso-com-prr-na-inauguracao-da-circular-de-madalena\/"]}]},{"@type":"ImageObject","inLanguage":"pt-PT","@id":"https:\/\/portaltela.pt\/noticias\/2026\/03\/28\/bolieiro-reafirma-compromisso-com-prr-na-inauguracao-da-circular-de-madalena\/#primaryimage","url":"https:\/\/portaltela.pt\/s.01k8rhncp4jt1\/2026\/03\/img_1500x1000uu2024-01-28-11-06-02-1554451.jpg","contentUrl":"https:\/\/portaltela.pt\/s.01k8rhncp4jt1\/2026\/03\/img_1500x1000uu2024-01-28-11-06-02-1554451.jpg","width":796,"height":448,"caption":"Jos\u00e9 Manuel Bolieiro"},{"@type":"BreadcrumbList","@id":"https:\/\/portaltela.pt\/noticias\/2026\/03\/28\/bolieiro-reafirma-compromisso-com-prr-na-inauguracao-da-circular-de-madalena\/#breadcrumb","itemListElement":[{"@type":"ListItem","position":1,"name":"In\u00edcio","item":"https:\/\/portaltela.pt\/"},{"@type":"ListItem","position":2,"name":"Bolieiro reafirma compromisso com PRR na inaugura\u00e7\u00e3o da circular de Madalena"}]},{"@type":"WebSite","@id":"https:\/\/portaltela.pt\/#website","url":"https:\/\/portaltela.pt\/","name":"Portal Tela Portugal","description":"","potentialAction":[{"@type":"SearchAction","target":{"@type":"EntryPoint","urlTemplate":"https:\/\/portaltela.pt\/?s={search_term_string}"},"query-input":{"@type":"PropertyValueSpecification","valueRequired":true,"valueName":"search_term_string"}}],"inLanguage":"pt-PT"},{"@type":"Person","@id":"https:\/\/portaltela.pt\/#\/schema\/person\/c4278d4a6028830caff9ee44b42d32ed","name":"Telinha","image":{"@type":"ImageObject","inLanguage":"pt-PT","@id":"https:\/\/portaltela.pt\/s.01k8rhncp4jt1\/2025\/11\/talking-bot-125x125.png","url":"https:\/\/portaltela.pt\/s.01k8rhncp4jt1\/2025\/11\/talking-bot-125x125.png","contentUrl":"https:\/\/portaltela.pt\/s.01k8rhncp4jt1\/2025\/11\/talking-bot-125x125.png","caption":"Telinha"},"sameAs":["https:\/\/portaltela.pt\/"],"url":"https:\/\/portaltela.pt\/por\/367410592786\/"}]}},"_links":{"self":[{"href":"https:\/\/portaltela.pt\/api\/wp\/v2\/posts\/425479","targetHints":{"allow":["GET"]}}],"collection":[{"href":"https:\/\/portaltela.pt\/api\/wp\/v2\/posts"}],"about":[{"href":"https:\/\/portaltela.pt\/api\/wp\/v2\/types\/post"}],"author":[{"embeddable":true,"href":"https:\/\/portaltela.pt\/api\/wp\/v2\/users\/2"}],"replies":[{"embeddable":true,"href":"https:\/\/portaltela.pt\/api\/wp\/v2\/comments?post=425479"}],"version-history":[{"count":0,"href":"https:\/\/portaltela.pt\/api\/wp\/v2\/posts\/425479\/revisions"}],"wp:featuredmedia":[{"embeddable":true,"href":"https:\/\/portaltela.pt\/api\/wp\/v2\/media\/425481"}],"wp:attachment":[{"href":"https:\/\/portaltela.pt\/api\/wp\/v2\/media?parent=425479"}],"wp:term":[{"taxonomy":"category","embeddable":true,"href":"https:\/\/portaltela.pt\/api\/wp\/v2\/categories?post=425479"},{"taxonomy":"post_tag","embeddable":true,"href":"https:\/\/portaltela.pt\/api\/wp\/v2\/tags?post=425479"}],"curies":[{"name":"wp","href":"https:\/\/api.w.org\/{rel}","templated":true}]}}