{"id":425474,"date":"2026-03-28T19:33:27","date_gmt":"2026-03-28T22:33:27","guid":{"rendered":"https:\/\/portaltela.pt\/noticias\/2026\/03\/28\/mendes-rejeita-espirito-derrotista-salgueiro-defende-regionalizacao\/"},"modified":"2026-03-28T19:33:27","modified_gmt":"2026-03-28T22:33:27","slug":"mendes-rejeita-espirito-derrotista-salgueiro-defende-regionalizacao","status":"publish","type":"post","link":"https:\/\/portaltela.pt\/noticias\/politica\/2026\/03\/28\/mendes-rejeita-espirito-derrotista-salgueiro-defende-regionalizacao\/","title":{"rendered":"Mendes rejeita esp\u00edrito derrotista; Salgueiro defende regionaliza\u00e7\u00e3o"},"content":{"rendered":"<p>No 25.\u00ba Congresso do PS, em Viseu, decorre at\u00e9 domingo, com Ana Catarina Mendes a defender que o partido n\u00e3o deve ter esp\u00edrito derrotista e a apelar a um impulso de esperan\u00e7a. Lu\u00edsa Salgueiro, por sua vez, defende abrir o PS a um debate sobre a regionaliza\u00e7\u00e3o para favorecer um eventual sim num referendo.<\/p>\n<p>Ana Catarina Mendes, eurodeputada, ressalta a necessidade de manter o orgulho hist\u00f3rico do PS e alerta para o risco de a direita ceder \u00e0 agenda da extrema direita. Referiu ainda que h\u00e1 direitos humanos a serem defendidos, especialmente no contexto da legisla\u00e7\u00e3o migrat\u00f3ria.<\/p>\n<p>Lu\u00edsa Salgueiro, autarca de Matosinhos e antiga presidente da ANMP, real\u00e7a o papel do poder local e a necessidade de concluir o processo de descentraliza\u00e7\u00e3o. Defende uma nova lei das finan\u00e7as locais e o avan\u00e7o da regionaliza\u00e7\u00e3o, com consulta popular prevista na Constitui\u00e7\u00e3o.<\/p>\n<h3>Regionaliza\u00e7\u00e3o e finan\u00e7as locais<\/h3>\n<p>Salgueiro afirma que o PS deve promover um debate para preparar o pa\u00eds para o referendo sobre regionaliza\u00e7\u00e3o, garantindo que o sim ven\u00e7a. A l\u00edder pol\u00edtica afirma que n\u00e3o se trata de favorecer grandes cidades em detrimento de munic\u00edpios menores.<\/p>\n<p>Carla Tavares, eurodeputada e presidente da FAUL, acrescenta que o mundo vive turbul\u00eancia geopol\u00edtica e que o PS \u00e9 crucial para salvaguardar o modelo social europeu, defendendo lideran\u00e7a europeia, respeito pelo direito internacional e diplomacia.<\/p>\n","protected":false},"excerpt":{"rendered":"<ul>\n<li>No 25.\u00ba Congresso do PS, em Viseu, Ana Catarina Mendes pediu que o partido n\u00e3o tenha esp\u00edrito derrotista e apelou ao \u00e2nimo dos socialistas.<\/li>\n<li>A eurodeputada disse que o congresso deve olhar para o futuro, com orgulho na hist\u00f3ria do PS, e criticou medidas associadas \u00e0 deporta\u00e7\u00e3o de imigrantes em mat\u00e9ria de direitos humanos.<\/li>\n<li>Lu\u00edsa Salgueiro defendeu que o PS promova um debate sobre regionaliza\u00e7\u00e3o para que o referendo tenha um resultado favor\u00e1vel e destacou a import\u00e2ncia do poder local.<\/li>\n<li>A autarca pediu avan\u00e7o para a aprova\u00e7\u00e3o de uma nova lei das finan\u00e7as locais e para benef\u00edcios da descentraliza\u00e7\u00e3o, lembrando que a regionaliza\u00e7\u00e3o est\u00e1 prevista na Constitui\u00e7\u00e3o.<\/li>\n<li>Carla Tavares, presidente da Federa\u00e7\u00e3o da \u00c1rea Urbana de Lisboa, afirmou que a Europa precisa liderar, defender o direito internacional e preservar o modelo social europeu.<\/li>\n<\/ul>\n","protected":false},"author":2,"featured_media":425477,"comment_status":"closed","ping_status":"closed","sticky":false,"template":"","format":"standard","meta":{"footnotes":""},"categories":[1,5],"tags":[1275,2633,733,2832,1778,2055],"class_list":["post-425474","post","type-post","status-publish","format-standard","has-post-thumbnail","hentry","category-noticias","category-politica","tag-descentralizacao-territorial","tag-direitos-humanos","tag-financas-publicas","tag-politica","tag-regionalizacao-territorial","tag-uniao-europeia"],"yoast_head":"<!-- This site is optimized with the Yoast SEO plugin v27.2 - https:\/\/yoast.com\/product\/yoast-seo-wordpress\/ -->\n<title>Mendes rejeita esp\u00edrito derrotista; Salgueiro defende regionaliza\u00e7\u00e3o - Portal Tela Portugal<\/title>\n<meta name=\"robots\" content=\"index, follow, max-snippet:-1, max-image-preview:large, max-video-preview:-1\" \/>\n<meta property=\"og:locale\" content=\"pt_PT\" \/>\n<meta property=\"og:type\" content=\"article\" \/>\n<meta property=\"og:title\" content=\"Mendes rejeita esp\u00edrito derrotista; Salgueiro defende regionaliza\u00e7\u00e3o - Portal Tela Portugal\" \/>\n<meta property=\"og:description\" content=\"No 25.\u00ba Congresso do PS, em Viseu, Ana Catarina Mendes pediu que o partido n\u00e3o tenha esp\u00edrito derrotista e apelou ao \u00e2nimo dos socialistas. A eurodeputada disse que o congresso deve olhar para o futuro, com orgulho na hist\u00f3ria do PS, e criticou medidas associadas \u00e0 deporta\u00e7\u00e3o de imigrantes em mat\u00e9ria de direitos humanos. Lu\u00edsa Salgueiro defendeu que o PS promova um debate sobre regionaliza\u00e7\u00e3o para que o referendo tenha um resultado favor\u00e1vel e destacou a import\u00e2ncia do poder local. A autarca pediu avan\u00e7o para a aprova\u00e7\u00e3o de uma nova lei das finan\u00e7as locais e para benef\u00edcios da descentraliza\u00e7\u00e3o, lembrando que a regionaliza\u00e7\u00e3o est\u00e1 prevista na Constitui\u00e7\u00e3o. Carla Tavares, presidente da Federa\u00e7\u00e3o da \u00c1rea Urbana de Lisboa, afirmou que a Europa precisa liderar, defender o direito internacional e preservar o modelo social europeu.\" \/>\n<meta property=\"og:url\" content=\"https:\/\/portaltela.pt\/noticias\/2026\/03\/28\/mendes-rejeita-espirito-derrotista-salgueiro-defende-regionalizacao\/\" \/>\n<meta property=\"og:site_name\" content=\"Portal Tela Portugal\" \/>\n<meta property=\"article:published_time\" content=\"2026-03-28T22:33:27+00:00\" \/>\n<meta name=\"author\" content=\"Telinha\" \/>\n<meta name=\"twitter:card\" content=\"summary_large_image\" \/>\n<meta name=\"twitter:label1\" content=\"Escrito por\" \/>\n\t<meta name=\"twitter:data1\" content=\"Telinha\" \/>\n\t<meta name=\"twitter:label2\" content=\"Tempo estimado de leitura\" \/>\n\t<meta name=\"twitter:data2\" content=\"1 minuto\" \/>\n<script type=\"application\/ld+json\" class=\"yoast-schema-graph\">{\"@context\":\"https:\/\/schema.org\",\"@graph\":[{\"@type\":\"Article\",\"@id\":\"https:\/\/portaltela.pt\/noticias\/2026\/03\/28\/mendes-rejeita-espirito-derrotista-salgueiro-defende-regionalizacao\/#article\",\"isPartOf\":{\"@id\":\"https:\/\/portaltela.pt\/noticias\/2026\/03\/28\/mendes-rejeita-espirito-derrotista-salgueiro-defende-regionalizacao\/\"},\"author\":{\"name\":\"Telinha\",\"@id\":\"https:\/\/portaltela.pt\/#\/schema\/person\/c4278d4a6028830caff9ee44b42d32ed\"},\"headline\":\"Mendes rejeita esp\u00edrito derrotista; Salgueiro defende regionaliza\u00e7\u00e3o\",\"datePublished\":\"2026-03-28T22:33:27+00:00\",\"mainEntityOfPage\":{\"@id\":\"https:\/\/portaltela.pt\/noticias\/2026\/03\/28\/mendes-rejeita-espirito-derrotista-salgueiro-defende-regionalizacao\/\"},\"wordCount\":252,\"image\":{\"@id\":\"https:\/\/portaltela.pt\/noticias\/2026\/03\/28\/mendes-rejeita-espirito-derrotista-salgueiro-defende-regionalizacao\/#primaryimage\"},\"thumbnailUrl\":\"https:\/\/portaltela.pt\/s.01k8rhncp4jt1\/2026\/03\/img_1500x1000uu2023-08-06-13-03-35-1412745.jpg\",\"keywords\":[\"descentraliza\u00e7\u00e3o territorial\",\"direitos humanos\",\"finan\u00e7as p\u00fablicas\",\"pol\u00edtica\",\"regionaliza\u00e7\u00e3o territorial\",\"Uni\u00e3o Europeia\"],\"articleSection\":[\"Not\u00edcias\",\"Pol\u00edtica\"],\"inLanguage\":\"pt-PT\"},{\"@type\":\"WebPage\",\"@id\":\"https:\/\/portaltela.pt\/noticias\/2026\/03\/28\/mendes-rejeita-espirito-derrotista-salgueiro-defende-regionalizacao\/\",\"url\":\"https:\/\/portaltela.pt\/noticias\/2026\/03\/28\/mendes-rejeita-espirito-derrotista-salgueiro-defende-regionalizacao\/\",\"name\":\"Mendes rejeita esp\u00edrito derrotista; Salgueiro defende regionaliza\u00e7\u00e3o - Portal Tela Portugal\",\"isPartOf\":{\"@id\":\"https:\/\/portaltela.pt\/#website\"},\"primaryImageOfPage\":{\"@id\":\"https:\/\/portaltela.pt\/noticias\/2026\/03\/28\/mendes-rejeita-espirito-derrotista-salgueiro-defende-regionalizacao\/#primaryimage\"},\"image\":{\"@id\":\"https:\/\/portaltela.pt\/noticias\/2026\/03\/28\/mendes-rejeita-espirito-derrotista-salgueiro-defende-regionalizacao\/#primaryimage\"},\"thumbnailUrl\":\"https:\/\/portaltela.pt\/s.01k8rhncp4jt1\/2026\/03\/img_1500x1000uu2023-08-06-13-03-35-1412745.jpg\",\"datePublished\":\"2026-03-28T22:33:27+00:00\",\"author\":{\"@id\":\"https:\/\/portaltela.pt\/#\/schema\/person\/c4278d4a6028830caff9ee44b42d32ed\"},\"breadcrumb\":{\"@id\":\"https:\/\/portaltela.pt\/noticias\/2026\/03\/28\/mendes-rejeita-espirito-derrotista-salgueiro-defende-regionalizacao\/#breadcrumb\"},\"inLanguage\":\"pt-PT\",\"potentialAction\":[{\"@type\":\"ReadAction\",\"target\":[\"https:\/\/portaltela.pt\/noticias\/2026\/03\/28\/mendes-rejeita-espirito-derrotista-salgueiro-defende-regionalizacao\/\"]}]},{\"@type\":\"ImageObject\",\"inLanguage\":\"pt-PT\",\"@id\":\"https:\/\/portaltela.pt\/noticias\/2026\/03\/28\/mendes-rejeita-espirito-derrotista-salgueiro-defende-regionalizacao\/#primaryimage\",\"url\":\"https:\/\/portaltela.pt\/s.01k8rhncp4jt1\/2026\/03\/img_1500x1000uu2023-08-06-13-03-35-1412745.jpg\",\"contentUrl\":\"https:\/\/portaltela.pt\/s.01k8rhncp4jt1\/2026\/03\/img_1500x1000uu2023-08-06-13-03-35-1412745.jpg\",\"width\":796,\"height\":448,\"caption\":\"Ana Catarina Mendes\"},{\"@type\":\"BreadcrumbList\",\"@id\":\"https:\/\/portaltela.pt\/noticias\/2026\/03\/28\/mendes-rejeita-espirito-derrotista-salgueiro-defende-regionalizacao\/#breadcrumb\",\"itemListElement\":[{\"@type\":\"ListItem\",\"position\":1,\"name\":\"In\u00edcio\",\"item\":\"https:\/\/portaltela.pt\/\"},{\"@type\":\"ListItem\",\"position\":2,\"name\":\"Mendes rejeita esp\u00edrito derrotista; Salgueiro defende regionaliza\u00e7\u00e3o\"}]},{\"@type\":\"WebSite\",\"@id\":\"https:\/\/portaltela.pt\/#website\",\"url\":\"https:\/\/portaltela.pt\/\",\"name\":\"Portal Tela Portugal\",\"description\":\"\",\"potentialAction\":[{\"@type\":\"SearchAction\",\"target\":{\"@type\":\"EntryPoint\",\"urlTemplate\":\"https:\/\/portaltela.pt\/?s={search_term_string}\"},\"query-input\":{\"@type\":\"PropertyValueSpecification\",\"valueRequired\":true,\"valueName\":\"search_term_string\"}}],\"inLanguage\":\"pt-PT\"},{\"@type\":\"Person\",\"@id\":\"https:\/\/portaltela.pt\/#\/schema\/person\/c4278d4a6028830caff9ee44b42d32ed\",\"name\":\"Telinha\",\"image\":{\"@type\":\"ImageObject\",\"inLanguage\":\"pt-PT\",\"@id\":\"https:\/\/portaltela.pt\/s.01k8rhncp4jt1\/2025\/11\/talking-bot-125x125.png\",\"url\":\"https:\/\/portaltela.pt\/s.01k8rhncp4jt1\/2025\/11\/talking-bot-125x125.png\",\"contentUrl\":\"https:\/\/portaltela.pt\/s.01k8rhncp4jt1\/2025\/11\/talking-bot-125x125.png\",\"caption\":\"Telinha\"},\"sameAs\":[\"https:\/\/portaltela.pt\/\"],\"url\":\"https:\/\/portaltela.pt\/por\/367410592786\/\"}]}<\/script>\n<!-- \/ Yoast SEO plugin. -->","yoast_head_json":{"title":"Mendes rejeita esp\u00edrito derrotista; Salgueiro defende regionaliza\u00e7\u00e3o - Portal Tela Portugal","robots":{"index":"index","follow":"follow","max-snippet":"max-snippet:-1","max-image-preview":"max-image-preview:large","max-video-preview":"max-video-preview:-1"},"og_locale":"pt_PT","og_type":"article","og_title":"Mendes rejeita esp\u00edrito derrotista; Salgueiro defende regionaliza\u00e7\u00e3o - Portal Tela Portugal","og_description":"No 25.\u00ba Congresso do PS, em Viseu, Ana Catarina Mendes pediu que o partido n\u00e3o tenha esp\u00edrito derrotista e apelou ao \u00e2nimo dos socialistas. A eurodeputada disse que o congresso deve olhar para o futuro, com orgulho na hist\u00f3ria do PS, e criticou medidas associadas \u00e0 deporta\u00e7\u00e3o de imigrantes em mat\u00e9ria de direitos humanos. Lu\u00edsa Salgueiro defendeu que o PS promova um debate sobre regionaliza\u00e7\u00e3o para que o referendo tenha um resultado favor\u00e1vel e destacou a import\u00e2ncia do poder local. A autarca pediu avan\u00e7o para a aprova\u00e7\u00e3o de uma nova lei das finan\u00e7as locais e para benef\u00edcios da descentraliza\u00e7\u00e3o, lembrando que a regionaliza\u00e7\u00e3o est\u00e1 prevista na Constitui\u00e7\u00e3o. Carla Tavares, presidente da Federa\u00e7\u00e3o da \u00c1rea Urbana de Lisboa, afirmou que a Europa precisa liderar, defender o direito internacional e preservar o modelo social europeu.","og_url":"https:\/\/portaltela.pt\/noticias\/2026\/03\/28\/mendes-rejeita-espirito-derrotista-salgueiro-defende-regionalizacao\/","og_site_name":"Portal Tela Portugal","article_published_time":"2026-03-28T22:33:27+00:00","author":"Telinha","twitter_card":"summary_large_image","twitter_misc":{"Escrito por":"Telinha","Tempo estimado de leitura":"1 minuto"},"schema":{"@context":"https:\/\/schema.org","@graph":[{"@type":"Article","@id":"https:\/\/portaltela.pt\/noticias\/2026\/03\/28\/mendes-rejeita-espirito-derrotista-salgueiro-defende-regionalizacao\/#article","isPartOf":{"@id":"https:\/\/portaltela.pt\/noticias\/2026\/03\/28\/mendes-rejeita-espirito-derrotista-salgueiro-defende-regionalizacao\/"},"author":{"name":"Telinha","@id":"https:\/\/portaltela.pt\/#\/schema\/person\/c4278d4a6028830caff9ee44b42d32ed"},"headline":"Mendes rejeita esp\u00edrito derrotista; Salgueiro defende regionaliza\u00e7\u00e3o","datePublished":"2026-03-28T22:33:27+00:00","mainEntityOfPage":{"@id":"https:\/\/portaltela.pt\/noticias\/2026\/03\/28\/mendes-rejeita-espirito-derrotista-salgueiro-defende-regionalizacao\/"},"wordCount":252,"image":{"@id":"https:\/\/portaltela.pt\/noticias\/2026\/03\/28\/mendes-rejeita-espirito-derrotista-salgueiro-defende-regionalizacao\/#primaryimage"},"thumbnailUrl":"https:\/\/portaltela.pt\/s.01k8rhncp4jt1\/2026\/03\/img_1500x1000uu2023-08-06-13-03-35-1412745.jpg","keywords":["descentraliza\u00e7\u00e3o territorial","direitos humanos","finan\u00e7as p\u00fablicas","pol\u00edtica","regionaliza\u00e7\u00e3o territorial","Uni\u00e3o Europeia"],"articleSection":["Not\u00edcias","Pol\u00edtica"],"inLanguage":"pt-PT"},{"@type":"WebPage","@id":"https:\/\/portaltela.pt\/noticias\/2026\/03\/28\/mendes-rejeita-espirito-derrotista-salgueiro-defende-regionalizacao\/","url":"https:\/\/portaltela.pt\/noticias\/2026\/03\/28\/mendes-rejeita-espirito-derrotista-salgueiro-defende-regionalizacao\/","name":"Mendes rejeita esp\u00edrito derrotista; Salgueiro defende regionaliza\u00e7\u00e3o - Portal Tela Portugal","isPartOf":{"@id":"https:\/\/portaltela.pt\/#website"},"primaryImageOfPage":{"@id":"https:\/\/portaltela.pt\/noticias\/2026\/03\/28\/mendes-rejeita-espirito-derrotista-salgueiro-defende-regionalizacao\/#primaryimage"},"image":{"@id":"https:\/\/portaltela.pt\/noticias\/2026\/03\/28\/mendes-rejeita-espirito-derrotista-salgueiro-defende-regionalizacao\/#primaryimage"},"thumbnailUrl":"https:\/\/portaltela.pt\/s.01k8rhncp4jt1\/2026\/03\/img_1500x1000uu2023-08-06-13-03-35-1412745.jpg","datePublished":"2026-03-28T22:33:27+00:00","author":{"@id":"https:\/\/portaltela.pt\/#\/schema\/person\/c4278d4a6028830caff9ee44b42d32ed"},"breadcrumb":{"@id":"https:\/\/portaltela.pt\/noticias\/2026\/03\/28\/mendes-rejeita-espirito-derrotista-salgueiro-defende-regionalizacao\/#breadcrumb"},"inLanguage":"pt-PT","potentialAction":[{"@type":"ReadAction","target":["https:\/\/portaltela.pt\/noticias\/2026\/03\/28\/mendes-rejeita-espirito-derrotista-salgueiro-defende-regionalizacao\/"]}]},{"@type":"ImageObject","inLanguage":"pt-PT","@id":"https:\/\/portaltela.pt\/noticias\/2026\/03\/28\/mendes-rejeita-espirito-derrotista-salgueiro-defende-regionalizacao\/#primaryimage","url":"https:\/\/portaltela.pt\/s.01k8rhncp4jt1\/2026\/03\/img_1500x1000uu2023-08-06-13-03-35-1412745.jpg","contentUrl":"https:\/\/portaltela.pt\/s.01k8rhncp4jt1\/2026\/03\/img_1500x1000uu2023-08-06-13-03-35-1412745.jpg","width":796,"height":448,"caption":"Ana Catarina Mendes"},{"@type":"BreadcrumbList","@id":"https:\/\/portaltela.pt\/noticias\/2026\/03\/28\/mendes-rejeita-espirito-derrotista-salgueiro-defende-regionalizacao\/#breadcrumb","itemListElement":[{"@type":"ListItem","position":1,"name":"In\u00edcio","item":"https:\/\/portaltela.pt\/"},{"@type":"ListItem","position":2,"name":"Mendes rejeita esp\u00edrito derrotista; Salgueiro defende regionaliza\u00e7\u00e3o"}]},{"@type":"WebSite","@id":"https:\/\/portaltela.pt\/#website","url":"https:\/\/portaltela.pt\/","name":"Portal Tela Portugal","description":"","potentialAction":[{"@type":"SearchAction","target":{"@type":"EntryPoint","urlTemplate":"https:\/\/portaltela.pt\/?s={search_term_string}"},"query-input":{"@type":"PropertyValueSpecification","valueRequired":true,"valueName":"search_term_string"}}],"inLanguage":"pt-PT"},{"@type":"Person","@id":"https:\/\/portaltela.pt\/#\/schema\/person\/c4278d4a6028830caff9ee44b42d32ed","name":"Telinha","image":{"@type":"ImageObject","inLanguage":"pt-PT","@id":"https:\/\/portaltela.pt\/s.01k8rhncp4jt1\/2025\/11\/talking-bot-125x125.png","url":"https:\/\/portaltela.pt\/s.01k8rhncp4jt1\/2025\/11\/talking-bot-125x125.png","contentUrl":"https:\/\/portaltela.pt\/s.01k8rhncp4jt1\/2025\/11\/talking-bot-125x125.png","caption":"Telinha"},"sameAs":["https:\/\/portaltela.pt\/"],"url":"https:\/\/portaltela.pt\/por\/367410592786\/"}]}},"_links":{"self":[{"href":"https:\/\/portaltela.pt\/api\/wp\/v2\/posts\/425474","targetHints":{"allow":["GET"]}}],"collection":[{"href":"https:\/\/portaltela.pt\/api\/wp\/v2\/posts"}],"about":[{"href":"https:\/\/portaltela.pt\/api\/wp\/v2\/types\/post"}],"author":[{"embeddable":true,"href":"https:\/\/portaltela.pt\/api\/wp\/v2\/users\/2"}],"replies":[{"embeddable":true,"href":"https:\/\/portaltela.pt\/api\/wp\/v2\/comments?post=425474"}],"version-history":[{"count":0,"href":"https:\/\/portaltela.pt\/api\/wp\/v2\/posts\/425474\/revisions"}],"wp:featuredmedia":[{"embeddable":true,"href":"https:\/\/portaltela.pt\/api\/wp\/v2\/media\/425477"}],"wp:attachment":[{"href":"https:\/\/portaltela.pt\/api\/wp\/v2\/media?parent=425474"}],"wp:term":[{"taxonomy":"category","embeddable":true,"href":"https:\/\/portaltela.pt\/api\/wp\/v2\/categories?post=425474"},{"taxonomy":"post_tag","embeddable":true,"href":"https:\/\/portaltela.pt\/api\/wp\/v2\/tags?post=425474"}],"curies":[{"name":"wp","href":"https:\/\/api.w.org\/{rel}","templated":true}]}}