{"id":425473,"date":"2026-03-28T19:32:00","date_gmt":"2026-03-28T22:32:00","guid":{"rendered":"https:\/\/portaltela.pt\/noticias\/2026\/03\/28\/cheiro-desconfortavel-no-balneario-do-dragao-arena-onde-sporting-foi-assistido\/"},"modified":"2026-03-28T19:32:00","modified_gmt":"2026-03-28T22:32:00","slug":"cheiro-desconfortavel-no-balneario-do-dragao-arena-onde-sporting-foi-assistido","status":"publish","type":"post","link":"https:\/\/portaltela.pt\/desporto\/futebol\/2026\/03\/28\/cheiro-desconfortavel-no-balneario-do-dragao-arena-onde-sporting-foi-assistido\/","title":{"rendered":"Cheiro desconfort\u00e1vel no balne\u00e1rio do Drag\u00e3o Arena onde Sporting foi assistido"},"content":{"rendered":"<p>O balne\u00e1rio 4 do Drag\u00e3o Arena esteve no centro de um incidente antes do jogo entre Sporting e FC Porto, no escal\u00e3o de andebol. Jogadores e treinador do Sporting receberam assist\u00eancia m\u00e9dica ap\u00f3s reclamar de um cheiro intenso na zona de prepara\u00e7\u00e3o para a partida.<\/p>\n<p>A equipa verde e branca apontou desconforto associado a esse odor, que provocou tosse entre alguns operacionais. Mesmo com aparente limpeza, o cheiro persistia de forma percept\u00edvel no balne\u00e1rio utilizado pela equipa advers\u00e1ria.<\/p>\n<p>No final do encontro, a Record esteve no local e confirmou a exist\u00eancia do odor, que foi descrito como mais intenso no balne\u00e1rio 4, apesar da presen\u00e7a de desinfe\u00e7\u00e3o vis\u00edvel. Face aos acontecimentos, o Sporting foi encaminhado para o balne\u00e1rio 3, onde o odor parecia menos acentuado.<\/p>\n<h3>Detalhes dos balne\u00e1rios<\/h3>\n<p>Foram recolhidas informa\u00e7\u00f5es de que o balne\u00e1rio 3 apresentava condi\u00e7\u00f5es de higiene semelhantes, sem registo de desconforto t\u00e3o evidente como no 4. N\u00e3o foram divulgadas informa\u00e7\u00f5es oficiais sobre a origem do cheiro ou respons\u00e1veis pelo incidente.<\/p>\n<p>N\u00e3o se sabe ainda se houve avalia\u00e7\u00e3o adicional por parte de autoridades competentes nem se o epis\u00f3dio ter\u00e1 impactos no calend\u00e1rio da equipa. A edi\u00e7\u00e3o confirmou apenas a sequ\u00eancia de eventos descritos.<\/p>\n","protected":false},"excerpt":{"rendered":"<ul>\n<li>Os jogadores e o treinador do Sporting de andebol receberam assist\u00eancia m\u00e9dica devido a um cheiro intenso no Drag\u00e3o Arena, antes do jogo contra o FC Porto.<\/li>\n<li>O cheiro foi reportado no balne\u00e1rio n\u00famero quatro, utilizado pela equipa advers\u00e1ria, segundo a Record, que esteve no local.<\/li>\n<li>O desconforto incluiu tosse, mesmo com a \u00e1rea supostamente limpa.<\/li>\n<li>Depois, o plantel do Sporting foi encaminhado para o balne\u00e1rio n\u00famero tr\u00eas, que tamb\u00e9m parecia limpo e apresentava menos odor.<\/li>\n<\/ul>\n","protected":false},"author":2,"featured_media":425475,"comment_status":"closed","ping_status":"closed","sticky":false,"template":"","format":"standard","meta":{"footnotes":""},"categories":[21,24],"tags":[4946,123,152,2028,4849,1652],"class_list":["post-425473","post","type-post","status-publish","format-standard","has-post-thumbnail","hentry","category-desporto","category-futebol","tag-balnearios","tag-desportivos","tag-desporto","tag-fc-porto","tag-handebol","tag-sporting"],"yoast_head":"<!-- This site is optimized with the Yoast SEO plugin v27.2 - https:\/\/yoast.com\/product\/yoast-seo-wordpress\/ -->\n<title>Cheiro desconfort\u00e1vel no balne\u00e1rio do Drag\u00e3o Arena onde Sporting foi assistido - Portal Tela Portugal<\/title>\n<meta name=\"robots\" content=\"index, follow, max-snippet:-1, max-image-preview:large, max-video-preview:-1\" \/>\n<meta property=\"og:locale\" content=\"pt_PT\" \/>\n<meta property=\"og:type\" content=\"article\" \/>\n<meta property=\"og:title\" content=\"Cheiro desconfort\u00e1vel no balne\u00e1rio do Drag\u00e3o Arena onde Sporting foi assistido - Portal Tela Portugal\" \/>\n<meta property=\"og:description\" content=\"Os jogadores e o treinador do Sporting de andebol receberam assist\u00eancia m\u00e9dica devido a um cheiro intenso no Drag\u00e3o Arena, antes do jogo contra o FC Porto. O cheiro foi reportado no balne\u00e1rio n\u00famero quatro, utilizado pela equipa advers\u00e1ria, segundo a Record, que esteve no local. O desconforto incluiu tosse, mesmo com a \u00e1rea supostamente limpa. Depois, o plantel do Sporting foi encaminhado para o balne\u00e1rio n\u00famero tr\u00eas, que tamb\u00e9m parecia limpo e apresentava menos odor.\" \/>\n<meta property=\"og:url\" content=\"https:\/\/portaltela.pt\/noticias\/2026\/03\/28\/cheiro-desconfortavel-no-balneario-do-dragao-arena-onde-sporting-foi-assistido\/\" \/>\n<meta property=\"og:site_name\" content=\"Portal Tela Portugal\" \/>\n<meta property=\"article:published_time\" content=\"2026-03-28T22:32:00+00:00\" \/>\n<meta name=\"author\" content=\"Telinha\" \/>\n<meta name=\"twitter:card\" content=\"summary_large_image\" \/>\n<meta name=\"twitter:label1\" content=\"Escrito por\" \/>\n\t<meta name=\"twitter:data1\" content=\"Telinha\" \/>\n\t<meta name=\"twitter:label2\" content=\"Tempo estimado de leitura\" \/>\n\t<meta name=\"twitter:data2\" content=\"1 minuto\" \/>\n<script type=\"application\/ld+json\" class=\"yoast-schema-graph\">{\"@context\":\"https:\/\/schema.org\",\"@graph\":[{\"@type\":\"Article\",\"@id\":\"https:\/\/portaltela.pt\/noticias\/2026\/03\/28\/cheiro-desconfortavel-no-balneario-do-dragao-arena-onde-sporting-foi-assistido\/#article\",\"isPartOf\":{\"@id\":\"https:\/\/portaltela.pt\/noticias\/2026\/03\/28\/cheiro-desconfortavel-no-balneario-do-dragao-arena-onde-sporting-foi-assistido\/\"},\"author\":{\"name\":\"Telinha\",\"@id\":\"https:\/\/portaltela.pt\/#\/schema\/person\/c4278d4a6028830caff9ee44b42d32ed\"},\"headline\":\"Cheiro desconfort\u00e1vel no balne\u00e1rio do Drag\u00e3o Arena onde Sporting foi assistido\",\"datePublished\":\"2026-03-28T22:32:00+00:00\",\"mainEntityOfPage\":{\"@id\":\"https:\/\/portaltela.pt\/noticias\/2026\/03\/28\/cheiro-desconfortavel-no-balneario-do-dragao-arena-onde-sporting-foi-assistido\/\"},\"wordCount\":235,\"image\":{\"@id\":\"https:\/\/portaltela.pt\/noticias\/2026\/03\/28\/cheiro-desconfortavel-no-balneario-do-dragao-arena-onde-sporting-foi-assistido\/#primaryimage\"},\"thumbnailUrl\":\"https:\/\/portaltela.pt\/s.01k8rhncp4jt1\/2026\/03\/img_1200x721uu2026-03-28-22-28-56-2429919.jpg\",\"keywords\":[\"balne\u00e1rios\",\"desportivos\",\"desporto\",\"FC Porto\",\"handebol\",\"Sporting\"],\"articleSection\":[\"Desporto\",\"Futebol\"],\"inLanguage\":\"pt-PT\"},{\"@type\":\"WebPage\",\"@id\":\"https:\/\/portaltela.pt\/noticias\/2026\/03\/28\/cheiro-desconfortavel-no-balneario-do-dragao-arena-onde-sporting-foi-assistido\/\",\"url\":\"https:\/\/portaltela.pt\/noticias\/2026\/03\/28\/cheiro-desconfortavel-no-balneario-do-dragao-arena-onde-sporting-foi-assistido\/\",\"name\":\"Cheiro desconfort\u00e1vel no balne\u00e1rio do Drag\u00e3o Arena onde Sporting foi assistido - Portal Tela Portugal\",\"isPartOf\":{\"@id\":\"https:\/\/portaltela.pt\/#website\"},\"primaryImageOfPage\":{\"@id\":\"https:\/\/portaltela.pt\/noticias\/2026\/03\/28\/cheiro-desconfortavel-no-balneario-do-dragao-arena-onde-sporting-foi-assistido\/#primaryimage\"},\"image\":{\"@id\":\"https:\/\/portaltela.pt\/noticias\/2026\/03\/28\/cheiro-desconfortavel-no-balneario-do-dragao-arena-onde-sporting-foi-assistido\/#primaryimage\"},\"thumbnailUrl\":\"https:\/\/portaltela.pt\/s.01k8rhncp4jt1\/2026\/03\/img_1200x721uu2026-03-28-22-28-56-2429919.jpg\",\"datePublished\":\"2026-03-28T22:32:00+00:00\",\"author\":{\"@id\":\"https:\/\/portaltela.pt\/#\/schema\/person\/c4278d4a6028830caff9ee44b42d32ed\"},\"breadcrumb\":{\"@id\":\"https:\/\/portaltela.pt\/noticias\/2026\/03\/28\/cheiro-desconfortavel-no-balneario-do-dragao-arena-onde-sporting-foi-assistido\/#breadcrumb\"},\"inLanguage\":\"pt-PT\",\"potentialAction\":[{\"@type\":\"ReadAction\",\"target\":[\"https:\/\/portaltela.pt\/noticias\/2026\/03\/28\/cheiro-desconfortavel-no-balneario-do-dragao-arena-onde-sporting-foi-assistido\/\"]}]},{\"@type\":\"ImageObject\",\"inLanguage\":\"pt-PT\",\"@id\":\"https:\/\/portaltela.pt\/noticias\/2026\/03\/28\/cheiro-desconfortavel-no-balneario-do-dragao-arena-onde-sporting-foi-assistido\/#primaryimage\",\"url\":\"https:\/\/portaltela.pt\/s.01k8rhncp4jt1\/2026\/03\/img_1200x721uu2026-03-28-22-28-56-2429919.jpg\",\"contentUrl\":\"https:\/\/portaltela.pt\/s.01k8rhncp4jt1\/2026\/03\/img_1200x721uu2026-03-28-22-28-56-2429919.jpg\",\"width\":796,\"height\":448,\"caption\":\"O balne\u00e1rio do Drag\u00e3o Arena onde os jogadores de andebol do Sporting foram assistidos: Record confirmou cheiro desconfort\u00e1vel no local\"},{\"@type\":\"BreadcrumbList\",\"@id\":\"https:\/\/portaltela.pt\/noticias\/2026\/03\/28\/cheiro-desconfortavel-no-balneario-do-dragao-arena-onde-sporting-foi-assistido\/#breadcrumb\",\"itemListElement\":[{\"@type\":\"ListItem\",\"position\":1,\"name\":\"In\u00edcio\",\"item\":\"https:\/\/portaltela.pt\/\"},{\"@type\":\"ListItem\",\"position\":2,\"name\":\"Cheiro desconfort\u00e1vel no balne\u00e1rio do Drag\u00e3o Arena onde Sporting foi assistido\"}]},{\"@type\":\"WebSite\",\"@id\":\"https:\/\/portaltela.pt\/#website\",\"url\":\"https:\/\/portaltela.pt\/\",\"name\":\"Portal Tela Portugal\",\"description\":\"\",\"potentialAction\":[{\"@type\":\"SearchAction\",\"target\":{\"@type\":\"EntryPoint\",\"urlTemplate\":\"https:\/\/portaltela.pt\/?s={search_term_string}\"},\"query-input\":{\"@type\":\"PropertyValueSpecification\",\"valueRequired\":true,\"valueName\":\"search_term_string\"}}],\"inLanguage\":\"pt-PT\"},{\"@type\":\"Person\",\"@id\":\"https:\/\/portaltela.pt\/#\/schema\/person\/c4278d4a6028830caff9ee44b42d32ed\",\"name\":\"Telinha\",\"image\":{\"@type\":\"ImageObject\",\"inLanguage\":\"pt-PT\",\"@id\":\"https:\/\/portaltela.pt\/s.01k8rhncp4jt1\/2025\/11\/talking-bot-125x125.png\",\"url\":\"https:\/\/portaltela.pt\/s.01k8rhncp4jt1\/2025\/11\/talking-bot-125x125.png\",\"contentUrl\":\"https:\/\/portaltela.pt\/s.01k8rhncp4jt1\/2025\/11\/talking-bot-125x125.png\",\"caption\":\"Telinha\"},\"sameAs\":[\"https:\/\/portaltela.pt\/\"],\"url\":\"https:\/\/portaltela.pt\/por\/367410592786\/\"}]}<\/script>\n<!-- \/ Yoast SEO plugin. -->","yoast_head_json":{"title":"Cheiro desconfort\u00e1vel no balne\u00e1rio do Drag\u00e3o Arena onde Sporting foi assistido - Portal Tela Portugal","robots":{"index":"index","follow":"follow","max-snippet":"max-snippet:-1","max-image-preview":"max-image-preview:large","max-video-preview":"max-video-preview:-1"},"og_locale":"pt_PT","og_type":"article","og_title":"Cheiro desconfort\u00e1vel no balne\u00e1rio do Drag\u00e3o Arena onde Sporting foi assistido - Portal Tela Portugal","og_description":"Os jogadores e o treinador do Sporting de andebol receberam assist\u00eancia m\u00e9dica devido a um cheiro intenso no Drag\u00e3o Arena, antes do jogo contra o FC Porto. O cheiro foi reportado no balne\u00e1rio n\u00famero quatro, utilizado pela equipa advers\u00e1ria, segundo a Record, que esteve no local. O desconforto incluiu tosse, mesmo com a \u00e1rea supostamente limpa. Depois, o plantel do Sporting foi encaminhado para o balne\u00e1rio n\u00famero tr\u00eas, que tamb\u00e9m parecia limpo e apresentava menos odor.","og_url":"https:\/\/portaltela.pt\/noticias\/2026\/03\/28\/cheiro-desconfortavel-no-balneario-do-dragao-arena-onde-sporting-foi-assistido\/","og_site_name":"Portal Tela Portugal","article_published_time":"2026-03-28T22:32:00+00:00","author":"Telinha","twitter_card":"summary_large_image","twitter_misc":{"Escrito por":"Telinha","Tempo estimado de leitura":"1 minuto"},"schema":{"@context":"https:\/\/schema.org","@graph":[{"@type":"Article","@id":"https:\/\/portaltela.pt\/noticias\/2026\/03\/28\/cheiro-desconfortavel-no-balneario-do-dragao-arena-onde-sporting-foi-assistido\/#article","isPartOf":{"@id":"https:\/\/portaltela.pt\/noticias\/2026\/03\/28\/cheiro-desconfortavel-no-balneario-do-dragao-arena-onde-sporting-foi-assistido\/"},"author":{"name":"Telinha","@id":"https:\/\/portaltela.pt\/#\/schema\/person\/c4278d4a6028830caff9ee44b42d32ed"},"headline":"Cheiro desconfort\u00e1vel no balne\u00e1rio do Drag\u00e3o Arena onde Sporting foi assistido","datePublished":"2026-03-28T22:32:00+00:00","mainEntityOfPage":{"@id":"https:\/\/portaltela.pt\/noticias\/2026\/03\/28\/cheiro-desconfortavel-no-balneario-do-dragao-arena-onde-sporting-foi-assistido\/"},"wordCount":235,"image":{"@id":"https:\/\/portaltela.pt\/noticias\/2026\/03\/28\/cheiro-desconfortavel-no-balneario-do-dragao-arena-onde-sporting-foi-assistido\/#primaryimage"},"thumbnailUrl":"https:\/\/portaltela.pt\/s.01k8rhncp4jt1\/2026\/03\/img_1200x721uu2026-03-28-22-28-56-2429919.jpg","keywords":["balne\u00e1rios","desportivos","desporto","FC Porto","handebol","Sporting"],"articleSection":["Desporto","Futebol"],"inLanguage":"pt-PT"},{"@type":"WebPage","@id":"https:\/\/portaltela.pt\/noticias\/2026\/03\/28\/cheiro-desconfortavel-no-balneario-do-dragao-arena-onde-sporting-foi-assistido\/","url":"https:\/\/portaltela.pt\/noticias\/2026\/03\/28\/cheiro-desconfortavel-no-balneario-do-dragao-arena-onde-sporting-foi-assistido\/","name":"Cheiro desconfort\u00e1vel no balne\u00e1rio do Drag\u00e3o Arena onde Sporting foi assistido - Portal Tela Portugal","isPartOf":{"@id":"https:\/\/portaltela.pt\/#website"},"primaryImageOfPage":{"@id":"https:\/\/portaltela.pt\/noticias\/2026\/03\/28\/cheiro-desconfortavel-no-balneario-do-dragao-arena-onde-sporting-foi-assistido\/#primaryimage"},"image":{"@id":"https:\/\/portaltela.pt\/noticias\/2026\/03\/28\/cheiro-desconfortavel-no-balneario-do-dragao-arena-onde-sporting-foi-assistido\/#primaryimage"},"thumbnailUrl":"https:\/\/portaltela.pt\/s.01k8rhncp4jt1\/2026\/03\/img_1200x721uu2026-03-28-22-28-56-2429919.jpg","datePublished":"2026-03-28T22:32:00+00:00","author":{"@id":"https:\/\/portaltela.pt\/#\/schema\/person\/c4278d4a6028830caff9ee44b42d32ed"},"breadcrumb":{"@id":"https:\/\/portaltela.pt\/noticias\/2026\/03\/28\/cheiro-desconfortavel-no-balneario-do-dragao-arena-onde-sporting-foi-assistido\/#breadcrumb"},"inLanguage":"pt-PT","potentialAction":[{"@type":"ReadAction","target":["https:\/\/portaltela.pt\/noticias\/2026\/03\/28\/cheiro-desconfortavel-no-balneario-do-dragao-arena-onde-sporting-foi-assistido\/"]}]},{"@type":"ImageObject","inLanguage":"pt-PT","@id":"https:\/\/portaltela.pt\/noticias\/2026\/03\/28\/cheiro-desconfortavel-no-balneario-do-dragao-arena-onde-sporting-foi-assistido\/#primaryimage","url":"https:\/\/portaltela.pt\/s.01k8rhncp4jt1\/2026\/03\/img_1200x721uu2026-03-28-22-28-56-2429919.jpg","contentUrl":"https:\/\/portaltela.pt\/s.01k8rhncp4jt1\/2026\/03\/img_1200x721uu2026-03-28-22-28-56-2429919.jpg","width":796,"height":448,"caption":"O balne\u00e1rio do Drag\u00e3o Arena onde os jogadores de andebol do Sporting foram assistidos: Record confirmou cheiro desconfort\u00e1vel no local"},{"@type":"BreadcrumbList","@id":"https:\/\/portaltela.pt\/noticias\/2026\/03\/28\/cheiro-desconfortavel-no-balneario-do-dragao-arena-onde-sporting-foi-assistido\/#breadcrumb","itemListElement":[{"@type":"ListItem","position":1,"name":"In\u00edcio","item":"https:\/\/portaltela.pt\/"},{"@type":"ListItem","position":2,"name":"Cheiro desconfort\u00e1vel no balne\u00e1rio do Drag\u00e3o Arena onde Sporting foi assistido"}]},{"@type":"WebSite","@id":"https:\/\/portaltela.pt\/#website","url":"https:\/\/portaltela.pt\/","name":"Portal Tela Portugal","description":"","potentialAction":[{"@type":"SearchAction","target":{"@type":"EntryPoint","urlTemplate":"https:\/\/portaltela.pt\/?s={search_term_string}"},"query-input":{"@type":"PropertyValueSpecification","valueRequired":true,"valueName":"search_term_string"}}],"inLanguage":"pt-PT"},{"@type":"Person","@id":"https:\/\/portaltela.pt\/#\/schema\/person\/c4278d4a6028830caff9ee44b42d32ed","name":"Telinha","image":{"@type":"ImageObject","inLanguage":"pt-PT","@id":"https:\/\/portaltela.pt\/s.01k8rhncp4jt1\/2025\/11\/talking-bot-125x125.png","url":"https:\/\/portaltela.pt\/s.01k8rhncp4jt1\/2025\/11\/talking-bot-125x125.png","contentUrl":"https:\/\/portaltela.pt\/s.01k8rhncp4jt1\/2025\/11\/talking-bot-125x125.png","caption":"Telinha"},"sameAs":["https:\/\/portaltela.pt\/"],"url":"https:\/\/portaltela.pt\/por\/367410592786\/"}]}},"_links":{"self":[{"href":"https:\/\/portaltela.pt\/api\/wp\/v2\/posts\/425473","targetHints":{"allow":["GET"]}}],"collection":[{"href":"https:\/\/portaltela.pt\/api\/wp\/v2\/posts"}],"about":[{"href":"https:\/\/portaltela.pt\/api\/wp\/v2\/types\/post"}],"author":[{"embeddable":true,"href":"https:\/\/portaltela.pt\/api\/wp\/v2\/users\/2"}],"replies":[{"embeddable":true,"href":"https:\/\/portaltela.pt\/api\/wp\/v2\/comments?post=425473"}],"version-history":[{"count":0,"href":"https:\/\/portaltela.pt\/api\/wp\/v2\/posts\/425473\/revisions"}],"wp:featuredmedia":[{"embeddable":true,"href":"https:\/\/portaltela.pt\/api\/wp\/v2\/media\/425475"}],"wp:attachment":[{"href":"https:\/\/portaltela.pt\/api\/wp\/v2\/media?parent=425473"}],"wp:term":[{"taxonomy":"category","embeddable":true,"href":"https:\/\/portaltela.pt\/api\/wp\/v2\/categories?post=425473"},{"taxonomy":"post_tag","embeddable":true,"href":"https:\/\/portaltela.pt\/api\/wp\/v2\/tags?post=425473"}],"curies":[{"name":"wp","href":"https:\/\/api.w.org\/{rel}","templated":true}]}}