{"id":425471,"date":"2026-03-28T19:21:00","date_gmt":"2026-03-28T22:21:00","guid":{"rendered":"https:\/\/portaltela.pt\/noticias\/2026\/03\/28\/busto-do-padre-antonio-inacio-gomes-furtado-da-igreja-da-senhora-do-porto\/"},"modified":"2026-03-28T19:21:00","modified_gmt":"2026-03-28T22:21:00","slug":"busto-do-padre-antonio-inacio-gomes-furtado-da-igreja-da-senhora-do-porto","status":"publish","type":"post","link":"https:\/\/portaltela.pt\/noticias\/2026\/03\/28\/busto-do-padre-antonio-inacio-gomes-furtado-da-igreja-da-senhora-do-porto\/","title":{"rendered":"Busto do padre Ant\u00f3nio In\u00e1cio Gomes furtado da igreja da Senhora do Porto"},"content":{"rendered":"<p>O busto do padre Ant\u00f3nio In\u00e1cio Gomes foi furtado do adro da par\u00f3quia da Senhora do Porto, em Ramalde, durante a noite de ter\u00e7a para quarta-feira.<\/p>\n<p>A par\u00f3quia informou, numa publica\u00e7\u00e3o no Facebook, que o busto estava no adro desde a inaugura\u00e7\u00e3o, em 29 de outubro de 2006, em homenagem ao p\u00e1roco falecido.<\/p>\n<p>Ant\u00f3nio In\u00e1cio Gomes nasceu a 29 de outubro de 1926 em Tabuado, Marco de Canaveses. Frecou semin\u00e1rios do Porto e foi ordenado em 1951 no Mosteiro de S\u00e3o Bento, Santo Tirso.<\/p>\n<p>13 anos depois tornou-se p\u00e1roco da Senhora do Porto e, mais tarde, da igreja de S\u00e3o Paulo, no Viso. Morreu a 28 de outubro de 2005; a par\u00f3quia o homenageou com o busto e uma placa.<\/p>\n","protected":false},"excerpt":{"rendered":"<ul>\n<li>O busto do padre Ant\u00f3nio In\u00e1cio Gomes foi furtado do adro da par\u00f3quia da Senhora do Porto, em Ramalde, durante a noite de ter\u00e7a para quarta-feira.<\/li>\n<li>A par\u00f3quia comunicou o furto numa publica\u00e7\u00e3o no Facebook e informou que o busto estava no adro desde a inaugura\u00e7\u00e3o, 29 de outubro de 2006.<\/li>\n<li>O busto presta homenagem ao p\u00e1roco falecido a 28 de outubro de 2005, um ano ap\u00f3s a sua morte.<\/li>\n<li>Ant\u00f3nio In\u00e1cio Gomes nasceu a 29 de outubro de 1926, em Tabuado, Marco de Canaveses; foi ordenado sacerdote no Mosteiro de S\u00e3o Bento, em Santo Tirso, em 1951.<\/li>\n<li>Foi p\u00e1roco da Senhora do Porto e, mais tarde, da igreja de S\u00e3o Paulo, no Viso.<\/li>\n<\/ul>\n","protected":false},"author":2,"featured_media":425472,"comment_status":"closed","ping_status":"closed","sticky":false,"template":"","format":"standard","meta":{"footnotes":""},"categories":[6907,1],"tags":[103,102,982,3455,104,203],"class_list":["post-425471","post","type-post","status-publish","format-standard","has-post-thumbnail","hentry","category-crime","category-noticias","tag-catolicismo","tag-igreja","tag-porto","tag-ramalde","tag-religiao","tag-roubo"],"yoast_head":"<!-- This site is optimized with the Yoast SEO plugin v27.2 - https:\/\/yoast.com\/product\/yoast-seo-wordpress\/ -->\n<title>Busto do padre Ant\u00f3nio In\u00e1cio Gomes furtado da igreja da Senhora do Porto - Portal Tela Portugal<\/title>\n<meta name=\"robots\" content=\"index, follow, max-snippet:-1, max-image-preview:large, max-video-preview:-1\" \/>\n<meta property=\"og:locale\" content=\"pt_PT\" \/>\n<meta property=\"og:type\" content=\"article\" \/>\n<meta property=\"og:title\" content=\"Busto do padre Ant\u00f3nio In\u00e1cio Gomes furtado da igreja da Senhora do Porto - Portal Tela Portugal\" \/>\n<meta property=\"og:description\" content=\"O busto do padre Ant\u00f3nio In\u00e1cio Gomes foi furtado do adro da par\u00f3quia da Senhora do Porto, em Ramalde, durante a noite de ter\u00e7a para quarta-feira. A par\u00f3quia comunicou o furto numa publica\u00e7\u00e3o no Facebook e informou que o busto estava no adro desde a inaugura\u00e7\u00e3o, 29 de outubro de 2006. O busto presta homenagem ao p\u00e1roco falecido a 28 de outubro de 2005, um ano ap\u00f3s a sua morte. Ant\u00f3nio In\u00e1cio Gomes nasceu a 29 de outubro de 1926, em Tabuado, Marco de Canaveses; foi ordenado sacerdote no Mosteiro de S\u00e3o Bento, em Santo Tirso, em 1951. Foi p\u00e1roco da Senhora do Porto e, mais tarde, da igreja de S\u00e3o Paulo, no Viso.\" \/>\n<meta property=\"og:url\" content=\"https:\/\/portaltela.pt\/noticias\/2026\/03\/28\/busto-do-padre-antonio-inacio-gomes-furtado-da-igreja-da-senhora-do-porto\/\" \/>\n<meta property=\"og:site_name\" content=\"Portal Tela Portugal\" \/>\n<meta property=\"article:published_time\" content=\"2026-03-28T22:21:00+00:00\" \/>\n<meta name=\"author\" content=\"Telinha\" \/>\n<meta name=\"twitter:card\" content=\"summary_large_image\" \/>\n<meta name=\"twitter:label1\" content=\"Escrito por\" \/>\n\t<meta name=\"twitter:data1\" content=\"Telinha\" \/>\n\t<meta name=\"twitter:label2\" content=\"Tempo estimado de leitura\" \/>\n\t<meta name=\"twitter:data2\" content=\"1 minuto\" \/>\n<script type=\"application\/ld+json\" class=\"yoast-schema-graph\">{\"@context\":\"https:\/\/schema.org\",\"@graph\":[{\"@type\":\"Article\",\"@id\":\"https:\/\/portaltela.pt\/noticias\/2026\/03\/28\/busto-do-padre-antonio-inacio-gomes-furtado-da-igreja-da-senhora-do-porto\/#article\",\"isPartOf\":{\"@id\":\"https:\/\/portaltela.pt\/noticias\/2026\/03\/28\/busto-do-padre-antonio-inacio-gomes-furtado-da-igreja-da-senhora-do-porto\/\"},\"author\":{\"name\":\"Telinha\",\"@id\":\"https:\/\/portaltela.pt\/#\/schema\/person\/c4278d4a6028830caff9ee44b42d32ed\"},\"headline\":\"Busto do padre Ant\u00f3nio In\u00e1cio Gomes furtado da igreja da Senhora do Porto\",\"datePublished\":\"2026-03-28T22:21:00+00:00\",\"mainEntityOfPage\":{\"@id\":\"https:\/\/portaltela.pt\/noticias\/2026\/03\/28\/busto-do-padre-antonio-inacio-gomes-furtado-da-igreja-da-senhora-do-porto\/\"},\"wordCount\":142,\"image\":{\"@id\":\"https:\/\/portaltela.pt\/noticias\/2026\/03\/28\/busto-do-padre-antonio-inacio-gomes-furtado-da-igreja-da-senhora-do-porto\/#primaryimage\"},\"thumbnailUrl\":\"https:\/\/portaltela.pt\/s.01k8rhncp4jt1\/2026\/03\/img_1500x1000uu2026-03-28-21-43-33-2275396-im-639103332784459786.jpg\",\"keywords\":[\"catolicismo\",\"igreja\",\"Porto\",\"Ramalde\",\"religi\u00e3o\",\"roubo\"],\"articleSection\":[\"Crime\",\"Not\u00edcias\"],\"inLanguage\":\"pt-PT\"},{\"@type\":\"WebPage\",\"@id\":\"https:\/\/portaltela.pt\/noticias\/2026\/03\/28\/busto-do-padre-antonio-inacio-gomes-furtado-da-igreja-da-senhora-do-porto\/\",\"url\":\"https:\/\/portaltela.pt\/noticias\/2026\/03\/28\/busto-do-padre-antonio-inacio-gomes-furtado-da-igreja-da-senhora-do-porto\/\",\"name\":\"Busto do padre Ant\u00f3nio In\u00e1cio Gomes furtado da igreja da Senhora do Porto - Portal Tela Portugal\",\"isPartOf\":{\"@id\":\"https:\/\/portaltela.pt\/#website\"},\"primaryImageOfPage\":{\"@id\":\"https:\/\/portaltela.pt\/noticias\/2026\/03\/28\/busto-do-padre-antonio-inacio-gomes-furtado-da-igreja-da-senhora-do-porto\/#primaryimage\"},\"image\":{\"@id\":\"https:\/\/portaltela.pt\/noticias\/2026\/03\/28\/busto-do-padre-antonio-inacio-gomes-furtado-da-igreja-da-senhora-do-porto\/#primaryimage\"},\"thumbnailUrl\":\"https:\/\/portaltela.pt\/s.01k8rhncp4jt1\/2026\/03\/img_1500x1000uu2026-03-28-21-43-33-2275396-im-639103332784459786.jpg\",\"datePublished\":\"2026-03-28T22:21:00+00:00\",\"author\":{\"@id\":\"https:\/\/portaltela.pt\/#\/schema\/person\/c4278d4a6028830caff9ee44b42d32ed\"},\"breadcrumb\":{\"@id\":\"https:\/\/portaltela.pt\/noticias\/2026\/03\/28\/busto-do-padre-antonio-inacio-gomes-furtado-da-igreja-da-senhora-do-porto\/#breadcrumb\"},\"inLanguage\":\"pt-PT\",\"potentialAction\":[{\"@type\":\"ReadAction\",\"target\":[\"https:\/\/portaltela.pt\/noticias\/2026\/03\/28\/busto-do-padre-antonio-inacio-gomes-furtado-da-igreja-da-senhora-do-porto\/\"]}]},{\"@type\":\"ImageObject\",\"inLanguage\":\"pt-PT\",\"@id\":\"https:\/\/portaltela.pt\/noticias\/2026\/03\/28\/busto-do-padre-antonio-inacio-gomes-furtado-da-igreja-da-senhora-do-porto\/#primaryimage\",\"url\":\"https:\/\/portaltela.pt\/s.01k8rhncp4jt1\/2026\/03\/img_1500x1000uu2026-03-28-21-43-33-2275396-im-639103332784459786.jpg\",\"contentUrl\":\"https:\/\/portaltela.pt\/s.01k8rhncp4jt1\/2026\/03\/img_1500x1000uu2026-03-28-21-43-33-2275396-im-639103332784459786.jpg\",\"width\":796,\"height\":448,\"caption\":\"Busto do padre Ant\u00f3nio In\u00e1cio Gomes\"},{\"@type\":\"BreadcrumbList\",\"@id\":\"https:\/\/portaltela.pt\/noticias\/2026\/03\/28\/busto-do-padre-antonio-inacio-gomes-furtado-da-igreja-da-senhora-do-porto\/#breadcrumb\",\"itemListElement\":[{\"@type\":\"ListItem\",\"position\":1,\"name\":\"In\u00edcio\",\"item\":\"https:\/\/portaltela.pt\/\"},{\"@type\":\"ListItem\",\"position\":2,\"name\":\"Busto do padre Ant\u00f3nio In\u00e1cio Gomes furtado da igreja da Senhora do Porto\"}]},{\"@type\":\"WebSite\",\"@id\":\"https:\/\/portaltela.pt\/#website\",\"url\":\"https:\/\/portaltela.pt\/\",\"name\":\"Portal Tela Portugal\",\"description\":\"\",\"potentialAction\":[{\"@type\":\"SearchAction\",\"target\":{\"@type\":\"EntryPoint\",\"urlTemplate\":\"https:\/\/portaltela.pt\/?s={search_term_string}\"},\"query-input\":{\"@type\":\"PropertyValueSpecification\",\"valueRequired\":true,\"valueName\":\"search_term_string\"}}],\"inLanguage\":\"pt-PT\"},{\"@type\":\"Person\",\"@id\":\"https:\/\/portaltela.pt\/#\/schema\/person\/c4278d4a6028830caff9ee44b42d32ed\",\"name\":\"Telinha\",\"image\":{\"@type\":\"ImageObject\",\"inLanguage\":\"pt-PT\",\"@id\":\"https:\/\/portaltela.pt\/s.01k8rhncp4jt1\/2025\/11\/talking-bot-125x125.png\",\"url\":\"https:\/\/portaltela.pt\/s.01k8rhncp4jt1\/2025\/11\/talking-bot-125x125.png\",\"contentUrl\":\"https:\/\/portaltela.pt\/s.01k8rhncp4jt1\/2025\/11\/talking-bot-125x125.png\",\"caption\":\"Telinha\"},\"sameAs\":[\"https:\/\/portaltela.pt\/\"],\"url\":\"https:\/\/portaltela.pt\/por\/367410592786\/\"}]}<\/script>\n<!-- \/ Yoast SEO plugin. -->","yoast_head_json":{"title":"Busto do padre Ant\u00f3nio In\u00e1cio Gomes furtado da igreja da Senhora do Porto - Portal Tela Portugal","robots":{"index":"index","follow":"follow","max-snippet":"max-snippet:-1","max-image-preview":"max-image-preview:large","max-video-preview":"max-video-preview:-1"},"og_locale":"pt_PT","og_type":"article","og_title":"Busto do padre Ant\u00f3nio In\u00e1cio Gomes furtado da igreja da Senhora do Porto - Portal Tela Portugal","og_description":"O busto do padre Ant\u00f3nio In\u00e1cio Gomes foi furtado do adro da par\u00f3quia da Senhora do Porto, em Ramalde, durante a noite de ter\u00e7a para quarta-feira. A par\u00f3quia comunicou o furto numa publica\u00e7\u00e3o no Facebook e informou que o busto estava no adro desde a inaugura\u00e7\u00e3o, 29 de outubro de 2006. O busto presta homenagem ao p\u00e1roco falecido a 28 de outubro de 2005, um ano ap\u00f3s a sua morte. Ant\u00f3nio In\u00e1cio Gomes nasceu a 29 de outubro de 1926, em Tabuado, Marco de Canaveses; foi ordenado sacerdote no Mosteiro de S\u00e3o Bento, em Santo Tirso, em 1951. Foi p\u00e1roco da Senhora do Porto e, mais tarde, da igreja de S\u00e3o Paulo, no Viso.","og_url":"https:\/\/portaltela.pt\/noticias\/2026\/03\/28\/busto-do-padre-antonio-inacio-gomes-furtado-da-igreja-da-senhora-do-porto\/","og_site_name":"Portal Tela Portugal","article_published_time":"2026-03-28T22:21:00+00:00","author":"Telinha","twitter_card":"summary_large_image","twitter_misc":{"Escrito por":"Telinha","Tempo estimado de leitura":"1 minuto"},"schema":{"@context":"https:\/\/schema.org","@graph":[{"@type":"Article","@id":"https:\/\/portaltela.pt\/noticias\/2026\/03\/28\/busto-do-padre-antonio-inacio-gomes-furtado-da-igreja-da-senhora-do-porto\/#article","isPartOf":{"@id":"https:\/\/portaltela.pt\/noticias\/2026\/03\/28\/busto-do-padre-antonio-inacio-gomes-furtado-da-igreja-da-senhora-do-porto\/"},"author":{"name":"Telinha","@id":"https:\/\/portaltela.pt\/#\/schema\/person\/c4278d4a6028830caff9ee44b42d32ed"},"headline":"Busto do padre Ant\u00f3nio In\u00e1cio Gomes furtado da igreja da Senhora do Porto","datePublished":"2026-03-28T22:21:00+00:00","mainEntityOfPage":{"@id":"https:\/\/portaltela.pt\/noticias\/2026\/03\/28\/busto-do-padre-antonio-inacio-gomes-furtado-da-igreja-da-senhora-do-porto\/"},"wordCount":142,"image":{"@id":"https:\/\/portaltela.pt\/noticias\/2026\/03\/28\/busto-do-padre-antonio-inacio-gomes-furtado-da-igreja-da-senhora-do-porto\/#primaryimage"},"thumbnailUrl":"https:\/\/portaltela.pt\/s.01k8rhncp4jt1\/2026\/03\/img_1500x1000uu2026-03-28-21-43-33-2275396-im-639103332784459786.jpg","keywords":["catolicismo","igreja","Porto","Ramalde","religi\u00e3o","roubo"],"articleSection":["Crime","Not\u00edcias"],"inLanguage":"pt-PT"},{"@type":"WebPage","@id":"https:\/\/portaltela.pt\/noticias\/2026\/03\/28\/busto-do-padre-antonio-inacio-gomes-furtado-da-igreja-da-senhora-do-porto\/","url":"https:\/\/portaltela.pt\/noticias\/2026\/03\/28\/busto-do-padre-antonio-inacio-gomes-furtado-da-igreja-da-senhora-do-porto\/","name":"Busto do padre Ant\u00f3nio In\u00e1cio Gomes furtado da igreja da Senhora do Porto - Portal Tela Portugal","isPartOf":{"@id":"https:\/\/portaltela.pt\/#website"},"primaryImageOfPage":{"@id":"https:\/\/portaltela.pt\/noticias\/2026\/03\/28\/busto-do-padre-antonio-inacio-gomes-furtado-da-igreja-da-senhora-do-porto\/#primaryimage"},"image":{"@id":"https:\/\/portaltela.pt\/noticias\/2026\/03\/28\/busto-do-padre-antonio-inacio-gomes-furtado-da-igreja-da-senhora-do-porto\/#primaryimage"},"thumbnailUrl":"https:\/\/portaltela.pt\/s.01k8rhncp4jt1\/2026\/03\/img_1500x1000uu2026-03-28-21-43-33-2275396-im-639103332784459786.jpg","datePublished":"2026-03-28T22:21:00+00:00","author":{"@id":"https:\/\/portaltela.pt\/#\/schema\/person\/c4278d4a6028830caff9ee44b42d32ed"},"breadcrumb":{"@id":"https:\/\/portaltela.pt\/noticias\/2026\/03\/28\/busto-do-padre-antonio-inacio-gomes-furtado-da-igreja-da-senhora-do-porto\/#breadcrumb"},"inLanguage":"pt-PT","potentialAction":[{"@type":"ReadAction","target":["https:\/\/portaltela.pt\/noticias\/2026\/03\/28\/busto-do-padre-antonio-inacio-gomes-furtado-da-igreja-da-senhora-do-porto\/"]}]},{"@type":"ImageObject","inLanguage":"pt-PT","@id":"https:\/\/portaltela.pt\/noticias\/2026\/03\/28\/busto-do-padre-antonio-inacio-gomes-furtado-da-igreja-da-senhora-do-porto\/#primaryimage","url":"https:\/\/portaltela.pt\/s.01k8rhncp4jt1\/2026\/03\/img_1500x1000uu2026-03-28-21-43-33-2275396-im-639103332784459786.jpg","contentUrl":"https:\/\/portaltela.pt\/s.01k8rhncp4jt1\/2026\/03\/img_1500x1000uu2026-03-28-21-43-33-2275396-im-639103332784459786.jpg","width":796,"height":448,"caption":"Busto do padre Ant\u00f3nio In\u00e1cio Gomes"},{"@type":"BreadcrumbList","@id":"https:\/\/portaltela.pt\/noticias\/2026\/03\/28\/busto-do-padre-antonio-inacio-gomes-furtado-da-igreja-da-senhora-do-porto\/#breadcrumb","itemListElement":[{"@type":"ListItem","position":1,"name":"In\u00edcio","item":"https:\/\/portaltela.pt\/"},{"@type":"ListItem","position":2,"name":"Busto do padre Ant\u00f3nio In\u00e1cio Gomes furtado da igreja da Senhora do Porto"}]},{"@type":"WebSite","@id":"https:\/\/portaltela.pt\/#website","url":"https:\/\/portaltela.pt\/","name":"Portal Tela Portugal","description":"","potentialAction":[{"@type":"SearchAction","target":{"@type":"EntryPoint","urlTemplate":"https:\/\/portaltela.pt\/?s={search_term_string}"},"query-input":{"@type":"PropertyValueSpecification","valueRequired":true,"valueName":"search_term_string"}}],"inLanguage":"pt-PT"},{"@type":"Person","@id":"https:\/\/portaltela.pt\/#\/schema\/person\/c4278d4a6028830caff9ee44b42d32ed","name":"Telinha","image":{"@type":"ImageObject","inLanguage":"pt-PT","@id":"https:\/\/portaltela.pt\/s.01k8rhncp4jt1\/2025\/11\/talking-bot-125x125.png","url":"https:\/\/portaltela.pt\/s.01k8rhncp4jt1\/2025\/11\/talking-bot-125x125.png","contentUrl":"https:\/\/portaltela.pt\/s.01k8rhncp4jt1\/2025\/11\/talking-bot-125x125.png","caption":"Telinha"},"sameAs":["https:\/\/portaltela.pt\/"],"url":"https:\/\/portaltela.pt\/por\/367410592786\/"}]}},"_links":{"self":[{"href":"https:\/\/portaltela.pt\/api\/wp\/v2\/posts\/425471","targetHints":{"allow":["GET"]}}],"collection":[{"href":"https:\/\/portaltela.pt\/api\/wp\/v2\/posts"}],"about":[{"href":"https:\/\/portaltela.pt\/api\/wp\/v2\/types\/post"}],"author":[{"embeddable":true,"href":"https:\/\/portaltela.pt\/api\/wp\/v2\/users\/2"}],"replies":[{"embeddable":true,"href":"https:\/\/portaltela.pt\/api\/wp\/v2\/comments?post=425471"}],"version-history":[{"count":0,"href":"https:\/\/portaltela.pt\/api\/wp\/v2\/posts\/425471\/revisions"}],"wp:featuredmedia":[{"embeddable":true,"href":"https:\/\/portaltela.pt\/api\/wp\/v2\/media\/425472"}],"wp:attachment":[{"href":"https:\/\/portaltela.pt\/api\/wp\/v2\/media?parent=425471"}],"wp:term":[{"taxonomy":"category","embeddable":true,"href":"https:\/\/portaltela.pt\/api\/wp\/v2\/categories?post=425471"},{"taxonomy":"post_tag","embeddable":true,"href":"https:\/\/portaltela.pt\/api\/wp\/v2\/tags?post=425471"}],"curies":[{"name":"wp","href":"https:\/\/api.w.org\/{rel}","templated":true}]}}