{"id":425461,"date":"2026-03-28T19:25:00","date_gmt":"2026-03-28T22:25:00","guid":{"rendered":"https:\/\/portaltela.pt\/noticias\/2026\/03\/28\/ines-de-medeiros-diz-que-opcao-entre-ps-e-chega-sera-julgada-pelos-portugueses\/"},"modified":"2026-03-28T19:25:00","modified_gmt":"2026-03-28T22:25:00","slug":"ines-de-medeiros-diz-que-opcao-entre-ps-e-chega-sera-julgada-pelos-portugueses","status":"publish","type":"post","link":"https:\/\/portaltela.pt\/noticias\/politica\/2026\/03\/28\/ines-de-medeiros-diz-que-opcao-entre-ps-e-chega-sera-julgada-pelos-portugueses\/","title":{"rendered":"In\u00eas de Medeiros diz que op\u00e7\u00e3o entre PS e Chega ser\u00e1 julgada pelos portugueses"},"content":{"rendered":"<p>In\u00eas de Medeiros avisou este s\u00e1bado o Governo de que a op\u00e7\u00e3o entre apoiar o socialismo ou a extrema-direita pode ser avaliada pelos portugueses. A dirigente socialista falou no 25.\u00ba Congresso Nacional do PS, em Viseu, diante de militantes.<\/p>\n<p>A presidente da C\u00e2mara de Almada lidera a lista de dire\u00e7\u00e3o \u00e0 Comiss\u00e3o Nacional do PS e frisou que a escolha entre coligar com a direita radical ou manter o alinhamento com o PS \u00e9 uma decis\u00e3o ideol\u00f3gica que ficar\u00e1 sujeita ao escrut\u00ednio dos cidad\u00e3os.<\/p>\n<p>No discurso, a socialista destacou a import\u00e2ncia de restabelecer a confian\u00e7a dos jovens na pol\u00edtica e nos pol\u00edticos, sublinhando que se vivem tempos dif\u00edceis para a democracia em Portugal e no mundo, com rece\u00e7\u00f5es a velhos valores.<\/p>\n<p>For\u00e7as que promovem regimes autorit\u00e1rios e pol\u00edticas de \u00f3dio, segundo a autarca, procuram normalizar um novo normal, com hegemonia de ideias de exclus\u00e3o propagadas tamb\u00e9m nas redes sociais, contrariando o que defende o partido.<\/p>\n<p>A dirigente refor\u00e7ou que o PS representa a liberdade, a escola p\u00fablica, o SNS e a integra\u00e7\u00e3o europeia, associando-se ainda aos direitos de mulheres e pessoas LGBTQI+. Este \u00e9 um momento de orgulho para quem se assume como socialista.<\/p>\n<p>Sobre o Governo, In\u00eas de Medeiros disse que n\u00e3o \u00e9 indiferente o alinhamento com a extrema-direita ou com o PS, ressaltando que a escolha ter\u00e1 impacto p\u00fablico e ser\u00e1 julgada pela sociedade. A fala ocorreu no Congresso, em Viseu.<\/p>\n<p>Ela insistiu na necessidade de questionar o prop\u00f3sito da pol\u00edtica, em tom cr\u00edtico relativamente a pr\u00e1ticas que, segundo defesa, comprometem a \u00e9tica p\u00fablica. A autarca advertiu que o pa\u00eds enfrenta riscos democr\u00e1ticos se os meios forem usados para justificar fins.<\/p>\n<p>No debate sobre regionaliza\u00e7\u00e3o, In\u00eas de Medeiros seguiu a linha da colega de Matosinhos, Lu\u00edsa Salgueiro, defendendo que o PS deve liderar esse processo, com foco na gest\u00e3o e coordena\u00e7\u00e3o regional.<\/p>\n<h3>Contexto pol\u00edtico<\/h3>\n<p>O partido busca clarificar posicionamentos perante o eleitorado, em meio a tens\u00f5es sobre alian\u00e7as e pol\u00edticas p\u00fablicas. A discuss\u00e3o ocorre num momento de instabilidade regional e europeia, com impacto na aprova\u00e7\u00e3o setorial.<\/p>\n<h3>Perspetivas internas<\/h3>\n<p>Dentro do PS, h\u00e1 resist\u00eancia a colabora\u00e7\u00f5es que possam fragilizar a imagem p\u00fablica do partido. A ala moderada defende projetos de transforma\u00e7\u00e3o social sem reconhecer compromissos com for\u00e7as extremas.<\/p>\n","protected":false},"excerpt":{"rendered":"<ul>\n<li>In\u00eas de Medeiros avisou o Governo de que a op\u00e7\u00e3o entre apoiar a extrema-direita ou identificar-se com os socialistas ser\u00e1 julgada pelos portugueses.<\/li>\n<li>A presidente da C\u00e2mara de Almada, que lidera a lista da dire\u00e7\u00e3o \u00e0 Comiss\u00e3o Nacional do PS, defendeu que o partido deve orgulhar-se de ser pol\u00edtico e socialista.<\/li>\n<li>Durante o 25.\u00ba Congresso Nacional do PS, em Viseu, destacou a prioridade de enfrentar a desconfian\u00e7a dos jovens em rela\u00e7\u00e3o \u00e0 pol\u00edtica e aos pol\u00edticos.<\/li>\n<li>Criticou o Governo por suposta incoer\u00eancia entre fins e meios, dizendo que \u00e9 inadmiss\u00edvel justificar os meios para alcan\u00e7ar objetivos ocultos.<\/li>\n<li>Enfatizou a necessidade do PS liderar a luta pela regionaliza\u00e7\u00e3o e manter o partido fiel aos seus valores democr\u00e1ticos, direitos humanos e contributos sociais.<\/li>\n<\/ul>\n","protected":false},"author":2,"featured_media":425465,"comment_status":"closed","ping_status":"closed","sticky":false,"template":"","format":"standard","meta":{"footnotes":""},"categories":[1,5],"tags":[2142,34,6165,2832,1014,2144],"class_list":["post-425461","post","type-post","status-publish","format-standard","has-post-thumbnail","hentry","category-noticias","category-politica","tag-chega","tag-governo","tag-pessoas-lgbt","tag-politica","tag-portugal","tag-ps"],"yoast_head":"<!-- This site is optimized with the Yoast SEO plugin v27.2 - https:\/\/yoast.com\/product\/yoast-seo-wordpress\/ -->\n<title>In\u00eas de Medeiros diz que op\u00e7\u00e3o entre PS e Chega ser\u00e1 julgada pelos portugueses - Portal Tela Portugal<\/title>\n<meta name=\"robots\" content=\"index, follow, max-snippet:-1, max-image-preview:large, max-video-preview:-1\" \/>\n<meta property=\"og:locale\" content=\"pt_PT\" \/>\n<meta property=\"og:type\" content=\"article\" \/>\n<meta property=\"og:title\" content=\"In\u00eas de Medeiros diz que op\u00e7\u00e3o entre PS e Chega ser\u00e1 julgada pelos portugueses - Portal Tela Portugal\" \/>\n<meta property=\"og:description\" content=\"In\u00eas de Medeiros avisou o Governo de que a op\u00e7\u00e3o entre apoiar a extrema-direita ou identificar-se com os socialistas ser\u00e1 julgada pelos portugueses. A presidente da C\u00e2mara de Almada, que lidera a lista da dire\u00e7\u00e3o \u00e0 Comiss\u00e3o Nacional do PS, defendeu que o partido deve orgulhar-se de ser pol\u00edtico e socialista. Durante o 25.\u00ba Congresso Nacional do PS, em Viseu, destacou a prioridade de enfrentar a desconfian\u00e7a dos jovens em rela\u00e7\u00e3o \u00e0 pol\u00edtica e aos pol\u00edticos. Criticou o Governo por suposta incoer\u00eancia entre fins e meios, dizendo que \u00e9 inadmiss\u00edvel justificar os meios para alcan\u00e7ar objetivos ocultos. Enfatizou a necessidade do PS liderar a luta pela regionaliza\u00e7\u00e3o e manter o partido fiel aos seus valores democr\u00e1ticos, direitos humanos e contributos sociais.\" \/>\n<meta property=\"og:url\" content=\"https:\/\/portaltela.pt\/noticias\/2026\/03\/28\/ines-de-medeiros-diz-que-opcao-entre-ps-e-chega-sera-julgada-pelos-portugueses\/\" \/>\n<meta property=\"og:site_name\" content=\"Portal Tela Portugal\" \/>\n<meta property=\"article:published_time\" content=\"2026-03-28T22:25:00+00:00\" \/>\n<meta name=\"author\" content=\"Telinha\" \/>\n<meta name=\"twitter:card\" content=\"summary_large_image\" \/>\n<meta name=\"twitter:label1\" content=\"Escrito por\" \/>\n\t<meta name=\"twitter:data1\" content=\"Telinha\" \/>\n\t<meta name=\"twitter:label2\" content=\"Tempo estimado de leitura\" \/>\n\t<meta name=\"twitter:data2\" content=\"2 minutos\" \/>\n<script type=\"application\/ld+json\" class=\"yoast-schema-graph\">{\"@context\":\"https:\/\/schema.org\",\"@graph\":[{\"@type\":\"Article\",\"@id\":\"https:\/\/portaltela.pt\/noticias\/2026\/03\/28\/ines-de-medeiros-diz-que-opcao-entre-ps-e-chega-sera-julgada-pelos-portugueses\/#article\",\"isPartOf\":{\"@id\":\"https:\/\/portaltela.pt\/noticias\/2026\/03\/28\/ines-de-medeiros-diz-que-opcao-entre-ps-e-chega-sera-julgada-pelos-portugueses\/\"},\"author\":{\"name\":\"Telinha\",\"@id\":\"https:\/\/portaltela.pt\/#\/schema\/person\/c4278d4a6028830caff9ee44b42d32ed\"},\"headline\":\"In\u00eas de Medeiros diz que op\u00e7\u00e3o entre PS e Chega ser\u00e1 julgada pelos portugueses\",\"datePublished\":\"2026-03-28T22:25:00+00:00\",\"mainEntityOfPage\":{\"@id\":\"https:\/\/portaltela.pt\/noticias\/2026\/03\/28\/ines-de-medeiros-diz-que-opcao-entre-ps-e-chega-sera-julgada-pelos-portugueses\/\"},\"wordCount\":431,\"image\":{\"@id\":\"https:\/\/portaltela.pt\/noticias\/2026\/03\/28\/ines-de-medeiros-diz-que-opcao-entre-ps-e-chega-sera-julgada-pelos-portugueses\/#primaryimage\"},\"thumbnailUrl\":\"https:\/\/portaltela.pt\/s.01k8rhncp4jt1\/2026\/03\/img_1500x1000uu2023-12-18-20-36-14-1519558.jpg\",\"keywords\":[\"CHEGA\",\"governo\",\"pessoas LGBT\",\"pol\u00edtica\",\"Portugal\",\"PS\"],\"articleSection\":[\"Not\u00edcias\",\"Pol\u00edtica\"],\"inLanguage\":\"pt-PT\"},{\"@type\":\"WebPage\",\"@id\":\"https:\/\/portaltela.pt\/noticias\/2026\/03\/28\/ines-de-medeiros-diz-que-opcao-entre-ps-e-chega-sera-julgada-pelos-portugueses\/\",\"url\":\"https:\/\/portaltela.pt\/noticias\/2026\/03\/28\/ines-de-medeiros-diz-que-opcao-entre-ps-e-chega-sera-julgada-pelos-portugueses\/\",\"name\":\"In\u00eas de Medeiros diz que op\u00e7\u00e3o entre PS e Chega ser\u00e1 julgada pelos portugueses - Portal Tela Portugal\",\"isPartOf\":{\"@id\":\"https:\/\/portaltela.pt\/#website\"},\"primaryImageOfPage\":{\"@id\":\"https:\/\/portaltela.pt\/noticias\/2026\/03\/28\/ines-de-medeiros-diz-que-opcao-entre-ps-e-chega-sera-julgada-pelos-portugueses\/#primaryimage\"},\"image\":{\"@id\":\"https:\/\/portaltela.pt\/noticias\/2026\/03\/28\/ines-de-medeiros-diz-que-opcao-entre-ps-e-chega-sera-julgada-pelos-portugueses\/#primaryimage\"},\"thumbnailUrl\":\"https:\/\/portaltela.pt\/s.01k8rhncp4jt1\/2026\/03\/img_1500x1000uu2023-12-18-20-36-14-1519558.jpg\",\"datePublished\":\"2026-03-28T22:25:00+00:00\",\"author\":{\"@id\":\"https:\/\/portaltela.pt\/#\/schema\/person\/c4278d4a6028830caff9ee44b42d32ed\"},\"breadcrumb\":{\"@id\":\"https:\/\/portaltela.pt\/noticias\/2026\/03\/28\/ines-de-medeiros-diz-que-opcao-entre-ps-e-chega-sera-julgada-pelos-portugueses\/#breadcrumb\"},\"inLanguage\":\"pt-PT\",\"potentialAction\":[{\"@type\":\"ReadAction\",\"target\":[\"https:\/\/portaltela.pt\/noticias\/2026\/03\/28\/ines-de-medeiros-diz-que-opcao-entre-ps-e-chega-sera-julgada-pelos-portugueses\/\"]}]},{\"@type\":\"ImageObject\",\"inLanguage\":\"pt-PT\",\"@id\":\"https:\/\/portaltela.pt\/noticias\/2026\/03\/28\/ines-de-medeiros-diz-que-opcao-entre-ps-e-chega-sera-julgada-pelos-portugueses\/#primaryimage\",\"url\":\"https:\/\/portaltela.pt\/s.01k8rhncp4jt1\/2026\/03\/img_1500x1000uu2023-12-18-20-36-14-1519558.jpg\",\"contentUrl\":\"https:\/\/portaltela.pt\/s.01k8rhncp4jt1\/2026\/03\/img_1500x1000uu2023-12-18-20-36-14-1519558.jpg\",\"width\":796,\"height\":448,\"caption\":\"In\u00eas de Medeiros\"},{\"@type\":\"BreadcrumbList\",\"@id\":\"https:\/\/portaltela.pt\/noticias\/2026\/03\/28\/ines-de-medeiros-diz-que-opcao-entre-ps-e-chega-sera-julgada-pelos-portugueses\/#breadcrumb\",\"itemListElement\":[{\"@type\":\"ListItem\",\"position\":1,\"name\":\"In\u00edcio\",\"item\":\"https:\/\/portaltela.pt\/\"},{\"@type\":\"ListItem\",\"position\":2,\"name\":\"In\u00eas de Medeiros diz que op\u00e7\u00e3o entre PS e Chega ser\u00e1 julgada pelos portugueses\"}]},{\"@type\":\"WebSite\",\"@id\":\"https:\/\/portaltela.pt\/#website\",\"url\":\"https:\/\/portaltela.pt\/\",\"name\":\"Portal Tela Portugal\",\"description\":\"\",\"potentialAction\":[{\"@type\":\"SearchAction\",\"target\":{\"@type\":\"EntryPoint\",\"urlTemplate\":\"https:\/\/portaltela.pt\/?s={search_term_string}\"},\"query-input\":{\"@type\":\"PropertyValueSpecification\",\"valueRequired\":true,\"valueName\":\"search_term_string\"}}],\"inLanguage\":\"pt-PT\"},{\"@type\":\"Person\",\"@id\":\"https:\/\/portaltela.pt\/#\/schema\/person\/c4278d4a6028830caff9ee44b42d32ed\",\"name\":\"Telinha\",\"image\":{\"@type\":\"ImageObject\",\"inLanguage\":\"pt-PT\",\"@id\":\"https:\/\/portaltela.pt\/s.01k8rhncp4jt1\/2025\/11\/talking-bot-125x125.png\",\"url\":\"https:\/\/portaltela.pt\/s.01k8rhncp4jt1\/2025\/11\/talking-bot-125x125.png\",\"contentUrl\":\"https:\/\/portaltela.pt\/s.01k8rhncp4jt1\/2025\/11\/talking-bot-125x125.png\",\"caption\":\"Telinha\"},\"sameAs\":[\"https:\/\/portaltela.pt\/\"],\"url\":\"https:\/\/portaltela.pt\/por\/367410592786\/\"}]}<\/script>\n<!-- \/ Yoast SEO plugin. -->","yoast_head_json":{"title":"In\u00eas de Medeiros diz que op\u00e7\u00e3o entre PS e Chega ser\u00e1 julgada pelos portugueses - Portal Tela Portugal","robots":{"index":"index","follow":"follow","max-snippet":"max-snippet:-1","max-image-preview":"max-image-preview:large","max-video-preview":"max-video-preview:-1"},"og_locale":"pt_PT","og_type":"article","og_title":"In\u00eas de Medeiros diz que op\u00e7\u00e3o entre PS e Chega ser\u00e1 julgada pelos portugueses - Portal Tela Portugal","og_description":"In\u00eas de Medeiros avisou o Governo de que a op\u00e7\u00e3o entre apoiar a extrema-direita ou identificar-se com os socialistas ser\u00e1 julgada pelos portugueses. A presidente da C\u00e2mara de Almada, que lidera a lista da dire\u00e7\u00e3o \u00e0 Comiss\u00e3o Nacional do PS, defendeu que o partido deve orgulhar-se de ser pol\u00edtico e socialista. Durante o 25.\u00ba Congresso Nacional do PS, em Viseu, destacou a prioridade de enfrentar a desconfian\u00e7a dos jovens em rela\u00e7\u00e3o \u00e0 pol\u00edtica e aos pol\u00edticos. Criticou o Governo por suposta incoer\u00eancia entre fins e meios, dizendo que \u00e9 inadmiss\u00edvel justificar os meios para alcan\u00e7ar objetivos ocultos. Enfatizou a necessidade do PS liderar a luta pela regionaliza\u00e7\u00e3o e manter o partido fiel aos seus valores democr\u00e1ticos, direitos humanos e contributos sociais.","og_url":"https:\/\/portaltela.pt\/noticias\/2026\/03\/28\/ines-de-medeiros-diz-que-opcao-entre-ps-e-chega-sera-julgada-pelos-portugueses\/","og_site_name":"Portal Tela Portugal","article_published_time":"2026-03-28T22:25:00+00:00","author":"Telinha","twitter_card":"summary_large_image","twitter_misc":{"Escrito por":"Telinha","Tempo estimado de leitura":"2 minutos"},"schema":{"@context":"https:\/\/schema.org","@graph":[{"@type":"Article","@id":"https:\/\/portaltela.pt\/noticias\/2026\/03\/28\/ines-de-medeiros-diz-que-opcao-entre-ps-e-chega-sera-julgada-pelos-portugueses\/#article","isPartOf":{"@id":"https:\/\/portaltela.pt\/noticias\/2026\/03\/28\/ines-de-medeiros-diz-que-opcao-entre-ps-e-chega-sera-julgada-pelos-portugueses\/"},"author":{"name":"Telinha","@id":"https:\/\/portaltela.pt\/#\/schema\/person\/c4278d4a6028830caff9ee44b42d32ed"},"headline":"In\u00eas de Medeiros diz que op\u00e7\u00e3o entre PS e Chega ser\u00e1 julgada pelos portugueses","datePublished":"2026-03-28T22:25:00+00:00","mainEntityOfPage":{"@id":"https:\/\/portaltela.pt\/noticias\/2026\/03\/28\/ines-de-medeiros-diz-que-opcao-entre-ps-e-chega-sera-julgada-pelos-portugueses\/"},"wordCount":431,"image":{"@id":"https:\/\/portaltela.pt\/noticias\/2026\/03\/28\/ines-de-medeiros-diz-que-opcao-entre-ps-e-chega-sera-julgada-pelos-portugueses\/#primaryimage"},"thumbnailUrl":"https:\/\/portaltela.pt\/s.01k8rhncp4jt1\/2026\/03\/img_1500x1000uu2023-12-18-20-36-14-1519558.jpg","keywords":["CHEGA","governo","pessoas LGBT","pol\u00edtica","Portugal","PS"],"articleSection":["Not\u00edcias","Pol\u00edtica"],"inLanguage":"pt-PT"},{"@type":"WebPage","@id":"https:\/\/portaltela.pt\/noticias\/2026\/03\/28\/ines-de-medeiros-diz-que-opcao-entre-ps-e-chega-sera-julgada-pelos-portugueses\/","url":"https:\/\/portaltela.pt\/noticias\/2026\/03\/28\/ines-de-medeiros-diz-que-opcao-entre-ps-e-chega-sera-julgada-pelos-portugueses\/","name":"In\u00eas de Medeiros diz que op\u00e7\u00e3o entre PS e Chega ser\u00e1 julgada pelos portugueses - Portal Tela Portugal","isPartOf":{"@id":"https:\/\/portaltela.pt\/#website"},"primaryImageOfPage":{"@id":"https:\/\/portaltela.pt\/noticias\/2026\/03\/28\/ines-de-medeiros-diz-que-opcao-entre-ps-e-chega-sera-julgada-pelos-portugueses\/#primaryimage"},"image":{"@id":"https:\/\/portaltela.pt\/noticias\/2026\/03\/28\/ines-de-medeiros-diz-que-opcao-entre-ps-e-chega-sera-julgada-pelos-portugueses\/#primaryimage"},"thumbnailUrl":"https:\/\/portaltela.pt\/s.01k8rhncp4jt1\/2026\/03\/img_1500x1000uu2023-12-18-20-36-14-1519558.jpg","datePublished":"2026-03-28T22:25:00+00:00","author":{"@id":"https:\/\/portaltela.pt\/#\/schema\/person\/c4278d4a6028830caff9ee44b42d32ed"},"breadcrumb":{"@id":"https:\/\/portaltela.pt\/noticias\/2026\/03\/28\/ines-de-medeiros-diz-que-opcao-entre-ps-e-chega-sera-julgada-pelos-portugueses\/#breadcrumb"},"inLanguage":"pt-PT","potentialAction":[{"@type":"ReadAction","target":["https:\/\/portaltela.pt\/noticias\/2026\/03\/28\/ines-de-medeiros-diz-que-opcao-entre-ps-e-chega-sera-julgada-pelos-portugueses\/"]}]},{"@type":"ImageObject","inLanguage":"pt-PT","@id":"https:\/\/portaltela.pt\/noticias\/2026\/03\/28\/ines-de-medeiros-diz-que-opcao-entre-ps-e-chega-sera-julgada-pelos-portugueses\/#primaryimage","url":"https:\/\/portaltela.pt\/s.01k8rhncp4jt1\/2026\/03\/img_1500x1000uu2023-12-18-20-36-14-1519558.jpg","contentUrl":"https:\/\/portaltela.pt\/s.01k8rhncp4jt1\/2026\/03\/img_1500x1000uu2023-12-18-20-36-14-1519558.jpg","width":796,"height":448,"caption":"In\u00eas de Medeiros"},{"@type":"BreadcrumbList","@id":"https:\/\/portaltela.pt\/noticias\/2026\/03\/28\/ines-de-medeiros-diz-que-opcao-entre-ps-e-chega-sera-julgada-pelos-portugueses\/#breadcrumb","itemListElement":[{"@type":"ListItem","position":1,"name":"In\u00edcio","item":"https:\/\/portaltela.pt\/"},{"@type":"ListItem","position":2,"name":"In\u00eas de Medeiros diz que op\u00e7\u00e3o entre PS e Chega ser\u00e1 julgada pelos portugueses"}]},{"@type":"WebSite","@id":"https:\/\/portaltela.pt\/#website","url":"https:\/\/portaltela.pt\/","name":"Portal Tela Portugal","description":"","potentialAction":[{"@type":"SearchAction","target":{"@type":"EntryPoint","urlTemplate":"https:\/\/portaltela.pt\/?s={search_term_string}"},"query-input":{"@type":"PropertyValueSpecification","valueRequired":true,"valueName":"search_term_string"}}],"inLanguage":"pt-PT"},{"@type":"Person","@id":"https:\/\/portaltela.pt\/#\/schema\/person\/c4278d4a6028830caff9ee44b42d32ed","name":"Telinha","image":{"@type":"ImageObject","inLanguage":"pt-PT","@id":"https:\/\/portaltela.pt\/s.01k8rhncp4jt1\/2025\/11\/talking-bot-125x125.png","url":"https:\/\/portaltela.pt\/s.01k8rhncp4jt1\/2025\/11\/talking-bot-125x125.png","contentUrl":"https:\/\/portaltela.pt\/s.01k8rhncp4jt1\/2025\/11\/talking-bot-125x125.png","caption":"Telinha"},"sameAs":["https:\/\/portaltela.pt\/"],"url":"https:\/\/portaltela.pt\/por\/367410592786\/"}]}},"_links":{"self":[{"href":"https:\/\/portaltela.pt\/api\/wp\/v2\/posts\/425461","targetHints":{"allow":["GET"]}}],"collection":[{"href":"https:\/\/portaltela.pt\/api\/wp\/v2\/posts"}],"about":[{"href":"https:\/\/portaltela.pt\/api\/wp\/v2\/types\/post"}],"author":[{"embeddable":true,"href":"https:\/\/portaltela.pt\/api\/wp\/v2\/users\/2"}],"replies":[{"embeddable":true,"href":"https:\/\/portaltela.pt\/api\/wp\/v2\/comments?post=425461"}],"version-history":[{"count":0,"href":"https:\/\/portaltela.pt\/api\/wp\/v2\/posts\/425461\/revisions"}],"wp:featuredmedia":[{"embeddable":true,"href":"https:\/\/portaltela.pt\/api\/wp\/v2\/media\/425465"}],"wp:attachment":[{"href":"https:\/\/portaltela.pt\/api\/wp\/v2\/media?parent=425461"}],"wp:term":[{"taxonomy":"category","embeddable":true,"href":"https:\/\/portaltela.pt\/api\/wp\/v2\/categories?post=425461"},{"taxonomy":"post_tag","embeddable":true,"href":"https:\/\/portaltela.pt\/api\/wp\/v2\/tags?post=425461"}],"curies":[{"name":"wp","href":"https:\/\/api.w.org\/{rel}","templated":true}]}}