{"id":425453,"date":"2026-03-28T19:08:00","date_gmt":"2026-03-28T22:08:00","guid":{"rendered":"https:\/\/portaltela.pt\/noticias\/2026\/03\/28\/marcelo-regressa-a-vida-publica-e-nao-se-pronuncia-sobre-nada\/"},"modified":"2026-03-28T19:08:00","modified_gmt":"2026-03-28T22:08:00","slug":"marcelo-regressa-a-vida-publica-e-nao-se-pronuncia-sobre-nada","status":"publish","type":"post","link":"https:\/\/portaltela.pt\/noticias\/2026\/03\/28\/marcelo-regressa-a-vida-publica-e-nao-se-pronuncia-sobre-nada\/","title":{"rendered":"Marcelo regressa \u00e0 vida p\u00fablica e n\u00e3o se pronuncia sobre nada"},"content":{"rendered":"<p>Marcelo Rebelo de Sousa regressou \u00e0 vida p\u00fablica com um discurso na Festa do Livro de Celorico de Basto, no s\u00e1bado \u00e0 noite. Foi a primeira interven\u00e7\u00e3o p\u00fablica desde a sa\u00edda da Presid\u00eancia. A iniciativa cultural decorreu em Celorico de Basto, no norte de Portugal.<\/p>\n<p>O antigo chefe de Estado recusou comentar temas pol\u00edticos, nacionais ou internacionais. Aos jornalistas, sublinhou que n\u00e3o vai pronunciar-se sobre nada, repetindo a sua disponibilidade para n\u00e3o responder a perguntas.<\/p>\n<p>Depois de deixar Bel\u00e9m no dia 9, o pol\u00edtico disse que pretende seguir encerrando-se num \u201cdeserto eterno\u201d no que toca a declara\u00e7\u00f5es pol\u00edticas. Em termos de conte\u00fado, apontou nova linha de atua\u00e7\u00e3o centrada na juventude.<\/p>\n<p>Marcelo Rebelo de Sousa afirmou que, doravante, abordar\u00e1 temas ligados \u00e0 juventude, com foco em voca\u00e7\u00e3o e carreira. Acrescentou que tamb\u00e9m participar\u00e1 em espa\u00e7os liter\u00e1rios como parte da sua atua\u00e7\u00e3o p\u00fablica.<\/p>\n<p>No evento de s\u00e1bado, participou numa tert\u00falia dedicada ao papel da literatura no momento atual. Hoje dever\u00e1 estar \u00e0 conversa com os escritores David Machado e Hugo Gon\u00e7alves.<\/p>\n","protected":false},"excerpt":{"rendered":"<ul>\n<li>Marcelo Rebelo de Sousa fez a primeira interven\u00e7\u00e3o p\u00fablica desde a sa\u00edda da presid\u00eancia, num discurso na Festa do Livro de Celorico de Basto.<\/li>\n<li>Recusou comentar temas pol\u00edticos nacionais ou internacionais, dizendo que n\u00e3o ir\u00e1 pronunciar-se sobre nada.<\/li>\n<li>Disse que, no futuro, vai abordar temas relacionados com juventude, orienta\u00e7\u00e3o para o futuro em termos de voca\u00e7\u00e3o e carreira, al\u00e9m de participar em espa\u00e7os liter\u00e1rios.<\/li>\n<li>Este s\u00e1bado participou numa tert\u00falia dedicada ao tema &#8220;Qual o papel da literatura no momento atual?&#8221;.<\/li>\n<li>Hoje estar\u00e1 \u00e0 conversa com os escritores David Machado e Hugo Gon\u00e7alves.<\/li>\n<\/ul>\n","protected":false},"author":2,"featured_media":425457,"comment_status":"closed","ping_status":"closed","sticky":false,"template":"","format":"standard","meta":{"footnotes":""},"categories":[7375,1],"tags":[1966,251,106,5661,2832,30],"class_list":["post-425453","post","type-post","status-publish","format-standard","has-post-thumbnail","hentry","category-cultura","category-noticias","tag-celorico-da-beira","tag-juventude","tag-literatura","tag-pessoas-publicas","tag-politica","tag-presidente"],"yoast_head":"<!-- This site is optimized with the Yoast SEO plugin v27.2 - https:\/\/yoast.com\/product\/yoast-seo-wordpress\/ -->\n<title>Marcelo regressa \u00e0 vida p\u00fablica e n\u00e3o se pronuncia sobre nada - Portal Tela Portugal<\/title>\n<meta name=\"robots\" content=\"index, follow, max-snippet:-1, max-image-preview:large, max-video-preview:-1\" \/>\n<meta property=\"og:locale\" content=\"pt_PT\" \/>\n<meta property=\"og:type\" content=\"article\" \/>\n<meta property=\"og:title\" content=\"Marcelo regressa \u00e0 vida p\u00fablica e n\u00e3o se pronuncia sobre nada - Portal Tela Portugal\" \/>\n<meta property=\"og:description\" content=\"Marcelo Rebelo de Sousa fez a primeira interven\u00e7\u00e3o p\u00fablica desde a sa\u00edda da presid\u00eancia, num discurso na Festa do Livro de Celorico de Basto. Recusou comentar temas pol\u00edticos nacionais ou internacionais, dizendo que n\u00e3o ir\u00e1 pronunciar-se sobre nada. Disse que, no futuro, vai abordar temas relacionados com juventude, orienta\u00e7\u00e3o para o futuro em termos de voca\u00e7\u00e3o e carreira, al\u00e9m de participar em espa\u00e7os liter\u00e1rios. Este s\u00e1bado participou numa tert\u00falia dedicada ao tema &quot;Qual o papel da literatura no momento atual?&quot;. Hoje estar\u00e1 \u00e0 conversa com os escritores David Machado e Hugo Gon\u00e7alves.\" \/>\n<meta property=\"og:url\" content=\"https:\/\/portaltela.pt\/noticias\/2026\/03\/28\/marcelo-regressa-a-vida-publica-e-nao-se-pronuncia-sobre-nada\/\" \/>\n<meta property=\"og:site_name\" content=\"Portal Tela Portugal\" \/>\n<meta property=\"article:published_time\" content=\"2026-03-28T22:08:00+00:00\" \/>\n<meta name=\"author\" content=\"Telinha\" \/>\n<meta name=\"twitter:card\" content=\"summary_large_image\" \/>\n<meta name=\"twitter:label1\" content=\"Escrito por\" \/>\n\t<meta name=\"twitter:data1\" content=\"Telinha\" \/>\n\t<meta name=\"twitter:label2\" content=\"Tempo estimado de leitura\" \/>\n\t<meta name=\"twitter:data2\" content=\"1 minuto\" \/>\n<script type=\"application\/ld+json\" class=\"yoast-schema-graph\">{\"@context\":\"https:\/\/schema.org\",\"@graph\":[{\"@type\":\"Article\",\"@id\":\"https:\/\/portaltela.pt\/noticias\/2026\/03\/28\/marcelo-regressa-a-vida-publica-e-nao-se-pronuncia-sobre-nada\/#article\",\"isPartOf\":{\"@id\":\"https:\/\/portaltela.pt\/noticias\/2026\/03\/28\/marcelo-regressa-a-vida-publica-e-nao-se-pronuncia-sobre-nada\/\"},\"author\":{\"name\":\"Telinha\",\"@id\":\"https:\/\/portaltela.pt\/#\/schema\/person\/c4278d4a6028830caff9ee44b42d32ed\"},\"headline\":\"Marcelo regressa \u00e0 vida p\u00fablica e n\u00e3o se pronuncia sobre nada\",\"datePublished\":\"2026-03-28T22:08:00+00:00\",\"mainEntityOfPage\":{\"@id\":\"https:\/\/portaltela.pt\/noticias\/2026\/03\/28\/marcelo-regressa-a-vida-publica-e-nao-se-pronuncia-sobre-nada\/\"},\"wordCount\":200,\"image\":{\"@id\":\"https:\/\/portaltela.pt\/noticias\/2026\/03\/28\/marcelo-regressa-a-vida-publica-e-nao-se-pronuncia-sobre-nada\/#primaryimage\"},\"thumbnailUrl\":\"https:\/\/portaltela.pt\/s.01k8rhncp4jt1\/2026\/03\/image-1711.jpg\",\"keywords\":[\"Celorico da Beira\",\"juventude\",\"literatura\",\"pessoas p\u00fablicas\",\"pol\u00edtica\",\"presidente\"],\"articleSection\":[\"Cultura\",\"Not\u00edcias\"],\"inLanguage\":\"pt-PT\"},{\"@type\":\"WebPage\",\"@id\":\"https:\/\/portaltela.pt\/noticias\/2026\/03\/28\/marcelo-regressa-a-vida-publica-e-nao-se-pronuncia-sobre-nada\/\",\"url\":\"https:\/\/portaltela.pt\/noticias\/2026\/03\/28\/marcelo-regressa-a-vida-publica-e-nao-se-pronuncia-sobre-nada\/\",\"name\":\"Marcelo regressa \u00e0 vida p\u00fablica e n\u00e3o se pronuncia sobre nada - Portal Tela Portugal\",\"isPartOf\":{\"@id\":\"https:\/\/portaltela.pt\/#website\"},\"primaryImageOfPage\":{\"@id\":\"https:\/\/portaltela.pt\/noticias\/2026\/03\/28\/marcelo-regressa-a-vida-publica-e-nao-se-pronuncia-sobre-nada\/#primaryimage\"},\"image\":{\"@id\":\"https:\/\/portaltela.pt\/noticias\/2026\/03\/28\/marcelo-regressa-a-vida-publica-e-nao-se-pronuncia-sobre-nada\/#primaryimage\"},\"thumbnailUrl\":\"https:\/\/portaltela.pt\/s.01k8rhncp4jt1\/2026\/03\/image-1711.jpg\",\"datePublished\":\"2026-03-28T22:08:00+00:00\",\"author\":{\"@id\":\"https:\/\/portaltela.pt\/#\/schema\/person\/c4278d4a6028830caff9ee44b42d32ed\"},\"breadcrumb\":{\"@id\":\"https:\/\/portaltela.pt\/noticias\/2026\/03\/28\/marcelo-regressa-a-vida-publica-e-nao-se-pronuncia-sobre-nada\/#breadcrumb\"},\"inLanguage\":\"pt-PT\",\"potentialAction\":[{\"@type\":\"ReadAction\",\"target\":[\"https:\/\/portaltela.pt\/noticias\/2026\/03\/28\/marcelo-regressa-a-vida-publica-e-nao-se-pronuncia-sobre-nada\/\"]}]},{\"@type\":\"ImageObject\",\"inLanguage\":\"pt-PT\",\"@id\":\"https:\/\/portaltela.pt\/noticias\/2026\/03\/28\/marcelo-regressa-a-vida-publica-e-nao-se-pronuncia-sobre-nada\/#primaryimage\",\"url\":\"https:\/\/portaltela.pt\/s.01k8rhncp4jt1\/2026\/03\/image-1711.jpg\",\"contentUrl\":\"https:\/\/portaltela.pt\/s.01k8rhncp4jt1\/2026\/03\/image-1711.jpg\",\"width\":796,\"height\":448,\"caption\":\"Antigo chefe de Estado quebrou o sil\u00eancio, embora n\u00e3o tenha falado em pol\u00edtica\"},{\"@type\":\"BreadcrumbList\",\"@id\":\"https:\/\/portaltela.pt\/noticias\/2026\/03\/28\/marcelo-regressa-a-vida-publica-e-nao-se-pronuncia-sobre-nada\/#breadcrumb\",\"itemListElement\":[{\"@type\":\"ListItem\",\"position\":1,\"name\":\"In\u00edcio\",\"item\":\"https:\/\/portaltela.pt\/\"},{\"@type\":\"ListItem\",\"position\":2,\"name\":\"Marcelo regressa \u00e0 vida p\u00fablica e n\u00e3o se pronuncia sobre nada\"}]},{\"@type\":\"WebSite\",\"@id\":\"https:\/\/portaltela.pt\/#website\",\"url\":\"https:\/\/portaltela.pt\/\",\"name\":\"Portal Tela Portugal\",\"description\":\"\",\"potentialAction\":[{\"@type\":\"SearchAction\",\"target\":{\"@type\":\"EntryPoint\",\"urlTemplate\":\"https:\/\/portaltela.pt\/?s={search_term_string}\"},\"query-input\":{\"@type\":\"PropertyValueSpecification\",\"valueRequired\":true,\"valueName\":\"search_term_string\"}}],\"inLanguage\":\"pt-PT\"},{\"@type\":\"Person\",\"@id\":\"https:\/\/portaltela.pt\/#\/schema\/person\/c4278d4a6028830caff9ee44b42d32ed\",\"name\":\"Telinha\",\"image\":{\"@type\":\"ImageObject\",\"inLanguage\":\"pt-PT\",\"@id\":\"https:\/\/portaltela.pt\/s.01k8rhncp4jt1\/2025\/11\/talking-bot-125x125.png\",\"url\":\"https:\/\/portaltela.pt\/s.01k8rhncp4jt1\/2025\/11\/talking-bot-125x125.png\",\"contentUrl\":\"https:\/\/portaltela.pt\/s.01k8rhncp4jt1\/2025\/11\/talking-bot-125x125.png\",\"caption\":\"Telinha\"},\"sameAs\":[\"https:\/\/portaltela.pt\/\"],\"url\":\"https:\/\/portaltela.pt\/por\/367410592786\/\"}]}<\/script>\n<!-- \/ Yoast SEO plugin. -->","yoast_head_json":{"title":"Marcelo regressa \u00e0 vida p\u00fablica e n\u00e3o se pronuncia sobre nada - Portal Tela Portugal","robots":{"index":"index","follow":"follow","max-snippet":"max-snippet:-1","max-image-preview":"max-image-preview:large","max-video-preview":"max-video-preview:-1"},"og_locale":"pt_PT","og_type":"article","og_title":"Marcelo regressa \u00e0 vida p\u00fablica e n\u00e3o se pronuncia sobre nada - Portal Tela Portugal","og_description":"Marcelo Rebelo de Sousa fez a primeira interven\u00e7\u00e3o p\u00fablica desde a sa\u00edda da presid\u00eancia, num discurso na Festa do Livro de Celorico de Basto. Recusou comentar temas pol\u00edticos nacionais ou internacionais, dizendo que n\u00e3o ir\u00e1 pronunciar-se sobre nada. Disse que, no futuro, vai abordar temas relacionados com juventude, orienta\u00e7\u00e3o para o futuro em termos de voca\u00e7\u00e3o e carreira, al\u00e9m de participar em espa\u00e7os liter\u00e1rios. Este s\u00e1bado participou numa tert\u00falia dedicada ao tema \"Qual o papel da literatura no momento atual?\". Hoje estar\u00e1 \u00e0 conversa com os escritores David Machado e Hugo Gon\u00e7alves.","og_url":"https:\/\/portaltela.pt\/noticias\/2026\/03\/28\/marcelo-regressa-a-vida-publica-e-nao-se-pronuncia-sobre-nada\/","og_site_name":"Portal Tela Portugal","article_published_time":"2026-03-28T22:08:00+00:00","author":"Telinha","twitter_card":"summary_large_image","twitter_misc":{"Escrito por":"Telinha","Tempo estimado de leitura":"1 minuto"},"schema":{"@context":"https:\/\/schema.org","@graph":[{"@type":"Article","@id":"https:\/\/portaltela.pt\/noticias\/2026\/03\/28\/marcelo-regressa-a-vida-publica-e-nao-se-pronuncia-sobre-nada\/#article","isPartOf":{"@id":"https:\/\/portaltela.pt\/noticias\/2026\/03\/28\/marcelo-regressa-a-vida-publica-e-nao-se-pronuncia-sobre-nada\/"},"author":{"name":"Telinha","@id":"https:\/\/portaltela.pt\/#\/schema\/person\/c4278d4a6028830caff9ee44b42d32ed"},"headline":"Marcelo regressa \u00e0 vida p\u00fablica e n\u00e3o se pronuncia sobre nada","datePublished":"2026-03-28T22:08:00+00:00","mainEntityOfPage":{"@id":"https:\/\/portaltela.pt\/noticias\/2026\/03\/28\/marcelo-regressa-a-vida-publica-e-nao-se-pronuncia-sobre-nada\/"},"wordCount":200,"image":{"@id":"https:\/\/portaltela.pt\/noticias\/2026\/03\/28\/marcelo-regressa-a-vida-publica-e-nao-se-pronuncia-sobre-nada\/#primaryimage"},"thumbnailUrl":"https:\/\/portaltela.pt\/s.01k8rhncp4jt1\/2026\/03\/image-1711.jpg","keywords":["Celorico da Beira","juventude","literatura","pessoas p\u00fablicas","pol\u00edtica","presidente"],"articleSection":["Cultura","Not\u00edcias"],"inLanguage":"pt-PT"},{"@type":"WebPage","@id":"https:\/\/portaltela.pt\/noticias\/2026\/03\/28\/marcelo-regressa-a-vida-publica-e-nao-se-pronuncia-sobre-nada\/","url":"https:\/\/portaltela.pt\/noticias\/2026\/03\/28\/marcelo-regressa-a-vida-publica-e-nao-se-pronuncia-sobre-nada\/","name":"Marcelo regressa \u00e0 vida p\u00fablica e n\u00e3o se pronuncia sobre nada - Portal Tela Portugal","isPartOf":{"@id":"https:\/\/portaltela.pt\/#website"},"primaryImageOfPage":{"@id":"https:\/\/portaltela.pt\/noticias\/2026\/03\/28\/marcelo-regressa-a-vida-publica-e-nao-se-pronuncia-sobre-nada\/#primaryimage"},"image":{"@id":"https:\/\/portaltela.pt\/noticias\/2026\/03\/28\/marcelo-regressa-a-vida-publica-e-nao-se-pronuncia-sobre-nada\/#primaryimage"},"thumbnailUrl":"https:\/\/portaltela.pt\/s.01k8rhncp4jt1\/2026\/03\/image-1711.jpg","datePublished":"2026-03-28T22:08:00+00:00","author":{"@id":"https:\/\/portaltela.pt\/#\/schema\/person\/c4278d4a6028830caff9ee44b42d32ed"},"breadcrumb":{"@id":"https:\/\/portaltela.pt\/noticias\/2026\/03\/28\/marcelo-regressa-a-vida-publica-e-nao-se-pronuncia-sobre-nada\/#breadcrumb"},"inLanguage":"pt-PT","potentialAction":[{"@type":"ReadAction","target":["https:\/\/portaltela.pt\/noticias\/2026\/03\/28\/marcelo-regressa-a-vida-publica-e-nao-se-pronuncia-sobre-nada\/"]}]},{"@type":"ImageObject","inLanguage":"pt-PT","@id":"https:\/\/portaltela.pt\/noticias\/2026\/03\/28\/marcelo-regressa-a-vida-publica-e-nao-se-pronuncia-sobre-nada\/#primaryimage","url":"https:\/\/portaltela.pt\/s.01k8rhncp4jt1\/2026\/03\/image-1711.jpg","contentUrl":"https:\/\/portaltela.pt\/s.01k8rhncp4jt1\/2026\/03\/image-1711.jpg","width":796,"height":448,"caption":"Antigo chefe de Estado quebrou o sil\u00eancio, embora n\u00e3o tenha falado em pol\u00edtica"},{"@type":"BreadcrumbList","@id":"https:\/\/portaltela.pt\/noticias\/2026\/03\/28\/marcelo-regressa-a-vida-publica-e-nao-se-pronuncia-sobre-nada\/#breadcrumb","itemListElement":[{"@type":"ListItem","position":1,"name":"In\u00edcio","item":"https:\/\/portaltela.pt\/"},{"@type":"ListItem","position":2,"name":"Marcelo regressa \u00e0 vida p\u00fablica e n\u00e3o se pronuncia sobre nada"}]},{"@type":"WebSite","@id":"https:\/\/portaltela.pt\/#website","url":"https:\/\/portaltela.pt\/","name":"Portal Tela Portugal","description":"","potentialAction":[{"@type":"SearchAction","target":{"@type":"EntryPoint","urlTemplate":"https:\/\/portaltela.pt\/?s={search_term_string}"},"query-input":{"@type":"PropertyValueSpecification","valueRequired":true,"valueName":"search_term_string"}}],"inLanguage":"pt-PT"},{"@type":"Person","@id":"https:\/\/portaltela.pt\/#\/schema\/person\/c4278d4a6028830caff9ee44b42d32ed","name":"Telinha","image":{"@type":"ImageObject","inLanguage":"pt-PT","@id":"https:\/\/portaltela.pt\/s.01k8rhncp4jt1\/2025\/11\/talking-bot-125x125.png","url":"https:\/\/portaltela.pt\/s.01k8rhncp4jt1\/2025\/11\/talking-bot-125x125.png","contentUrl":"https:\/\/portaltela.pt\/s.01k8rhncp4jt1\/2025\/11\/talking-bot-125x125.png","caption":"Telinha"},"sameAs":["https:\/\/portaltela.pt\/"],"url":"https:\/\/portaltela.pt\/por\/367410592786\/"}]}},"_links":{"self":[{"href":"https:\/\/portaltela.pt\/api\/wp\/v2\/posts\/425453","targetHints":{"allow":["GET"]}}],"collection":[{"href":"https:\/\/portaltela.pt\/api\/wp\/v2\/posts"}],"about":[{"href":"https:\/\/portaltela.pt\/api\/wp\/v2\/types\/post"}],"author":[{"embeddable":true,"href":"https:\/\/portaltela.pt\/api\/wp\/v2\/users\/2"}],"replies":[{"embeddable":true,"href":"https:\/\/portaltela.pt\/api\/wp\/v2\/comments?post=425453"}],"version-history":[{"count":0,"href":"https:\/\/portaltela.pt\/api\/wp\/v2\/posts\/425453\/revisions"}],"wp:featuredmedia":[{"embeddable":true,"href":"https:\/\/portaltela.pt\/api\/wp\/v2\/media\/425457"}],"wp:attachment":[{"href":"https:\/\/portaltela.pt\/api\/wp\/v2\/media?parent=425453"}],"wp:term":[{"taxonomy":"category","embeddable":true,"href":"https:\/\/portaltela.pt\/api\/wp\/v2\/categories?post=425453"},{"taxonomy":"post_tag","embeddable":true,"href":"https:\/\/portaltela.pt\/api\/wp\/v2\/tags?post=425453"}],"curies":[{"name":"wp","href":"https:\/\/api.w.org\/{rel}","templated":true}]}}