{"id":425436,"date":"2026-03-28T18:45:00","date_gmt":"2026-03-28T21:45:00","guid":{"rendered":"https:\/\/portaltela.pt\/noticias\/2026\/03\/28\/exame-de-matematica-do-12-o-ano-inclui-conteudos-nao-cobrados\/"},"modified":"2026-03-28T18:45:00","modified_gmt":"2026-03-28T21:45:00","slug":"exame-de-matematica-do-12-o-ano-inclui-conteudos-nao-cobrados","status":"publish","type":"post","link":"https:\/\/portaltela.pt\/noticias\/politica\/2026\/03\/28\/exame-de-matematica-do-12-o-ano-inclui-conteudos-nao-cobrados\/","title":{"rendered":"Exame de Matem\u00e1tica do 12.\u00ba ano inclui conte\u00fados n\u00e3o cobrados"},"content":{"rendered":"<p>O exame nacional de Matem\u00e1tica A do 12.\u00ba ano realiza-se em junho e contempla dois tipos de alunos. Um grupo utiliza as Aprendizagens Essenciais (AE) de Matem\u00e1tica em vigor desde 2018, que representa a maioria. Um segundo grupo envolve dez turmas que j\u00e1 seguiu o percurso com AE aprovadas em 2023.<\/p>\n<p>Assim, o exame deste ano ter\u00e1 de incorporar conte\u00fados de ambos os documentos orientadores. Segundo o MECI, os estudantes n\u00e3o ser\u00e3o obrigados a responder a mat\u00e9rias que n\u00e3o foram lecionadas ao longo do respetivo percurso.<\/p>\n<p>A mudan\u00e7a \u00e9 alvo de cr\u00edticas por parte do SPM, que aponta uma altera\u00e7\u00e3o de regras. Por outro lado, a APM n\u00e3o comentou o assunto. As novas aprendizagens, no entanto, entram apenas em 2027, e dez turmas anteciparam esse caminho.<\/p>\n","protected":false},"excerpt":{"rendered":"<ul>\n<li>O exame nacional de Matem\u00e1tica A do 12.\u00ba ano, marcado para junho, ter\u00e1 dois tipos de alunos: os que seguiram as AE de 2018 e dez turmas que j\u00e1 fizeram o percurso com as AE de 2023.<\/li>\n<li>Por isso, o exame ter\u00e1 de incluir conte\u00fados de ambos os documentos orientadores.<\/li>\n<li>As novas aprendizagens entram em vigor apenas em 2027, mas j\u00e1 houve dez turmas a antecip\u00e1-las.<\/li>\n<li>O Minist\u00e9rio da Educa\u00e7\u00e3o diz que os estudantes n\u00e3o ser\u00e3o obrigados a responder a quest\u00f5es sobre mat\u00e9rias nunca lecionadas.<\/li>\n<li>O Sindicato dos Professores (SPM) criticou a mudan\u00e7a de regras, enquanto a Associa\u00e7\u00e3o de Pais e alunos (APM) n\u00e3o comentou.<\/li>\n<\/ul>\n","protected":false},"author":2,"featured_media":425440,"comment_status":"closed","ping_status":"closed","sticky":false,"template":"","format":"standard","meta":{"footnotes":""},"categories":[1,5],"tags":[163,2443,92,3167,6126],"class_list":["post-425436","post","type-post","status-publish","format-standard","has-post-thumbnail","hentry","category-noticias","category-politica","tag-educacao","tag-educacao-publica","tag-ensino","tag-matematica","tag-publico"],"yoast_head":"<!-- This site is optimized with the Yoast SEO plugin v27.2 - https:\/\/yoast.com\/product\/yoast-seo-wordpress\/ -->\n<title>Exame de Matem\u00e1tica do 12.\u00ba ano inclui conte\u00fados n\u00e3o cobrados - Portal Tela Portugal<\/title>\n<meta name=\"robots\" content=\"index, follow, max-snippet:-1, max-image-preview:large, max-video-preview:-1\" \/>\n<meta property=\"og:locale\" content=\"pt_PT\" \/>\n<meta property=\"og:type\" content=\"article\" \/>\n<meta property=\"og:title\" content=\"Exame de Matem\u00e1tica do 12.\u00ba ano inclui conte\u00fados n\u00e3o cobrados - Portal Tela Portugal\" \/>\n<meta property=\"og:description\" content=\"O exame nacional de Matem\u00e1tica A do 12.\u00ba ano, marcado para junho, ter\u00e1 dois tipos de alunos: os que seguiram as AE de 2018 e dez turmas que j\u00e1 fizeram o percurso com as AE de 2023. Por isso, o exame ter\u00e1 de incluir conte\u00fados de ambos os documentos orientadores. As novas aprendizagens entram em vigor apenas em 2027, mas j\u00e1 houve dez turmas a antecip\u00e1-las. O Minist\u00e9rio da Educa\u00e7\u00e3o diz que os estudantes n\u00e3o ser\u00e3o obrigados a responder a quest\u00f5es sobre mat\u00e9rias nunca lecionadas. O Sindicato dos Professores (SPM) criticou a mudan\u00e7a de regras, enquanto a Associa\u00e7\u00e3o de Pais e alunos (APM) n\u00e3o comentou.\" \/>\n<meta property=\"og:url\" content=\"https:\/\/portaltela.pt\/noticias\/2026\/03\/28\/exame-de-matematica-do-12-o-ano-inclui-conteudos-nao-cobrados\/\" \/>\n<meta property=\"og:site_name\" content=\"Portal Tela Portugal\" \/>\n<meta property=\"article:published_time\" content=\"2026-03-28T21:45:00+00:00\" \/>\n<meta name=\"author\" content=\"Telinha\" \/>\n<meta name=\"twitter:card\" content=\"summary_large_image\" \/>\n<meta name=\"twitter:label1\" content=\"Escrito por\" \/>\n\t<meta name=\"twitter:data1\" content=\"Telinha\" \/>\n\t<meta name=\"twitter:label2\" content=\"Tempo estimado de leitura\" \/>\n\t<meta name=\"twitter:data2\" content=\"1 minuto\" \/>\n<script type=\"application\/ld+json\" class=\"yoast-schema-graph\">{\"@context\":\"https:\/\/schema.org\",\"@graph\":[{\"@type\":\"Article\",\"@id\":\"https:\/\/portaltela.pt\/noticias\/2026\/03\/28\/exame-de-matematica-do-12-o-ano-inclui-conteudos-nao-cobrados\/#article\",\"isPartOf\":{\"@id\":\"https:\/\/portaltela.pt\/noticias\/2026\/03\/28\/exame-de-matematica-do-12-o-ano-inclui-conteudos-nao-cobrados\/\"},\"author\":{\"name\":\"Telinha\",\"@id\":\"https:\/\/portaltela.pt\/#\/schema\/person\/c4278d4a6028830caff9ee44b42d32ed\"},\"headline\":\"Exame de Matem\u00e1tica do 12.\u00ba ano inclui conte\u00fados n\u00e3o cobrados\",\"datePublished\":\"2026-03-28T21:45:00+00:00\",\"mainEntityOfPage\":{\"@id\":\"https:\/\/portaltela.pt\/noticias\/2026\/03\/28\/exame-de-matematica-do-12-o-ano-inclui-conteudos-nao-cobrados\/\"},\"wordCount\":144,\"image\":{\"@id\":\"https:\/\/portaltela.pt\/noticias\/2026\/03\/28\/exame-de-matematica-do-12-o-ano-inclui-conteudos-nao-cobrados\/#primaryimage\"},\"thumbnailUrl\":\"https:\/\/portaltela.pt\/s.01k8rhncp4jt1\/2026\/03\/2077473.jpg\",\"keywords\":[\"educa\u00e7\u00e3o\",\"educa\u00e7\u00e3o p\u00fablica\",\"ensino\",\"matem\u00e1tica\",\"p\u00fablico\"],\"articleSection\":[\"Not\u00edcias\",\"Pol\u00edtica\"],\"inLanguage\":\"pt-PT\"},{\"@type\":\"WebPage\",\"@id\":\"https:\/\/portaltela.pt\/noticias\/2026\/03\/28\/exame-de-matematica-do-12-o-ano-inclui-conteudos-nao-cobrados\/\",\"url\":\"https:\/\/portaltela.pt\/noticias\/2026\/03\/28\/exame-de-matematica-do-12-o-ano-inclui-conteudos-nao-cobrados\/\",\"name\":\"Exame de Matem\u00e1tica do 12.\u00ba ano inclui conte\u00fados n\u00e3o cobrados - Portal Tela Portugal\",\"isPartOf\":{\"@id\":\"https:\/\/portaltela.pt\/#website\"},\"primaryImageOfPage\":{\"@id\":\"https:\/\/portaltela.pt\/noticias\/2026\/03\/28\/exame-de-matematica-do-12-o-ano-inclui-conteudos-nao-cobrados\/#primaryimage\"},\"image\":{\"@id\":\"https:\/\/portaltela.pt\/noticias\/2026\/03\/28\/exame-de-matematica-do-12-o-ano-inclui-conteudos-nao-cobrados\/#primaryimage\"},\"thumbnailUrl\":\"https:\/\/portaltela.pt\/s.01k8rhncp4jt1\/2026\/03\/2077473.jpg\",\"datePublished\":\"2026-03-28T21:45:00+00:00\",\"author\":{\"@id\":\"https:\/\/portaltela.pt\/#\/schema\/person\/c4278d4a6028830caff9ee44b42d32ed\"},\"breadcrumb\":{\"@id\":\"https:\/\/portaltela.pt\/noticias\/2026\/03\/28\/exame-de-matematica-do-12-o-ano-inclui-conteudos-nao-cobrados\/#breadcrumb\"},\"inLanguage\":\"pt-PT\",\"potentialAction\":[{\"@type\":\"ReadAction\",\"target\":[\"https:\/\/portaltela.pt\/noticias\/2026\/03\/28\/exame-de-matematica-do-12-o-ano-inclui-conteudos-nao-cobrados\/\"]}]},{\"@type\":\"ImageObject\",\"inLanguage\":\"pt-PT\",\"@id\":\"https:\/\/portaltela.pt\/noticias\/2026\/03\/28\/exame-de-matematica-do-12-o-ano-inclui-conteudos-nao-cobrados\/#primaryimage\",\"url\":\"https:\/\/portaltela.pt\/s.01k8rhncp4jt1\/2026\/03\/2077473.jpg\",\"contentUrl\":\"https:\/\/portaltela.pt\/s.01k8rhncp4jt1\/2026\/03\/2077473.jpg\",\"width\":796,\"height\":448,\"caption\":\"Sociedade Portuguesa de Matem\u00e1tica e Associa\u00e7\u00e3o de Professores de Matem\u00e1tica com posi\u00e7\u00f5es diferentes sobre a solu\u00e7\u00e3o encontrada\"},{\"@type\":\"BreadcrumbList\",\"@id\":\"https:\/\/portaltela.pt\/noticias\/2026\/03\/28\/exame-de-matematica-do-12-o-ano-inclui-conteudos-nao-cobrados\/#breadcrumb\",\"itemListElement\":[{\"@type\":\"ListItem\",\"position\":1,\"name\":\"In\u00edcio\",\"item\":\"https:\/\/portaltela.pt\/\"},{\"@type\":\"ListItem\",\"position\":2,\"name\":\"Exame de Matem\u00e1tica do 12.\u00ba ano inclui conte\u00fados n\u00e3o cobrados\"}]},{\"@type\":\"WebSite\",\"@id\":\"https:\/\/portaltela.pt\/#website\",\"url\":\"https:\/\/portaltela.pt\/\",\"name\":\"Portal Tela Portugal\",\"description\":\"\",\"potentialAction\":[{\"@type\":\"SearchAction\",\"target\":{\"@type\":\"EntryPoint\",\"urlTemplate\":\"https:\/\/portaltela.pt\/?s={search_term_string}\"},\"query-input\":{\"@type\":\"PropertyValueSpecification\",\"valueRequired\":true,\"valueName\":\"search_term_string\"}}],\"inLanguage\":\"pt-PT\"},{\"@type\":\"Person\",\"@id\":\"https:\/\/portaltela.pt\/#\/schema\/person\/c4278d4a6028830caff9ee44b42d32ed\",\"name\":\"Telinha\",\"image\":{\"@type\":\"ImageObject\",\"inLanguage\":\"pt-PT\",\"@id\":\"https:\/\/portaltela.pt\/s.01k8rhncp4jt1\/2025\/11\/talking-bot-125x125.png\",\"url\":\"https:\/\/portaltela.pt\/s.01k8rhncp4jt1\/2025\/11\/talking-bot-125x125.png\",\"contentUrl\":\"https:\/\/portaltela.pt\/s.01k8rhncp4jt1\/2025\/11\/talking-bot-125x125.png\",\"caption\":\"Telinha\"},\"sameAs\":[\"https:\/\/portaltela.pt\/\"],\"url\":\"https:\/\/portaltela.pt\/por\/367410592786\/\"}]}<\/script>\n<!-- \/ Yoast SEO plugin. -->","yoast_head_json":{"title":"Exame de Matem\u00e1tica do 12.\u00ba ano inclui conte\u00fados n\u00e3o cobrados - Portal Tela Portugal","robots":{"index":"index","follow":"follow","max-snippet":"max-snippet:-1","max-image-preview":"max-image-preview:large","max-video-preview":"max-video-preview:-1"},"og_locale":"pt_PT","og_type":"article","og_title":"Exame de Matem\u00e1tica do 12.\u00ba ano inclui conte\u00fados n\u00e3o cobrados - Portal Tela Portugal","og_description":"O exame nacional de Matem\u00e1tica A do 12.\u00ba ano, marcado para junho, ter\u00e1 dois tipos de alunos: os que seguiram as AE de 2018 e dez turmas que j\u00e1 fizeram o percurso com as AE de 2023. Por isso, o exame ter\u00e1 de incluir conte\u00fados de ambos os documentos orientadores. As novas aprendizagens entram em vigor apenas em 2027, mas j\u00e1 houve dez turmas a antecip\u00e1-las. O Minist\u00e9rio da Educa\u00e7\u00e3o diz que os estudantes n\u00e3o ser\u00e3o obrigados a responder a quest\u00f5es sobre mat\u00e9rias nunca lecionadas. O Sindicato dos Professores (SPM) criticou a mudan\u00e7a de regras, enquanto a Associa\u00e7\u00e3o de Pais e alunos (APM) n\u00e3o comentou.","og_url":"https:\/\/portaltela.pt\/noticias\/2026\/03\/28\/exame-de-matematica-do-12-o-ano-inclui-conteudos-nao-cobrados\/","og_site_name":"Portal Tela Portugal","article_published_time":"2026-03-28T21:45:00+00:00","author":"Telinha","twitter_card":"summary_large_image","twitter_misc":{"Escrito por":"Telinha","Tempo estimado de leitura":"1 minuto"},"schema":{"@context":"https:\/\/schema.org","@graph":[{"@type":"Article","@id":"https:\/\/portaltela.pt\/noticias\/2026\/03\/28\/exame-de-matematica-do-12-o-ano-inclui-conteudos-nao-cobrados\/#article","isPartOf":{"@id":"https:\/\/portaltela.pt\/noticias\/2026\/03\/28\/exame-de-matematica-do-12-o-ano-inclui-conteudos-nao-cobrados\/"},"author":{"name":"Telinha","@id":"https:\/\/portaltela.pt\/#\/schema\/person\/c4278d4a6028830caff9ee44b42d32ed"},"headline":"Exame de Matem\u00e1tica do 12.\u00ba ano inclui conte\u00fados n\u00e3o cobrados","datePublished":"2026-03-28T21:45:00+00:00","mainEntityOfPage":{"@id":"https:\/\/portaltela.pt\/noticias\/2026\/03\/28\/exame-de-matematica-do-12-o-ano-inclui-conteudos-nao-cobrados\/"},"wordCount":144,"image":{"@id":"https:\/\/portaltela.pt\/noticias\/2026\/03\/28\/exame-de-matematica-do-12-o-ano-inclui-conteudos-nao-cobrados\/#primaryimage"},"thumbnailUrl":"https:\/\/portaltela.pt\/s.01k8rhncp4jt1\/2026\/03\/2077473.jpg","keywords":["educa\u00e7\u00e3o","educa\u00e7\u00e3o p\u00fablica","ensino","matem\u00e1tica","p\u00fablico"],"articleSection":["Not\u00edcias","Pol\u00edtica"],"inLanguage":"pt-PT"},{"@type":"WebPage","@id":"https:\/\/portaltela.pt\/noticias\/2026\/03\/28\/exame-de-matematica-do-12-o-ano-inclui-conteudos-nao-cobrados\/","url":"https:\/\/portaltela.pt\/noticias\/2026\/03\/28\/exame-de-matematica-do-12-o-ano-inclui-conteudos-nao-cobrados\/","name":"Exame de Matem\u00e1tica do 12.\u00ba ano inclui conte\u00fados n\u00e3o cobrados - Portal Tela Portugal","isPartOf":{"@id":"https:\/\/portaltela.pt\/#website"},"primaryImageOfPage":{"@id":"https:\/\/portaltela.pt\/noticias\/2026\/03\/28\/exame-de-matematica-do-12-o-ano-inclui-conteudos-nao-cobrados\/#primaryimage"},"image":{"@id":"https:\/\/portaltela.pt\/noticias\/2026\/03\/28\/exame-de-matematica-do-12-o-ano-inclui-conteudos-nao-cobrados\/#primaryimage"},"thumbnailUrl":"https:\/\/portaltela.pt\/s.01k8rhncp4jt1\/2026\/03\/2077473.jpg","datePublished":"2026-03-28T21:45:00+00:00","author":{"@id":"https:\/\/portaltela.pt\/#\/schema\/person\/c4278d4a6028830caff9ee44b42d32ed"},"breadcrumb":{"@id":"https:\/\/portaltela.pt\/noticias\/2026\/03\/28\/exame-de-matematica-do-12-o-ano-inclui-conteudos-nao-cobrados\/#breadcrumb"},"inLanguage":"pt-PT","potentialAction":[{"@type":"ReadAction","target":["https:\/\/portaltela.pt\/noticias\/2026\/03\/28\/exame-de-matematica-do-12-o-ano-inclui-conteudos-nao-cobrados\/"]}]},{"@type":"ImageObject","inLanguage":"pt-PT","@id":"https:\/\/portaltela.pt\/noticias\/2026\/03\/28\/exame-de-matematica-do-12-o-ano-inclui-conteudos-nao-cobrados\/#primaryimage","url":"https:\/\/portaltela.pt\/s.01k8rhncp4jt1\/2026\/03\/2077473.jpg","contentUrl":"https:\/\/portaltela.pt\/s.01k8rhncp4jt1\/2026\/03\/2077473.jpg","width":796,"height":448,"caption":"Sociedade Portuguesa de Matem\u00e1tica e Associa\u00e7\u00e3o de Professores de Matem\u00e1tica com posi\u00e7\u00f5es diferentes sobre a solu\u00e7\u00e3o encontrada"},{"@type":"BreadcrumbList","@id":"https:\/\/portaltela.pt\/noticias\/2026\/03\/28\/exame-de-matematica-do-12-o-ano-inclui-conteudos-nao-cobrados\/#breadcrumb","itemListElement":[{"@type":"ListItem","position":1,"name":"In\u00edcio","item":"https:\/\/portaltela.pt\/"},{"@type":"ListItem","position":2,"name":"Exame de Matem\u00e1tica do 12.\u00ba ano inclui conte\u00fados n\u00e3o cobrados"}]},{"@type":"WebSite","@id":"https:\/\/portaltela.pt\/#website","url":"https:\/\/portaltela.pt\/","name":"Portal Tela Portugal","description":"","potentialAction":[{"@type":"SearchAction","target":{"@type":"EntryPoint","urlTemplate":"https:\/\/portaltela.pt\/?s={search_term_string}"},"query-input":{"@type":"PropertyValueSpecification","valueRequired":true,"valueName":"search_term_string"}}],"inLanguage":"pt-PT"},{"@type":"Person","@id":"https:\/\/portaltela.pt\/#\/schema\/person\/c4278d4a6028830caff9ee44b42d32ed","name":"Telinha","image":{"@type":"ImageObject","inLanguage":"pt-PT","@id":"https:\/\/portaltela.pt\/s.01k8rhncp4jt1\/2025\/11\/talking-bot-125x125.png","url":"https:\/\/portaltela.pt\/s.01k8rhncp4jt1\/2025\/11\/talking-bot-125x125.png","contentUrl":"https:\/\/portaltela.pt\/s.01k8rhncp4jt1\/2025\/11\/talking-bot-125x125.png","caption":"Telinha"},"sameAs":["https:\/\/portaltela.pt\/"],"url":"https:\/\/portaltela.pt\/por\/367410592786\/"}]}},"_links":{"self":[{"href":"https:\/\/portaltela.pt\/api\/wp\/v2\/posts\/425436","targetHints":{"allow":["GET"]}}],"collection":[{"href":"https:\/\/portaltela.pt\/api\/wp\/v2\/posts"}],"about":[{"href":"https:\/\/portaltela.pt\/api\/wp\/v2\/types\/post"}],"author":[{"embeddable":true,"href":"https:\/\/portaltela.pt\/api\/wp\/v2\/users\/2"}],"replies":[{"embeddable":true,"href":"https:\/\/portaltela.pt\/api\/wp\/v2\/comments?post=425436"}],"version-history":[{"count":0,"href":"https:\/\/portaltela.pt\/api\/wp\/v2\/posts\/425436\/revisions"}],"wp:featuredmedia":[{"embeddable":true,"href":"https:\/\/portaltela.pt\/api\/wp\/v2\/media\/425440"}],"wp:attachment":[{"href":"https:\/\/portaltela.pt\/api\/wp\/v2\/media?parent=425436"}],"wp:term":[{"taxonomy":"category","embeddable":true,"href":"https:\/\/portaltela.pt\/api\/wp\/v2\/categories?post=425436"},{"taxonomy":"post_tag","embeddable":true,"href":"https:\/\/portaltela.pt\/api\/wp\/v2\/tags?post=425436"}],"curies":[{"name":"wp","href":"https:\/\/api.w.org\/{rel}","templated":true}]}}