{"id":425433,"date":"2026-03-28T18:54:34","date_gmt":"2026-03-28T21:54:34","guid":{"rendered":"https:\/\/portaltela.pt\/noticias\/2026\/03\/28\/jorge-martin-vence-sprint-em-austin-e-assume-lideranca-do-motogp\/"},"modified":"2026-03-28T18:54:34","modified_gmt":"2026-03-28T21:54:34","slug":"jorge-martin-vence-sprint-em-austin-e-assume-lideranca-do-motogp","status":"publish","type":"post","link":"https:\/\/portaltela.pt\/desporto\/futebol\/2026\/03\/28\/jorge-martin-vence-sprint-em-austin-e-assume-lideranca-do-motogp\/","title":{"rendered":"Jorge Mart\u00edn vence sprint em Austin e assume lideran\u00e7a do MotoGP"},"content":{"rendered":"<p>Jorge Martin (Aprilia) venceu a corrida sprint do Grande Pr\u00e9mio das Am\u00e9ricas de MotoGP, disputada este s\u00e1bado em Austin, e assumiu a lideran\u00e7a do campeonato. O espanhol superou Francesco Bagnaia (Ducati) por 0,755 segundos, enquanto Pedro Acosta (KTM) ficou em terceiro, a 2,484 do vencedor. O resultado ainda pode mudar devido a uma poss\u00edvel san\u00e7\u00e3o a Acosta relacionada com a press\u00e3o dos pneus.<\/p>\n<p>Fabio DiGiannantonio (Ducati) partiu da pole pela segunda corrida consecutiva, mas foi ultrapassado por Bagnaia, que assumiu a dianteira. Marc M\u00e1rquez (Ducati), que arrancou em sexto, acabou por cair ao tentar passar Di Giannantonio, arrastando o compatriota. No topo da corrida, Bagnaia liderava, seguido por Bezzecchi (Aprilia) e Acosta, com Martin a aproximar-se ap\u00f3s partir da s\u00e9tima posi\u00e7\u00e3o.<\/p>\n<h3>Estrat\u00e9gias e desfecho<\/h3>\n<p>A escolha de pneus fez a diferen\u00e7a na reta final. Bagnaia utilizou um traseiro macio, enquanto Martin apostou num pneu m\u00e9dio, decis\u00e3o que lhe permitiu recuperar tempo nas \u00faltimas voltas. Na \u00faltima passagem, Martin ultrapassou Bagnaia na travagem para a curva 12, assegurando a sua primeira vit\u00f3ria em sprint desde o GP da Mal\u00e1sia de 2024, h\u00e1 511 dias.<\/p>\n<p>A prova manteve-se emocionante at\u00e9 ao fim, com Bezzecchi a cair a tr\u00eas voltas do fim, quando liderava, ainda com Bagnaia com vantagem no campeonato. Ao terminar, Martin assumiu a lideran\u00e7a do mundial com 57 pontos, seguido de Bezzecchi, que ocupa o segundo lugar com 56. M\u00e1rquez encerrou a prova na 17.\u00aa posi\u00e7\u00e3o, fora dos pontos.<\/p>\n<p>No domingo, \u00e0s 21:00, realiza-se a corrida principal do evento em Austin.<\/p>\n","protected":false},"excerpt":{"rendered":"<ul>\n<li>Jorge Martin (Aprilia) venceu a sprint do GP das Am\u00e9ricas em Austin, terceira ronda da temporada, e passou a liderar o campeonato com 57 pontos.<\/li>\n<li>Francesco Bagnaia (Ducati) liderou a corrida, mas Martin ultrapassou-o na \u00faltima volta, vencendo por 0,755 segundos; Pedro Acosta (KTM) foi terceiro a 2,484.<\/li>\n<li>A moto de Acosta est\u00e1 sob investiga\u00e7\u00e3o por poss\u00edvel press\u00e3o irregular nos pneus no final da prova, o que pode afast\u00e1-lo dos pontos.<\/li>\n<li>Fabio DiGiannantonio (Ducati) partiu da pole pela segunda corrida consecutiva; Bagnaia assumiu a lideran\u00e7a cedo, seguido por Bezzecchi e Acosta.<\/li>\n<li>Bezzecchi (Aprilia) caiu a tr\u00eas voltas do fim ap\u00f3s press\u00e3o de Bagnaia, enquanto M\u00e1rquez (Ducati) voltou \u00e0 prova, mas terminou em 17.\u00ba, fora dos pontos. A corrida principal \u00e9 no domingo, \u00e0s 21:00.<\/li>\n<\/ul>\n","protected":false},"author":2,"featured_media":425437,"comment_status":"closed","ping_status":"closed","sticky":false,"template":"","format":"standard","meta":{"footnotes":""},"categories":[21,24],"tags":[3504,5417,152,6220,5060,6802],"class_list":["post-425433","post","type-post","status-publish","format-standard","has-post-thumbnail","hentry","category-desporto","category-futebol","tag-corridas","tag-corridas-internacionais","tag-desporto","tag-desporto-federado","tag-desporto-motorizados","tag-lideranca"],"yoast_head":"<!-- This site is optimized with the Yoast SEO plugin v27.2 - https:\/\/yoast.com\/product\/yoast-seo-wordpress\/ -->\n<title>Jorge Mart\u00edn vence sprint em Austin e assume lideran\u00e7a do MotoGP - Portal Tela Portugal<\/title>\n<meta name=\"robots\" content=\"index, follow, max-snippet:-1, max-image-preview:large, max-video-preview:-1\" \/>\n<meta property=\"og:locale\" content=\"pt_PT\" \/>\n<meta property=\"og:type\" content=\"article\" \/>\n<meta property=\"og:title\" content=\"Jorge Mart\u00edn vence sprint em Austin e assume lideran\u00e7a do MotoGP - Portal Tela Portugal\" \/>\n<meta property=\"og:description\" content=\"Jorge Martin (Aprilia) venceu a sprint do GP das Am\u00e9ricas em Austin, terceira ronda da temporada, e passou a liderar o campeonato com 57 pontos. Francesco Bagnaia (Ducati) liderou a corrida, mas Martin ultrapassou-o na \u00faltima volta, vencendo por 0,755 segundos; Pedro Acosta (KTM) foi terceiro a 2,484. A moto de Acosta est\u00e1 sob investiga\u00e7\u00e3o por poss\u00edvel press\u00e3o irregular nos pneus no final da prova, o que pode afast\u00e1-lo dos pontos. Fabio DiGiannantonio (Ducati) partiu da pole pela segunda corrida consecutiva; Bagnaia assumiu a lideran\u00e7a cedo, seguido por Bezzecchi e Acosta. Bezzecchi (Aprilia) caiu a tr\u00eas voltas do fim ap\u00f3s press\u00e3o de Bagnaia, enquanto M\u00e1rquez (Ducati) voltou \u00e0 prova, mas terminou em 17.\u00ba, fora dos pontos. A corrida principal \u00e9 no domingo, \u00e0s 21:00.\" \/>\n<meta property=\"og:url\" content=\"https:\/\/portaltela.pt\/noticias\/2026\/03\/28\/jorge-martin-vence-sprint-em-austin-e-assume-lideranca-do-motogp\/\" \/>\n<meta property=\"og:site_name\" content=\"Portal Tela Portugal\" \/>\n<meta property=\"article:published_time\" content=\"2026-03-28T21:54:34+00:00\" \/>\n<meta name=\"author\" content=\"Telinha\" \/>\n<meta name=\"twitter:card\" content=\"summary_large_image\" \/>\n<meta name=\"twitter:label1\" content=\"Escrito por\" \/>\n\t<meta name=\"twitter:data1\" content=\"Telinha\" \/>\n\t<meta name=\"twitter:label2\" content=\"Tempo estimado de leitura\" \/>\n\t<meta name=\"twitter:data2\" content=\"1 minuto\" \/>\n<script type=\"application\/ld+json\" class=\"yoast-schema-graph\">{\"@context\":\"https:\/\/schema.org\",\"@graph\":[{\"@type\":\"Article\",\"@id\":\"https:\/\/portaltela.pt\/noticias\/2026\/03\/28\/jorge-martin-vence-sprint-em-austin-e-assume-lideranca-do-motogp\/#article\",\"isPartOf\":{\"@id\":\"https:\/\/portaltela.pt\/noticias\/2026\/03\/28\/jorge-martin-vence-sprint-em-austin-e-assume-lideranca-do-motogp\/\"},\"author\":{\"name\":\"Telinha\",\"@id\":\"https:\/\/portaltela.pt\/#\/schema\/person\/c4278d4a6028830caff9ee44b42d32ed\"},\"headline\":\"Jorge Mart\u00edn vence sprint em Austin e assume lideran\u00e7a do MotoGP\",\"datePublished\":\"2026-03-28T21:54:34+00:00\",\"mainEntityOfPage\":{\"@id\":\"https:\/\/portaltela.pt\/noticias\/2026\/03\/28\/jorge-martin-vence-sprint-em-austin-e-assume-lideranca-do-motogp\/\"},\"wordCount\":276,\"image\":{\"@id\":\"https:\/\/portaltela.pt\/noticias\/2026\/03\/28\/jorge-martin-vence-sprint-em-austin-e-assume-lideranca-do-motogp\/#primaryimage\"},\"thumbnailUrl\":\"https:\/\/portaltela.pt\/s.01k8rhncp4jt1\/2026\/03\/img_1200x721uu2026-03-28-21-53-59-2429913-im-639103316576530964.jpg\",\"keywords\":[\"corridas\",\"corridas internacionais\",\"desporto\",\"Desporto Federado\",\"Desporto Motorizados\",\"lideran\u00e7a\"],\"articleSection\":[\"Desporto\",\"Futebol\"],\"inLanguage\":\"pt-PT\"},{\"@type\":\"WebPage\",\"@id\":\"https:\/\/portaltela.pt\/noticias\/2026\/03\/28\/jorge-martin-vence-sprint-em-austin-e-assume-lideranca-do-motogp\/\",\"url\":\"https:\/\/portaltela.pt\/noticias\/2026\/03\/28\/jorge-martin-vence-sprint-em-austin-e-assume-lideranca-do-motogp\/\",\"name\":\"Jorge Mart\u00edn vence sprint em Austin e assume lideran\u00e7a do MotoGP - Portal Tela Portugal\",\"isPartOf\":{\"@id\":\"https:\/\/portaltela.pt\/#website\"},\"primaryImageOfPage\":{\"@id\":\"https:\/\/portaltela.pt\/noticias\/2026\/03\/28\/jorge-martin-vence-sprint-em-austin-e-assume-lideranca-do-motogp\/#primaryimage\"},\"image\":{\"@id\":\"https:\/\/portaltela.pt\/noticias\/2026\/03\/28\/jorge-martin-vence-sprint-em-austin-e-assume-lideranca-do-motogp\/#primaryimage\"},\"thumbnailUrl\":\"https:\/\/portaltela.pt\/s.01k8rhncp4jt1\/2026\/03\/img_1200x721uu2026-03-28-21-53-59-2429913-im-639103316576530964.jpg\",\"datePublished\":\"2026-03-28T21:54:34+00:00\",\"author\":{\"@id\":\"https:\/\/portaltela.pt\/#\/schema\/person\/c4278d4a6028830caff9ee44b42d32ed\"},\"breadcrumb\":{\"@id\":\"https:\/\/portaltela.pt\/noticias\/2026\/03\/28\/jorge-martin-vence-sprint-em-austin-e-assume-lideranca-do-motogp\/#breadcrumb\"},\"inLanguage\":\"pt-PT\",\"potentialAction\":[{\"@type\":\"ReadAction\",\"target\":[\"https:\/\/portaltela.pt\/noticias\/2026\/03\/28\/jorge-martin-vence-sprint-em-austin-e-assume-lideranca-do-motogp\/\"]}]},{\"@type\":\"ImageObject\",\"inLanguage\":\"pt-PT\",\"@id\":\"https:\/\/portaltela.pt\/noticias\/2026\/03\/28\/jorge-martin-vence-sprint-em-austin-e-assume-lideranca-do-motogp\/#primaryimage\",\"url\":\"https:\/\/portaltela.pt\/s.01k8rhncp4jt1\/2026\/03\/img_1200x721uu2026-03-28-21-53-59-2429913-im-639103316576530964.jpg\",\"contentUrl\":\"https:\/\/portaltela.pt\/s.01k8rhncp4jt1\/2026\/03\/img_1200x721uu2026-03-28-21-53-59-2429913-im-639103316576530964.jpg\",\"width\":796,\"height\":448,\"caption\":\"Jorge Martin celebra vit\u00f3ria no sprint em Austin\"},{\"@type\":\"BreadcrumbList\",\"@id\":\"https:\/\/portaltela.pt\/noticias\/2026\/03\/28\/jorge-martin-vence-sprint-em-austin-e-assume-lideranca-do-motogp\/#breadcrumb\",\"itemListElement\":[{\"@type\":\"ListItem\",\"position\":1,\"name\":\"In\u00edcio\",\"item\":\"https:\/\/portaltela.pt\/\"},{\"@type\":\"ListItem\",\"position\":2,\"name\":\"Jorge Mart\u00edn vence sprint em Austin e assume lideran\u00e7a do MotoGP\"}]},{\"@type\":\"WebSite\",\"@id\":\"https:\/\/portaltela.pt\/#website\",\"url\":\"https:\/\/portaltela.pt\/\",\"name\":\"Portal Tela Portugal\",\"description\":\"\",\"potentialAction\":[{\"@type\":\"SearchAction\",\"target\":{\"@type\":\"EntryPoint\",\"urlTemplate\":\"https:\/\/portaltela.pt\/?s={search_term_string}\"},\"query-input\":{\"@type\":\"PropertyValueSpecification\",\"valueRequired\":true,\"valueName\":\"search_term_string\"}}],\"inLanguage\":\"pt-PT\"},{\"@type\":\"Person\",\"@id\":\"https:\/\/portaltela.pt\/#\/schema\/person\/c4278d4a6028830caff9ee44b42d32ed\",\"name\":\"Telinha\",\"image\":{\"@type\":\"ImageObject\",\"inLanguage\":\"pt-PT\",\"@id\":\"https:\/\/portaltela.pt\/s.01k8rhncp4jt1\/2025\/11\/talking-bot-125x125.png\",\"url\":\"https:\/\/portaltela.pt\/s.01k8rhncp4jt1\/2025\/11\/talking-bot-125x125.png\",\"contentUrl\":\"https:\/\/portaltela.pt\/s.01k8rhncp4jt1\/2025\/11\/talking-bot-125x125.png\",\"caption\":\"Telinha\"},\"sameAs\":[\"https:\/\/portaltela.pt\/\"],\"url\":\"https:\/\/portaltela.pt\/por\/367410592786\/\"}]}<\/script>\n<!-- \/ Yoast SEO plugin. -->","yoast_head_json":{"title":"Jorge Mart\u00edn vence sprint em Austin e assume lideran\u00e7a do MotoGP - Portal Tela Portugal","robots":{"index":"index","follow":"follow","max-snippet":"max-snippet:-1","max-image-preview":"max-image-preview:large","max-video-preview":"max-video-preview:-1"},"og_locale":"pt_PT","og_type":"article","og_title":"Jorge Mart\u00edn vence sprint em Austin e assume lideran\u00e7a do MotoGP - Portal Tela Portugal","og_description":"Jorge Martin (Aprilia) venceu a sprint do GP das Am\u00e9ricas em Austin, terceira ronda da temporada, e passou a liderar o campeonato com 57 pontos. Francesco Bagnaia (Ducati) liderou a corrida, mas Martin ultrapassou-o na \u00faltima volta, vencendo por 0,755 segundos; Pedro Acosta (KTM) foi terceiro a 2,484. A moto de Acosta est\u00e1 sob investiga\u00e7\u00e3o por poss\u00edvel press\u00e3o irregular nos pneus no final da prova, o que pode afast\u00e1-lo dos pontos. Fabio DiGiannantonio (Ducati) partiu da pole pela segunda corrida consecutiva; Bagnaia assumiu a lideran\u00e7a cedo, seguido por Bezzecchi e Acosta. Bezzecchi (Aprilia) caiu a tr\u00eas voltas do fim ap\u00f3s press\u00e3o de Bagnaia, enquanto M\u00e1rquez (Ducati) voltou \u00e0 prova, mas terminou em 17.\u00ba, fora dos pontos. A corrida principal \u00e9 no domingo, \u00e0s 21:00.","og_url":"https:\/\/portaltela.pt\/noticias\/2026\/03\/28\/jorge-martin-vence-sprint-em-austin-e-assume-lideranca-do-motogp\/","og_site_name":"Portal Tela Portugal","article_published_time":"2026-03-28T21:54:34+00:00","author":"Telinha","twitter_card":"summary_large_image","twitter_misc":{"Escrito por":"Telinha","Tempo estimado de leitura":"1 minuto"},"schema":{"@context":"https:\/\/schema.org","@graph":[{"@type":"Article","@id":"https:\/\/portaltela.pt\/noticias\/2026\/03\/28\/jorge-martin-vence-sprint-em-austin-e-assume-lideranca-do-motogp\/#article","isPartOf":{"@id":"https:\/\/portaltela.pt\/noticias\/2026\/03\/28\/jorge-martin-vence-sprint-em-austin-e-assume-lideranca-do-motogp\/"},"author":{"name":"Telinha","@id":"https:\/\/portaltela.pt\/#\/schema\/person\/c4278d4a6028830caff9ee44b42d32ed"},"headline":"Jorge Mart\u00edn vence sprint em Austin e assume lideran\u00e7a do MotoGP","datePublished":"2026-03-28T21:54:34+00:00","mainEntityOfPage":{"@id":"https:\/\/portaltela.pt\/noticias\/2026\/03\/28\/jorge-martin-vence-sprint-em-austin-e-assume-lideranca-do-motogp\/"},"wordCount":276,"image":{"@id":"https:\/\/portaltela.pt\/noticias\/2026\/03\/28\/jorge-martin-vence-sprint-em-austin-e-assume-lideranca-do-motogp\/#primaryimage"},"thumbnailUrl":"https:\/\/portaltela.pt\/s.01k8rhncp4jt1\/2026\/03\/img_1200x721uu2026-03-28-21-53-59-2429913-im-639103316576530964.jpg","keywords":["corridas","corridas internacionais","desporto","Desporto Federado","Desporto Motorizados","lideran\u00e7a"],"articleSection":["Desporto","Futebol"],"inLanguage":"pt-PT"},{"@type":"WebPage","@id":"https:\/\/portaltela.pt\/noticias\/2026\/03\/28\/jorge-martin-vence-sprint-em-austin-e-assume-lideranca-do-motogp\/","url":"https:\/\/portaltela.pt\/noticias\/2026\/03\/28\/jorge-martin-vence-sprint-em-austin-e-assume-lideranca-do-motogp\/","name":"Jorge Mart\u00edn vence sprint em Austin e assume lideran\u00e7a do MotoGP - Portal Tela Portugal","isPartOf":{"@id":"https:\/\/portaltela.pt\/#website"},"primaryImageOfPage":{"@id":"https:\/\/portaltela.pt\/noticias\/2026\/03\/28\/jorge-martin-vence-sprint-em-austin-e-assume-lideranca-do-motogp\/#primaryimage"},"image":{"@id":"https:\/\/portaltela.pt\/noticias\/2026\/03\/28\/jorge-martin-vence-sprint-em-austin-e-assume-lideranca-do-motogp\/#primaryimage"},"thumbnailUrl":"https:\/\/portaltela.pt\/s.01k8rhncp4jt1\/2026\/03\/img_1200x721uu2026-03-28-21-53-59-2429913-im-639103316576530964.jpg","datePublished":"2026-03-28T21:54:34+00:00","author":{"@id":"https:\/\/portaltela.pt\/#\/schema\/person\/c4278d4a6028830caff9ee44b42d32ed"},"breadcrumb":{"@id":"https:\/\/portaltela.pt\/noticias\/2026\/03\/28\/jorge-martin-vence-sprint-em-austin-e-assume-lideranca-do-motogp\/#breadcrumb"},"inLanguage":"pt-PT","potentialAction":[{"@type":"ReadAction","target":["https:\/\/portaltela.pt\/noticias\/2026\/03\/28\/jorge-martin-vence-sprint-em-austin-e-assume-lideranca-do-motogp\/"]}]},{"@type":"ImageObject","inLanguage":"pt-PT","@id":"https:\/\/portaltela.pt\/noticias\/2026\/03\/28\/jorge-martin-vence-sprint-em-austin-e-assume-lideranca-do-motogp\/#primaryimage","url":"https:\/\/portaltela.pt\/s.01k8rhncp4jt1\/2026\/03\/img_1200x721uu2026-03-28-21-53-59-2429913-im-639103316576530964.jpg","contentUrl":"https:\/\/portaltela.pt\/s.01k8rhncp4jt1\/2026\/03\/img_1200x721uu2026-03-28-21-53-59-2429913-im-639103316576530964.jpg","width":796,"height":448,"caption":"Jorge Martin celebra vit\u00f3ria no sprint em Austin"},{"@type":"BreadcrumbList","@id":"https:\/\/portaltela.pt\/noticias\/2026\/03\/28\/jorge-martin-vence-sprint-em-austin-e-assume-lideranca-do-motogp\/#breadcrumb","itemListElement":[{"@type":"ListItem","position":1,"name":"In\u00edcio","item":"https:\/\/portaltela.pt\/"},{"@type":"ListItem","position":2,"name":"Jorge Mart\u00edn vence sprint em Austin e assume lideran\u00e7a do MotoGP"}]},{"@type":"WebSite","@id":"https:\/\/portaltela.pt\/#website","url":"https:\/\/portaltela.pt\/","name":"Portal Tela Portugal","description":"","potentialAction":[{"@type":"SearchAction","target":{"@type":"EntryPoint","urlTemplate":"https:\/\/portaltela.pt\/?s={search_term_string}"},"query-input":{"@type":"PropertyValueSpecification","valueRequired":true,"valueName":"search_term_string"}}],"inLanguage":"pt-PT"},{"@type":"Person","@id":"https:\/\/portaltela.pt\/#\/schema\/person\/c4278d4a6028830caff9ee44b42d32ed","name":"Telinha","image":{"@type":"ImageObject","inLanguage":"pt-PT","@id":"https:\/\/portaltela.pt\/s.01k8rhncp4jt1\/2025\/11\/talking-bot-125x125.png","url":"https:\/\/portaltela.pt\/s.01k8rhncp4jt1\/2025\/11\/talking-bot-125x125.png","contentUrl":"https:\/\/portaltela.pt\/s.01k8rhncp4jt1\/2025\/11\/talking-bot-125x125.png","caption":"Telinha"},"sameAs":["https:\/\/portaltela.pt\/"],"url":"https:\/\/portaltela.pt\/por\/367410592786\/"}]}},"_links":{"self":[{"href":"https:\/\/portaltela.pt\/api\/wp\/v2\/posts\/425433","targetHints":{"allow":["GET"]}}],"collection":[{"href":"https:\/\/portaltela.pt\/api\/wp\/v2\/posts"}],"about":[{"href":"https:\/\/portaltela.pt\/api\/wp\/v2\/types\/post"}],"author":[{"embeddable":true,"href":"https:\/\/portaltela.pt\/api\/wp\/v2\/users\/2"}],"replies":[{"embeddable":true,"href":"https:\/\/portaltela.pt\/api\/wp\/v2\/comments?post=425433"}],"version-history":[{"count":0,"href":"https:\/\/portaltela.pt\/api\/wp\/v2\/posts\/425433\/revisions"}],"wp:featuredmedia":[{"embeddable":true,"href":"https:\/\/portaltela.pt\/api\/wp\/v2\/media\/425437"}],"wp:attachment":[{"href":"https:\/\/portaltela.pt\/api\/wp\/v2\/media?parent=425433"}],"wp:term":[{"taxonomy":"category","embeddable":true,"href":"https:\/\/portaltela.pt\/api\/wp\/v2\/categories?post=425433"},{"taxonomy":"post_tag","embeddable":true,"href":"https:\/\/portaltela.pt\/api\/wp\/v2\/tags?post=425433"}],"curies":[{"name":"wp","href":"https:\/\/api.w.org\/{rel}","templated":true}]}}