{"id":425413,"date":"2026-03-28T18:11:00","date_gmt":"2026-03-28T21:11:00","guid":{"rendered":"https:\/\/portaltela.pt\/noticias\/2026\/03\/28\/protestos-em-nova-iorque-contra-governo-de-donald-trump-voltam-as-ruas\/"},"modified":"2026-03-28T18:11:00","modified_gmt":"2026-03-28T21:11:00","slug":"protestos-em-nova-iorque-contra-governo-de-donald-trump-voltam-as-ruas","status":"publish","type":"post","link":"https:\/\/portaltela.pt\/noticias\/internacional\/2026\/03\/28\/protestos-em-nova-iorque-contra-governo-de-donald-trump-voltam-as-ruas\/","title":{"rendered":"Protestos em Nova Iorque contra Governo de Donald Trump voltam \u00e0s ruas"},"content":{"rendered":"<p>O terceiro protesto do movimento No Kings reuniu milhares de manifestantes em Nova Iorque, a exigir a destitui\u00e7\u00e3o de Donald Trump. O percurso come\u00e7ou junto a Central Park e seguiu at\u00e9 Times Square, num protesto n\u00e3o violento.<\/p>\n<p>Os organizadores apelam \u00e0 participa\u00e7\u00e3o de mais de tr\u00eas mil a\u00e7\u00f5es em todo o pa\u00eds, como forma de contestar pol\u00edticas do presidente e o modo de governar, que veem como uma tentativa de monarquia. A mobiliza\u00e7\u00e3o descreve-se como defesa da democracia.<\/p>\n<p>Nova Iorque acolheu a maior parte dos participantes no pa\u00eds, com cartazes a criticar o atual executivo e a pedir a defesa da Constitui\u00e7\u00e3o. Entre os cartazes, destacaram-se mensagens a favor de impeachment e a defesa dos direitos dos imigrantes.<\/p>\n<h3>O que motivou o protesto e quem est\u00e1 envolvido<\/h3>\n<p>Manifestantes repetiram a ideia central: rejeitar o que classificam como governo tir\u00e2nico e pedir mudan\u00e7as pol\u00edticas. Entre os participantes estavam cidad\u00e3os de diversas faixas et\u00e1rias, incluindo idosos que defendem a participa\u00e7\u00e3o c\u00edvica.<\/p>\n<p>Entre as a\u00e7\u00f5es do dia, destacou-se a preocupa\u00e7\u00e3o com a guerra no M\u00e9dio Oriente e com as pol\u00edticas anti-imigra\u00e7\u00e3o. Muitos defendem que, para resolver os conflitos, \u00e9 essencial um manejo cuidadoso das quest\u00f5es internacionais.<\/p>\n<p>A participa\u00e7\u00e3o contemplou ainda um questionamento sobre a lideran\u00e7a atual dos EUA e o papel de aliados internacionais. Os manifestantes afirmam que a estabilidade interna depende do respeito pela lei e pela democracia.<\/p>\n<h3>Contexto e declara\u00e7\u00f5es oficiais<\/h3>\n<p>A organiza\u00e7\u00e3o do No Kings refere que o objetivo \u00e9 reunir pessoas com diferentes queixas contra o Governo, sem focar uma \u00fanica quest\u00e3o. Segundo a estrutura, a mobiliza\u00e7\u00e3o pretende preservar o poder do povo.<\/p>\n<p>A porta-voz da Casa Branca, Abigail Jackson, afirmou que apenas os rep\u00f3rteres estariam interessados nesses protestos, numa declara\u00e7\u00e3o publicada pelo jornal New York Times. O conte\u00fado gerou resposta entre observadores locais.<\/p>\n<p>No historial do movimento, a primeira edi\u00e7\u00e3o ocorreu em junho, coincidindo com um desfile militar em Washington. Em outubro, a organiza\u00e7\u00e3o informou ter reunido mais de sete milh\u00f5es de participantes em todo o pa\u00eds.<\/p>\n","protected":false},"excerpt":{"rendered":"<ul>\n<li>A terceira edi\u00e7\u00e3o do protesto No Kings aconteceu em Nova Iorque, com multid\u00f5es a manifestar-se contra o Governo de Donald Trump.<\/li>\n<li>O protesto arrancou junto ao Central Park e seguiu at\u00e9 \u00e0 Times Square, com milhares de pessoas a pedir a destitui\u00e7\u00e3o do presidente.<\/li>\n<li>Os manifestantes afirmam que Trump amea\u00e7a a democracia e o Estado de Direito, criticando guerras, economia e leis.<\/li>\n<li>Entre cartazes, houve cr\u00edticas \u00e0 influ\u00eancia de Benjamin Netanyahu e \u00e0 guerra no M\u00e9dio Oriente, com preocupa\u00e7\u00f5es tamb\u00e9m sobre a pol\u00edtica anti-imigra\u00e7\u00e3o.<\/li>\n<li>A organiza\u00e7\u00e3o espera o maior dia de a\u00e7\u00e3o n\u00e3o violento da hist\u00f3ria dos EUA, enquanto a Casa Branca afirma que s\u00f3 os rep\u00f3rteres se interessam pelos protestos.<\/li>\n<\/ul>\n","protected":false},"author":2,"featured_media":425414,"comment_status":"closed","ping_status":"closed","sticky":false,"template":"","format":"standard","meta":{"footnotes":""},"categories":[4,7127],"tags":[1600,712,5632,2832,5698,2857],"class_list":["post-425413","post","type-post","status-publish","format-standard","has-post-thumbnail","hentry","category-internacional","category-politica-internacional","tag-estados-unidos","tag-imigracao","tag-nova-iorque","tag-politica","tag-politica-internacional","tag-protestos"],"yoast_head":"<!-- This site is optimized with the Yoast SEO plugin v27.2 - https:\/\/yoast.com\/product\/yoast-seo-wordpress\/ -->\n<title>Protestos em Nova Iorque contra Governo de Donald Trump voltam \u00e0s ruas - Portal Tela Portugal<\/title>\n<meta name=\"robots\" content=\"index, follow, max-snippet:-1, max-image-preview:large, max-video-preview:-1\" \/>\n<meta property=\"og:locale\" content=\"pt_PT\" \/>\n<meta property=\"og:type\" content=\"article\" \/>\n<meta property=\"og:title\" content=\"Protestos em Nova Iorque contra Governo de Donald Trump voltam \u00e0s ruas - Portal Tela Portugal\" \/>\n<meta property=\"og:description\" content=\"A terceira edi\u00e7\u00e3o do protesto No Kings aconteceu em Nova Iorque, com multid\u00f5es a manifestar-se contra o Governo de Donald Trump. O protesto arrancou junto ao Central Park e seguiu at\u00e9 \u00e0 Times Square, com milhares de pessoas a pedir a destitui\u00e7\u00e3o do presidente. Os manifestantes afirmam que Trump amea\u00e7a a democracia e o Estado de Direito, criticando guerras, economia e leis. Entre cartazes, houve cr\u00edticas \u00e0 influ\u00eancia de Benjamin Netanyahu e \u00e0 guerra no M\u00e9dio Oriente, com preocupa\u00e7\u00f5es tamb\u00e9m sobre a pol\u00edtica anti-imigra\u00e7\u00e3o. A organiza\u00e7\u00e3o espera o maior dia de a\u00e7\u00e3o n\u00e3o violento da hist\u00f3ria dos EUA, enquanto a Casa Branca afirma que s\u00f3 os rep\u00f3rteres se interessam pelos protestos.\" \/>\n<meta property=\"og:url\" content=\"https:\/\/portaltela.pt\/noticias\/2026\/03\/28\/protestos-em-nova-iorque-contra-governo-de-donald-trump-voltam-as-ruas\/\" \/>\n<meta property=\"og:site_name\" content=\"Portal Tela Portugal\" \/>\n<meta property=\"article:published_time\" content=\"2026-03-28T21:11:00+00:00\" \/>\n<meta name=\"author\" content=\"Telinha\" \/>\n<meta name=\"twitter:card\" content=\"summary_large_image\" \/>\n<meta name=\"twitter:label1\" content=\"Escrito por\" \/>\n\t<meta name=\"twitter:data1\" content=\"Telinha\" \/>\n\t<meta name=\"twitter:label2\" content=\"Tempo estimado de leitura\" \/>\n\t<meta name=\"twitter:data2\" content=\"2 minutos\" \/>\n<script type=\"application\/ld+json\" class=\"yoast-schema-graph\">{\"@context\":\"https:\/\/schema.org\",\"@graph\":[{\"@type\":\"Article\",\"@id\":\"https:\/\/portaltela.pt\/noticias\/2026\/03\/28\/protestos-em-nova-iorque-contra-governo-de-donald-trump-voltam-as-ruas\/#article\",\"isPartOf\":{\"@id\":\"https:\/\/portaltela.pt\/noticias\/2026\/03\/28\/protestos-em-nova-iorque-contra-governo-de-donald-trump-voltam-as-ruas\/\"},\"author\":{\"name\":\"Telinha\",\"@id\":\"https:\/\/portaltela.pt\/#\/schema\/person\/c4278d4a6028830caff9ee44b42d32ed\"},\"headline\":\"Protestos em Nova Iorque contra Governo de Donald Trump voltam \u00e0s ruas\",\"datePublished\":\"2026-03-28T21:11:00+00:00\",\"mainEntityOfPage\":{\"@id\":\"https:\/\/portaltela.pt\/noticias\/2026\/03\/28\/protestos-em-nova-iorque-contra-governo-de-donald-trump-voltam-as-ruas\/\"},\"wordCount\":375,\"image\":{\"@id\":\"https:\/\/portaltela.pt\/noticias\/2026\/03\/28\/protestos-em-nova-iorque-contra-governo-de-donald-trump-voltam-as-ruas\/#primaryimage\"},\"thumbnailUrl\":\"https:\/\/portaltela.pt\/s.01k8rhncp4jt1\/2026\/03\/82469194-e938-460f-9143-87b1438e118c_1200x675.jpg\",\"keywords\":[\"Estados Unidos\",\"imigra\u00e7\u00e3o\",\"Nova Iorque\",\"pol\u00edtica\",\"pol\u00edtica internacional\",\"protestos\"],\"articleSection\":[\"Internacional\",\"Pol\u00edtica Internacional\"],\"inLanguage\":\"pt-PT\"},{\"@type\":\"WebPage\",\"@id\":\"https:\/\/portaltela.pt\/noticias\/2026\/03\/28\/protestos-em-nova-iorque-contra-governo-de-donald-trump-voltam-as-ruas\/\",\"url\":\"https:\/\/portaltela.pt\/noticias\/2026\/03\/28\/protestos-em-nova-iorque-contra-governo-de-donald-trump-voltam-as-ruas\/\",\"name\":\"Protestos em Nova Iorque contra Governo de Donald Trump voltam \u00e0s ruas - Portal Tela Portugal\",\"isPartOf\":{\"@id\":\"https:\/\/portaltela.pt\/#website\"},\"primaryImageOfPage\":{\"@id\":\"https:\/\/portaltela.pt\/noticias\/2026\/03\/28\/protestos-em-nova-iorque-contra-governo-de-donald-trump-voltam-as-ruas\/#primaryimage\"},\"image\":{\"@id\":\"https:\/\/portaltela.pt\/noticias\/2026\/03\/28\/protestos-em-nova-iorque-contra-governo-de-donald-trump-voltam-as-ruas\/#primaryimage\"},\"thumbnailUrl\":\"https:\/\/portaltela.pt\/s.01k8rhncp4jt1\/2026\/03\/82469194-e938-460f-9143-87b1438e118c_1200x675.jpg\",\"datePublished\":\"2026-03-28T21:11:00+00:00\",\"author\":{\"@id\":\"https:\/\/portaltela.pt\/#\/schema\/person\/c4278d4a6028830caff9ee44b42d32ed\"},\"breadcrumb\":{\"@id\":\"https:\/\/portaltela.pt\/noticias\/2026\/03\/28\/protestos-em-nova-iorque-contra-governo-de-donald-trump-voltam-as-ruas\/#breadcrumb\"},\"inLanguage\":\"pt-PT\",\"potentialAction\":[{\"@type\":\"ReadAction\",\"target\":[\"https:\/\/portaltela.pt\/noticias\/2026\/03\/28\/protestos-em-nova-iorque-contra-governo-de-donald-trump-voltam-as-ruas\/\"]}]},{\"@type\":\"ImageObject\",\"inLanguage\":\"pt-PT\",\"@id\":\"https:\/\/portaltela.pt\/noticias\/2026\/03\/28\/protestos-em-nova-iorque-contra-governo-de-donald-trump-voltam-as-ruas\/#primaryimage\",\"url\":\"https:\/\/portaltela.pt\/s.01k8rhncp4jt1\/2026\/03\/82469194-e938-460f-9143-87b1438e118c_1200x675.jpg\",\"contentUrl\":\"https:\/\/portaltela.pt\/s.01k8rhncp4jt1\/2026\/03\/82469194-e938-460f-9143-87b1438e118c_1200x675.jpg\",\"width\":796,\"height\":448,\"caption\":\"Em Nova Iorque, mais de 100 mil pessoas participaram na manifesta\u00e7\u00e3o\"},{\"@type\":\"BreadcrumbList\",\"@id\":\"https:\/\/portaltela.pt\/noticias\/2026\/03\/28\/protestos-em-nova-iorque-contra-governo-de-donald-trump-voltam-as-ruas\/#breadcrumb\",\"itemListElement\":[{\"@type\":\"ListItem\",\"position\":1,\"name\":\"In\u00edcio\",\"item\":\"https:\/\/portaltela.pt\/\"},{\"@type\":\"ListItem\",\"position\":2,\"name\":\"Protestos em Nova Iorque contra Governo de Donald Trump voltam \u00e0s ruas\"}]},{\"@type\":\"WebSite\",\"@id\":\"https:\/\/portaltela.pt\/#website\",\"url\":\"https:\/\/portaltela.pt\/\",\"name\":\"Portal Tela Portugal\",\"description\":\"\",\"potentialAction\":[{\"@type\":\"SearchAction\",\"target\":{\"@type\":\"EntryPoint\",\"urlTemplate\":\"https:\/\/portaltela.pt\/?s={search_term_string}\"},\"query-input\":{\"@type\":\"PropertyValueSpecification\",\"valueRequired\":true,\"valueName\":\"search_term_string\"}}],\"inLanguage\":\"pt-PT\"},{\"@type\":\"Person\",\"@id\":\"https:\/\/portaltela.pt\/#\/schema\/person\/c4278d4a6028830caff9ee44b42d32ed\",\"name\":\"Telinha\",\"image\":{\"@type\":\"ImageObject\",\"inLanguage\":\"pt-PT\",\"@id\":\"https:\/\/portaltela.pt\/s.01k8rhncp4jt1\/2025\/11\/talking-bot-125x125.png\",\"url\":\"https:\/\/portaltela.pt\/s.01k8rhncp4jt1\/2025\/11\/talking-bot-125x125.png\",\"contentUrl\":\"https:\/\/portaltela.pt\/s.01k8rhncp4jt1\/2025\/11\/talking-bot-125x125.png\",\"caption\":\"Telinha\"},\"sameAs\":[\"https:\/\/portaltela.pt\/\"],\"url\":\"https:\/\/portaltela.pt\/por\/367410592786\/\"}]}<\/script>\n<!-- \/ Yoast SEO plugin. -->","yoast_head_json":{"title":"Protestos em Nova Iorque contra Governo de Donald Trump voltam \u00e0s ruas - Portal Tela Portugal","robots":{"index":"index","follow":"follow","max-snippet":"max-snippet:-1","max-image-preview":"max-image-preview:large","max-video-preview":"max-video-preview:-1"},"og_locale":"pt_PT","og_type":"article","og_title":"Protestos em Nova Iorque contra Governo de Donald Trump voltam \u00e0s ruas - Portal Tela Portugal","og_description":"A terceira edi\u00e7\u00e3o do protesto No Kings aconteceu em Nova Iorque, com multid\u00f5es a manifestar-se contra o Governo de Donald Trump. O protesto arrancou junto ao Central Park e seguiu at\u00e9 \u00e0 Times Square, com milhares de pessoas a pedir a destitui\u00e7\u00e3o do presidente. Os manifestantes afirmam que Trump amea\u00e7a a democracia e o Estado de Direito, criticando guerras, economia e leis. Entre cartazes, houve cr\u00edticas \u00e0 influ\u00eancia de Benjamin Netanyahu e \u00e0 guerra no M\u00e9dio Oriente, com preocupa\u00e7\u00f5es tamb\u00e9m sobre a pol\u00edtica anti-imigra\u00e7\u00e3o. A organiza\u00e7\u00e3o espera o maior dia de a\u00e7\u00e3o n\u00e3o violento da hist\u00f3ria dos EUA, enquanto a Casa Branca afirma que s\u00f3 os rep\u00f3rteres se interessam pelos protestos.","og_url":"https:\/\/portaltela.pt\/noticias\/2026\/03\/28\/protestos-em-nova-iorque-contra-governo-de-donald-trump-voltam-as-ruas\/","og_site_name":"Portal Tela Portugal","article_published_time":"2026-03-28T21:11:00+00:00","author":"Telinha","twitter_card":"summary_large_image","twitter_misc":{"Escrito por":"Telinha","Tempo estimado de leitura":"2 minutos"},"schema":{"@context":"https:\/\/schema.org","@graph":[{"@type":"Article","@id":"https:\/\/portaltela.pt\/noticias\/2026\/03\/28\/protestos-em-nova-iorque-contra-governo-de-donald-trump-voltam-as-ruas\/#article","isPartOf":{"@id":"https:\/\/portaltela.pt\/noticias\/2026\/03\/28\/protestos-em-nova-iorque-contra-governo-de-donald-trump-voltam-as-ruas\/"},"author":{"name":"Telinha","@id":"https:\/\/portaltela.pt\/#\/schema\/person\/c4278d4a6028830caff9ee44b42d32ed"},"headline":"Protestos em Nova Iorque contra Governo de Donald Trump voltam \u00e0s ruas","datePublished":"2026-03-28T21:11:00+00:00","mainEntityOfPage":{"@id":"https:\/\/portaltela.pt\/noticias\/2026\/03\/28\/protestos-em-nova-iorque-contra-governo-de-donald-trump-voltam-as-ruas\/"},"wordCount":375,"image":{"@id":"https:\/\/portaltela.pt\/noticias\/2026\/03\/28\/protestos-em-nova-iorque-contra-governo-de-donald-trump-voltam-as-ruas\/#primaryimage"},"thumbnailUrl":"https:\/\/portaltela.pt\/s.01k8rhncp4jt1\/2026\/03\/82469194-e938-460f-9143-87b1438e118c_1200x675.jpg","keywords":["Estados Unidos","imigra\u00e7\u00e3o","Nova Iorque","pol\u00edtica","pol\u00edtica internacional","protestos"],"articleSection":["Internacional","Pol\u00edtica Internacional"],"inLanguage":"pt-PT"},{"@type":"WebPage","@id":"https:\/\/portaltela.pt\/noticias\/2026\/03\/28\/protestos-em-nova-iorque-contra-governo-de-donald-trump-voltam-as-ruas\/","url":"https:\/\/portaltela.pt\/noticias\/2026\/03\/28\/protestos-em-nova-iorque-contra-governo-de-donald-trump-voltam-as-ruas\/","name":"Protestos em Nova Iorque contra Governo de Donald Trump voltam \u00e0s ruas - Portal Tela Portugal","isPartOf":{"@id":"https:\/\/portaltela.pt\/#website"},"primaryImageOfPage":{"@id":"https:\/\/portaltela.pt\/noticias\/2026\/03\/28\/protestos-em-nova-iorque-contra-governo-de-donald-trump-voltam-as-ruas\/#primaryimage"},"image":{"@id":"https:\/\/portaltela.pt\/noticias\/2026\/03\/28\/protestos-em-nova-iorque-contra-governo-de-donald-trump-voltam-as-ruas\/#primaryimage"},"thumbnailUrl":"https:\/\/portaltela.pt\/s.01k8rhncp4jt1\/2026\/03\/82469194-e938-460f-9143-87b1438e118c_1200x675.jpg","datePublished":"2026-03-28T21:11:00+00:00","author":{"@id":"https:\/\/portaltela.pt\/#\/schema\/person\/c4278d4a6028830caff9ee44b42d32ed"},"breadcrumb":{"@id":"https:\/\/portaltela.pt\/noticias\/2026\/03\/28\/protestos-em-nova-iorque-contra-governo-de-donald-trump-voltam-as-ruas\/#breadcrumb"},"inLanguage":"pt-PT","potentialAction":[{"@type":"ReadAction","target":["https:\/\/portaltela.pt\/noticias\/2026\/03\/28\/protestos-em-nova-iorque-contra-governo-de-donald-trump-voltam-as-ruas\/"]}]},{"@type":"ImageObject","inLanguage":"pt-PT","@id":"https:\/\/portaltela.pt\/noticias\/2026\/03\/28\/protestos-em-nova-iorque-contra-governo-de-donald-trump-voltam-as-ruas\/#primaryimage","url":"https:\/\/portaltela.pt\/s.01k8rhncp4jt1\/2026\/03\/82469194-e938-460f-9143-87b1438e118c_1200x675.jpg","contentUrl":"https:\/\/portaltela.pt\/s.01k8rhncp4jt1\/2026\/03\/82469194-e938-460f-9143-87b1438e118c_1200x675.jpg","width":796,"height":448,"caption":"Em Nova Iorque, mais de 100 mil pessoas participaram na manifesta\u00e7\u00e3o"},{"@type":"BreadcrumbList","@id":"https:\/\/portaltela.pt\/noticias\/2026\/03\/28\/protestos-em-nova-iorque-contra-governo-de-donald-trump-voltam-as-ruas\/#breadcrumb","itemListElement":[{"@type":"ListItem","position":1,"name":"In\u00edcio","item":"https:\/\/portaltela.pt\/"},{"@type":"ListItem","position":2,"name":"Protestos em Nova Iorque contra Governo de Donald Trump voltam \u00e0s ruas"}]},{"@type":"WebSite","@id":"https:\/\/portaltela.pt\/#website","url":"https:\/\/portaltela.pt\/","name":"Portal Tela Portugal","description":"","potentialAction":[{"@type":"SearchAction","target":{"@type":"EntryPoint","urlTemplate":"https:\/\/portaltela.pt\/?s={search_term_string}"},"query-input":{"@type":"PropertyValueSpecification","valueRequired":true,"valueName":"search_term_string"}}],"inLanguage":"pt-PT"},{"@type":"Person","@id":"https:\/\/portaltela.pt\/#\/schema\/person\/c4278d4a6028830caff9ee44b42d32ed","name":"Telinha","image":{"@type":"ImageObject","inLanguage":"pt-PT","@id":"https:\/\/portaltela.pt\/s.01k8rhncp4jt1\/2025\/11\/talking-bot-125x125.png","url":"https:\/\/portaltela.pt\/s.01k8rhncp4jt1\/2025\/11\/talking-bot-125x125.png","contentUrl":"https:\/\/portaltela.pt\/s.01k8rhncp4jt1\/2025\/11\/talking-bot-125x125.png","caption":"Telinha"},"sameAs":["https:\/\/portaltela.pt\/"],"url":"https:\/\/portaltela.pt\/por\/367410592786\/"}]}},"_links":{"self":[{"href":"https:\/\/portaltela.pt\/api\/wp\/v2\/posts\/425413","targetHints":{"allow":["GET"]}}],"collection":[{"href":"https:\/\/portaltela.pt\/api\/wp\/v2\/posts"}],"about":[{"href":"https:\/\/portaltela.pt\/api\/wp\/v2\/types\/post"}],"author":[{"embeddable":true,"href":"https:\/\/portaltela.pt\/api\/wp\/v2\/users\/2"}],"replies":[{"embeddable":true,"href":"https:\/\/portaltela.pt\/api\/wp\/v2\/comments?post=425413"}],"version-history":[{"count":0,"href":"https:\/\/portaltela.pt\/api\/wp\/v2\/posts\/425413\/revisions"}],"wp:featuredmedia":[{"embeddable":true,"href":"https:\/\/portaltela.pt\/api\/wp\/v2\/media\/425414"}],"wp:attachment":[{"href":"https:\/\/portaltela.pt\/api\/wp\/v2\/media?parent=425413"}],"wp:term":[{"taxonomy":"category","embeddable":true,"href":"https:\/\/portaltela.pt\/api\/wp\/v2\/categories?post=425413"},{"taxonomy":"post_tag","embeddable":true,"href":"https:\/\/portaltela.pt\/api\/wp\/v2\/tags?post=425413"}],"curies":[{"name":"wp","href":"https:\/\/api.w.org\/{rel}","templated":true}]}}