{"id":425390,"date":"2026-03-28T17:37:04","date_gmt":"2026-03-28T20:37:04","guid":{"rendered":"https:\/\/portaltela.pt\/noticias\/2026\/03\/28\/cm-confirma-que-jornalistas-mortos-no-libano-estao-identificados\/"},"modified":"2026-03-28T17:37:04","modified_gmt":"2026-03-28T20:37:04","slug":"cm-confirma-que-jornalistas-mortos-no-libano-estao-identificados","status":"publish","type":"post","link":"https:\/\/portaltela.pt\/guerra\/2026\/03\/28\/cm-confirma-que-jornalistas-mortos-no-libano-estao-identificados\/","title":{"rendered":"CM confirma que jornalistas mortos no L\u00edbano est\u00e3o identificados"},"content":{"rendered":"<p>O Correio da Manh\u00e3 indica que jornalistas mortos num ataque com m\u00edsseis no L\u00edbano estavam num ve\u00edculo devidamente identificado com inscri\u00e7\u00f5es de Press. A informa\u00e7\u00e3o foi partilhada pelo diretor-adjunto do jornal.<\/p>\n<p>Alfredo Leite explicou que a presen\u00e7a de identifica\u00e7\u00e3o de imprensa no carro pode ter sido um fator relevante na avalia\u00e7\u00e3o das For\u00e7as de Defesa de Israel. O diretor salientou a gravidade da situa\u00e7\u00e3o para a imprensa no terreno.<\/p>\n<p>Ainda segundo a nota do CM, morreram nove param\u00e9dicos no mesmo incidente, cujos pap\u00e9is humanit\u00e1rios tamb\u00e9m foram relatados pela equipa de reportagem. N\u00e3o h\u00e1 ainda confirma\u00e7\u00e3o oficial sobre causas espec\u00edficas nem n\u00fameros atualizados.<\/p>\n<h3>Identifica\u00e7\u00e3o e impacto<\/h3>\n<p>Conforme as declara\u00e7\u00f5es, a identifica\u00e7\u00e3o de imprensa encontrava-se vis\u00edvel no ve\u00edculo utilizado pelos jornalistas. As autoridades israelitas n\u00e3o divulgaram at\u00e9 ao momento detalhes adicionais sobre as circunst\u00e2ncias exatas do ataque.<\/p>\n<p>As informa\u00e7\u00f5es divulgadas pelo CM visam esclarecer a situa\u00e7\u00e3o no terreno e facilitar a verifica\u00e7\u00e3o de identidades dos mortos pelas eventuais fam\u00edlias e organiza\u00e7\u00f5es envolvidas.<\/p>\n","protected":false},"excerpt":{"rendered":"<ul>\n<li>Alfredo Leite, Diretor-adjunto do Correio da Manh\u00e3, afirma que os jornalistas mortos no ataque com m\u00edsseis estavam num carro devidamente identificado com as inscri\u00e7\u00f5es &#8220;Press&#8221;.<\/li>\n<li>Segundo as For\u00e7as de Defesa de Israel, essa identifica\u00e7\u00e3o pode funcionar como uma \u201ccertid\u00e3o de \u00f3bito\u201d para os jornalistas.<\/li>\n<li>H\u00e1 registo da morte de nove param\u00e9dicos no mesmo caso.<\/li>\n<li>A informa\u00e7\u00e3o parte de uma nota do CM sobre as v\u00edtimas e a identifica\u00e7\u00e3o visual no momento do ataque.<\/li>\n<\/ul>\n","protected":false},"author":2,"featured_media":425392,"comment_status":"closed","ping_status":"closed","sticky":false,"template":"","format":"standard","meta":{"footnotes":""},"categories":[6790,6804],"tags":[7343,3143,506,5707,6635,6539],"class_list":["post-425390","post","type-post","status-publish","format-standard","has-post-thumbnail","hentry","category-conflitos","category-guerra","tag-ataque","tag-ataques-internacionais","tag-imprensa","tag-jornalistas","tag-libano","tag-missil-balisticos"],"yoast_head":"<!-- This site is optimized with the Yoast SEO plugin v27.2 - https:\/\/yoast.com\/product\/yoast-seo-wordpress\/ -->\n<title>CM confirma que jornalistas mortos no L\u00edbano est\u00e3o identificados - Portal Tela Portugal<\/title>\n<meta name=\"robots\" content=\"index, follow, max-snippet:-1, max-image-preview:large, max-video-preview:-1\" \/>\n<meta property=\"og:locale\" content=\"pt_PT\" \/>\n<meta property=\"og:type\" content=\"article\" \/>\n<meta property=\"og:title\" content=\"CM confirma que jornalistas mortos no L\u00edbano est\u00e3o identificados - Portal Tela Portugal\" \/>\n<meta property=\"og:description\" content=\"Alfredo Leite, Diretor-adjunto do Correio da Manh\u00e3, afirma que os jornalistas mortos no ataque com m\u00edsseis estavam num carro devidamente identificado com as inscri\u00e7\u00f5es &quot;Press&quot;. Segundo as For\u00e7as de Defesa de Israel, essa identifica\u00e7\u00e3o pode funcionar como uma \u201ccertid\u00e3o de \u00f3bito\u201d para os jornalistas. H\u00e1 registo da morte de nove param\u00e9dicos no mesmo caso. A informa\u00e7\u00e3o parte de uma nota do CM sobre as v\u00edtimas e a identifica\u00e7\u00e3o visual no momento do ataque.\" \/>\n<meta property=\"og:url\" content=\"https:\/\/portaltela.pt\/noticias\/2026\/03\/28\/cm-confirma-que-jornalistas-mortos-no-libano-estao-identificados\/\" \/>\n<meta property=\"og:site_name\" content=\"Portal Tela Portugal\" \/>\n<meta property=\"article:published_time\" content=\"2026-03-28T20:37:04+00:00\" \/>\n<meta name=\"author\" content=\"Telinha\" \/>\n<meta name=\"twitter:card\" content=\"summary_large_image\" \/>\n<meta name=\"twitter:label1\" content=\"Escrito por\" \/>\n\t<meta name=\"twitter:data1\" content=\"Telinha\" \/>\n\t<meta name=\"twitter:label2\" content=\"Tempo estimado de leitura\" \/>\n\t<meta name=\"twitter:data2\" content=\"1 minuto\" \/>\n<script type=\"application\/ld+json\" class=\"yoast-schema-graph\">{\"@context\":\"https:\/\/schema.org\",\"@graph\":[{\"@type\":\"Article\",\"@id\":\"https:\/\/portaltela.pt\/noticias\/2026\/03\/28\/cm-confirma-que-jornalistas-mortos-no-libano-estao-identificados\/#article\",\"isPartOf\":{\"@id\":\"https:\/\/portaltela.pt\/noticias\/2026\/03\/28\/cm-confirma-que-jornalistas-mortos-no-libano-estao-identificados\/\"},\"author\":{\"name\":\"Telinha\",\"@id\":\"https:\/\/portaltela.pt\/#\/schema\/person\/c4278d4a6028830caff9ee44b42d32ed\"},\"headline\":\"CM confirma que jornalistas mortos no L\u00edbano est\u00e3o identificados\",\"datePublished\":\"2026-03-28T20:37:04+00:00\",\"mainEntityOfPage\":{\"@id\":\"https:\/\/portaltela.pt\/noticias\/2026\/03\/28\/cm-confirma-que-jornalistas-mortos-no-libano-estao-identificados\/\"},\"wordCount\":201,\"image\":{\"@id\":\"https:\/\/portaltela.pt\/noticias\/2026\/03\/28\/cm-confirma-que-jornalistas-mortos-no-libano-estao-identificados\/#primaryimage\"},\"thumbnailUrl\":\"https:\/\/portaltela.pt\/s.01k8rhncp4jt1\/2026\/03\/img_1280x722uu2026-03-28-20-34-16-2275361.jpg\",\"keywords\":[\"ataque\",\"ataques internacionais\",\"imprensa\",\"jornalistas\",\"L\u00edbano\",\"m\u00edssil bal\u00edsticos\"],\"articleSection\":[\"Conflitos\",\"Guerra\"],\"inLanguage\":\"pt-PT\"},{\"@type\":\"WebPage\",\"@id\":\"https:\/\/portaltela.pt\/noticias\/2026\/03\/28\/cm-confirma-que-jornalistas-mortos-no-libano-estao-identificados\/\",\"url\":\"https:\/\/portaltela.pt\/noticias\/2026\/03\/28\/cm-confirma-que-jornalistas-mortos-no-libano-estao-identificados\/\",\"name\":\"CM confirma que jornalistas mortos no L\u00edbano est\u00e3o identificados - Portal Tela Portugal\",\"isPartOf\":{\"@id\":\"https:\/\/portaltela.pt\/#website\"},\"primaryImageOfPage\":{\"@id\":\"https:\/\/portaltela.pt\/noticias\/2026\/03\/28\/cm-confirma-que-jornalistas-mortos-no-libano-estao-identificados\/#primaryimage\"},\"image\":{\"@id\":\"https:\/\/portaltela.pt\/noticias\/2026\/03\/28\/cm-confirma-que-jornalistas-mortos-no-libano-estao-identificados\/#primaryimage\"},\"thumbnailUrl\":\"https:\/\/portaltela.pt\/s.01k8rhncp4jt1\/2026\/03\/img_1280x722uu2026-03-28-20-34-16-2275361.jpg\",\"datePublished\":\"2026-03-28T20:37:04+00:00\",\"author\":{\"@id\":\"https:\/\/portaltela.pt\/#\/schema\/person\/c4278d4a6028830caff9ee44b42d32ed\"},\"breadcrumb\":{\"@id\":\"https:\/\/portaltela.pt\/noticias\/2026\/03\/28\/cm-confirma-que-jornalistas-mortos-no-libano-estao-identificados\/#breadcrumb\"},\"inLanguage\":\"pt-PT\",\"potentialAction\":[{\"@type\":\"ReadAction\",\"target\":[\"https:\/\/portaltela.pt\/noticias\/2026\/03\/28\/cm-confirma-que-jornalistas-mortos-no-libano-estao-identificados\/\"]}]},{\"@type\":\"ImageObject\",\"inLanguage\":\"pt-PT\",\"@id\":\"https:\/\/portaltela.pt\/noticias\/2026\/03\/28\/cm-confirma-que-jornalistas-mortos-no-libano-estao-identificados\/#primaryimage\",\"url\":\"https:\/\/portaltela.pt\/s.01k8rhncp4jt1\/2026\/03\/img_1280x722uu2026-03-28-20-34-16-2275361.jpg\",\"contentUrl\":\"https:\/\/portaltela.pt\/s.01k8rhncp4jt1\/2026\/03\/img_1280x722uu2026-03-28-20-34-16-2275361.jpg\",\"width\":796,\"height\":448,\"caption\":\"Photo\"},{\"@type\":\"BreadcrumbList\",\"@id\":\"https:\/\/portaltela.pt\/noticias\/2026\/03\/28\/cm-confirma-que-jornalistas-mortos-no-libano-estao-identificados\/#breadcrumb\",\"itemListElement\":[{\"@type\":\"ListItem\",\"position\":1,\"name\":\"In\u00edcio\",\"item\":\"https:\/\/portaltela.pt\/\"},{\"@type\":\"ListItem\",\"position\":2,\"name\":\"CM confirma que jornalistas mortos no L\u00edbano est\u00e3o identificados\"}]},{\"@type\":\"WebSite\",\"@id\":\"https:\/\/portaltela.pt\/#website\",\"url\":\"https:\/\/portaltela.pt\/\",\"name\":\"Portal Tela Portugal\",\"description\":\"\",\"potentialAction\":[{\"@type\":\"SearchAction\",\"target\":{\"@type\":\"EntryPoint\",\"urlTemplate\":\"https:\/\/portaltela.pt\/?s={search_term_string}\"},\"query-input\":{\"@type\":\"PropertyValueSpecification\",\"valueRequired\":true,\"valueName\":\"search_term_string\"}}],\"inLanguage\":\"pt-PT\"},{\"@type\":\"Person\",\"@id\":\"https:\/\/portaltela.pt\/#\/schema\/person\/c4278d4a6028830caff9ee44b42d32ed\",\"name\":\"Telinha\",\"image\":{\"@type\":\"ImageObject\",\"inLanguage\":\"pt-PT\",\"@id\":\"https:\/\/portaltela.pt\/s.01k8rhncp4jt1\/2025\/11\/talking-bot-125x125.png\",\"url\":\"https:\/\/portaltela.pt\/s.01k8rhncp4jt1\/2025\/11\/talking-bot-125x125.png\",\"contentUrl\":\"https:\/\/portaltela.pt\/s.01k8rhncp4jt1\/2025\/11\/talking-bot-125x125.png\",\"caption\":\"Telinha\"},\"sameAs\":[\"https:\/\/portaltela.pt\/\"],\"url\":\"https:\/\/portaltela.pt\/por\/367410592786\/\"}]}<\/script>\n<!-- \/ Yoast SEO plugin. -->","yoast_head_json":{"title":"CM confirma que jornalistas mortos no L\u00edbano est\u00e3o identificados - Portal Tela Portugal","robots":{"index":"index","follow":"follow","max-snippet":"max-snippet:-1","max-image-preview":"max-image-preview:large","max-video-preview":"max-video-preview:-1"},"og_locale":"pt_PT","og_type":"article","og_title":"CM confirma que jornalistas mortos no L\u00edbano est\u00e3o identificados - Portal Tela Portugal","og_description":"Alfredo Leite, Diretor-adjunto do Correio da Manh\u00e3, afirma que os jornalistas mortos no ataque com m\u00edsseis estavam num carro devidamente identificado com as inscri\u00e7\u00f5es \"Press\". Segundo as For\u00e7as de Defesa de Israel, essa identifica\u00e7\u00e3o pode funcionar como uma \u201ccertid\u00e3o de \u00f3bito\u201d para os jornalistas. H\u00e1 registo da morte de nove param\u00e9dicos no mesmo caso. A informa\u00e7\u00e3o parte de uma nota do CM sobre as v\u00edtimas e a identifica\u00e7\u00e3o visual no momento do ataque.","og_url":"https:\/\/portaltela.pt\/noticias\/2026\/03\/28\/cm-confirma-que-jornalistas-mortos-no-libano-estao-identificados\/","og_site_name":"Portal Tela Portugal","article_published_time":"2026-03-28T20:37:04+00:00","author":"Telinha","twitter_card":"summary_large_image","twitter_misc":{"Escrito por":"Telinha","Tempo estimado de leitura":"1 minuto"},"schema":{"@context":"https:\/\/schema.org","@graph":[{"@type":"Article","@id":"https:\/\/portaltela.pt\/noticias\/2026\/03\/28\/cm-confirma-que-jornalistas-mortos-no-libano-estao-identificados\/#article","isPartOf":{"@id":"https:\/\/portaltela.pt\/noticias\/2026\/03\/28\/cm-confirma-que-jornalistas-mortos-no-libano-estao-identificados\/"},"author":{"name":"Telinha","@id":"https:\/\/portaltela.pt\/#\/schema\/person\/c4278d4a6028830caff9ee44b42d32ed"},"headline":"CM confirma que jornalistas mortos no L\u00edbano est\u00e3o identificados","datePublished":"2026-03-28T20:37:04+00:00","mainEntityOfPage":{"@id":"https:\/\/portaltela.pt\/noticias\/2026\/03\/28\/cm-confirma-que-jornalistas-mortos-no-libano-estao-identificados\/"},"wordCount":201,"image":{"@id":"https:\/\/portaltela.pt\/noticias\/2026\/03\/28\/cm-confirma-que-jornalistas-mortos-no-libano-estao-identificados\/#primaryimage"},"thumbnailUrl":"https:\/\/portaltela.pt\/s.01k8rhncp4jt1\/2026\/03\/img_1280x722uu2026-03-28-20-34-16-2275361.jpg","keywords":["ataque","ataques internacionais","imprensa","jornalistas","L\u00edbano","m\u00edssil bal\u00edsticos"],"articleSection":["Conflitos","Guerra"],"inLanguage":"pt-PT"},{"@type":"WebPage","@id":"https:\/\/portaltela.pt\/noticias\/2026\/03\/28\/cm-confirma-que-jornalistas-mortos-no-libano-estao-identificados\/","url":"https:\/\/portaltela.pt\/noticias\/2026\/03\/28\/cm-confirma-que-jornalistas-mortos-no-libano-estao-identificados\/","name":"CM confirma que jornalistas mortos no L\u00edbano est\u00e3o identificados - Portal Tela Portugal","isPartOf":{"@id":"https:\/\/portaltela.pt\/#website"},"primaryImageOfPage":{"@id":"https:\/\/portaltela.pt\/noticias\/2026\/03\/28\/cm-confirma-que-jornalistas-mortos-no-libano-estao-identificados\/#primaryimage"},"image":{"@id":"https:\/\/portaltela.pt\/noticias\/2026\/03\/28\/cm-confirma-que-jornalistas-mortos-no-libano-estao-identificados\/#primaryimage"},"thumbnailUrl":"https:\/\/portaltela.pt\/s.01k8rhncp4jt1\/2026\/03\/img_1280x722uu2026-03-28-20-34-16-2275361.jpg","datePublished":"2026-03-28T20:37:04+00:00","author":{"@id":"https:\/\/portaltela.pt\/#\/schema\/person\/c4278d4a6028830caff9ee44b42d32ed"},"breadcrumb":{"@id":"https:\/\/portaltela.pt\/noticias\/2026\/03\/28\/cm-confirma-que-jornalistas-mortos-no-libano-estao-identificados\/#breadcrumb"},"inLanguage":"pt-PT","potentialAction":[{"@type":"ReadAction","target":["https:\/\/portaltela.pt\/noticias\/2026\/03\/28\/cm-confirma-que-jornalistas-mortos-no-libano-estao-identificados\/"]}]},{"@type":"ImageObject","inLanguage":"pt-PT","@id":"https:\/\/portaltela.pt\/noticias\/2026\/03\/28\/cm-confirma-que-jornalistas-mortos-no-libano-estao-identificados\/#primaryimage","url":"https:\/\/portaltela.pt\/s.01k8rhncp4jt1\/2026\/03\/img_1280x722uu2026-03-28-20-34-16-2275361.jpg","contentUrl":"https:\/\/portaltela.pt\/s.01k8rhncp4jt1\/2026\/03\/img_1280x722uu2026-03-28-20-34-16-2275361.jpg","width":796,"height":448,"caption":"Photo"},{"@type":"BreadcrumbList","@id":"https:\/\/portaltela.pt\/noticias\/2026\/03\/28\/cm-confirma-que-jornalistas-mortos-no-libano-estao-identificados\/#breadcrumb","itemListElement":[{"@type":"ListItem","position":1,"name":"In\u00edcio","item":"https:\/\/portaltela.pt\/"},{"@type":"ListItem","position":2,"name":"CM confirma que jornalistas mortos no L\u00edbano est\u00e3o identificados"}]},{"@type":"WebSite","@id":"https:\/\/portaltela.pt\/#website","url":"https:\/\/portaltela.pt\/","name":"Portal Tela Portugal","description":"","potentialAction":[{"@type":"SearchAction","target":{"@type":"EntryPoint","urlTemplate":"https:\/\/portaltela.pt\/?s={search_term_string}"},"query-input":{"@type":"PropertyValueSpecification","valueRequired":true,"valueName":"search_term_string"}}],"inLanguage":"pt-PT"},{"@type":"Person","@id":"https:\/\/portaltela.pt\/#\/schema\/person\/c4278d4a6028830caff9ee44b42d32ed","name":"Telinha","image":{"@type":"ImageObject","inLanguage":"pt-PT","@id":"https:\/\/portaltela.pt\/s.01k8rhncp4jt1\/2025\/11\/talking-bot-125x125.png","url":"https:\/\/portaltela.pt\/s.01k8rhncp4jt1\/2025\/11\/talking-bot-125x125.png","contentUrl":"https:\/\/portaltela.pt\/s.01k8rhncp4jt1\/2025\/11\/talking-bot-125x125.png","caption":"Telinha"},"sameAs":["https:\/\/portaltela.pt\/"],"url":"https:\/\/portaltela.pt\/por\/367410592786\/"}]}},"_links":{"self":[{"href":"https:\/\/portaltela.pt\/api\/wp\/v2\/posts\/425390","targetHints":{"allow":["GET"]}}],"collection":[{"href":"https:\/\/portaltela.pt\/api\/wp\/v2\/posts"}],"about":[{"href":"https:\/\/portaltela.pt\/api\/wp\/v2\/types\/post"}],"author":[{"embeddable":true,"href":"https:\/\/portaltela.pt\/api\/wp\/v2\/users\/2"}],"replies":[{"embeddable":true,"href":"https:\/\/portaltela.pt\/api\/wp\/v2\/comments?post=425390"}],"version-history":[{"count":0,"href":"https:\/\/portaltela.pt\/api\/wp\/v2\/posts\/425390\/revisions"}],"wp:featuredmedia":[{"embeddable":true,"href":"https:\/\/portaltela.pt\/api\/wp\/v2\/media\/425392"}],"wp:attachment":[{"href":"https:\/\/portaltela.pt\/api\/wp\/v2\/media?parent=425390"}],"wp:term":[{"taxonomy":"category","embeddable":true,"href":"https:\/\/portaltela.pt\/api\/wp\/v2\/categories?post=425390"},{"taxonomy":"post_tag","embeddable":true,"href":"https:\/\/portaltela.pt\/api\/wp\/v2\/tags?post=425390"}],"curies":[{"name":"wp","href":"https:\/\/api.w.org\/{rel}","templated":true}]}}