{"id":425389,"date":"2026-03-28T17:34:00","date_gmt":"2026-03-28T20:34:00","guid":{"rendered":"https:\/\/portaltela.pt\/noticias\/2026\/03\/28\/ingles-comeca-no-3-o-ano-educacao-fisica-no-1-o-ano\/"},"modified":"2026-03-28T17:34:00","modified_gmt":"2026-03-28T20:34:00","slug":"ingles-comeca-no-3-o-ano-educacao-fisica-no-1-o-ano","status":"publish","type":"post","link":"https:\/\/portaltela.pt\/sociedade\/2026\/03\/28\/ingles-comeca-no-3-o-ano-educacao-fisica-no-1-o-ano\/","title":{"rendered":"Ingl\u00eas come\u00e7a no 3.\u00ba ano, Educa\u00e7\u00e3o F\u00edsica no 1.\u00ba ano"},"content":{"rendered":"<p>O Governo apresentou na proposta de revis\u00e3o das aprendizagens essenciais uma altera\u00e7\u00e3o no calend\u00e1rio de ensino. O Ingl\u00eas passa a manter-se apenas a partir do 3.\u00ba ano, enquanto a Educa\u00e7\u00e3o F\u00edsica permanece desde o 1.\u00ba ano. A consulta p\u00fablica arrancou neste s\u00e1bado.<\/p>\n<p>Apesar de a ideia inicial ter sido expandir o Ingl\u00eas j\u00e1 no 1.\u00ba ano, a disciplina continuar\u00e1 a iniciar-se no 3.\u00ba ano. O documento define que o aluno deve conseguir compreender, identificar e usar express\u00f5es b\u00e1sicas para se apresentar.<\/p>\n<p>As mudan\u00e7as no 1.\u00ba e 2.\u00ba ciclos, bem como nos programas curriculares, entram em vigor no ano letivo 2027\/2028. Enquanto isso, a Educa\u00e7\u00e3o F\u00edsica mant\u00e9m o ensino obrigat\u00f3rio desde o ingresso no ensino b\u00e1sico.<\/p>\n<h3>Medidas e prazos<\/h3>\n<p>O texto em consulta define que o Ingl\u00eas s\u00f3 come\u00e7ar\u00e1 no 3.\u00ba ano, mantendo o objetivo de comunica\u00e7\u00e3o simples. O resto do curr\u00edculo permanece est\u00e1vel por agora, com revis\u00e3o prevista para o fim da d\u00e9cada.<\/p>\n<p>A consulta p\u00fablica est\u00e1 aberta para contributos de comunidades escolares. Autores do documento defendem consist\u00eancia pedag\u00f3gica com futuro planeado para o ensino b\u00e1sico. A avalia\u00e7\u00e3o ocorrer\u00e1 antes de qualquer implementa\u00e7\u00e3o.<\/p>\n<h3>Rea\u00e7\u00e3o educativa<\/h3>\n<p>Diretores de escolas solicitam programas est\u00e1veis e duradouros, sem altera\u00e7\u00f5es frequentes conforme cada governo. Pedem clareza sobre recursos, forma\u00e7\u00e3o de docentes e cronograma de implementa\u00e7\u00e3o. O objetivo \u00e9 manter continuidade nos planos educativos.<\/p>\n","protected":false},"excerpt":{"rendered":"<ul>\n<li>O Ingl\u00eas continuar\u00e1 a ser lecionado apenas a partir do 3.\u00ba ano, enquanto n\u00e3o haver mudan\u00e7a para o 1.\u00ba ano.<\/li>\n<li>A Educa\u00e7\u00e3o F\u00edsica mant\u00e9m-se desde a entrada dos alunos no ensino obrigat\u00f3rio.<\/li>\n<li>A proposta de revis\u00e3o das aprendizagens essenciais entrou este s\u00e1bado em consulta p\u00fablica.<\/li>\n<li>A reestrutura\u00e7\u00e3o do 1.\u00ba e 2.\u00ba ciclos e as mudan\u00e7as nos programas curriculares entram em vigor no ano letivo 2027\/2028.<\/li>\n<li>Os diretores pedem programas duradouros e est\u00e1veis, sem altera\u00e7\u00f5es ao sabor dos governos.<\/li>\n<\/ul>\n","protected":false},"author":2,"featured_media":425391,"comment_status":"closed","ping_status":"closed","sticky":false,"template":"","format":"standard","meta":{"footnotes":""},"categories":[1,6871],"tags":[163,2443,92,6114],"class_list":["post-425389","post","type-post","status-publish","format-standard","has-post-thumbnail","hentry","category-noticias","category-sociedade","tag-educacao","tag-educacao-publica","tag-ensino","tag-ensino-publico"],"yoast_head":"<!-- This site is optimized with the Yoast SEO plugin v27.2 - https:\/\/yoast.com\/product\/yoast-seo-wordpress\/ -->\n<title>Ingl\u00eas come\u00e7a no 3.\u00ba ano, Educa\u00e7\u00e3o F\u00edsica no 1.\u00ba ano - Portal Tela Portugal<\/title>\n<meta name=\"robots\" content=\"index, follow, max-snippet:-1, max-image-preview:large, max-video-preview:-1\" \/>\n<meta property=\"og:locale\" content=\"pt_PT\" \/>\n<meta property=\"og:type\" content=\"article\" \/>\n<meta property=\"og:title\" content=\"Ingl\u00eas come\u00e7a no 3.\u00ba ano, Educa\u00e7\u00e3o F\u00edsica no 1.\u00ba ano - Portal Tela Portugal\" \/>\n<meta property=\"og:description\" content=\"O Ingl\u00eas continuar\u00e1 a ser lecionado apenas a partir do 3.\u00ba ano, enquanto n\u00e3o haver mudan\u00e7a para o 1.\u00ba ano. A Educa\u00e7\u00e3o F\u00edsica mant\u00e9m-se desde a entrada dos alunos no ensino obrigat\u00f3rio. A proposta de revis\u00e3o das aprendizagens essenciais entrou este s\u00e1bado em consulta p\u00fablica. A reestrutura\u00e7\u00e3o do 1.\u00ba e 2.\u00ba ciclos e as mudan\u00e7as nos programas curriculares entram em vigor no ano letivo 2027\/2028. Os diretores pedem programas duradouros e est\u00e1veis, sem altera\u00e7\u00f5es ao sabor dos governos.\" \/>\n<meta property=\"og:url\" content=\"https:\/\/portaltela.pt\/noticias\/2026\/03\/28\/ingles-comeca-no-3-o-ano-educacao-fisica-no-1-o-ano\/\" \/>\n<meta property=\"og:site_name\" content=\"Portal Tela Portugal\" \/>\n<meta property=\"article:published_time\" content=\"2026-03-28T20:34:00+00:00\" \/>\n<meta name=\"author\" content=\"Telinha\" \/>\n<meta name=\"twitter:card\" content=\"summary_large_image\" \/>\n<meta name=\"twitter:label1\" content=\"Escrito por\" \/>\n\t<meta name=\"twitter:data1\" content=\"Telinha\" \/>\n\t<meta name=\"twitter:label2\" content=\"Tempo estimado de leitura\" \/>\n\t<meta name=\"twitter:data2\" content=\"1 minuto\" \/>\n<script type=\"application\/ld+json\" class=\"yoast-schema-graph\">{\"@context\":\"https:\/\/schema.org\",\"@graph\":[{\"@type\":\"Article\",\"@id\":\"https:\/\/portaltela.pt\/noticias\/2026\/03\/28\/ingles-comeca-no-3-o-ano-educacao-fisica-no-1-o-ano\/#article\",\"isPartOf\":{\"@id\":\"https:\/\/portaltela.pt\/noticias\/2026\/03\/28\/ingles-comeca-no-3-o-ano-educacao-fisica-no-1-o-ano\/\"},\"author\":{\"name\":\"Telinha\",\"@id\":\"https:\/\/portaltela.pt\/#\/schema\/person\/c4278d4a6028830caff9ee44b42d32ed\"},\"headline\":\"Ingl\u00eas come\u00e7a no 3.\u00ba ano, Educa\u00e7\u00e3o F\u00edsica no 1.\u00ba ano\",\"datePublished\":\"2026-03-28T20:34:00+00:00\",\"mainEntityOfPage\":{\"@id\":\"https:\/\/portaltela.pt\/noticias\/2026\/03\/28\/ingles-comeca-no-3-o-ano-educacao-fisica-no-1-o-ano\/\"},\"wordCount\":256,\"image\":{\"@id\":\"https:\/\/portaltela.pt\/noticias\/2026\/03\/28\/ingles-comeca-no-3-o-ano-educacao-fisica-no-1-o-ano\/#primaryimage\"},\"thumbnailUrl\":\"https:\/\/portaltela.pt\/s.01k8rhncp4jt1\/2026\/03\/7200eaff-80c5-47dd-9b0c-ab60fb33a7c9_1200x675.jpg\",\"keywords\":[\"educa\u00e7\u00e3o\",\"educa\u00e7\u00e3o p\u00fablica\",\"ensino\",\"ensino p\u00fablico\"],\"articleSection\":[\"Not\u00edcias\",\"Sociedade\"],\"inLanguage\":\"pt-PT\"},{\"@type\":\"WebPage\",\"@id\":\"https:\/\/portaltela.pt\/noticias\/2026\/03\/28\/ingles-comeca-no-3-o-ano-educacao-fisica-no-1-o-ano\/\",\"url\":\"https:\/\/portaltela.pt\/noticias\/2026\/03\/28\/ingles-comeca-no-3-o-ano-educacao-fisica-no-1-o-ano\/\",\"name\":\"Ingl\u00eas come\u00e7a no 3.\u00ba ano, Educa\u00e7\u00e3o F\u00edsica no 1.\u00ba ano - Portal Tela Portugal\",\"isPartOf\":{\"@id\":\"https:\/\/portaltela.pt\/#website\"},\"primaryImageOfPage\":{\"@id\":\"https:\/\/portaltela.pt\/noticias\/2026\/03\/28\/ingles-comeca-no-3-o-ano-educacao-fisica-no-1-o-ano\/#primaryimage\"},\"image\":{\"@id\":\"https:\/\/portaltela.pt\/noticias\/2026\/03\/28\/ingles-comeca-no-3-o-ano-educacao-fisica-no-1-o-ano\/#primaryimage\"},\"thumbnailUrl\":\"https:\/\/portaltela.pt\/s.01k8rhncp4jt1\/2026\/03\/7200eaff-80c5-47dd-9b0c-ab60fb33a7c9_1200x675.jpg\",\"datePublished\":\"2026-03-28T20:34:00+00:00\",\"author\":{\"@id\":\"https:\/\/portaltela.pt\/#\/schema\/person\/c4278d4a6028830caff9ee44b42d32ed\"},\"breadcrumb\":{\"@id\":\"https:\/\/portaltela.pt\/noticias\/2026\/03\/28\/ingles-comeca-no-3-o-ano-educacao-fisica-no-1-o-ano\/#breadcrumb\"},\"inLanguage\":\"pt-PT\",\"potentialAction\":[{\"@type\":\"ReadAction\",\"target\":[\"https:\/\/portaltela.pt\/noticias\/2026\/03\/28\/ingles-comeca-no-3-o-ano-educacao-fisica-no-1-o-ano\/\"]}]},{\"@type\":\"ImageObject\",\"inLanguage\":\"pt-PT\",\"@id\":\"https:\/\/portaltela.pt\/noticias\/2026\/03\/28\/ingles-comeca-no-3-o-ano-educacao-fisica-no-1-o-ano\/#primaryimage\",\"url\":\"https:\/\/portaltela.pt\/s.01k8rhncp4jt1\/2026\/03\/7200eaff-80c5-47dd-9b0c-ab60fb33a7c9_1200x675.jpg\",\"contentUrl\":\"https:\/\/portaltela.pt\/s.01k8rhncp4jt1\/2026\/03\/7200eaff-80c5-47dd-9b0c-ab60fb33a7c9_1200x675.jpg\",\"width\":796,\"height\":448,\"caption\":\"Revis\u00e3o das aprendizagens essenciais avan\u00e7a nas escolas\"},{\"@type\":\"BreadcrumbList\",\"@id\":\"https:\/\/portaltela.pt\/noticias\/2026\/03\/28\/ingles-comeca-no-3-o-ano-educacao-fisica-no-1-o-ano\/#breadcrumb\",\"itemListElement\":[{\"@type\":\"ListItem\",\"position\":1,\"name\":\"In\u00edcio\",\"item\":\"https:\/\/portaltela.pt\/\"},{\"@type\":\"ListItem\",\"position\":2,\"name\":\"Ingl\u00eas come\u00e7a no 3.\u00ba ano, Educa\u00e7\u00e3o F\u00edsica no 1.\u00ba ano\"}]},{\"@type\":\"WebSite\",\"@id\":\"https:\/\/portaltela.pt\/#website\",\"url\":\"https:\/\/portaltela.pt\/\",\"name\":\"Portal Tela Portugal\",\"description\":\"\",\"potentialAction\":[{\"@type\":\"SearchAction\",\"target\":{\"@type\":\"EntryPoint\",\"urlTemplate\":\"https:\/\/portaltela.pt\/?s={search_term_string}\"},\"query-input\":{\"@type\":\"PropertyValueSpecification\",\"valueRequired\":true,\"valueName\":\"search_term_string\"}}],\"inLanguage\":\"pt-PT\"},{\"@type\":\"Person\",\"@id\":\"https:\/\/portaltela.pt\/#\/schema\/person\/c4278d4a6028830caff9ee44b42d32ed\",\"name\":\"Telinha\",\"image\":{\"@type\":\"ImageObject\",\"inLanguage\":\"pt-PT\",\"@id\":\"https:\/\/portaltela.pt\/s.01k8rhncp4jt1\/2025\/11\/talking-bot-125x125.png\",\"url\":\"https:\/\/portaltela.pt\/s.01k8rhncp4jt1\/2025\/11\/talking-bot-125x125.png\",\"contentUrl\":\"https:\/\/portaltela.pt\/s.01k8rhncp4jt1\/2025\/11\/talking-bot-125x125.png\",\"caption\":\"Telinha\"},\"sameAs\":[\"https:\/\/portaltela.pt\/\"],\"url\":\"https:\/\/portaltela.pt\/por\/367410592786\/\"}]}<\/script>\n<!-- \/ Yoast SEO plugin. -->","yoast_head_json":{"title":"Ingl\u00eas come\u00e7a no 3.\u00ba ano, Educa\u00e7\u00e3o F\u00edsica no 1.\u00ba ano - Portal Tela Portugal","robots":{"index":"index","follow":"follow","max-snippet":"max-snippet:-1","max-image-preview":"max-image-preview:large","max-video-preview":"max-video-preview:-1"},"og_locale":"pt_PT","og_type":"article","og_title":"Ingl\u00eas come\u00e7a no 3.\u00ba ano, Educa\u00e7\u00e3o F\u00edsica no 1.\u00ba ano - Portal Tela Portugal","og_description":"O Ingl\u00eas continuar\u00e1 a ser lecionado apenas a partir do 3.\u00ba ano, enquanto n\u00e3o haver mudan\u00e7a para o 1.\u00ba ano. A Educa\u00e7\u00e3o F\u00edsica mant\u00e9m-se desde a entrada dos alunos no ensino obrigat\u00f3rio. A proposta de revis\u00e3o das aprendizagens essenciais entrou este s\u00e1bado em consulta p\u00fablica. A reestrutura\u00e7\u00e3o do 1.\u00ba e 2.\u00ba ciclos e as mudan\u00e7as nos programas curriculares entram em vigor no ano letivo 2027\/2028. Os diretores pedem programas duradouros e est\u00e1veis, sem altera\u00e7\u00f5es ao sabor dos governos.","og_url":"https:\/\/portaltela.pt\/noticias\/2026\/03\/28\/ingles-comeca-no-3-o-ano-educacao-fisica-no-1-o-ano\/","og_site_name":"Portal Tela Portugal","article_published_time":"2026-03-28T20:34:00+00:00","author":"Telinha","twitter_card":"summary_large_image","twitter_misc":{"Escrito por":"Telinha","Tempo estimado de leitura":"1 minuto"},"schema":{"@context":"https:\/\/schema.org","@graph":[{"@type":"Article","@id":"https:\/\/portaltela.pt\/noticias\/2026\/03\/28\/ingles-comeca-no-3-o-ano-educacao-fisica-no-1-o-ano\/#article","isPartOf":{"@id":"https:\/\/portaltela.pt\/noticias\/2026\/03\/28\/ingles-comeca-no-3-o-ano-educacao-fisica-no-1-o-ano\/"},"author":{"name":"Telinha","@id":"https:\/\/portaltela.pt\/#\/schema\/person\/c4278d4a6028830caff9ee44b42d32ed"},"headline":"Ingl\u00eas come\u00e7a no 3.\u00ba ano, Educa\u00e7\u00e3o F\u00edsica no 1.\u00ba ano","datePublished":"2026-03-28T20:34:00+00:00","mainEntityOfPage":{"@id":"https:\/\/portaltela.pt\/noticias\/2026\/03\/28\/ingles-comeca-no-3-o-ano-educacao-fisica-no-1-o-ano\/"},"wordCount":256,"image":{"@id":"https:\/\/portaltela.pt\/noticias\/2026\/03\/28\/ingles-comeca-no-3-o-ano-educacao-fisica-no-1-o-ano\/#primaryimage"},"thumbnailUrl":"https:\/\/portaltela.pt\/s.01k8rhncp4jt1\/2026\/03\/7200eaff-80c5-47dd-9b0c-ab60fb33a7c9_1200x675.jpg","keywords":["educa\u00e7\u00e3o","educa\u00e7\u00e3o p\u00fablica","ensino","ensino p\u00fablico"],"articleSection":["Not\u00edcias","Sociedade"],"inLanguage":"pt-PT"},{"@type":"WebPage","@id":"https:\/\/portaltela.pt\/noticias\/2026\/03\/28\/ingles-comeca-no-3-o-ano-educacao-fisica-no-1-o-ano\/","url":"https:\/\/portaltela.pt\/noticias\/2026\/03\/28\/ingles-comeca-no-3-o-ano-educacao-fisica-no-1-o-ano\/","name":"Ingl\u00eas come\u00e7a no 3.\u00ba ano, Educa\u00e7\u00e3o F\u00edsica no 1.\u00ba ano - Portal Tela Portugal","isPartOf":{"@id":"https:\/\/portaltela.pt\/#website"},"primaryImageOfPage":{"@id":"https:\/\/portaltela.pt\/noticias\/2026\/03\/28\/ingles-comeca-no-3-o-ano-educacao-fisica-no-1-o-ano\/#primaryimage"},"image":{"@id":"https:\/\/portaltela.pt\/noticias\/2026\/03\/28\/ingles-comeca-no-3-o-ano-educacao-fisica-no-1-o-ano\/#primaryimage"},"thumbnailUrl":"https:\/\/portaltela.pt\/s.01k8rhncp4jt1\/2026\/03\/7200eaff-80c5-47dd-9b0c-ab60fb33a7c9_1200x675.jpg","datePublished":"2026-03-28T20:34:00+00:00","author":{"@id":"https:\/\/portaltela.pt\/#\/schema\/person\/c4278d4a6028830caff9ee44b42d32ed"},"breadcrumb":{"@id":"https:\/\/portaltela.pt\/noticias\/2026\/03\/28\/ingles-comeca-no-3-o-ano-educacao-fisica-no-1-o-ano\/#breadcrumb"},"inLanguage":"pt-PT","potentialAction":[{"@type":"ReadAction","target":["https:\/\/portaltela.pt\/noticias\/2026\/03\/28\/ingles-comeca-no-3-o-ano-educacao-fisica-no-1-o-ano\/"]}]},{"@type":"ImageObject","inLanguage":"pt-PT","@id":"https:\/\/portaltela.pt\/noticias\/2026\/03\/28\/ingles-comeca-no-3-o-ano-educacao-fisica-no-1-o-ano\/#primaryimage","url":"https:\/\/portaltela.pt\/s.01k8rhncp4jt1\/2026\/03\/7200eaff-80c5-47dd-9b0c-ab60fb33a7c9_1200x675.jpg","contentUrl":"https:\/\/portaltela.pt\/s.01k8rhncp4jt1\/2026\/03\/7200eaff-80c5-47dd-9b0c-ab60fb33a7c9_1200x675.jpg","width":796,"height":448,"caption":"Revis\u00e3o das aprendizagens essenciais avan\u00e7a nas escolas"},{"@type":"BreadcrumbList","@id":"https:\/\/portaltela.pt\/noticias\/2026\/03\/28\/ingles-comeca-no-3-o-ano-educacao-fisica-no-1-o-ano\/#breadcrumb","itemListElement":[{"@type":"ListItem","position":1,"name":"In\u00edcio","item":"https:\/\/portaltela.pt\/"},{"@type":"ListItem","position":2,"name":"Ingl\u00eas come\u00e7a no 3.\u00ba ano, Educa\u00e7\u00e3o F\u00edsica no 1.\u00ba ano"}]},{"@type":"WebSite","@id":"https:\/\/portaltela.pt\/#website","url":"https:\/\/portaltela.pt\/","name":"Portal Tela Portugal","description":"","potentialAction":[{"@type":"SearchAction","target":{"@type":"EntryPoint","urlTemplate":"https:\/\/portaltela.pt\/?s={search_term_string}"},"query-input":{"@type":"PropertyValueSpecification","valueRequired":true,"valueName":"search_term_string"}}],"inLanguage":"pt-PT"},{"@type":"Person","@id":"https:\/\/portaltela.pt\/#\/schema\/person\/c4278d4a6028830caff9ee44b42d32ed","name":"Telinha","image":{"@type":"ImageObject","inLanguage":"pt-PT","@id":"https:\/\/portaltela.pt\/s.01k8rhncp4jt1\/2025\/11\/talking-bot-125x125.png","url":"https:\/\/portaltela.pt\/s.01k8rhncp4jt1\/2025\/11\/talking-bot-125x125.png","contentUrl":"https:\/\/portaltela.pt\/s.01k8rhncp4jt1\/2025\/11\/talking-bot-125x125.png","caption":"Telinha"},"sameAs":["https:\/\/portaltela.pt\/"],"url":"https:\/\/portaltela.pt\/por\/367410592786\/"}]}},"_links":{"self":[{"href":"https:\/\/portaltela.pt\/api\/wp\/v2\/posts\/425389","targetHints":{"allow":["GET"]}}],"collection":[{"href":"https:\/\/portaltela.pt\/api\/wp\/v2\/posts"}],"about":[{"href":"https:\/\/portaltela.pt\/api\/wp\/v2\/types\/post"}],"author":[{"embeddable":true,"href":"https:\/\/portaltela.pt\/api\/wp\/v2\/users\/2"}],"replies":[{"embeddable":true,"href":"https:\/\/portaltela.pt\/api\/wp\/v2\/comments?post=425389"}],"version-history":[{"count":0,"href":"https:\/\/portaltela.pt\/api\/wp\/v2\/posts\/425389\/revisions"}],"wp:featuredmedia":[{"embeddable":true,"href":"https:\/\/portaltela.pt\/api\/wp\/v2\/media\/425391"}],"wp:attachment":[{"href":"https:\/\/portaltela.pt\/api\/wp\/v2\/media?parent=425389"}],"wp:term":[{"taxonomy":"category","embeddable":true,"href":"https:\/\/portaltela.pt\/api\/wp\/v2\/categories?post=425389"},{"taxonomy":"post_tag","embeddable":true,"href":"https:\/\/portaltela.pt\/api\/wp\/v2\/tags?post=425389"}],"curies":[{"name":"wp","href":"https:\/\/api.w.org\/{rel}","templated":true}]}}