{"id":425373,"date":"2026-03-28T17:10:00","date_gmt":"2026-03-28T20:10:00","guid":{"rendered":"https:\/\/portaltela.pt\/noticias\/2026\/03\/28\/mariana-vieira-da-silva-quer-ps-vigilante-e-exigente\/"},"modified":"2026-03-28T17:10:00","modified_gmt":"2026-03-28T20:10:00","slug":"mariana-vieira-da-silva-quer-ps-vigilante-e-exigente","status":"publish","type":"post","link":"https:\/\/portaltela.pt\/noticias\/politica\/2026\/03\/28\/mariana-vieira-da-silva-quer-ps-vigilante-e-exigente\/","title":{"rendered":"Mariana Vieira da Silva quer PS vigilante e exigente"},"content":{"rendered":"<p>A defesa do legado dos governos de Costa marcou o discurso de Mariana Vieira da Silva no Congresso do PS, que decorre este s\u00e1bado em Viseu. A ex-ministra refor\u00e7ou a leitura sobre o passado recente do partido ao n\u00edvel nacional e regional.<\/p>\n<p>N\u00e3o devemos olhar para esse passado com nostalgia nem com arrependimento, revelou a companheira de antiga equipa governativa. Referiu erros na governa\u00e7\u00e3o de Montenegro, apresentando uma leitura cr\u00edtica sobre a gest\u00e3o p\u00fablica no per\u00edodo recente.<\/p>\n<p>Nesse contexto, Mariana Vieira da Silva sublinhou que o PS tem de manter-se vigilante, exigente e muito vocal. A ideia \u00e9 assegurar que o partido cumpra objetivos e princ\u00edpios, sem abdicar do escrut\u00ednio interno.<\/p>\n<p>A dirigente tamb\u00e9m comentou a posi\u00e7\u00e3o do PSD relativamente ao Chega, afirmando que o n\u00e3o acentuado de antes se tornou, na pr\u00e1tica, um sim sem condi\u00e7\u00f5es. O coment\u00e1rio aponta para uma mudan\u00e7a de tom na pol\u00edtica nacional.<\/p>\n<p>A interven\u00e7\u00e3o ocorreu numa altura em que o PS discute estrat\u00e9gias de governa\u00e7\u00e3o e alian\u00e7as parlamentares, com foco em consolidar lideran\u00e7a e reconfirmar prioridades do partido. A fala incidiu na necessidade de consist\u00eancia ideol\u00f3gica e responsabilidade governativa.<\/p>\n","protected":false},"excerpt":{"rendered":"<ul>\n<li>Mariana Vieira da Silva, defensora dos legados dos Governos de Costa, discursou no Congresso do PS, em Viseu, neste s\u00e1bado.<\/li>\n<li>Afirmou que n\u00e3o devemos olhar para esse passado com nostalgia, nem com arrependimento.<\/li>\n<li>Considerou que h\u00e1 uma sucess\u00e3o de erros na governa\u00e7\u00e3o de Montenegro.<\/li>\n<li>Exigiu que o PS seja vigilante, exigente e muito vocal.<\/li>\n<li>Observou que o PSD ao Chega passou de \u201cn\u00e3o \u00e9 n\u00e3o\u201d para um \u201csim sem condi\u00e7\u00f5es\u201d.<\/li>\n<\/ul>\n","protected":false},"author":2,"featured_media":425376,"comment_status":"closed","ping_status":"closed","sticky":false,"template":"","format":"standard","meta":{"footnotes":""},"categories":[1,5],"tags":[1849,4120,2497,34,2832,2144],"class_list":["post-425373","post","type-post","status-publish","format-standard","has-post-thumbnail","hentry","category-noticias","category-politica","tag-aliancas","tag-congresso-nacional","tag-governacao","tag-governo","tag-politica","tag-ps"],"yoast_head":"<!-- This site is optimized with the Yoast SEO plugin v27.2 - https:\/\/yoast.com\/product\/yoast-seo-wordpress\/ -->\n<title>Mariana Vieira da Silva quer PS vigilante e exigente - Portal Tela Portugal<\/title>\n<meta name=\"robots\" content=\"index, follow, max-snippet:-1, max-image-preview:large, max-video-preview:-1\" \/>\n<meta property=\"og:locale\" content=\"pt_PT\" \/>\n<meta property=\"og:type\" content=\"article\" \/>\n<meta property=\"og:title\" content=\"Mariana Vieira da Silva quer PS vigilante e exigente - Portal Tela Portugal\" \/>\n<meta property=\"og:description\" content=\"Mariana Vieira da Silva, defensora dos legados dos Governos de Costa, discursou no Congresso do PS, em Viseu, neste s\u00e1bado. Afirmou que n\u00e3o devemos olhar para esse passado com nostalgia, nem com arrependimento. Considerou que h\u00e1 uma sucess\u00e3o de erros na governa\u00e7\u00e3o de Montenegro. Exigiu que o PS seja vigilante, exigente e muito vocal. Observou que o PSD ao Chega passou de \u201cn\u00e3o \u00e9 n\u00e3o\u201d para um \u201csim sem condi\u00e7\u00f5es\u201d.\" \/>\n<meta property=\"og:url\" content=\"https:\/\/portaltela.pt\/noticias\/2026\/03\/28\/mariana-vieira-da-silva-quer-ps-vigilante-e-exigente\/\" \/>\n<meta property=\"og:site_name\" content=\"Portal Tela Portugal\" \/>\n<meta property=\"article:published_time\" content=\"2026-03-28T20:10:00+00:00\" \/>\n<meta name=\"author\" content=\"Telinha\" \/>\n<meta name=\"twitter:card\" content=\"summary_large_image\" \/>\n<meta name=\"twitter:label1\" content=\"Escrito por\" \/>\n\t<meta name=\"twitter:data1\" content=\"Telinha\" \/>\n\t<meta name=\"twitter:label2\" content=\"Tempo estimado de leitura\" \/>\n\t<meta name=\"twitter:data2\" content=\"1 minuto\" \/>\n<script type=\"application\/ld+json\" class=\"yoast-schema-graph\">{\"@context\":\"https:\/\/schema.org\",\"@graph\":[{\"@type\":\"Article\",\"@id\":\"https:\/\/portaltela.pt\/noticias\/2026\/03\/28\/mariana-vieira-da-silva-quer-ps-vigilante-e-exigente\/#article\",\"isPartOf\":{\"@id\":\"https:\/\/portaltela.pt\/noticias\/2026\/03\/28\/mariana-vieira-da-silva-quer-ps-vigilante-e-exigente\/\"},\"author\":{\"name\":\"Telinha\",\"@id\":\"https:\/\/portaltela.pt\/#\/schema\/person\/c4278d4a6028830caff9ee44b42d32ed\"},\"headline\":\"Mariana Vieira da Silva quer PS vigilante e exigente\",\"datePublished\":\"2026-03-28T20:10:00+00:00\",\"mainEntityOfPage\":{\"@id\":\"https:\/\/portaltela.pt\/noticias\/2026\/03\/28\/mariana-vieira-da-silva-quer-ps-vigilante-e-exigente\/\"},\"wordCount\":219,\"image\":{\"@id\":\"https:\/\/portaltela.pt\/noticias\/2026\/03\/28\/mariana-vieira-da-silva-quer-ps-vigilante-e-exigente\/#primaryimage\"},\"thumbnailUrl\":\"https:\/\/portaltela.pt\/s.01k8rhncp4jt1\/2026\/03\/1c24c620-b31f-469c-9819-a6042b67f95f_1200x675.jpg\",\"keywords\":[\"alian\u00e7as\",\"Congresso Nacional\",\"governa\u00e7\u00e3o\",\"governo\",\"pol\u00edtica\",\"PS\"],\"articleSection\":[\"Not\u00edcias\",\"Pol\u00edtica\"],\"inLanguage\":\"pt-PT\"},{\"@type\":\"WebPage\",\"@id\":\"https:\/\/portaltela.pt\/noticias\/2026\/03\/28\/mariana-vieira-da-silva-quer-ps-vigilante-e-exigente\/\",\"url\":\"https:\/\/portaltela.pt\/noticias\/2026\/03\/28\/mariana-vieira-da-silva-quer-ps-vigilante-e-exigente\/\",\"name\":\"Mariana Vieira da Silva quer PS vigilante e exigente - Portal Tela Portugal\",\"isPartOf\":{\"@id\":\"https:\/\/portaltela.pt\/#website\"},\"primaryImageOfPage\":{\"@id\":\"https:\/\/portaltela.pt\/noticias\/2026\/03\/28\/mariana-vieira-da-silva-quer-ps-vigilante-e-exigente\/#primaryimage\"},\"image\":{\"@id\":\"https:\/\/portaltela.pt\/noticias\/2026\/03\/28\/mariana-vieira-da-silva-quer-ps-vigilante-e-exigente\/#primaryimage\"},\"thumbnailUrl\":\"https:\/\/portaltela.pt\/s.01k8rhncp4jt1\/2026\/03\/1c24c620-b31f-469c-9819-a6042b67f95f_1200x675.jpg\",\"datePublished\":\"2026-03-28T20:10:00+00:00\",\"author\":{\"@id\":\"https:\/\/portaltela.pt\/#\/schema\/person\/c4278d4a6028830caff9ee44b42d32ed\"},\"breadcrumb\":{\"@id\":\"https:\/\/portaltela.pt\/noticias\/2026\/03\/28\/mariana-vieira-da-silva-quer-ps-vigilante-e-exigente\/#breadcrumb\"},\"inLanguage\":\"pt-PT\",\"potentialAction\":[{\"@type\":\"ReadAction\",\"target\":[\"https:\/\/portaltela.pt\/noticias\/2026\/03\/28\/mariana-vieira-da-silva-quer-ps-vigilante-e-exigente\/\"]}]},{\"@type\":\"ImageObject\",\"inLanguage\":\"pt-PT\",\"@id\":\"https:\/\/portaltela.pt\/noticias\/2026\/03\/28\/mariana-vieira-da-silva-quer-ps-vigilante-e-exigente\/#primaryimage\",\"url\":\"https:\/\/portaltela.pt\/s.01k8rhncp4jt1\/2026\/03\/1c24c620-b31f-469c-9819-a6042b67f95f_1200x675.jpg\",\"contentUrl\":\"https:\/\/portaltela.pt\/s.01k8rhncp4jt1\/2026\/03\/1c24c620-b31f-469c-9819-a6042b67f95f_1200x675.jpg\",\"width\":796,\"height\":448,\"caption\":\"Photo\"},{\"@type\":\"BreadcrumbList\",\"@id\":\"https:\/\/portaltela.pt\/noticias\/2026\/03\/28\/mariana-vieira-da-silva-quer-ps-vigilante-e-exigente\/#breadcrumb\",\"itemListElement\":[{\"@type\":\"ListItem\",\"position\":1,\"name\":\"In\u00edcio\",\"item\":\"https:\/\/portaltela.pt\/\"},{\"@type\":\"ListItem\",\"position\":2,\"name\":\"Mariana Vieira da Silva quer PS vigilante e exigente\"}]},{\"@type\":\"WebSite\",\"@id\":\"https:\/\/portaltela.pt\/#website\",\"url\":\"https:\/\/portaltela.pt\/\",\"name\":\"Portal Tela Portugal\",\"description\":\"\",\"potentialAction\":[{\"@type\":\"SearchAction\",\"target\":{\"@type\":\"EntryPoint\",\"urlTemplate\":\"https:\/\/portaltela.pt\/?s={search_term_string}\"},\"query-input\":{\"@type\":\"PropertyValueSpecification\",\"valueRequired\":true,\"valueName\":\"search_term_string\"}}],\"inLanguage\":\"pt-PT\"},{\"@type\":\"Person\",\"@id\":\"https:\/\/portaltela.pt\/#\/schema\/person\/c4278d4a6028830caff9ee44b42d32ed\",\"name\":\"Telinha\",\"image\":{\"@type\":\"ImageObject\",\"inLanguage\":\"pt-PT\",\"@id\":\"https:\/\/portaltela.pt\/s.01k8rhncp4jt1\/2025\/11\/talking-bot-125x125.png\",\"url\":\"https:\/\/portaltela.pt\/s.01k8rhncp4jt1\/2025\/11\/talking-bot-125x125.png\",\"contentUrl\":\"https:\/\/portaltela.pt\/s.01k8rhncp4jt1\/2025\/11\/talking-bot-125x125.png\",\"caption\":\"Telinha\"},\"sameAs\":[\"https:\/\/portaltela.pt\/\"],\"url\":\"https:\/\/portaltela.pt\/por\/367410592786\/\"}]}<\/script>\n<!-- \/ Yoast SEO plugin. -->","yoast_head_json":{"title":"Mariana Vieira da Silva quer PS vigilante e exigente - Portal Tela Portugal","robots":{"index":"index","follow":"follow","max-snippet":"max-snippet:-1","max-image-preview":"max-image-preview:large","max-video-preview":"max-video-preview:-1"},"og_locale":"pt_PT","og_type":"article","og_title":"Mariana Vieira da Silva quer PS vigilante e exigente - Portal Tela Portugal","og_description":"Mariana Vieira da Silva, defensora dos legados dos Governos de Costa, discursou no Congresso do PS, em Viseu, neste s\u00e1bado. Afirmou que n\u00e3o devemos olhar para esse passado com nostalgia, nem com arrependimento. Considerou que h\u00e1 uma sucess\u00e3o de erros na governa\u00e7\u00e3o de Montenegro. Exigiu que o PS seja vigilante, exigente e muito vocal. Observou que o PSD ao Chega passou de \u201cn\u00e3o \u00e9 n\u00e3o\u201d para um \u201csim sem condi\u00e7\u00f5es\u201d.","og_url":"https:\/\/portaltela.pt\/noticias\/2026\/03\/28\/mariana-vieira-da-silva-quer-ps-vigilante-e-exigente\/","og_site_name":"Portal Tela Portugal","article_published_time":"2026-03-28T20:10:00+00:00","author":"Telinha","twitter_card":"summary_large_image","twitter_misc":{"Escrito por":"Telinha","Tempo estimado de leitura":"1 minuto"},"schema":{"@context":"https:\/\/schema.org","@graph":[{"@type":"Article","@id":"https:\/\/portaltela.pt\/noticias\/2026\/03\/28\/mariana-vieira-da-silva-quer-ps-vigilante-e-exigente\/#article","isPartOf":{"@id":"https:\/\/portaltela.pt\/noticias\/2026\/03\/28\/mariana-vieira-da-silva-quer-ps-vigilante-e-exigente\/"},"author":{"name":"Telinha","@id":"https:\/\/portaltela.pt\/#\/schema\/person\/c4278d4a6028830caff9ee44b42d32ed"},"headline":"Mariana Vieira da Silva quer PS vigilante e exigente","datePublished":"2026-03-28T20:10:00+00:00","mainEntityOfPage":{"@id":"https:\/\/portaltela.pt\/noticias\/2026\/03\/28\/mariana-vieira-da-silva-quer-ps-vigilante-e-exigente\/"},"wordCount":219,"image":{"@id":"https:\/\/portaltela.pt\/noticias\/2026\/03\/28\/mariana-vieira-da-silva-quer-ps-vigilante-e-exigente\/#primaryimage"},"thumbnailUrl":"https:\/\/portaltela.pt\/s.01k8rhncp4jt1\/2026\/03\/1c24c620-b31f-469c-9819-a6042b67f95f_1200x675.jpg","keywords":["alian\u00e7as","Congresso Nacional","governa\u00e7\u00e3o","governo","pol\u00edtica","PS"],"articleSection":["Not\u00edcias","Pol\u00edtica"],"inLanguage":"pt-PT"},{"@type":"WebPage","@id":"https:\/\/portaltela.pt\/noticias\/2026\/03\/28\/mariana-vieira-da-silva-quer-ps-vigilante-e-exigente\/","url":"https:\/\/portaltela.pt\/noticias\/2026\/03\/28\/mariana-vieira-da-silva-quer-ps-vigilante-e-exigente\/","name":"Mariana Vieira da Silva quer PS vigilante e exigente - Portal Tela Portugal","isPartOf":{"@id":"https:\/\/portaltela.pt\/#website"},"primaryImageOfPage":{"@id":"https:\/\/portaltela.pt\/noticias\/2026\/03\/28\/mariana-vieira-da-silva-quer-ps-vigilante-e-exigente\/#primaryimage"},"image":{"@id":"https:\/\/portaltela.pt\/noticias\/2026\/03\/28\/mariana-vieira-da-silva-quer-ps-vigilante-e-exigente\/#primaryimage"},"thumbnailUrl":"https:\/\/portaltela.pt\/s.01k8rhncp4jt1\/2026\/03\/1c24c620-b31f-469c-9819-a6042b67f95f_1200x675.jpg","datePublished":"2026-03-28T20:10:00+00:00","author":{"@id":"https:\/\/portaltela.pt\/#\/schema\/person\/c4278d4a6028830caff9ee44b42d32ed"},"breadcrumb":{"@id":"https:\/\/portaltela.pt\/noticias\/2026\/03\/28\/mariana-vieira-da-silva-quer-ps-vigilante-e-exigente\/#breadcrumb"},"inLanguage":"pt-PT","potentialAction":[{"@type":"ReadAction","target":["https:\/\/portaltela.pt\/noticias\/2026\/03\/28\/mariana-vieira-da-silva-quer-ps-vigilante-e-exigente\/"]}]},{"@type":"ImageObject","inLanguage":"pt-PT","@id":"https:\/\/portaltela.pt\/noticias\/2026\/03\/28\/mariana-vieira-da-silva-quer-ps-vigilante-e-exigente\/#primaryimage","url":"https:\/\/portaltela.pt\/s.01k8rhncp4jt1\/2026\/03\/1c24c620-b31f-469c-9819-a6042b67f95f_1200x675.jpg","contentUrl":"https:\/\/portaltela.pt\/s.01k8rhncp4jt1\/2026\/03\/1c24c620-b31f-469c-9819-a6042b67f95f_1200x675.jpg","width":796,"height":448,"caption":"Photo"},{"@type":"BreadcrumbList","@id":"https:\/\/portaltela.pt\/noticias\/2026\/03\/28\/mariana-vieira-da-silva-quer-ps-vigilante-e-exigente\/#breadcrumb","itemListElement":[{"@type":"ListItem","position":1,"name":"In\u00edcio","item":"https:\/\/portaltela.pt\/"},{"@type":"ListItem","position":2,"name":"Mariana Vieira da Silva quer PS vigilante e exigente"}]},{"@type":"WebSite","@id":"https:\/\/portaltela.pt\/#website","url":"https:\/\/portaltela.pt\/","name":"Portal Tela Portugal","description":"","potentialAction":[{"@type":"SearchAction","target":{"@type":"EntryPoint","urlTemplate":"https:\/\/portaltela.pt\/?s={search_term_string}"},"query-input":{"@type":"PropertyValueSpecification","valueRequired":true,"valueName":"search_term_string"}}],"inLanguage":"pt-PT"},{"@type":"Person","@id":"https:\/\/portaltela.pt\/#\/schema\/person\/c4278d4a6028830caff9ee44b42d32ed","name":"Telinha","image":{"@type":"ImageObject","inLanguage":"pt-PT","@id":"https:\/\/portaltela.pt\/s.01k8rhncp4jt1\/2025\/11\/talking-bot-125x125.png","url":"https:\/\/portaltela.pt\/s.01k8rhncp4jt1\/2025\/11\/talking-bot-125x125.png","contentUrl":"https:\/\/portaltela.pt\/s.01k8rhncp4jt1\/2025\/11\/talking-bot-125x125.png","caption":"Telinha"},"sameAs":["https:\/\/portaltela.pt\/"],"url":"https:\/\/portaltela.pt\/por\/367410592786\/"}]}},"_links":{"self":[{"href":"https:\/\/portaltela.pt\/api\/wp\/v2\/posts\/425373","targetHints":{"allow":["GET"]}}],"collection":[{"href":"https:\/\/portaltela.pt\/api\/wp\/v2\/posts"}],"about":[{"href":"https:\/\/portaltela.pt\/api\/wp\/v2\/types\/post"}],"author":[{"embeddable":true,"href":"https:\/\/portaltela.pt\/api\/wp\/v2\/users\/2"}],"replies":[{"embeddable":true,"href":"https:\/\/portaltela.pt\/api\/wp\/v2\/comments?post=425373"}],"version-history":[{"count":0,"href":"https:\/\/portaltela.pt\/api\/wp\/v2\/posts\/425373\/revisions"}],"wp:featuredmedia":[{"embeddable":true,"href":"https:\/\/portaltela.pt\/api\/wp\/v2\/media\/425376"}],"wp:attachment":[{"href":"https:\/\/portaltela.pt\/api\/wp\/v2\/media?parent=425373"}],"wp:term":[{"taxonomy":"category","embeddable":true,"href":"https:\/\/portaltela.pt\/api\/wp\/v2\/categories?post=425373"},{"taxonomy":"post_tag","embeddable":true,"href":"https:\/\/portaltela.pt\/api\/wp\/v2\/tags?post=425373"}],"curies":[{"name":"wp","href":"https:\/\/api.w.org\/{rel}","templated":true}]}}