{"id":425371,"date":"2026-03-28T14:16:00","date_gmt":"2026-03-28T17:16:00","guid":{"rendered":"https:\/\/portaltela.pt\/noticias\/2026\/03\/28\/americanos-residentes-no-porto-protestam-contra-politicas-de-trump-2\/"},"modified":"2026-03-28T14:16:00","modified_gmt":"2026-03-28T17:16:00","slug":"americanos-residentes-no-porto-protestam-contra-politicas-de-trump-2","status":"publish","type":"post","link":"https:\/\/portaltela.pt\/noticias\/politica\/2026\/03\/28\/americanos-residentes-no-porto-protestam-contra-politicas-de-trump-2\/","title":{"rendered":"Americanos residentes no Porto protestam contra pol\u00edticas de Trump"},"content":{"rendered":"<p>Cerca de 200 cidad\u00e3os norte-americanos residentes no Norte de Portugal reuniram-se hoje em frente \u00e0 C\u00e2mara Municipal do Porto para protestar contra pol\u00edticas da administra\u00e7\u00e3o de Donald Trump. O grupo integra um movimento internacional de oposi\u00e7\u00e3o \u00e0s medidas do governo norte-americano.<\/p>\n<p>O protesto decorreu no centro hist\u00f3rico da cidade, com participa\u00e7\u00e3o de residentes que exibiam bandeiras e entoavam slogans. Os detalhes sobre as reivindica\u00e7\u00f5es centrais apontam para direitos civis e pol\u00edticas de imigra\u00e7\u00e3o, segundo a cobertura dispon\u00edvel.<\/p>\n<p>A manifesta\u00e7\u00e3o \u00e9 apresentada como parte de uma mobiliza\u00e7\u00e3o global. Organiza\u00e7\u00f5es associadas n\u00e3o divulgaram a\u00e7\u00f5es conclusivas nem pr\u00f3ximos passos, mantendo o foco na express\u00e3o p\u00fablica de oposi\u00e7\u00e3o \u00e0s pol\u00edticas do governo norte-americano em Washington.<\/p>\n<p>Fonte: Lusa<\/p>\n","protected":false},"excerpt":{"rendered":"<ul>\n<li>Cerca de 200 cidad\u00e3os norte-americanos residentes na regi\u00e3o Norte de Portugal participaram numa manifesta\u00e7\u00e3o hoje em frente \u00e0 C\u00e2mara Municipal do Porto.<\/li>\n<li>O protesto integrou-se num movimento internacional.<\/li>\n<li>Os manifestantes contestaram as pol\u00edticas da administra\u00e7\u00e3o de Donald Trump.<\/li>\n<li>N\u00e3o foram divulgados pedidos espec\u00edficos ou detalhes adicionais sobre a atua\u00e7\u00e3o do protesto.<\/li>\n<\/ul>\n","protected":false},"author":2,"featured_media":425372,"comment_status":"closed","ping_status":"closed","sticky":false,"template":"","format":"standard","meta":{"footnotes":""},"categories":[6912,5],"tags":[5318,1600,712,5698,982,1014],"class_list":["post-425371","post","type-post","status-publish","format-standard","has-post-thumbnail","hentry","category-internacionais","category-politica","tag-direitos-civis","tag-estados-unidos","tag-imigracao","tag-politica-internacional","tag-porto","tag-portugal"],"yoast_head":"<!-- This site is optimized with the Yoast SEO plugin v27.2 - https:\/\/yoast.com\/product\/yoast-seo-wordpress\/ -->\n<title>Americanos residentes no Porto protestam contra pol\u00edticas de Trump - Portal Tela Portugal<\/title>\n<meta name=\"robots\" content=\"index, follow, max-snippet:-1, max-image-preview:large, max-video-preview:-1\" \/>\n<meta property=\"og:locale\" content=\"pt_PT\" \/>\n<meta property=\"og:type\" content=\"article\" \/>\n<meta property=\"og:title\" content=\"Americanos residentes no Porto protestam contra pol\u00edticas de Trump - Portal Tela Portugal\" \/>\n<meta property=\"og:description\" content=\"Cerca de 200 cidad\u00e3os norte-americanos residentes na regi\u00e3o Norte de Portugal participaram numa manifesta\u00e7\u00e3o hoje em frente \u00e0 C\u00e2mara Municipal do Porto. O protesto integrou-se num movimento internacional. Os manifestantes contestaram as pol\u00edticas da administra\u00e7\u00e3o de Donald Trump. N\u00e3o foram divulgados pedidos espec\u00edficos ou detalhes adicionais sobre a atua\u00e7\u00e3o do protesto.\" \/>\n<meta property=\"og:url\" content=\"https:\/\/portaltela.pt\/noticias\/2026\/03\/28\/americanos-residentes-no-porto-protestam-contra-politicas-de-trump-2\/\" \/>\n<meta property=\"og:site_name\" content=\"Portal Tela Portugal\" \/>\n<meta property=\"article:published_time\" content=\"2026-03-28T17:16:00+00:00\" \/>\n<meta name=\"author\" content=\"Telinha\" \/>\n<meta name=\"twitter:card\" content=\"summary_large_image\" \/>\n<meta name=\"twitter:label1\" content=\"Escrito por\" \/>\n\t<meta name=\"twitter:data1\" content=\"Telinha\" \/>\n\t<meta name=\"twitter:label2\" content=\"Tempo estimado de leitura\" \/>\n\t<meta name=\"twitter:data2\" content=\"1 minuto\" \/>\n<script type=\"application\/ld+json\" class=\"yoast-schema-graph\">{\"@context\":\"https:\/\/schema.org\",\"@graph\":[{\"@type\":\"Article\",\"@id\":\"https:\/\/portaltela.pt\/noticias\/2026\/03\/28\/americanos-residentes-no-porto-protestam-contra-politicas-de-trump-2\/#article\",\"isPartOf\":{\"@id\":\"https:\/\/portaltela.pt\/noticias\/2026\/03\/28\/americanos-residentes-no-porto-protestam-contra-politicas-de-trump-2\/\"},\"author\":{\"name\":\"Telinha\",\"@id\":\"https:\/\/portaltela.pt\/#\/schema\/person\/c4278d4a6028830caff9ee44b42d32ed\"},\"headline\":\"Americanos residentes no Porto protestam contra pol\u00edticas de Trump\",\"datePublished\":\"2026-03-28T17:16:00+00:00\",\"mainEntityOfPage\":{\"@id\":\"https:\/\/portaltela.pt\/noticias\/2026\/03\/28\/americanos-residentes-no-porto-protestam-contra-politicas-de-trump-2\/\"},\"wordCount\":141,\"image\":{\"@id\":\"https:\/\/portaltela.pt\/noticias\/2026\/03\/28\/americanos-residentes-no-porto-protestam-contra-politicas-de-trump-2\/#primaryimage\"},\"thumbnailUrl\":\"https:\/\/portaltela.pt\/s.01k8rhncp4jt1\/2026\/03\/CACHE_780X1200_ANALOG_WATERMARKED_46842030_2871180_28032026031601.jpg\",\"keywords\":[\"direitos civis\",\"Estados Unidos\",\"imigra\u00e7\u00e3o\",\"pol\u00edtica internacional\",\"Porto\",\"Portugal\"],\"articleSection\":[\"Internacionais\",\"Pol\u00edtica\"],\"inLanguage\":\"pt-PT\"},{\"@type\":\"WebPage\",\"@id\":\"https:\/\/portaltela.pt\/noticias\/2026\/03\/28\/americanos-residentes-no-porto-protestam-contra-politicas-de-trump-2\/\",\"url\":\"https:\/\/portaltela.pt\/noticias\/2026\/03\/28\/americanos-residentes-no-porto-protestam-contra-politicas-de-trump-2\/\",\"name\":\"Americanos residentes no Porto protestam contra pol\u00edticas de Trump - Portal Tela Portugal\",\"isPartOf\":{\"@id\":\"https:\/\/portaltela.pt\/#website\"},\"primaryImageOfPage\":{\"@id\":\"https:\/\/portaltela.pt\/noticias\/2026\/03\/28\/americanos-residentes-no-porto-protestam-contra-politicas-de-trump-2\/#primaryimage\"},\"image\":{\"@id\":\"https:\/\/portaltela.pt\/noticias\/2026\/03\/28\/americanos-residentes-no-porto-protestam-contra-politicas-de-trump-2\/#primaryimage\"},\"thumbnailUrl\":\"https:\/\/portaltela.pt\/s.01k8rhncp4jt1\/2026\/03\/CACHE_780X1200_ANALOG_WATERMARKED_46842030_2871180_28032026031601.jpg\",\"datePublished\":\"2026-03-28T17:16:00+00:00\",\"author\":{\"@id\":\"https:\/\/portaltela.pt\/#\/schema\/person\/c4278d4a6028830caff9ee44b42d32ed\"},\"breadcrumb\":{\"@id\":\"https:\/\/portaltela.pt\/noticias\/2026\/03\/28\/americanos-residentes-no-porto-protestam-contra-politicas-de-trump-2\/#breadcrumb\"},\"inLanguage\":\"pt-PT\",\"potentialAction\":[{\"@type\":\"ReadAction\",\"target\":[\"https:\/\/portaltela.pt\/noticias\/2026\/03\/28\/americanos-residentes-no-porto-protestam-contra-politicas-de-trump-2\/\"]}]},{\"@type\":\"ImageObject\",\"inLanguage\":\"pt-PT\",\"@id\":\"https:\/\/portaltela.pt\/noticias\/2026\/03\/28\/americanos-residentes-no-porto-protestam-contra-politicas-de-trump-2\/#primaryimage\",\"url\":\"https:\/\/portaltela.pt\/s.01k8rhncp4jt1\/2026\/03\/CACHE_780X1200_ANALOG_WATERMARKED_46842030_2871180_28032026031601.jpg\",\"contentUrl\":\"https:\/\/portaltela.pt\/s.01k8rhncp4jt1\/2026\/03\/CACHE_780X1200_ANALOG_WATERMARKED_46842030_2871180_28032026031601.jpg\",\"width\":768,\"height\":512,\"caption\":\"Photo\"},{\"@type\":\"BreadcrumbList\",\"@id\":\"https:\/\/portaltela.pt\/noticias\/2026\/03\/28\/americanos-residentes-no-porto-protestam-contra-politicas-de-trump-2\/#breadcrumb\",\"itemListElement\":[{\"@type\":\"ListItem\",\"position\":1,\"name\":\"In\u00edcio\",\"item\":\"https:\/\/portaltela.pt\/\"},{\"@type\":\"ListItem\",\"position\":2,\"name\":\"Americanos residentes no Porto protestam contra pol\u00edticas de Trump\"}]},{\"@type\":\"WebSite\",\"@id\":\"https:\/\/portaltela.pt\/#website\",\"url\":\"https:\/\/portaltela.pt\/\",\"name\":\"Portal Tela Portugal\",\"description\":\"\",\"potentialAction\":[{\"@type\":\"SearchAction\",\"target\":{\"@type\":\"EntryPoint\",\"urlTemplate\":\"https:\/\/portaltela.pt\/?s={search_term_string}\"},\"query-input\":{\"@type\":\"PropertyValueSpecification\",\"valueRequired\":true,\"valueName\":\"search_term_string\"}}],\"inLanguage\":\"pt-PT\"},{\"@type\":\"Person\",\"@id\":\"https:\/\/portaltela.pt\/#\/schema\/person\/c4278d4a6028830caff9ee44b42d32ed\",\"name\":\"Telinha\",\"image\":{\"@type\":\"ImageObject\",\"inLanguage\":\"pt-PT\",\"@id\":\"https:\/\/portaltela.pt\/s.01k8rhncp4jt1\/2025\/11\/talking-bot-125x125.png\",\"url\":\"https:\/\/portaltela.pt\/s.01k8rhncp4jt1\/2025\/11\/talking-bot-125x125.png\",\"contentUrl\":\"https:\/\/portaltela.pt\/s.01k8rhncp4jt1\/2025\/11\/talking-bot-125x125.png\",\"caption\":\"Telinha\"},\"sameAs\":[\"https:\/\/portaltela.pt\/\"],\"url\":\"https:\/\/portaltela.pt\/por\/367410592786\/\"}]}<\/script>\n<!-- \/ Yoast SEO plugin. -->","yoast_head_json":{"title":"Americanos residentes no Porto protestam contra pol\u00edticas de Trump - Portal Tela Portugal","robots":{"index":"index","follow":"follow","max-snippet":"max-snippet:-1","max-image-preview":"max-image-preview:large","max-video-preview":"max-video-preview:-1"},"og_locale":"pt_PT","og_type":"article","og_title":"Americanos residentes no Porto protestam contra pol\u00edticas de Trump - Portal Tela Portugal","og_description":"Cerca de 200 cidad\u00e3os norte-americanos residentes na regi\u00e3o Norte de Portugal participaram numa manifesta\u00e7\u00e3o hoje em frente \u00e0 C\u00e2mara Municipal do Porto. O protesto integrou-se num movimento internacional. Os manifestantes contestaram as pol\u00edticas da administra\u00e7\u00e3o de Donald Trump. N\u00e3o foram divulgados pedidos espec\u00edficos ou detalhes adicionais sobre a atua\u00e7\u00e3o do protesto.","og_url":"https:\/\/portaltela.pt\/noticias\/2026\/03\/28\/americanos-residentes-no-porto-protestam-contra-politicas-de-trump-2\/","og_site_name":"Portal Tela Portugal","article_published_time":"2026-03-28T17:16:00+00:00","author":"Telinha","twitter_card":"summary_large_image","twitter_misc":{"Escrito por":"Telinha","Tempo estimado de leitura":"1 minuto"},"schema":{"@context":"https:\/\/schema.org","@graph":[{"@type":"Article","@id":"https:\/\/portaltela.pt\/noticias\/2026\/03\/28\/americanos-residentes-no-porto-protestam-contra-politicas-de-trump-2\/#article","isPartOf":{"@id":"https:\/\/portaltela.pt\/noticias\/2026\/03\/28\/americanos-residentes-no-porto-protestam-contra-politicas-de-trump-2\/"},"author":{"name":"Telinha","@id":"https:\/\/portaltela.pt\/#\/schema\/person\/c4278d4a6028830caff9ee44b42d32ed"},"headline":"Americanos residentes no Porto protestam contra pol\u00edticas de Trump","datePublished":"2026-03-28T17:16:00+00:00","mainEntityOfPage":{"@id":"https:\/\/portaltela.pt\/noticias\/2026\/03\/28\/americanos-residentes-no-porto-protestam-contra-politicas-de-trump-2\/"},"wordCount":141,"image":{"@id":"https:\/\/portaltela.pt\/noticias\/2026\/03\/28\/americanos-residentes-no-porto-protestam-contra-politicas-de-trump-2\/#primaryimage"},"thumbnailUrl":"https:\/\/portaltela.pt\/s.01k8rhncp4jt1\/2026\/03\/CACHE_780X1200_ANALOG_WATERMARKED_46842030_2871180_28032026031601.jpg","keywords":["direitos civis","Estados Unidos","imigra\u00e7\u00e3o","pol\u00edtica internacional","Porto","Portugal"],"articleSection":["Internacionais","Pol\u00edtica"],"inLanguage":"pt-PT"},{"@type":"WebPage","@id":"https:\/\/portaltela.pt\/noticias\/2026\/03\/28\/americanos-residentes-no-porto-protestam-contra-politicas-de-trump-2\/","url":"https:\/\/portaltela.pt\/noticias\/2026\/03\/28\/americanos-residentes-no-porto-protestam-contra-politicas-de-trump-2\/","name":"Americanos residentes no Porto protestam contra pol\u00edticas de Trump - Portal Tela Portugal","isPartOf":{"@id":"https:\/\/portaltela.pt\/#website"},"primaryImageOfPage":{"@id":"https:\/\/portaltela.pt\/noticias\/2026\/03\/28\/americanos-residentes-no-porto-protestam-contra-politicas-de-trump-2\/#primaryimage"},"image":{"@id":"https:\/\/portaltela.pt\/noticias\/2026\/03\/28\/americanos-residentes-no-porto-protestam-contra-politicas-de-trump-2\/#primaryimage"},"thumbnailUrl":"https:\/\/portaltela.pt\/s.01k8rhncp4jt1\/2026\/03\/CACHE_780X1200_ANALOG_WATERMARKED_46842030_2871180_28032026031601.jpg","datePublished":"2026-03-28T17:16:00+00:00","author":{"@id":"https:\/\/portaltela.pt\/#\/schema\/person\/c4278d4a6028830caff9ee44b42d32ed"},"breadcrumb":{"@id":"https:\/\/portaltela.pt\/noticias\/2026\/03\/28\/americanos-residentes-no-porto-protestam-contra-politicas-de-trump-2\/#breadcrumb"},"inLanguage":"pt-PT","potentialAction":[{"@type":"ReadAction","target":["https:\/\/portaltela.pt\/noticias\/2026\/03\/28\/americanos-residentes-no-porto-protestam-contra-politicas-de-trump-2\/"]}]},{"@type":"ImageObject","inLanguage":"pt-PT","@id":"https:\/\/portaltela.pt\/noticias\/2026\/03\/28\/americanos-residentes-no-porto-protestam-contra-politicas-de-trump-2\/#primaryimage","url":"https:\/\/portaltela.pt\/s.01k8rhncp4jt1\/2026\/03\/CACHE_780X1200_ANALOG_WATERMARKED_46842030_2871180_28032026031601.jpg","contentUrl":"https:\/\/portaltela.pt\/s.01k8rhncp4jt1\/2026\/03\/CACHE_780X1200_ANALOG_WATERMARKED_46842030_2871180_28032026031601.jpg","width":768,"height":512,"caption":"Photo"},{"@type":"BreadcrumbList","@id":"https:\/\/portaltela.pt\/noticias\/2026\/03\/28\/americanos-residentes-no-porto-protestam-contra-politicas-de-trump-2\/#breadcrumb","itemListElement":[{"@type":"ListItem","position":1,"name":"In\u00edcio","item":"https:\/\/portaltela.pt\/"},{"@type":"ListItem","position":2,"name":"Americanos residentes no Porto protestam contra pol\u00edticas de Trump"}]},{"@type":"WebSite","@id":"https:\/\/portaltela.pt\/#website","url":"https:\/\/portaltela.pt\/","name":"Portal Tela Portugal","description":"","potentialAction":[{"@type":"SearchAction","target":{"@type":"EntryPoint","urlTemplate":"https:\/\/portaltela.pt\/?s={search_term_string}"},"query-input":{"@type":"PropertyValueSpecification","valueRequired":true,"valueName":"search_term_string"}}],"inLanguage":"pt-PT"},{"@type":"Person","@id":"https:\/\/portaltela.pt\/#\/schema\/person\/c4278d4a6028830caff9ee44b42d32ed","name":"Telinha","image":{"@type":"ImageObject","inLanguage":"pt-PT","@id":"https:\/\/portaltela.pt\/s.01k8rhncp4jt1\/2025\/11\/talking-bot-125x125.png","url":"https:\/\/portaltela.pt\/s.01k8rhncp4jt1\/2025\/11\/talking-bot-125x125.png","contentUrl":"https:\/\/portaltela.pt\/s.01k8rhncp4jt1\/2025\/11\/talking-bot-125x125.png","caption":"Telinha"},"sameAs":["https:\/\/portaltela.pt\/"],"url":"https:\/\/portaltela.pt\/por\/367410592786\/"}]}},"_links":{"self":[{"href":"https:\/\/portaltela.pt\/api\/wp\/v2\/posts\/425371","targetHints":{"allow":["GET"]}}],"collection":[{"href":"https:\/\/portaltela.pt\/api\/wp\/v2\/posts"}],"about":[{"href":"https:\/\/portaltela.pt\/api\/wp\/v2\/types\/post"}],"author":[{"embeddable":true,"href":"https:\/\/portaltela.pt\/api\/wp\/v2\/users\/2"}],"replies":[{"embeddable":true,"href":"https:\/\/portaltela.pt\/api\/wp\/v2\/comments?post=425371"}],"version-history":[{"count":0,"href":"https:\/\/portaltela.pt\/api\/wp\/v2\/posts\/425371\/revisions"}],"wp:featuredmedia":[{"embeddable":true,"href":"https:\/\/portaltela.pt\/api\/wp\/v2\/media\/425372"}],"wp:attachment":[{"href":"https:\/\/portaltela.pt\/api\/wp\/v2\/media?parent=425371"}],"wp:term":[{"taxonomy":"category","embeddable":true,"href":"https:\/\/portaltela.pt\/api\/wp\/v2\/categories?post=425371"},{"taxonomy":"post_tag","embeddable":true,"href":"https:\/\/portaltela.pt\/api\/wp\/v2\/tags?post=425371"}],"curies":[{"name":"wp","href":"https:\/\/api.w.org\/{rel}","templated":true}]}}