{"id":425363,"date":"2026-03-28T16:58:00","date_gmt":"2026-03-28T19:58:00","guid":{"rendered":"https:\/\/portaltela.pt\/noticias\/2026\/03\/28\/hutis-lancam-misseis-contra-israel-jornalistas-mortos-no-libano\/"},"modified":"2026-03-28T16:58:00","modified_gmt":"2026-03-28T19:58:00","slug":"hutis-lancam-misseis-contra-israel-jornalistas-mortos-no-libano","status":"publish","type":"post","link":"https:\/\/portaltela.pt\/guerra\/2026\/03\/28\/hutis-lancam-misseis-contra-israel-jornalistas-mortos-no-libano\/","title":{"rendered":"Hutis lan\u00e7am m\u00edsseis contra Israel; jornalistas mortos no L\u00edbano"},"content":{"rendered":"<p>Na\u00e7\u00f5es em alerta internacional relatam um novo fronte. M\u00edsseis bal\u00edsticos lan\u00e7ados por houthis no I\u00e9men atingiram Israel pela primeira vez, numa escalada que coincide com um m\u00eas de ataques apoiados pelos EUA contra o Ir\u00e3o. O objetivo alegado \u00e9 instala\u00e7\u00f5es militares em territ\u00f3rio israelita; a raz\u00e3o declarada \u00e9 a interven\u00e7\u00e3o de pot\u00eancias externas na regi\u00e3o.<\/p>\n<p>As For\u00e7as de Defesa de Israel confirmaram ter identificado o lan\u00e7amento vindo do I\u00e9men em dire\u00e7\u00e3o a Israel. Os sistemas de defesa a\u00e9rea atuaram para intercetar a amea\u00e7a, com a imprensa israelita a indicar que o m\u00edssil foi abatido sem danos ou feridos relatados at\u00e9 ao momento.<\/p>\n<p>Num v\u00eddeo divulgado na rede social X, o porta-voz huti Yahya Saree afirmou que os ataques visaram instala\u00e7\u00f5es militares em Israel. A pedido de cautela, n\u00e3o foram confirmadas informa\u00e7\u00f5es adicionais independentemente.<\/p>\n<p>Assassinatos israelitas no Sul do L\u00edbano<\/p>\n<p>No Sul do L\u00edbano, as autoridades israelitas informaram ter abatido tr\u00eas jornalistas em Jezzine. Identificaram-se como Ali Shoeib, da esta\u00e7\u00e3o Al Manar, e Fatima Ftouni, juntamente com o irm\u00e3o rep\u00f3rter de imagem, da Al Mayadeen. Em comunicado, as FDI alegaram que Shoeib atuava no Hezbollah sob disfarce de jornalista.<\/p>\n<p>O Presidente do L\u00edbano, Joseph Aoun, condenou o que chamou de crime flagrante, violando normas e tratados de prote\u00e7\u00e3o de jornalistas em tempos de guerra.<\/p>\n<p>Tamb\u00e9m foram registados nove socorristas mortos no mesmo s\u00e1bado, elevando o total de mortos da \u00e1rea da sa\u00fade para 51 desde o in\u00edcio do conflito, incluindo 46 param\u00e9dicos e cinco outros profissionais, conforme informa\u00e7\u00f5es de Beirute.<\/p>\n","protected":false},"excerpt":{"rendered":"<ul>\n<li>Os hutis do I\u00e9men lan\u00e7aram m\u00edsseis bal\u00edsticos contra instala\u00e7\u00f5es militares em Israel, conforme o porta-voz Yahya Saree; as For\u00e7as de Defesa de Israel dizem ter identificado o lan\u00e7amento e as defesas intercetaram a amea\u00e7a.<\/li>\n<li>O m\u00edssil foi abatido e n\u00e3o houve danos nem feridos, segundo os militares israelitas.<\/li>\n<li>A entrada do grupo iemenita no conflito acontece um dia depois de amea\u00e7as p\u00fablicas e de declara\u00e7\u00f5es sobre interven\u00e7\u00e3o caso se juntem outras pot\u00eancias \u00e0 luta ou haja uso do mar Vermelho.<\/li>\n<li>No Sul do L\u00edbano, as For\u00e7as de Israel detetaram a morte de tr\u00eas jornalistas em Jezzine: Ali Shoeib (Al Manar), Fatima Ftouni e o irm\u00e3o, rep\u00f3rter de imagem (Al Mayadeen); as autoridades dizem que Shoeib atuava junto do Hezbollah sob disfarce de jornalista.<\/li>\n<li>Foram ainda mortos nove socorristas no Sul do L\u00edbano, elevando para cinquenta e um o total de profissionais de sa\u00fade mortos desde o in\u00edcio do conflito, incluindo quarenta e seis param\u00e9dicos e cinco outros.<\/li>\n<\/ul>\n","protected":false},"author":2,"featured_media":425370,"comment_status":"closed","ping_status":"closed","sticky":false,"template":"","format":"standard","meta":{"footnotes":""},"categories":[6790,6804],"tags":[254,2198,6509,3708,5707,7596],"class_list":["post-425363","post","type-post","status-publish","format-standard","has-post-thumbnail","hentry","category-conflitos","category-guerra","tag-conflito","tag-conflitos-internacionais","tag-iemen","tag-israel","tag-jornalistas","tag-paramedicos"],"yoast_head":"<!-- This site is optimized with the Yoast SEO plugin v27.2 - https:\/\/yoast.com\/product\/yoast-seo-wordpress\/ -->\n<title>Hutis lan\u00e7am m\u00edsseis contra Israel; jornalistas mortos no L\u00edbano - Portal Tela Portugal<\/title>\n<meta name=\"robots\" content=\"index, follow, max-snippet:-1, max-image-preview:large, max-video-preview:-1\" \/>\n<meta property=\"og:locale\" content=\"pt_PT\" \/>\n<meta property=\"og:type\" content=\"article\" \/>\n<meta property=\"og:title\" content=\"Hutis lan\u00e7am m\u00edsseis contra Israel; jornalistas mortos no L\u00edbano - Portal Tela Portugal\" \/>\n<meta property=\"og:description\" content=\"Os hutis do I\u00e9men lan\u00e7aram m\u00edsseis bal\u00edsticos contra instala\u00e7\u00f5es militares em Israel, conforme o porta-voz Yahya Saree; as For\u00e7as de Defesa de Israel dizem ter identificado o lan\u00e7amento e as defesas intercetaram a amea\u00e7a. O m\u00edssil foi abatido e n\u00e3o houve danos nem feridos, segundo os militares israelitas. A entrada do grupo iemenita no conflito acontece um dia depois de amea\u00e7as p\u00fablicas e de declara\u00e7\u00f5es sobre interven\u00e7\u00e3o caso se juntem outras pot\u00eancias \u00e0 luta ou haja uso do mar Vermelho. No Sul do L\u00edbano, as For\u00e7as de Israel detetaram a morte de tr\u00eas jornalistas em Jezzine: Ali Shoeib (Al Manar), Fatima Ftouni e o irm\u00e3o, rep\u00f3rter de imagem (Al Mayadeen); as autoridades dizem que Shoeib atuava junto do Hezbollah sob disfarce de jornalista. Foram ainda mortos nove socorristas no Sul do L\u00edbano, elevando para cinquenta e um o total de profissionais de sa\u00fade mortos desde o in\u00edcio do conflito, incluindo quarenta e seis param\u00e9dicos e cinco outros.\" \/>\n<meta property=\"og:url\" content=\"https:\/\/portaltela.pt\/noticias\/2026\/03\/28\/hutis-lancam-misseis-contra-israel-jornalistas-mortos-no-libano\/\" \/>\n<meta property=\"og:site_name\" content=\"Portal Tela Portugal\" \/>\n<meta property=\"article:published_time\" content=\"2026-03-28T19:58:00+00:00\" \/>\n<meta name=\"author\" content=\"Telinha\" \/>\n<meta name=\"twitter:card\" content=\"summary_large_image\" \/>\n<meta name=\"twitter:label1\" content=\"Escrito por\" \/>\n\t<meta name=\"twitter:data1\" content=\"Telinha\" \/>\n\t<meta name=\"twitter:label2\" content=\"Tempo estimado de leitura\" \/>\n\t<meta name=\"twitter:data2\" content=\"1 minuto\" \/>\n<script type=\"application\/ld+json\" class=\"yoast-schema-graph\">{\"@context\":\"https:\/\/schema.org\",\"@graph\":[{\"@type\":\"Article\",\"@id\":\"https:\/\/portaltela.pt\/noticias\/2026\/03\/28\/hutis-lancam-misseis-contra-israel-jornalistas-mortos-no-libano\/#article\",\"isPartOf\":{\"@id\":\"https:\/\/portaltela.pt\/noticias\/2026\/03\/28\/hutis-lancam-misseis-contra-israel-jornalistas-mortos-no-libano\/\"},\"author\":{\"name\":\"Telinha\",\"@id\":\"https:\/\/portaltela.pt\/#\/schema\/person\/c4278d4a6028830caff9ee44b42d32ed\"},\"headline\":\"Hutis lan\u00e7am m\u00edsseis contra Israel; jornalistas mortos no L\u00edbano\",\"datePublished\":\"2026-03-28T19:58:00+00:00\",\"mainEntityOfPage\":{\"@id\":\"https:\/\/portaltela.pt\/noticias\/2026\/03\/28\/hutis-lancam-misseis-contra-israel-jornalistas-mortos-no-libano\/\"},\"wordCount\":295,\"image\":{\"@id\":\"https:\/\/portaltela.pt\/noticias\/2026\/03\/28\/hutis-lancam-misseis-contra-israel-jornalistas-mortos-no-libano\/#primaryimage\"},\"thumbnailUrl\":\"https:\/\/portaltela.pt\/s.01k8rhncp4jt1\/2026\/03\/72bd48ed-a51f-46af-8cd3-0328ec5f5aff_1200x675.jpg\",\"keywords\":[\"conflito\",\"conflitos internacionais\",\"I\u00e9men\",\"Israel\",\"jornalistas\",\"param\u00e9dicos\"],\"articleSection\":[\"Conflitos\",\"Guerra\"],\"inLanguage\":\"pt-PT\"},{\"@type\":\"WebPage\",\"@id\":\"https:\/\/portaltela.pt\/noticias\/2026\/03\/28\/hutis-lancam-misseis-contra-israel-jornalistas-mortos-no-libano\/\",\"url\":\"https:\/\/portaltela.pt\/noticias\/2026\/03\/28\/hutis-lancam-misseis-contra-israel-jornalistas-mortos-no-libano\/\",\"name\":\"Hutis lan\u00e7am m\u00edsseis contra Israel; jornalistas mortos no L\u00edbano - Portal Tela Portugal\",\"isPartOf\":{\"@id\":\"https:\/\/portaltela.pt\/#website\"},\"primaryImageOfPage\":{\"@id\":\"https:\/\/portaltela.pt\/noticias\/2026\/03\/28\/hutis-lancam-misseis-contra-israel-jornalistas-mortos-no-libano\/#primaryimage\"},\"image\":{\"@id\":\"https:\/\/portaltela.pt\/noticias\/2026\/03\/28\/hutis-lancam-misseis-contra-israel-jornalistas-mortos-no-libano\/#primaryimage\"},\"thumbnailUrl\":\"https:\/\/portaltela.pt\/s.01k8rhncp4jt1\/2026\/03\/72bd48ed-a51f-46af-8cd3-0328ec5f5aff_1200x675.jpg\",\"datePublished\":\"2026-03-28T19:58:00+00:00\",\"author\":{\"@id\":\"https:\/\/portaltela.pt\/#\/schema\/person\/c4278d4a6028830caff9ee44b42d32ed\"},\"breadcrumb\":{\"@id\":\"https:\/\/portaltela.pt\/noticias\/2026\/03\/28\/hutis-lancam-misseis-contra-israel-jornalistas-mortos-no-libano\/#breadcrumb\"},\"inLanguage\":\"pt-PT\",\"potentialAction\":[{\"@type\":\"ReadAction\",\"target\":[\"https:\/\/portaltela.pt\/noticias\/2026\/03\/28\/hutis-lancam-misseis-contra-israel-jornalistas-mortos-no-libano\/\"]}]},{\"@type\":\"ImageObject\",\"inLanguage\":\"pt-PT\",\"@id\":\"https:\/\/portaltela.pt\/noticias\/2026\/03\/28\/hutis-lancam-misseis-contra-israel-jornalistas-mortos-no-libano\/#primaryimage\",\"url\":\"https:\/\/portaltela.pt\/s.01k8rhncp4jt1\/2026\/03\/72bd48ed-a51f-46af-8cd3-0328ec5f5aff_1200x675.jpg\",\"contentUrl\":\"https:\/\/portaltela.pt\/s.01k8rhncp4jt1\/2026\/03\/72bd48ed-a51f-46af-8cd3-0328ec5f5aff_1200x675.jpg\",\"width\":796,\"height\":448,\"caption\":\"Manifesta\u00e7\u00e3o em solidariedade ao Ir\u00e3o em Sanaa, no I\u00e9men\"},{\"@type\":\"BreadcrumbList\",\"@id\":\"https:\/\/portaltela.pt\/noticias\/2026\/03\/28\/hutis-lancam-misseis-contra-israel-jornalistas-mortos-no-libano\/#breadcrumb\",\"itemListElement\":[{\"@type\":\"ListItem\",\"position\":1,\"name\":\"In\u00edcio\",\"item\":\"https:\/\/portaltela.pt\/\"},{\"@type\":\"ListItem\",\"position\":2,\"name\":\"Hutis lan\u00e7am m\u00edsseis contra Israel; jornalistas mortos no L\u00edbano\"}]},{\"@type\":\"WebSite\",\"@id\":\"https:\/\/portaltela.pt\/#website\",\"url\":\"https:\/\/portaltela.pt\/\",\"name\":\"Portal Tela Portugal\",\"description\":\"\",\"potentialAction\":[{\"@type\":\"SearchAction\",\"target\":{\"@type\":\"EntryPoint\",\"urlTemplate\":\"https:\/\/portaltela.pt\/?s={search_term_string}\"},\"query-input\":{\"@type\":\"PropertyValueSpecification\",\"valueRequired\":true,\"valueName\":\"search_term_string\"}}],\"inLanguage\":\"pt-PT\"},{\"@type\":\"Person\",\"@id\":\"https:\/\/portaltela.pt\/#\/schema\/person\/c4278d4a6028830caff9ee44b42d32ed\",\"name\":\"Telinha\",\"image\":{\"@type\":\"ImageObject\",\"inLanguage\":\"pt-PT\",\"@id\":\"https:\/\/portaltela.pt\/s.01k8rhncp4jt1\/2025\/11\/talking-bot-125x125.png\",\"url\":\"https:\/\/portaltela.pt\/s.01k8rhncp4jt1\/2025\/11\/talking-bot-125x125.png\",\"contentUrl\":\"https:\/\/portaltela.pt\/s.01k8rhncp4jt1\/2025\/11\/talking-bot-125x125.png\",\"caption\":\"Telinha\"},\"sameAs\":[\"https:\/\/portaltela.pt\/\"],\"url\":\"https:\/\/portaltela.pt\/por\/367410592786\/\"}]}<\/script>\n<!-- \/ Yoast SEO plugin. -->","yoast_head_json":{"title":"Hutis lan\u00e7am m\u00edsseis contra Israel; jornalistas mortos no L\u00edbano - Portal Tela Portugal","robots":{"index":"index","follow":"follow","max-snippet":"max-snippet:-1","max-image-preview":"max-image-preview:large","max-video-preview":"max-video-preview:-1"},"og_locale":"pt_PT","og_type":"article","og_title":"Hutis lan\u00e7am m\u00edsseis contra Israel; jornalistas mortos no L\u00edbano - Portal Tela Portugal","og_description":"Os hutis do I\u00e9men lan\u00e7aram m\u00edsseis bal\u00edsticos contra instala\u00e7\u00f5es militares em Israel, conforme o porta-voz Yahya Saree; as For\u00e7as de Defesa de Israel dizem ter identificado o lan\u00e7amento e as defesas intercetaram a amea\u00e7a. O m\u00edssil foi abatido e n\u00e3o houve danos nem feridos, segundo os militares israelitas. A entrada do grupo iemenita no conflito acontece um dia depois de amea\u00e7as p\u00fablicas e de declara\u00e7\u00f5es sobre interven\u00e7\u00e3o caso se juntem outras pot\u00eancias \u00e0 luta ou haja uso do mar Vermelho. No Sul do L\u00edbano, as For\u00e7as de Israel detetaram a morte de tr\u00eas jornalistas em Jezzine: Ali Shoeib (Al Manar), Fatima Ftouni e o irm\u00e3o, rep\u00f3rter de imagem (Al Mayadeen); as autoridades dizem que Shoeib atuava junto do Hezbollah sob disfarce de jornalista. Foram ainda mortos nove socorristas no Sul do L\u00edbano, elevando para cinquenta e um o total de profissionais de sa\u00fade mortos desde o in\u00edcio do conflito, incluindo quarenta e seis param\u00e9dicos e cinco outros.","og_url":"https:\/\/portaltela.pt\/noticias\/2026\/03\/28\/hutis-lancam-misseis-contra-israel-jornalistas-mortos-no-libano\/","og_site_name":"Portal Tela Portugal","article_published_time":"2026-03-28T19:58:00+00:00","author":"Telinha","twitter_card":"summary_large_image","twitter_misc":{"Escrito por":"Telinha","Tempo estimado de leitura":"1 minuto"},"schema":{"@context":"https:\/\/schema.org","@graph":[{"@type":"Article","@id":"https:\/\/portaltela.pt\/noticias\/2026\/03\/28\/hutis-lancam-misseis-contra-israel-jornalistas-mortos-no-libano\/#article","isPartOf":{"@id":"https:\/\/portaltela.pt\/noticias\/2026\/03\/28\/hutis-lancam-misseis-contra-israel-jornalistas-mortos-no-libano\/"},"author":{"name":"Telinha","@id":"https:\/\/portaltela.pt\/#\/schema\/person\/c4278d4a6028830caff9ee44b42d32ed"},"headline":"Hutis lan\u00e7am m\u00edsseis contra Israel; jornalistas mortos no L\u00edbano","datePublished":"2026-03-28T19:58:00+00:00","mainEntityOfPage":{"@id":"https:\/\/portaltela.pt\/noticias\/2026\/03\/28\/hutis-lancam-misseis-contra-israel-jornalistas-mortos-no-libano\/"},"wordCount":295,"image":{"@id":"https:\/\/portaltela.pt\/noticias\/2026\/03\/28\/hutis-lancam-misseis-contra-israel-jornalistas-mortos-no-libano\/#primaryimage"},"thumbnailUrl":"https:\/\/portaltela.pt\/s.01k8rhncp4jt1\/2026\/03\/72bd48ed-a51f-46af-8cd3-0328ec5f5aff_1200x675.jpg","keywords":["conflito","conflitos internacionais","I\u00e9men","Israel","jornalistas","param\u00e9dicos"],"articleSection":["Conflitos","Guerra"],"inLanguage":"pt-PT"},{"@type":"WebPage","@id":"https:\/\/portaltela.pt\/noticias\/2026\/03\/28\/hutis-lancam-misseis-contra-israel-jornalistas-mortos-no-libano\/","url":"https:\/\/portaltela.pt\/noticias\/2026\/03\/28\/hutis-lancam-misseis-contra-israel-jornalistas-mortos-no-libano\/","name":"Hutis lan\u00e7am m\u00edsseis contra Israel; jornalistas mortos no L\u00edbano - Portal Tela Portugal","isPartOf":{"@id":"https:\/\/portaltela.pt\/#website"},"primaryImageOfPage":{"@id":"https:\/\/portaltela.pt\/noticias\/2026\/03\/28\/hutis-lancam-misseis-contra-israel-jornalistas-mortos-no-libano\/#primaryimage"},"image":{"@id":"https:\/\/portaltela.pt\/noticias\/2026\/03\/28\/hutis-lancam-misseis-contra-israel-jornalistas-mortos-no-libano\/#primaryimage"},"thumbnailUrl":"https:\/\/portaltela.pt\/s.01k8rhncp4jt1\/2026\/03\/72bd48ed-a51f-46af-8cd3-0328ec5f5aff_1200x675.jpg","datePublished":"2026-03-28T19:58:00+00:00","author":{"@id":"https:\/\/portaltela.pt\/#\/schema\/person\/c4278d4a6028830caff9ee44b42d32ed"},"breadcrumb":{"@id":"https:\/\/portaltela.pt\/noticias\/2026\/03\/28\/hutis-lancam-misseis-contra-israel-jornalistas-mortos-no-libano\/#breadcrumb"},"inLanguage":"pt-PT","potentialAction":[{"@type":"ReadAction","target":["https:\/\/portaltela.pt\/noticias\/2026\/03\/28\/hutis-lancam-misseis-contra-israel-jornalistas-mortos-no-libano\/"]}]},{"@type":"ImageObject","inLanguage":"pt-PT","@id":"https:\/\/portaltela.pt\/noticias\/2026\/03\/28\/hutis-lancam-misseis-contra-israel-jornalistas-mortos-no-libano\/#primaryimage","url":"https:\/\/portaltela.pt\/s.01k8rhncp4jt1\/2026\/03\/72bd48ed-a51f-46af-8cd3-0328ec5f5aff_1200x675.jpg","contentUrl":"https:\/\/portaltela.pt\/s.01k8rhncp4jt1\/2026\/03\/72bd48ed-a51f-46af-8cd3-0328ec5f5aff_1200x675.jpg","width":796,"height":448,"caption":"Manifesta\u00e7\u00e3o em solidariedade ao Ir\u00e3o em Sanaa, no I\u00e9men"},{"@type":"BreadcrumbList","@id":"https:\/\/portaltela.pt\/noticias\/2026\/03\/28\/hutis-lancam-misseis-contra-israel-jornalistas-mortos-no-libano\/#breadcrumb","itemListElement":[{"@type":"ListItem","position":1,"name":"In\u00edcio","item":"https:\/\/portaltela.pt\/"},{"@type":"ListItem","position":2,"name":"Hutis lan\u00e7am m\u00edsseis contra Israel; jornalistas mortos no L\u00edbano"}]},{"@type":"WebSite","@id":"https:\/\/portaltela.pt\/#website","url":"https:\/\/portaltela.pt\/","name":"Portal Tela Portugal","description":"","potentialAction":[{"@type":"SearchAction","target":{"@type":"EntryPoint","urlTemplate":"https:\/\/portaltela.pt\/?s={search_term_string}"},"query-input":{"@type":"PropertyValueSpecification","valueRequired":true,"valueName":"search_term_string"}}],"inLanguage":"pt-PT"},{"@type":"Person","@id":"https:\/\/portaltela.pt\/#\/schema\/person\/c4278d4a6028830caff9ee44b42d32ed","name":"Telinha","image":{"@type":"ImageObject","inLanguage":"pt-PT","@id":"https:\/\/portaltela.pt\/s.01k8rhncp4jt1\/2025\/11\/talking-bot-125x125.png","url":"https:\/\/portaltela.pt\/s.01k8rhncp4jt1\/2025\/11\/talking-bot-125x125.png","contentUrl":"https:\/\/portaltela.pt\/s.01k8rhncp4jt1\/2025\/11\/talking-bot-125x125.png","caption":"Telinha"},"sameAs":["https:\/\/portaltela.pt\/"],"url":"https:\/\/portaltela.pt\/por\/367410592786\/"}]}},"_links":{"self":[{"href":"https:\/\/portaltela.pt\/api\/wp\/v2\/posts\/425363","targetHints":{"allow":["GET"]}}],"collection":[{"href":"https:\/\/portaltela.pt\/api\/wp\/v2\/posts"}],"about":[{"href":"https:\/\/portaltela.pt\/api\/wp\/v2\/types\/post"}],"author":[{"embeddable":true,"href":"https:\/\/portaltela.pt\/api\/wp\/v2\/users\/2"}],"replies":[{"embeddable":true,"href":"https:\/\/portaltela.pt\/api\/wp\/v2\/comments?post=425363"}],"version-history":[{"count":0,"href":"https:\/\/portaltela.pt\/api\/wp\/v2\/posts\/425363\/revisions"}],"wp:featuredmedia":[{"embeddable":true,"href":"https:\/\/portaltela.pt\/api\/wp\/v2\/media\/425370"}],"wp:attachment":[{"href":"https:\/\/portaltela.pt\/api\/wp\/v2\/media?parent=425363"}],"wp:term":[{"taxonomy":"category","embeddable":true,"href":"https:\/\/portaltela.pt\/api\/wp\/v2\/categories?post=425363"},{"taxonomy":"post_tag","embeddable":true,"href":"https:\/\/portaltela.pt\/api\/wp\/v2\/tags?post=425363"}],"curies":[{"name":"wp","href":"https:\/\/api.w.org\/{rel}","templated":true}]}}