{"id":425361,"date":"2026-03-28T16:47:17","date_gmt":"2026-03-28T19:47:17","guid":{"rendered":"https:\/\/portaltela.pt\/noticias\/2026\/03\/28\/vasco-vilaca-vence-taca-da-europa-de-quarteira-no-triatlo\/"},"modified":"2026-03-28T16:47:17","modified_gmt":"2026-03-28T19:47:17","slug":"vasco-vilaca-vence-taca-da-europa-de-quarteira-no-triatlo","status":"publish","type":"post","link":"https:\/\/portaltela.pt\/desporto\/futebol\/2026\/03\/28\/vasco-vilaca-vence-taca-da-europa-de-quarteira-no-triatlo\/","title":{"rendered":"Vasco Vila\u00e7a vence Ta\u00e7a da Europa de Quarteira no triatlo"},"content":{"rendered":"<p>O portugu\u00eas Vasco Vila\u00e7a venceu este s\u00e1bado a prova de elites masculinos da Ta\u00e7a da Europa de Quarteira de triatlo, em dist\u00e2ncia ol\u00edmpica. Jo\u00e3o Nuno Batista ficou em segundo. A prova decorreu em Quarteira, no concelho de Loul\u00e9, no Algarve.<\/p>\n<p>Vila\u00e7a cruzou a meta em 1:44.03 horas, com Batista a chegar a 20 segundos. Mark Devay, da Hungr\u00faria, completou o p\u00f3dio na terceira posi\u00e7\u00e3o, a 55 segundos do vencedor. Miguel Tiago Silva terminou na oitava posi\u00e7\u00e3o.<\/p>\n<p>No arranque da competi\u00e7\u00e3o, 9 atletas formaram o grupo da frente ap\u00f3s a nata\u00e7\u00e3o de 1.5 km. Seguiram-se 40 km de ciclismo pelas ruas de Quarteira, at\u00e9 ao momento em que Vila\u00e7a atacou no in\u00edcio do segmento de corrida.<\/p>\n<p>A dupla portuguesa manteve o ritmo forte no cal\u00e7ad\u00e3o e afastou-se do concorrente estrangeiro. Vila\u00e7a, que tinha vencido em Quarteira h\u00e1 uma d\u00e9cada, refor\u00e7ou o favoritismo de Portugal na prova.<\/p>\n<p>Ao fim, Vila\u00e7a elogiou a t\u00e1tica e a uni\u00e3o da equipa de triatlo nacional, referindo que a gera\u00e7\u00e3o atual est\u00e1 a crescer em conjunto. Batista destacou o apoio do p\u00fablico e a motiva\u00e7\u00e3o para o Top-3.<\/p>\n<p>Antes da prova masculina, decorreu a edi\u00e7\u00e3o de 2026 da Ta\u00e7a da Europa em Quarteira, comMaria Tom\u00e9 a obter o segundo lugar entre as femininas, atr\u00e1s da belga Jolien Vermeylen. A prova re\u00fane cerca de 250 triatletas de mais de 20 nacionalidades.<\/p>\n<h3>Desempenho e quadro geral<\/h3>\n<p>A etapa no Algarve decorre ao longo de domingo, com diversas provas em elites e juniores. Amanh\u00e3 seguir-se-\u00e3o outras partidas, refor\u00e7ando a presen\u00e7a portuguesa na competi\u00e7\u00e3o internacional.<\/p>\n","protected":false},"excerpt":{"rendered":"<ul>\n<li>Vasco Vila\u00e7a venceu a Ta\u00e7a da Europa de Quarteira na disciplina de triatlo elites masculinos (dist\u00e2ncia ol\u00edmpica), com 1:44.03 horas.<\/li>\n<li>Jo\u00e3o Nuno Batista ficou em segundo lugar, a 20 segundos do vencedor, garantindo uma dobradinha hist\u00f3rica para Portugal.<\/li>\n<li>Miguel Tiago Silva terminou na oitava posi\u00e7\u00e3o, completando a participa\u00e7\u00e3o de tr\u00eas portugueses entre os l\u00edderes.<\/li>\n<li>A prova decorreu em Quarteira, Algarve, reunindo cerca de 250 triatletas de mais de 20 nacionalidades.<\/li>\n<li>Na v\u00e9spera, a portuguesa Maria Tom\u00e9 conquistou o segundo posto nos elites femininos.<\/li>\n<\/ul>\n","protected":false},"author":2,"featured_media":425366,"comment_status":"closed","ping_status":"closed","sticky":false,"template":"","format":"standard","meta":{"footnotes":""},"categories":[21,24],"tags":[928,252,152,209,1014,6189],"class_list":["post-425361","post","type-post","status-publish","format-standard","has-post-thumbnail","hentry","category-desporto","category-futebol","tag-algarve","tag-atletas","tag-desporto","tag-natacao","tag-portugal","tag-quarteira"],"yoast_head":"<!-- This site is optimized with the Yoast SEO plugin v27.2 - https:\/\/yoast.com\/product\/yoast-seo-wordpress\/ -->\n<title>Vasco Vila\u00e7a vence Ta\u00e7a da Europa de Quarteira no triatlo - Portal Tela Portugal<\/title>\n<meta name=\"robots\" content=\"index, follow, max-snippet:-1, max-image-preview:large, max-video-preview:-1\" \/>\n<meta property=\"og:locale\" content=\"pt_PT\" \/>\n<meta property=\"og:type\" content=\"article\" \/>\n<meta property=\"og:title\" content=\"Vasco Vila\u00e7a vence Ta\u00e7a da Europa de Quarteira no triatlo - Portal Tela Portugal\" \/>\n<meta property=\"og:description\" content=\"Vasco Vila\u00e7a venceu a Ta\u00e7a da Europa de Quarteira na disciplina de triatlo elites masculinos (dist\u00e2ncia ol\u00edmpica), com 1:44.03 horas. Jo\u00e3o Nuno Batista ficou em segundo lugar, a 20 segundos do vencedor, garantindo uma dobradinha hist\u00f3rica para Portugal. Miguel Tiago Silva terminou na oitava posi\u00e7\u00e3o, completando a participa\u00e7\u00e3o de tr\u00eas portugueses entre os l\u00edderes. A prova decorreu em Quarteira, Algarve, reunindo cerca de 250 triatletas de mais de 20 nacionalidades. Na v\u00e9spera, a portuguesa Maria Tom\u00e9 conquistou o segundo posto nos elites femininos.\" \/>\n<meta property=\"og:url\" content=\"https:\/\/portaltela.pt\/noticias\/2026\/03\/28\/vasco-vilaca-vence-taca-da-europa-de-quarteira-no-triatlo\/\" \/>\n<meta property=\"og:site_name\" content=\"Portal Tela Portugal\" \/>\n<meta property=\"article:published_time\" content=\"2026-03-28T19:47:17+00:00\" \/>\n<meta name=\"author\" content=\"Telinha\" \/>\n<meta name=\"twitter:card\" content=\"summary_large_image\" \/>\n<meta name=\"twitter:label1\" content=\"Escrito por\" \/>\n\t<meta name=\"twitter:data1\" content=\"Telinha\" \/>\n\t<meta name=\"twitter:label2\" content=\"Tempo estimado de leitura\" \/>\n\t<meta name=\"twitter:data2\" content=\"1 minuto\" \/>\n<script type=\"application\/ld+json\" class=\"yoast-schema-graph\">{\"@context\":\"https:\/\/schema.org\",\"@graph\":[{\"@type\":\"Article\",\"@id\":\"https:\/\/portaltela.pt\/noticias\/2026\/03\/28\/vasco-vilaca-vence-taca-da-europa-de-quarteira-no-triatlo\/#article\",\"isPartOf\":{\"@id\":\"https:\/\/portaltela.pt\/noticias\/2026\/03\/28\/vasco-vilaca-vence-taca-da-europa-de-quarteira-no-triatlo\/\"},\"author\":{\"name\":\"Telinha\",\"@id\":\"https:\/\/portaltela.pt\/#\/schema\/person\/c4278d4a6028830caff9ee44b42d32ed\"},\"headline\":\"Vasco Vila\u00e7a vence Ta\u00e7a da Europa de Quarteira no triatlo\",\"datePublished\":\"2026-03-28T19:47:17+00:00\",\"mainEntityOfPage\":{\"@id\":\"https:\/\/portaltela.pt\/noticias\/2026\/03\/28\/vasco-vilaca-vence-taca-da-europa-de-quarteira-no-triatlo\/\"},\"wordCount\":293,\"image\":{\"@id\":\"https:\/\/portaltela.pt\/noticias\/2026\/03\/28\/vasco-vilaca-vence-taca-da-europa-de-quarteira-no-triatlo\/#primaryimage\"},\"thumbnailUrl\":\"https:\/\/portaltela.pt\/s.01k8rhncp4jt1\/2026\/03\/img_920x518uu2026-03-28-19-43-40-2429898-im-639103239684045929.jpg\",\"keywords\":[\"Algarve\",\"atletas\",\"desporto\",\"nata\u00e7\u00e3o\",\"Portugal\",\"Quarteira\"],\"articleSection\":[\"Desporto\",\"Futebol\"],\"inLanguage\":\"pt-PT\"},{\"@type\":\"WebPage\",\"@id\":\"https:\/\/portaltela.pt\/noticias\/2026\/03\/28\/vasco-vilaca-vence-taca-da-europa-de-quarteira-no-triatlo\/\",\"url\":\"https:\/\/portaltela.pt\/noticias\/2026\/03\/28\/vasco-vilaca-vence-taca-da-europa-de-quarteira-no-triatlo\/\",\"name\":\"Vasco Vila\u00e7a vence Ta\u00e7a da Europa de Quarteira no triatlo - Portal Tela Portugal\",\"isPartOf\":{\"@id\":\"https:\/\/portaltela.pt\/#website\"},\"primaryImageOfPage\":{\"@id\":\"https:\/\/portaltela.pt\/noticias\/2026\/03\/28\/vasco-vilaca-vence-taca-da-europa-de-quarteira-no-triatlo\/#primaryimage\"},\"image\":{\"@id\":\"https:\/\/portaltela.pt\/noticias\/2026\/03\/28\/vasco-vilaca-vence-taca-da-europa-de-quarteira-no-triatlo\/#primaryimage\"},\"thumbnailUrl\":\"https:\/\/portaltela.pt\/s.01k8rhncp4jt1\/2026\/03\/img_920x518uu2026-03-28-19-43-40-2429898-im-639103239684045929.jpg\",\"datePublished\":\"2026-03-28T19:47:17+00:00\",\"author\":{\"@id\":\"https:\/\/portaltela.pt\/#\/schema\/person\/c4278d4a6028830caff9ee44b42d32ed\"},\"breadcrumb\":{\"@id\":\"https:\/\/portaltela.pt\/noticias\/2026\/03\/28\/vasco-vilaca-vence-taca-da-europa-de-quarteira-no-triatlo\/#breadcrumb\"},\"inLanguage\":\"pt-PT\",\"potentialAction\":[{\"@type\":\"ReadAction\",\"target\":[\"https:\/\/portaltela.pt\/noticias\/2026\/03\/28\/vasco-vilaca-vence-taca-da-europa-de-quarteira-no-triatlo\/\"]}]},{\"@type\":\"ImageObject\",\"inLanguage\":\"pt-PT\",\"@id\":\"https:\/\/portaltela.pt\/noticias\/2026\/03\/28\/vasco-vilaca-vence-taca-da-europa-de-quarteira-no-triatlo\/#primaryimage\",\"url\":\"https:\/\/portaltela.pt\/s.01k8rhncp4jt1\/2026\/03\/img_920x518uu2026-03-28-19-43-40-2429898-im-639103239684045929.jpg\",\"contentUrl\":\"https:\/\/portaltela.pt\/s.01k8rhncp4jt1\/2026\/03\/img_920x518uu2026-03-28-19-43-40-2429898-im-639103239684045929.jpg\",\"width\":796,\"height\":448,\"caption\":\"Vasco Vila\u00e7a e Jo\u00e3o Nuno Batista em destaque na Ta\u00e7a da Europa de Quarteira\"},{\"@type\":\"BreadcrumbList\",\"@id\":\"https:\/\/portaltela.pt\/noticias\/2026\/03\/28\/vasco-vilaca-vence-taca-da-europa-de-quarteira-no-triatlo\/#breadcrumb\",\"itemListElement\":[{\"@type\":\"ListItem\",\"position\":1,\"name\":\"In\u00edcio\",\"item\":\"https:\/\/portaltela.pt\/\"},{\"@type\":\"ListItem\",\"position\":2,\"name\":\"Vasco Vila\u00e7a vence Ta\u00e7a da Europa de Quarteira no triatlo\"}]},{\"@type\":\"WebSite\",\"@id\":\"https:\/\/portaltela.pt\/#website\",\"url\":\"https:\/\/portaltela.pt\/\",\"name\":\"Portal Tela Portugal\",\"description\":\"\",\"potentialAction\":[{\"@type\":\"SearchAction\",\"target\":{\"@type\":\"EntryPoint\",\"urlTemplate\":\"https:\/\/portaltela.pt\/?s={search_term_string}\"},\"query-input\":{\"@type\":\"PropertyValueSpecification\",\"valueRequired\":true,\"valueName\":\"search_term_string\"}}],\"inLanguage\":\"pt-PT\"},{\"@type\":\"Person\",\"@id\":\"https:\/\/portaltela.pt\/#\/schema\/person\/c4278d4a6028830caff9ee44b42d32ed\",\"name\":\"Telinha\",\"image\":{\"@type\":\"ImageObject\",\"inLanguage\":\"pt-PT\",\"@id\":\"https:\/\/portaltela.pt\/s.01k8rhncp4jt1\/2025\/11\/talking-bot-125x125.png\",\"url\":\"https:\/\/portaltela.pt\/s.01k8rhncp4jt1\/2025\/11\/talking-bot-125x125.png\",\"contentUrl\":\"https:\/\/portaltela.pt\/s.01k8rhncp4jt1\/2025\/11\/talking-bot-125x125.png\",\"caption\":\"Telinha\"},\"sameAs\":[\"https:\/\/portaltela.pt\/\"],\"url\":\"https:\/\/portaltela.pt\/por\/367410592786\/\"}]}<\/script>\n<!-- \/ Yoast SEO plugin. -->","yoast_head_json":{"title":"Vasco Vila\u00e7a vence Ta\u00e7a da Europa de Quarteira no triatlo - Portal Tela Portugal","robots":{"index":"index","follow":"follow","max-snippet":"max-snippet:-1","max-image-preview":"max-image-preview:large","max-video-preview":"max-video-preview:-1"},"og_locale":"pt_PT","og_type":"article","og_title":"Vasco Vila\u00e7a vence Ta\u00e7a da Europa de Quarteira no triatlo - Portal Tela Portugal","og_description":"Vasco Vila\u00e7a venceu a Ta\u00e7a da Europa de Quarteira na disciplina de triatlo elites masculinos (dist\u00e2ncia ol\u00edmpica), com 1:44.03 horas. Jo\u00e3o Nuno Batista ficou em segundo lugar, a 20 segundos do vencedor, garantindo uma dobradinha hist\u00f3rica para Portugal. Miguel Tiago Silva terminou na oitava posi\u00e7\u00e3o, completando a participa\u00e7\u00e3o de tr\u00eas portugueses entre os l\u00edderes. A prova decorreu em Quarteira, Algarve, reunindo cerca de 250 triatletas de mais de 20 nacionalidades. Na v\u00e9spera, a portuguesa Maria Tom\u00e9 conquistou o segundo posto nos elites femininos.","og_url":"https:\/\/portaltela.pt\/noticias\/2026\/03\/28\/vasco-vilaca-vence-taca-da-europa-de-quarteira-no-triatlo\/","og_site_name":"Portal Tela Portugal","article_published_time":"2026-03-28T19:47:17+00:00","author":"Telinha","twitter_card":"summary_large_image","twitter_misc":{"Escrito por":"Telinha","Tempo estimado de leitura":"1 minuto"},"schema":{"@context":"https:\/\/schema.org","@graph":[{"@type":"Article","@id":"https:\/\/portaltela.pt\/noticias\/2026\/03\/28\/vasco-vilaca-vence-taca-da-europa-de-quarteira-no-triatlo\/#article","isPartOf":{"@id":"https:\/\/portaltela.pt\/noticias\/2026\/03\/28\/vasco-vilaca-vence-taca-da-europa-de-quarteira-no-triatlo\/"},"author":{"name":"Telinha","@id":"https:\/\/portaltela.pt\/#\/schema\/person\/c4278d4a6028830caff9ee44b42d32ed"},"headline":"Vasco Vila\u00e7a vence Ta\u00e7a da Europa de Quarteira no triatlo","datePublished":"2026-03-28T19:47:17+00:00","mainEntityOfPage":{"@id":"https:\/\/portaltela.pt\/noticias\/2026\/03\/28\/vasco-vilaca-vence-taca-da-europa-de-quarteira-no-triatlo\/"},"wordCount":293,"image":{"@id":"https:\/\/portaltela.pt\/noticias\/2026\/03\/28\/vasco-vilaca-vence-taca-da-europa-de-quarteira-no-triatlo\/#primaryimage"},"thumbnailUrl":"https:\/\/portaltela.pt\/s.01k8rhncp4jt1\/2026\/03\/img_920x518uu2026-03-28-19-43-40-2429898-im-639103239684045929.jpg","keywords":["Algarve","atletas","desporto","nata\u00e7\u00e3o","Portugal","Quarteira"],"articleSection":["Desporto","Futebol"],"inLanguage":"pt-PT"},{"@type":"WebPage","@id":"https:\/\/portaltela.pt\/noticias\/2026\/03\/28\/vasco-vilaca-vence-taca-da-europa-de-quarteira-no-triatlo\/","url":"https:\/\/portaltela.pt\/noticias\/2026\/03\/28\/vasco-vilaca-vence-taca-da-europa-de-quarteira-no-triatlo\/","name":"Vasco Vila\u00e7a vence Ta\u00e7a da Europa de Quarteira no triatlo - Portal Tela Portugal","isPartOf":{"@id":"https:\/\/portaltela.pt\/#website"},"primaryImageOfPage":{"@id":"https:\/\/portaltela.pt\/noticias\/2026\/03\/28\/vasco-vilaca-vence-taca-da-europa-de-quarteira-no-triatlo\/#primaryimage"},"image":{"@id":"https:\/\/portaltela.pt\/noticias\/2026\/03\/28\/vasco-vilaca-vence-taca-da-europa-de-quarteira-no-triatlo\/#primaryimage"},"thumbnailUrl":"https:\/\/portaltela.pt\/s.01k8rhncp4jt1\/2026\/03\/img_920x518uu2026-03-28-19-43-40-2429898-im-639103239684045929.jpg","datePublished":"2026-03-28T19:47:17+00:00","author":{"@id":"https:\/\/portaltela.pt\/#\/schema\/person\/c4278d4a6028830caff9ee44b42d32ed"},"breadcrumb":{"@id":"https:\/\/portaltela.pt\/noticias\/2026\/03\/28\/vasco-vilaca-vence-taca-da-europa-de-quarteira-no-triatlo\/#breadcrumb"},"inLanguage":"pt-PT","potentialAction":[{"@type":"ReadAction","target":["https:\/\/portaltela.pt\/noticias\/2026\/03\/28\/vasco-vilaca-vence-taca-da-europa-de-quarteira-no-triatlo\/"]}]},{"@type":"ImageObject","inLanguage":"pt-PT","@id":"https:\/\/portaltela.pt\/noticias\/2026\/03\/28\/vasco-vilaca-vence-taca-da-europa-de-quarteira-no-triatlo\/#primaryimage","url":"https:\/\/portaltela.pt\/s.01k8rhncp4jt1\/2026\/03\/img_920x518uu2026-03-28-19-43-40-2429898-im-639103239684045929.jpg","contentUrl":"https:\/\/portaltela.pt\/s.01k8rhncp4jt1\/2026\/03\/img_920x518uu2026-03-28-19-43-40-2429898-im-639103239684045929.jpg","width":796,"height":448,"caption":"Vasco Vila\u00e7a e Jo\u00e3o Nuno Batista em destaque na Ta\u00e7a da Europa de Quarteira"},{"@type":"BreadcrumbList","@id":"https:\/\/portaltela.pt\/noticias\/2026\/03\/28\/vasco-vilaca-vence-taca-da-europa-de-quarteira-no-triatlo\/#breadcrumb","itemListElement":[{"@type":"ListItem","position":1,"name":"In\u00edcio","item":"https:\/\/portaltela.pt\/"},{"@type":"ListItem","position":2,"name":"Vasco Vila\u00e7a vence Ta\u00e7a da Europa de Quarteira no triatlo"}]},{"@type":"WebSite","@id":"https:\/\/portaltela.pt\/#website","url":"https:\/\/portaltela.pt\/","name":"Portal Tela Portugal","description":"","potentialAction":[{"@type":"SearchAction","target":{"@type":"EntryPoint","urlTemplate":"https:\/\/portaltela.pt\/?s={search_term_string}"},"query-input":{"@type":"PropertyValueSpecification","valueRequired":true,"valueName":"search_term_string"}}],"inLanguage":"pt-PT"},{"@type":"Person","@id":"https:\/\/portaltela.pt\/#\/schema\/person\/c4278d4a6028830caff9ee44b42d32ed","name":"Telinha","image":{"@type":"ImageObject","inLanguage":"pt-PT","@id":"https:\/\/portaltela.pt\/s.01k8rhncp4jt1\/2025\/11\/talking-bot-125x125.png","url":"https:\/\/portaltela.pt\/s.01k8rhncp4jt1\/2025\/11\/talking-bot-125x125.png","contentUrl":"https:\/\/portaltela.pt\/s.01k8rhncp4jt1\/2025\/11\/talking-bot-125x125.png","caption":"Telinha"},"sameAs":["https:\/\/portaltela.pt\/"],"url":"https:\/\/portaltela.pt\/por\/367410592786\/"}]}},"_links":{"self":[{"href":"https:\/\/portaltela.pt\/api\/wp\/v2\/posts\/425361","targetHints":{"allow":["GET"]}}],"collection":[{"href":"https:\/\/portaltela.pt\/api\/wp\/v2\/posts"}],"about":[{"href":"https:\/\/portaltela.pt\/api\/wp\/v2\/types\/post"}],"author":[{"embeddable":true,"href":"https:\/\/portaltela.pt\/api\/wp\/v2\/users\/2"}],"replies":[{"embeddable":true,"href":"https:\/\/portaltela.pt\/api\/wp\/v2\/comments?post=425361"}],"version-history":[{"count":0,"href":"https:\/\/portaltela.pt\/api\/wp\/v2\/posts\/425361\/revisions"}],"wp:featuredmedia":[{"embeddable":true,"href":"https:\/\/portaltela.pt\/api\/wp\/v2\/media\/425366"}],"wp:attachment":[{"href":"https:\/\/portaltela.pt\/api\/wp\/v2\/media?parent=425361"}],"wp:term":[{"taxonomy":"category","embeddable":true,"href":"https:\/\/portaltela.pt\/api\/wp\/v2\/categories?post=425361"},{"taxonomy":"post_tag","embeddable":true,"href":"https:\/\/portaltela.pt\/api\/wp\/v2\/tags?post=425361"}],"curies":[{"name":"wp","href":"https:\/\/api.w.org\/{rel}","templated":true}]}}