{"id":425349,"date":"2026-03-28T17:00:00","date_gmt":"2026-03-28T20:00:00","guid":{"rendered":"https:\/\/portaltela.pt\/noticias\/2026\/03\/28\/atraso-em-lisboa-atrasa-deportacao-de-manuel-chang-para-mocambique\/"},"modified":"2026-03-28T17:00:00","modified_gmt":"2026-03-28T20:00:00","slug":"atraso-em-lisboa-atrasa-deportacao-de-manuel-chang-para-mocambique","status":"publish","type":"post","link":"https:\/\/portaltela.pt\/noticias\/2026\/03\/28\/atraso-em-lisboa-atrasa-deportacao-de-manuel-chang-para-mocambique\/","title":{"rendered":"Atraso em Lisboa atrasa deporta\u00e7\u00e3o de Manuel Chang para Mo\u00e7ambique"},"content":{"rendered":"<p>O antigo ministro das Finan\u00e7as de Mo\u00e7ambique, Manuel Chang, enfrenta atraso na deporta\u00e7\u00e3o para Mo\u00e7ambique devido a uma escala em Lisboa. A defesa solicitou ao tribunal dos EUA uma ordem de deporta\u00e7\u00e3o imediata, com a liberta\u00e7\u00e3o prevista para 26 de mar\u00e7o a depender de quest\u00f5es log\u00edsticas na escala.<\/p>\n<p>O requerimento foi dirigido ao juiz Garaufis, do Tribunal do Distrito Leste de Nova Iorque (EDNY). Nele, a defesa pede que o ICE oriente a deporta\u00e7\u00e3o imediata e indique quais documentos adicionais s\u00e3o necess\u00e1rios para o processo.<\/p>\n<p>Al\u00e9m disso, a defesa ressalva a necessidade de que Manuel Chang receba medica\u00e7\u00e3o durante a cust\u00f3dia sob o controlo do Servi\u00e7o de Imigra\u00e7\u00e3o e Alf\u00e2ndega dos EUA (ICE).<\/p>\n<h3>Pedido de deporta\u00e7\u00e3o imediata<\/h3>\n<p>O documento solicita assist\u00eancia r\u00e1pida do tribunal para coordenar a transfer\u00eancia entre as partes e evitar novas reten\u00e7\u00f5es. A defesa pretende acelerar o retorno a Mo\u00e7ambique, onde o antigo ministro dever\u00e1 cumprir eventual pena, ap\u00f3s o desfecho do processo nos EUA. A data de liberta\u00e7\u00e3o ainda depende de decis\u00f5es judiciais e da log\u00edstica de transporte.<\/p>\n","protected":false},"excerpt":{"rendered":"<ul>\n<li>A defesa de Manuel Chang pediu ao tribunal dos EUA que ordene a deporta\u00e7\u00e3o imediata para Mo\u00e7ambique, face a problemas na escala em Lisboa.<\/li>\n<li>A liberta\u00e7\u00e3o est\u00e1 prevista para o dia 26 de mar\u00e7o, mas ficou atrasada pela escala em Lisboa.<\/li>\n<li>O requerimento \u00e9 dirigido ao juiz Garaufis, do Tribunal do Distrito Leste de Nova Iorque, solicitando que o ICE intervenha na coordena\u00e7\u00e3o da deporta\u00e7\u00e3o.<\/li>\n<li>Solicita ainda que o tribunal esclare\u00e7a quais documentos adicionais s\u00e3o necess\u00e1rios.<\/li>\n<li>A defesa afirma que Chang deve receber medica\u00e7\u00e3o adequada durante a cust\u00f3dia do Servi\u00e7o de Imigra\u00e7\u00e3o e Alf\u00e2ndega dos EUA (ICE).<\/li>\n<\/ul>\n","protected":false},"author":2,"featured_media":425351,"comment_status":"closed","ping_status":"closed","sticky":false,"template":"","format":"standard","meta":{"footnotes":""},"categories":[6815,1],"tags":[4081,1600,6612,981,1911,6208],"class_list":["post-425349","post","type-post","status-publish","format-standard","has-post-thumbnail","hentry","category-justica","category-noticias","tag-deportacoes","tag-estados-unidos","tag-imigracao-internacional","tag-lisboa","tag-mocambique","tag-tribunais"],"yoast_head":"<!-- This site is optimized with the Yoast SEO plugin v27.2 - https:\/\/yoast.com\/product\/yoast-seo-wordpress\/ -->\n<title>Atraso em Lisboa atrasa deporta\u00e7\u00e3o de Manuel Chang para Mo\u00e7ambique - Portal Tela Portugal<\/title>\n<meta name=\"robots\" content=\"index, follow, max-snippet:-1, max-image-preview:large, max-video-preview:-1\" \/>\n<meta property=\"og:locale\" content=\"pt_PT\" \/>\n<meta property=\"og:type\" content=\"article\" \/>\n<meta property=\"og:title\" content=\"Atraso em Lisboa atrasa deporta\u00e7\u00e3o de Manuel Chang para Mo\u00e7ambique - Portal Tela Portugal\" \/>\n<meta property=\"og:description\" content=\"A defesa de Manuel Chang pediu ao tribunal dos EUA que ordene a deporta\u00e7\u00e3o imediata para Mo\u00e7ambique, face a problemas na escala em Lisboa. A liberta\u00e7\u00e3o est\u00e1 prevista para o dia 26 de mar\u00e7o, mas ficou atrasada pela escala em Lisboa. O requerimento \u00e9 dirigido ao juiz Garaufis, do Tribunal do Distrito Leste de Nova Iorque, solicitando que o ICE intervenha na coordena\u00e7\u00e3o da deporta\u00e7\u00e3o. Solicita ainda que o tribunal esclare\u00e7a quais documentos adicionais s\u00e3o necess\u00e1rios. A defesa afirma que Chang deve receber medica\u00e7\u00e3o adequada durante a cust\u00f3dia do Servi\u00e7o de Imigra\u00e7\u00e3o e Alf\u00e2ndega dos EUA (ICE).\" \/>\n<meta property=\"og:url\" content=\"https:\/\/portaltela.pt\/noticias\/2026\/03\/28\/atraso-em-lisboa-atrasa-deportacao-de-manuel-chang-para-mocambique\/\" \/>\n<meta property=\"og:site_name\" content=\"Portal Tela Portugal\" \/>\n<meta property=\"article:published_time\" content=\"2026-03-28T20:00:00+00:00\" \/>\n<meta name=\"author\" content=\"Telinha\" \/>\n<meta name=\"twitter:card\" content=\"summary_large_image\" \/>\n<meta name=\"twitter:label1\" content=\"Escrito por\" \/>\n\t<meta name=\"twitter:data1\" content=\"Telinha\" \/>\n\t<meta name=\"twitter:label2\" content=\"Tempo estimado de leitura\" \/>\n\t<meta name=\"twitter:data2\" content=\"1 minuto\" \/>\n<script type=\"application\/ld+json\" class=\"yoast-schema-graph\">{\"@context\":\"https:\/\/schema.org\",\"@graph\":[{\"@type\":\"Article\",\"@id\":\"https:\/\/portaltela.pt\/noticias\/2026\/03\/28\/atraso-em-lisboa-atrasa-deportacao-de-manuel-chang-para-mocambique\/#article\",\"isPartOf\":{\"@id\":\"https:\/\/portaltela.pt\/noticias\/2026\/03\/28\/atraso-em-lisboa-atrasa-deportacao-de-manuel-chang-para-mocambique\/\"},\"author\":{\"name\":\"Telinha\",\"@id\":\"https:\/\/portaltela.pt\/#\/schema\/person\/c4278d4a6028830caff9ee44b42d32ed\"},\"headline\":\"Atraso em Lisboa atrasa deporta\u00e7\u00e3o de Manuel Chang para Mo\u00e7ambique\",\"datePublished\":\"2026-03-28T20:00:00+00:00\",\"mainEntityOfPage\":{\"@id\":\"https:\/\/portaltela.pt\/noticias\/2026\/03\/28\/atraso-em-lisboa-atrasa-deportacao-de-manuel-chang-para-mocambique\/\"},\"wordCount\":211,\"image\":{\"@id\":\"https:\/\/portaltela.pt\/noticias\/2026\/03\/28\/atraso-em-lisboa-atrasa-deportacao-de-manuel-chang-para-mocambique\/#primaryimage\"},\"thumbnailUrl\":\"https:\/\/portaltela.pt\/s.01k8rhncp4jt1\/2026\/03\/img_1280x721uu2017-04-07-13-00-00-616047.jpg\",\"keywords\":[\"deporta\u00e7\u00f5es\",\"Estados Unidos\",\"imigra\u00e7\u00e3o internacional\",\"Lisboa\",\"Mo\u00e7ambique\",\"Tribunais\"],\"articleSection\":[\"Justi\u00e7a\",\"Not\u00edcias\"],\"inLanguage\":\"pt-PT\"},{\"@type\":\"WebPage\",\"@id\":\"https:\/\/portaltela.pt\/noticias\/2026\/03\/28\/atraso-em-lisboa-atrasa-deportacao-de-manuel-chang-para-mocambique\/\",\"url\":\"https:\/\/portaltela.pt\/noticias\/2026\/03\/28\/atraso-em-lisboa-atrasa-deportacao-de-manuel-chang-para-mocambique\/\",\"name\":\"Atraso em Lisboa atrasa deporta\u00e7\u00e3o de Manuel Chang para Mo\u00e7ambique - Portal Tela Portugal\",\"isPartOf\":{\"@id\":\"https:\/\/portaltela.pt\/#website\"},\"primaryImageOfPage\":{\"@id\":\"https:\/\/portaltela.pt\/noticias\/2026\/03\/28\/atraso-em-lisboa-atrasa-deportacao-de-manuel-chang-para-mocambique\/#primaryimage\"},\"image\":{\"@id\":\"https:\/\/portaltela.pt\/noticias\/2026\/03\/28\/atraso-em-lisboa-atrasa-deportacao-de-manuel-chang-para-mocambique\/#primaryimage\"},\"thumbnailUrl\":\"https:\/\/portaltela.pt\/s.01k8rhncp4jt1\/2026\/03\/img_1280x721uu2017-04-07-13-00-00-616047.jpg\",\"datePublished\":\"2026-03-28T20:00:00+00:00\",\"author\":{\"@id\":\"https:\/\/portaltela.pt\/#\/schema\/person\/c4278d4a6028830caff9ee44b42d32ed\"},\"breadcrumb\":{\"@id\":\"https:\/\/portaltela.pt\/noticias\/2026\/03\/28\/atraso-em-lisboa-atrasa-deportacao-de-manuel-chang-para-mocambique\/#breadcrumb\"},\"inLanguage\":\"pt-PT\",\"potentialAction\":[{\"@type\":\"ReadAction\",\"target\":[\"https:\/\/portaltela.pt\/noticias\/2026\/03\/28\/atraso-em-lisboa-atrasa-deportacao-de-manuel-chang-para-mocambique\/\"]}]},{\"@type\":\"ImageObject\",\"inLanguage\":\"pt-PT\",\"@id\":\"https:\/\/portaltela.pt\/noticias\/2026\/03\/28\/atraso-em-lisboa-atrasa-deportacao-de-manuel-chang-para-mocambique\/#primaryimage\",\"url\":\"https:\/\/portaltela.pt\/s.01k8rhncp4jt1\/2026\/03\/img_1280x721uu2017-04-07-13-00-00-616047.jpg\",\"contentUrl\":\"https:\/\/portaltela.pt\/s.01k8rhncp4jt1\/2026\/03\/img_1280x721uu2017-04-07-13-00-00-616047.jpg\",\"width\":796,\"height\":448,\"caption\":\"Photo\"},{\"@type\":\"BreadcrumbList\",\"@id\":\"https:\/\/portaltela.pt\/noticias\/2026\/03\/28\/atraso-em-lisboa-atrasa-deportacao-de-manuel-chang-para-mocambique\/#breadcrumb\",\"itemListElement\":[{\"@type\":\"ListItem\",\"position\":1,\"name\":\"In\u00edcio\",\"item\":\"https:\/\/portaltela.pt\/\"},{\"@type\":\"ListItem\",\"position\":2,\"name\":\"Atraso em Lisboa atrasa deporta\u00e7\u00e3o de Manuel Chang para Mo\u00e7ambique\"}]},{\"@type\":\"WebSite\",\"@id\":\"https:\/\/portaltela.pt\/#website\",\"url\":\"https:\/\/portaltela.pt\/\",\"name\":\"Portal Tela Portugal\",\"description\":\"\",\"potentialAction\":[{\"@type\":\"SearchAction\",\"target\":{\"@type\":\"EntryPoint\",\"urlTemplate\":\"https:\/\/portaltela.pt\/?s={search_term_string}\"},\"query-input\":{\"@type\":\"PropertyValueSpecification\",\"valueRequired\":true,\"valueName\":\"search_term_string\"}}],\"inLanguage\":\"pt-PT\"},{\"@type\":\"Person\",\"@id\":\"https:\/\/portaltela.pt\/#\/schema\/person\/c4278d4a6028830caff9ee44b42d32ed\",\"name\":\"Telinha\",\"image\":{\"@type\":\"ImageObject\",\"inLanguage\":\"pt-PT\",\"@id\":\"https:\/\/portaltela.pt\/s.01k8rhncp4jt1\/2025\/11\/talking-bot-125x125.png\",\"url\":\"https:\/\/portaltela.pt\/s.01k8rhncp4jt1\/2025\/11\/talking-bot-125x125.png\",\"contentUrl\":\"https:\/\/portaltela.pt\/s.01k8rhncp4jt1\/2025\/11\/talking-bot-125x125.png\",\"caption\":\"Telinha\"},\"sameAs\":[\"https:\/\/portaltela.pt\/\"],\"url\":\"https:\/\/portaltela.pt\/por\/367410592786\/\"}]}<\/script>\n<!-- \/ Yoast SEO plugin. -->","yoast_head_json":{"title":"Atraso em Lisboa atrasa deporta\u00e7\u00e3o de Manuel Chang para Mo\u00e7ambique - Portal Tela Portugal","robots":{"index":"index","follow":"follow","max-snippet":"max-snippet:-1","max-image-preview":"max-image-preview:large","max-video-preview":"max-video-preview:-1"},"og_locale":"pt_PT","og_type":"article","og_title":"Atraso em Lisboa atrasa deporta\u00e7\u00e3o de Manuel Chang para Mo\u00e7ambique - Portal Tela Portugal","og_description":"A defesa de Manuel Chang pediu ao tribunal dos EUA que ordene a deporta\u00e7\u00e3o imediata para Mo\u00e7ambique, face a problemas na escala em Lisboa. A liberta\u00e7\u00e3o est\u00e1 prevista para o dia 26 de mar\u00e7o, mas ficou atrasada pela escala em Lisboa. O requerimento \u00e9 dirigido ao juiz Garaufis, do Tribunal do Distrito Leste de Nova Iorque, solicitando que o ICE intervenha na coordena\u00e7\u00e3o da deporta\u00e7\u00e3o. Solicita ainda que o tribunal esclare\u00e7a quais documentos adicionais s\u00e3o necess\u00e1rios. A defesa afirma que Chang deve receber medica\u00e7\u00e3o adequada durante a cust\u00f3dia do Servi\u00e7o de Imigra\u00e7\u00e3o e Alf\u00e2ndega dos EUA (ICE).","og_url":"https:\/\/portaltela.pt\/noticias\/2026\/03\/28\/atraso-em-lisboa-atrasa-deportacao-de-manuel-chang-para-mocambique\/","og_site_name":"Portal Tela Portugal","article_published_time":"2026-03-28T20:00:00+00:00","author":"Telinha","twitter_card":"summary_large_image","twitter_misc":{"Escrito por":"Telinha","Tempo estimado de leitura":"1 minuto"},"schema":{"@context":"https:\/\/schema.org","@graph":[{"@type":"Article","@id":"https:\/\/portaltela.pt\/noticias\/2026\/03\/28\/atraso-em-lisboa-atrasa-deportacao-de-manuel-chang-para-mocambique\/#article","isPartOf":{"@id":"https:\/\/portaltela.pt\/noticias\/2026\/03\/28\/atraso-em-lisboa-atrasa-deportacao-de-manuel-chang-para-mocambique\/"},"author":{"name":"Telinha","@id":"https:\/\/portaltela.pt\/#\/schema\/person\/c4278d4a6028830caff9ee44b42d32ed"},"headline":"Atraso em Lisboa atrasa deporta\u00e7\u00e3o de Manuel Chang para Mo\u00e7ambique","datePublished":"2026-03-28T20:00:00+00:00","mainEntityOfPage":{"@id":"https:\/\/portaltela.pt\/noticias\/2026\/03\/28\/atraso-em-lisboa-atrasa-deportacao-de-manuel-chang-para-mocambique\/"},"wordCount":211,"image":{"@id":"https:\/\/portaltela.pt\/noticias\/2026\/03\/28\/atraso-em-lisboa-atrasa-deportacao-de-manuel-chang-para-mocambique\/#primaryimage"},"thumbnailUrl":"https:\/\/portaltela.pt\/s.01k8rhncp4jt1\/2026\/03\/img_1280x721uu2017-04-07-13-00-00-616047.jpg","keywords":["deporta\u00e7\u00f5es","Estados Unidos","imigra\u00e7\u00e3o internacional","Lisboa","Mo\u00e7ambique","Tribunais"],"articleSection":["Justi\u00e7a","Not\u00edcias"],"inLanguage":"pt-PT"},{"@type":"WebPage","@id":"https:\/\/portaltela.pt\/noticias\/2026\/03\/28\/atraso-em-lisboa-atrasa-deportacao-de-manuel-chang-para-mocambique\/","url":"https:\/\/portaltela.pt\/noticias\/2026\/03\/28\/atraso-em-lisboa-atrasa-deportacao-de-manuel-chang-para-mocambique\/","name":"Atraso em Lisboa atrasa deporta\u00e7\u00e3o de Manuel Chang para Mo\u00e7ambique - Portal Tela Portugal","isPartOf":{"@id":"https:\/\/portaltela.pt\/#website"},"primaryImageOfPage":{"@id":"https:\/\/portaltela.pt\/noticias\/2026\/03\/28\/atraso-em-lisboa-atrasa-deportacao-de-manuel-chang-para-mocambique\/#primaryimage"},"image":{"@id":"https:\/\/portaltela.pt\/noticias\/2026\/03\/28\/atraso-em-lisboa-atrasa-deportacao-de-manuel-chang-para-mocambique\/#primaryimage"},"thumbnailUrl":"https:\/\/portaltela.pt\/s.01k8rhncp4jt1\/2026\/03\/img_1280x721uu2017-04-07-13-00-00-616047.jpg","datePublished":"2026-03-28T20:00:00+00:00","author":{"@id":"https:\/\/portaltela.pt\/#\/schema\/person\/c4278d4a6028830caff9ee44b42d32ed"},"breadcrumb":{"@id":"https:\/\/portaltela.pt\/noticias\/2026\/03\/28\/atraso-em-lisboa-atrasa-deportacao-de-manuel-chang-para-mocambique\/#breadcrumb"},"inLanguage":"pt-PT","potentialAction":[{"@type":"ReadAction","target":["https:\/\/portaltela.pt\/noticias\/2026\/03\/28\/atraso-em-lisboa-atrasa-deportacao-de-manuel-chang-para-mocambique\/"]}]},{"@type":"ImageObject","inLanguage":"pt-PT","@id":"https:\/\/portaltela.pt\/noticias\/2026\/03\/28\/atraso-em-lisboa-atrasa-deportacao-de-manuel-chang-para-mocambique\/#primaryimage","url":"https:\/\/portaltela.pt\/s.01k8rhncp4jt1\/2026\/03\/img_1280x721uu2017-04-07-13-00-00-616047.jpg","contentUrl":"https:\/\/portaltela.pt\/s.01k8rhncp4jt1\/2026\/03\/img_1280x721uu2017-04-07-13-00-00-616047.jpg","width":796,"height":448,"caption":"Photo"},{"@type":"BreadcrumbList","@id":"https:\/\/portaltela.pt\/noticias\/2026\/03\/28\/atraso-em-lisboa-atrasa-deportacao-de-manuel-chang-para-mocambique\/#breadcrumb","itemListElement":[{"@type":"ListItem","position":1,"name":"In\u00edcio","item":"https:\/\/portaltela.pt\/"},{"@type":"ListItem","position":2,"name":"Atraso em Lisboa atrasa deporta\u00e7\u00e3o de Manuel Chang para Mo\u00e7ambique"}]},{"@type":"WebSite","@id":"https:\/\/portaltela.pt\/#website","url":"https:\/\/portaltela.pt\/","name":"Portal Tela Portugal","description":"","potentialAction":[{"@type":"SearchAction","target":{"@type":"EntryPoint","urlTemplate":"https:\/\/portaltela.pt\/?s={search_term_string}"},"query-input":{"@type":"PropertyValueSpecification","valueRequired":true,"valueName":"search_term_string"}}],"inLanguage":"pt-PT"},{"@type":"Person","@id":"https:\/\/portaltela.pt\/#\/schema\/person\/c4278d4a6028830caff9ee44b42d32ed","name":"Telinha","image":{"@type":"ImageObject","inLanguage":"pt-PT","@id":"https:\/\/portaltela.pt\/s.01k8rhncp4jt1\/2025\/11\/talking-bot-125x125.png","url":"https:\/\/portaltela.pt\/s.01k8rhncp4jt1\/2025\/11\/talking-bot-125x125.png","contentUrl":"https:\/\/portaltela.pt\/s.01k8rhncp4jt1\/2025\/11\/talking-bot-125x125.png","caption":"Telinha"},"sameAs":["https:\/\/portaltela.pt\/"],"url":"https:\/\/portaltela.pt\/por\/367410592786\/"}]}},"_links":{"self":[{"href":"https:\/\/portaltela.pt\/api\/wp\/v2\/posts\/425349","targetHints":{"allow":["GET"]}}],"collection":[{"href":"https:\/\/portaltela.pt\/api\/wp\/v2\/posts"}],"about":[{"href":"https:\/\/portaltela.pt\/api\/wp\/v2\/types\/post"}],"author":[{"embeddable":true,"href":"https:\/\/portaltela.pt\/api\/wp\/v2\/users\/2"}],"replies":[{"embeddable":true,"href":"https:\/\/portaltela.pt\/api\/wp\/v2\/comments?post=425349"}],"version-history":[{"count":0,"href":"https:\/\/portaltela.pt\/api\/wp\/v2\/posts\/425349\/revisions"}],"wp:featuredmedia":[{"embeddable":true,"href":"https:\/\/portaltela.pt\/api\/wp\/v2\/media\/425351"}],"wp:attachment":[{"href":"https:\/\/portaltela.pt\/api\/wp\/v2\/media?parent=425349"}],"wp:term":[{"taxonomy":"category","embeddable":true,"href":"https:\/\/portaltela.pt\/api\/wp\/v2\/categories?post=425349"},{"taxonomy":"post_tag","embeddable":true,"href":"https:\/\/portaltela.pt\/api\/wp\/v2\/tags?post=425349"}],"curies":[{"name":"wp","href":"https:\/\/api.w.org\/{rel}","templated":true}]}}