{"id":425341,"date":"2026-03-28T16:28:00","date_gmt":"2026-03-28T19:28:00","guid":{"rendered":"https:\/\/portaltela.pt\/noticias\/2026\/03\/28\/psd-diz-que-ameaca-de-tempestades-do-ps-e-conversa-para-claque\/"},"modified":"2026-03-28T16:28:00","modified_gmt":"2026-03-28T19:28:00","slug":"psd-diz-que-ameaca-de-tempestades-do-ps-e-conversa-para-claque","status":"publish","type":"post","link":"https:\/\/portaltela.pt\/noticias\/politica\/2026\/03\/28\/psd-diz-que-ameaca-de-tempestades-do-ps-e-conversa-para-claque\/","title":{"rendered":"PSD diz que amea\u00e7a de tempestades do PS \u00e9 conversa para claque"},"content":{"rendered":"<p>O secret\u00e1rio-geral do PSD, Hugo Soares, afirmou este s\u00e1bado que a amea\u00e7a de tempestades do PS \u00e9 conversa para claque. A declara\u00e7\u00e3o aconteceu em Cabeceiras de Basto, \u00e0 margem da tomada de posse da nova concelhia do PSD liderada por Laura Magalh\u00e3es.<\/p>\n<p>Soares disse que o Governo vai manter o di\u00e1logo com todos os partidos com representa\u00e7\u00e3o parlamentar. O dirigente social-democrata lembrou que os portugueses escolheram um Parlamento com tr\u00eas blocos maiorit\u00e1rios e que \u00e9 esse o caminho do Executivo.<\/p>\n<p>Aten\u00e7\u00e3o \u00e0 rea\u00e7\u00e3o segue aos discursos de Jos\u00e9 Lu\u00eds Carneiro, secret\u00e1rio-geral do PS, no 25.\u00ba Congresso Nacional do PS, em Viseu. Carneiro pediu \u00e0 AD para decidir entre converg\u00eancias moderadas ou acordos com o Chega, e avisou que dir\u00e1 n\u00e3o a tentativas de desequilibrar o Tribunal Constitucional.<\/p>\n<p>No discurso de abertura, Carneiro apresentou quatro medidas para mitigar impactos do conflito no M\u00e9dio Oriente. Entre elas, IVA zero nos produtos alimentares essenciais, IVA de 13% nos combust\u00edveis e no g\u00e1s, duplicar o consumo de energia tributada a 6%, e isen\u00e7\u00e3o de ISP sobre o gas\u00f3leo agr\u00edcola.<\/p>\n<p>Hugo Soares criticou o IVA zero, classificando a medida de cega e injusta, por beneficiar todos por igual. O PSD, adiantou, continuar\u00e1 a acompanhar pol\u00edticas relacionadas com combust\u00edveis e bens alimentares, mantendo aten\u00e7\u00e3o ao pre\u00e7o final aos consumidores.<\/p>\n<p>Sobre a possibilidade de revis\u00e3o constitucional anunciada pelo l\u00edder do Chega, Soares afirmou que cada tema tem o seu tempo. O PSD manter\u00e1 a sua atua\u00e7\u00e3o para governar e transformar a vida das pessoas, sem adiantar decis\u00f5es antecipadas.<\/p>\n","protected":false},"excerpt":{"rendered":"<ul>\n<li>O secret\u00e1rio-geral do PSD, Hugo Soares, disse que a \u201camea\u00e7a de tempestades\u201d do PS \u00e9 \u201cconversa para claque\u201d e que o Governo vai dialogar com todos os partidos com representa\u00e7\u00e3o parlamentar.<\/li>\n<li>A declara\u00e7\u00e3o foi feita em Cabeceiras de Basto, \u00e0 margem da tomada de posse da nova concelhia do PSD, liderada por Laura Magalh\u00e3es.<\/li>\n<li>Jos\u00e9 Lu\u00eds Carneiro, secret\u00e1rio-geral do PS, pediu \u00e0 Assembleia da Rep\u00fablica que se decida entre converg\u00eancias moderadas com o PS ou acordos com o Chega, avisando de \u201ctempestades\u201d se o Governo escolher ventos.<\/li>\n<li>O PS apresentou quatro medidas para enfrentar o conflito no M\u00e9dio Oriente: IVA zero nos bens alimentares, IVA dos combust\u00edveis e do g\u00e1s de 23% para 13%, duplica\u00e7\u00e3o do consumo de energia tributada a 6% e isen\u00e7\u00e3o de ISP sobre o gas\u00f3leo para a agricultura.<\/li>\n<li>Hugo Soares criticou o IVA zero, dizendo que \u00e9 uma medida cega e injusta, e afirmou que o Governo tem vindo a anunciar medidas sobre combust\u00edveis e g\u00e1s, mantendo-se atento aos pre\u00e7os dos bens; n\u00e3o comentou a escolha de ju\u00edzes para o Tribunal Constitucional nem uma poss\u00edvel revis\u00e3o constitucional proposta pelo Chega.<\/li>\n<\/ul>\n","protected":false},"author":2,"featured_media":425344,"comment_status":"closed","ping_status":"closed","sticky":false,"template":"","format":"standard","meta":{"footnotes":""},"categories":[1,5],"tags":[4120,34,1732,2832,2144,3695],"class_list":["post-425341","post","type-post","status-publish","format-standard","has-post-thumbnail","hentry","category-noticias","category-politica","tag-congresso-nacional","tag-governo","tag-partidos","tag-politica","tag-ps","tag-psd"],"yoast_head":"<!-- This site is optimized with the Yoast SEO plugin v27.2 - https:\/\/yoast.com\/product\/yoast-seo-wordpress\/ -->\n<title>PSD diz que amea\u00e7a de tempestades do PS \u00e9 conversa para claque - Portal Tela Portugal<\/title>\n<meta name=\"robots\" content=\"index, follow, max-snippet:-1, max-image-preview:large, max-video-preview:-1\" \/>\n<meta property=\"og:locale\" content=\"pt_PT\" \/>\n<meta property=\"og:type\" content=\"article\" \/>\n<meta property=\"og:title\" content=\"PSD diz que amea\u00e7a de tempestades do PS \u00e9 conversa para claque - Portal Tela Portugal\" \/>\n<meta property=\"og:description\" content=\"O secret\u00e1rio-geral do PSD, Hugo Soares, disse que a \u201camea\u00e7a de tempestades\u201d do PS \u00e9 \u201cconversa para claque\u201d e que o Governo vai dialogar com todos os partidos com representa\u00e7\u00e3o parlamentar. A declara\u00e7\u00e3o foi feita em Cabeceiras de Basto, \u00e0 margem da tomada de posse da nova concelhia do PSD, liderada por Laura Magalh\u00e3es. Jos\u00e9 Lu\u00eds Carneiro, secret\u00e1rio-geral do PS, pediu \u00e0 Assembleia da Rep\u00fablica que se decida entre converg\u00eancias moderadas com o PS ou acordos com o Chega, avisando de \u201ctempestades\u201d se o Governo escolher ventos. O PS apresentou quatro medidas para enfrentar o conflito no M\u00e9dio Oriente: IVA zero nos bens alimentares, IVA dos combust\u00edveis e do g\u00e1s de 23% para 13%, duplica\u00e7\u00e3o do consumo de energia tributada a 6% e isen\u00e7\u00e3o de ISP sobre o gas\u00f3leo para a agricultura. Hugo Soares criticou o IVA zero, dizendo que \u00e9 uma medida cega e injusta, e afirmou que o Governo tem vindo a anunciar medidas sobre combust\u00edveis e g\u00e1s, mantendo-se atento aos pre\u00e7os dos bens; n\u00e3o comentou a escolha de ju\u00edzes para o Tribunal Constitucional nem uma poss\u00edvel revis\u00e3o constitucional proposta pelo Chega.\" \/>\n<meta property=\"og:url\" content=\"https:\/\/portaltela.pt\/noticias\/2026\/03\/28\/psd-diz-que-ameaca-de-tempestades-do-ps-e-conversa-para-claque\/\" \/>\n<meta property=\"og:site_name\" content=\"Portal Tela Portugal\" \/>\n<meta property=\"article:published_time\" content=\"2026-03-28T19:28:00+00:00\" \/>\n<meta name=\"author\" content=\"Telinha\" \/>\n<meta name=\"twitter:card\" content=\"summary_large_image\" \/>\n<meta name=\"twitter:label1\" content=\"Escrito por\" \/>\n\t<meta name=\"twitter:data1\" content=\"Telinha\" \/>\n\t<meta name=\"twitter:label2\" content=\"Tempo estimado de leitura\" \/>\n\t<meta name=\"twitter:data2\" content=\"1 minuto\" \/>\n<script type=\"application\/ld+json\" class=\"yoast-schema-graph\">{\"@context\":\"https:\/\/schema.org\",\"@graph\":[{\"@type\":\"Article\",\"@id\":\"https:\/\/portaltela.pt\/noticias\/2026\/03\/28\/psd-diz-que-ameaca-de-tempestades-do-ps-e-conversa-para-claque\/#article\",\"isPartOf\":{\"@id\":\"https:\/\/portaltela.pt\/noticias\/2026\/03\/28\/psd-diz-que-ameaca-de-tempestades-do-ps-e-conversa-para-claque\/\"},\"author\":{\"name\":\"Telinha\",\"@id\":\"https:\/\/portaltela.pt\/#\/schema\/person\/c4278d4a6028830caff9ee44b42d32ed\"},\"headline\":\"PSD diz que amea\u00e7a de tempestades do PS \u00e9 conversa para claque\",\"datePublished\":\"2026-03-28T19:28:00+00:00\",\"mainEntityOfPage\":{\"@id\":\"https:\/\/portaltela.pt\/noticias\/2026\/03\/28\/psd-diz-que-ameaca-de-tempestades-do-ps-e-conversa-para-claque\/\"},\"wordCount\":284,\"image\":{\"@id\":\"https:\/\/portaltela.pt\/noticias\/2026\/03\/28\/psd-diz-que-ameaca-de-tempestades-do-ps-e-conversa-para-claque\/#primaryimage\"},\"thumbnailUrl\":\"https:\/\/portaltela.pt\/s.01k8rhncp4jt1\/2026\/03\/2077706.jpg\",\"keywords\":[\"Congresso Nacional\",\"governo\",\"partidos\",\"pol\u00edtica\",\"PS\",\"PSD\"],\"articleSection\":[\"Not\u00edcias\",\"Pol\u00edtica\"],\"inLanguage\":\"pt-PT\"},{\"@type\":\"WebPage\",\"@id\":\"https:\/\/portaltela.pt\/noticias\/2026\/03\/28\/psd-diz-que-ameaca-de-tempestades-do-ps-e-conversa-para-claque\/\",\"url\":\"https:\/\/portaltela.pt\/noticias\/2026\/03\/28\/psd-diz-que-ameaca-de-tempestades-do-ps-e-conversa-para-claque\/\",\"name\":\"PSD diz que amea\u00e7a de tempestades do PS \u00e9 conversa para claque - Portal Tela Portugal\",\"isPartOf\":{\"@id\":\"https:\/\/portaltela.pt\/#website\"},\"primaryImageOfPage\":{\"@id\":\"https:\/\/portaltela.pt\/noticias\/2026\/03\/28\/psd-diz-que-ameaca-de-tempestades-do-ps-e-conversa-para-claque\/#primaryimage\"},\"image\":{\"@id\":\"https:\/\/portaltela.pt\/noticias\/2026\/03\/28\/psd-diz-que-ameaca-de-tempestades-do-ps-e-conversa-para-claque\/#primaryimage\"},\"thumbnailUrl\":\"https:\/\/portaltela.pt\/s.01k8rhncp4jt1\/2026\/03\/2077706.jpg\",\"datePublished\":\"2026-03-28T19:28:00+00:00\",\"author\":{\"@id\":\"https:\/\/portaltela.pt\/#\/schema\/person\/c4278d4a6028830caff9ee44b42d32ed\"},\"breadcrumb\":{\"@id\":\"https:\/\/portaltela.pt\/noticias\/2026\/03\/28\/psd-diz-que-ameaca-de-tempestades-do-ps-e-conversa-para-claque\/#breadcrumb\"},\"inLanguage\":\"pt-PT\",\"potentialAction\":[{\"@type\":\"ReadAction\",\"target\":[\"https:\/\/portaltela.pt\/noticias\/2026\/03\/28\/psd-diz-que-ameaca-de-tempestades-do-ps-e-conversa-para-claque\/\"]}]},{\"@type\":\"ImageObject\",\"inLanguage\":\"pt-PT\",\"@id\":\"https:\/\/portaltela.pt\/noticias\/2026\/03\/28\/psd-diz-que-ameaca-de-tempestades-do-ps-e-conversa-para-claque\/#primaryimage\",\"url\":\"https:\/\/portaltela.pt\/s.01k8rhncp4jt1\/2026\/03\/2077706.jpg\",\"contentUrl\":\"https:\/\/portaltela.pt\/s.01k8rhncp4jt1\/2026\/03\/2077706.jpg\",\"width\":796,\"height\":448,\"caption\":\"Hugo Soares\"},{\"@type\":\"BreadcrumbList\",\"@id\":\"https:\/\/portaltela.pt\/noticias\/2026\/03\/28\/psd-diz-que-ameaca-de-tempestades-do-ps-e-conversa-para-claque\/#breadcrumb\",\"itemListElement\":[{\"@type\":\"ListItem\",\"position\":1,\"name\":\"In\u00edcio\",\"item\":\"https:\/\/portaltela.pt\/\"},{\"@type\":\"ListItem\",\"position\":2,\"name\":\"PSD diz que amea\u00e7a de tempestades do PS \u00e9 conversa para claque\"}]},{\"@type\":\"WebSite\",\"@id\":\"https:\/\/portaltela.pt\/#website\",\"url\":\"https:\/\/portaltela.pt\/\",\"name\":\"Portal Tela Portugal\",\"description\":\"\",\"potentialAction\":[{\"@type\":\"SearchAction\",\"target\":{\"@type\":\"EntryPoint\",\"urlTemplate\":\"https:\/\/portaltela.pt\/?s={search_term_string}\"},\"query-input\":{\"@type\":\"PropertyValueSpecification\",\"valueRequired\":true,\"valueName\":\"search_term_string\"}}],\"inLanguage\":\"pt-PT\"},{\"@type\":\"Person\",\"@id\":\"https:\/\/portaltela.pt\/#\/schema\/person\/c4278d4a6028830caff9ee44b42d32ed\",\"name\":\"Telinha\",\"image\":{\"@type\":\"ImageObject\",\"inLanguage\":\"pt-PT\",\"@id\":\"https:\/\/portaltela.pt\/s.01k8rhncp4jt1\/2025\/11\/talking-bot-125x125.png\",\"url\":\"https:\/\/portaltela.pt\/s.01k8rhncp4jt1\/2025\/11\/talking-bot-125x125.png\",\"contentUrl\":\"https:\/\/portaltela.pt\/s.01k8rhncp4jt1\/2025\/11\/talking-bot-125x125.png\",\"caption\":\"Telinha\"},\"sameAs\":[\"https:\/\/portaltela.pt\/\"],\"url\":\"https:\/\/portaltela.pt\/por\/367410592786\/\"}]}<\/script>\n<!-- \/ Yoast SEO plugin. -->","yoast_head_json":{"title":"PSD diz que amea\u00e7a de tempestades do PS \u00e9 conversa para claque - Portal Tela Portugal","robots":{"index":"index","follow":"follow","max-snippet":"max-snippet:-1","max-image-preview":"max-image-preview:large","max-video-preview":"max-video-preview:-1"},"og_locale":"pt_PT","og_type":"article","og_title":"PSD diz que amea\u00e7a de tempestades do PS \u00e9 conversa para claque - Portal Tela Portugal","og_description":"O secret\u00e1rio-geral do PSD, Hugo Soares, disse que a \u201camea\u00e7a de tempestades\u201d do PS \u00e9 \u201cconversa para claque\u201d e que o Governo vai dialogar com todos os partidos com representa\u00e7\u00e3o parlamentar. A declara\u00e7\u00e3o foi feita em Cabeceiras de Basto, \u00e0 margem da tomada de posse da nova concelhia do PSD, liderada por Laura Magalh\u00e3es. Jos\u00e9 Lu\u00eds Carneiro, secret\u00e1rio-geral do PS, pediu \u00e0 Assembleia da Rep\u00fablica que se decida entre converg\u00eancias moderadas com o PS ou acordos com o Chega, avisando de \u201ctempestades\u201d se o Governo escolher ventos. O PS apresentou quatro medidas para enfrentar o conflito no M\u00e9dio Oriente: IVA zero nos bens alimentares, IVA dos combust\u00edveis e do g\u00e1s de 23% para 13%, duplica\u00e7\u00e3o do consumo de energia tributada a 6% e isen\u00e7\u00e3o de ISP sobre o gas\u00f3leo para a agricultura. Hugo Soares criticou o IVA zero, dizendo que \u00e9 uma medida cega e injusta, e afirmou que o Governo tem vindo a anunciar medidas sobre combust\u00edveis e g\u00e1s, mantendo-se atento aos pre\u00e7os dos bens; n\u00e3o comentou a escolha de ju\u00edzes para o Tribunal Constitucional nem uma poss\u00edvel revis\u00e3o constitucional proposta pelo Chega.","og_url":"https:\/\/portaltela.pt\/noticias\/2026\/03\/28\/psd-diz-que-ameaca-de-tempestades-do-ps-e-conversa-para-claque\/","og_site_name":"Portal Tela Portugal","article_published_time":"2026-03-28T19:28:00+00:00","author":"Telinha","twitter_card":"summary_large_image","twitter_misc":{"Escrito por":"Telinha","Tempo estimado de leitura":"1 minuto"},"schema":{"@context":"https:\/\/schema.org","@graph":[{"@type":"Article","@id":"https:\/\/portaltela.pt\/noticias\/2026\/03\/28\/psd-diz-que-ameaca-de-tempestades-do-ps-e-conversa-para-claque\/#article","isPartOf":{"@id":"https:\/\/portaltela.pt\/noticias\/2026\/03\/28\/psd-diz-que-ameaca-de-tempestades-do-ps-e-conversa-para-claque\/"},"author":{"name":"Telinha","@id":"https:\/\/portaltela.pt\/#\/schema\/person\/c4278d4a6028830caff9ee44b42d32ed"},"headline":"PSD diz que amea\u00e7a de tempestades do PS \u00e9 conversa para claque","datePublished":"2026-03-28T19:28:00+00:00","mainEntityOfPage":{"@id":"https:\/\/portaltela.pt\/noticias\/2026\/03\/28\/psd-diz-que-ameaca-de-tempestades-do-ps-e-conversa-para-claque\/"},"wordCount":284,"image":{"@id":"https:\/\/portaltela.pt\/noticias\/2026\/03\/28\/psd-diz-que-ameaca-de-tempestades-do-ps-e-conversa-para-claque\/#primaryimage"},"thumbnailUrl":"https:\/\/portaltela.pt\/s.01k8rhncp4jt1\/2026\/03\/2077706.jpg","keywords":["Congresso Nacional","governo","partidos","pol\u00edtica","PS","PSD"],"articleSection":["Not\u00edcias","Pol\u00edtica"],"inLanguage":"pt-PT"},{"@type":"WebPage","@id":"https:\/\/portaltela.pt\/noticias\/2026\/03\/28\/psd-diz-que-ameaca-de-tempestades-do-ps-e-conversa-para-claque\/","url":"https:\/\/portaltela.pt\/noticias\/2026\/03\/28\/psd-diz-que-ameaca-de-tempestades-do-ps-e-conversa-para-claque\/","name":"PSD diz que amea\u00e7a de tempestades do PS \u00e9 conversa para claque - Portal Tela Portugal","isPartOf":{"@id":"https:\/\/portaltela.pt\/#website"},"primaryImageOfPage":{"@id":"https:\/\/portaltela.pt\/noticias\/2026\/03\/28\/psd-diz-que-ameaca-de-tempestades-do-ps-e-conversa-para-claque\/#primaryimage"},"image":{"@id":"https:\/\/portaltela.pt\/noticias\/2026\/03\/28\/psd-diz-que-ameaca-de-tempestades-do-ps-e-conversa-para-claque\/#primaryimage"},"thumbnailUrl":"https:\/\/portaltela.pt\/s.01k8rhncp4jt1\/2026\/03\/2077706.jpg","datePublished":"2026-03-28T19:28:00+00:00","author":{"@id":"https:\/\/portaltela.pt\/#\/schema\/person\/c4278d4a6028830caff9ee44b42d32ed"},"breadcrumb":{"@id":"https:\/\/portaltela.pt\/noticias\/2026\/03\/28\/psd-diz-que-ameaca-de-tempestades-do-ps-e-conversa-para-claque\/#breadcrumb"},"inLanguage":"pt-PT","potentialAction":[{"@type":"ReadAction","target":["https:\/\/portaltela.pt\/noticias\/2026\/03\/28\/psd-diz-que-ameaca-de-tempestades-do-ps-e-conversa-para-claque\/"]}]},{"@type":"ImageObject","inLanguage":"pt-PT","@id":"https:\/\/portaltela.pt\/noticias\/2026\/03\/28\/psd-diz-que-ameaca-de-tempestades-do-ps-e-conversa-para-claque\/#primaryimage","url":"https:\/\/portaltela.pt\/s.01k8rhncp4jt1\/2026\/03\/2077706.jpg","contentUrl":"https:\/\/portaltela.pt\/s.01k8rhncp4jt1\/2026\/03\/2077706.jpg","width":796,"height":448,"caption":"Hugo Soares"},{"@type":"BreadcrumbList","@id":"https:\/\/portaltela.pt\/noticias\/2026\/03\/28\/psd-diz-que-ameaca-de-tempestades-do-ps-e-conversa-para-claque\/#breadcrumb","itemListElement":[{"@type":"ListItem","position":1,"name":"In\u00edcio","item":"https:\/\/portaltela.pt\/"},{"@type":"ListItem","position":2,"name":"PSD diz que amea\u00e7a de tempestades do PS \u00e9 conversa para claque"}]},{"@type":"WebSite","@id":"https:\/\/portaltela.pt\/#website","url":"https:\/\/portaltela.pt\/","name":"Portal Tela Portugal","description":"","potentialAction":[{"@type":"SearchAction","target":{"@type":"EntryPoint","urlTemplate":"https:\/\/portaltela.pt\/?s={search_term_string}"},"query-input":{"@type":"PropertyValueSpecification","valueRequired":true,"valueName":"search_term_string"}}],"inLanguage":"pt-PT"},{"@type":"Person","@id":"https:\/\/portaltela.pt\/#\/schema\/person\/c4278d4a6028830caff9ee44b42d32ed","name":"Telinha","image":{"@type":"ImageObject","inLanguage":"pt-PT","@id":"https:\/\/portaltela.pt\/s.01k8rhncp4jt1\/2025\/11\/talking-bot-125x125.png","url":"https:\/\/portaltela.pt\/s.01k8rhncp4jt1\/2025\/11\/talking-bot-125x125.png","contentUrl":"https:\/\/portaltela.pt\/s.01k8rhncp4jt1\/2025\/11\/talking-bot-125x125.png","caption":"Telinha"},"sameAs":["https:\/\/portaltela.pt\/"],"url":"https:\/\/portaltela.pt\/por\/367410592786\/"}]}},"_links":{"self":[{"href":"https:\/\/portaltela.pt\/api\/wp\/v2\/posts\/425341","targetHints":{"allow":["GET"]}}],"collection":[{"href":"https:\/\/portaltela.pt\/api\/wp\/v2\/posts"}],"about":[{"href":"https:\/\/portaltela.pt\/api\/wp\/v2\/types\/post"}],"author":[{"embeddable":true,"href":"https:\/\/portaltela.pt\/api\/wp\/v2\/users\/2"}],"replies":[{"embeddable":true,"href":"https:\/\/portaltela.pt\/api\/wp\/v2\/comments?post=425341"}],"version-history":[{"count":0,"href":"https:\/\/portaltela.pt\/api\/wp\/v2\/posts\/425341\/revisions"}],"wp:featuredmedia":[{"embeddable":true,"href":"https:\/\/portaltela.pt\/api\/wp\/v2\/media\/425344"}],"wp:attachment":[{"href":"https:\/\/portaltela.pt\/api\/wp\/v2\/media?parent=425341"}],"wp:term":[{"taxonomy":"category","embeddable":true,"href":"https:\/\/portaltela.pt\/api\/wp\/v2\/categories?post=425341"},{"taxonomy":"post_tag","embeddable":true,"href":"https:\/\/portaltela.pt\/api\/wp\/v2\/tags?post=425341"}],"curies":[{"name":"wp","href":"https:\/\/api.w.org\/{rel}","templated":true}]}}