{"id":425337,"date":"2026-03-28T16:30:00","date_gmt":"2026-03-28T19:30:00","guid":{"rendered":"https:\/\/portaltela.pt\/noticias\/2026\/03\/28\/mais-de-100-operacionais-combatem-fogo-no-parque-nacional-da-peneda-geres-2\/"},"modified":"2026-03-28T16:30:00","modified_gmt":"2026-03-28T19:30:00","slug":"mais-de-100-operacionais-combatem-fogo-no-parque-nacional-da-peneda-geres-2","status":"publish","type":"post","link":"https:\/\/portaltela.pt\/meio-ambiente\/2026\/03\/28\/mais-de-100-operacionais-combatem-fogo-no-parque-nacional-da-peneda-geres-2\/","title":{"rendered":"Mais de 100 operacionais combatem fogo no Parque Nacional da Peneda-Ger\u00eas"},"content":{"rendered":"<p>O fogo deflagrou pelas 13h45 no concelho de Terras de Bouro, na freguesia de Vilar da Veiga, no distrito de Braga. O Inc\u00eandio ocorreu na zona da Pedra Bela, dentro do Parque Nacional da Peneda-Ger\u00eas. At\u00e9 ao final da tarde, n\u00e3o existiam habita\u00e7\u00f5es em risco, segundo o Comando Sub-regional de Emerg\u00eancia e Prote\u00e7\u00e3o Civil do C\u00e1vado.<\/p>\n<p>Mais de 100 operacionais estavam no terreno \u00e0s 18h20, apoiados por 30 meios terrestres e 3 meios a\u00e9reos, de acordo com a Prote\u00e7\u00e3o Civil. O objetivo era determinar o per\u00edmetro e impedir a progress\u00e3o das chamas para \u00e1reas onde haja popula\u00e7\u00e3o ou infraestruturas.<\/p>\n<p>No local, al\u00e9m dos Bombeiros Volunt\u00e1rios de Terras de Bouro, encontravam-se Sapadores de Braga, uma Unidade de Emerg\u00eancia de Prote\u00e7\u00e3o e Socorro da GNR, e equipas de outros corpora\u00e7\u00f5es. O ICNF tamb\u00e9m mobilizou recursos para apoio \u00e0 gest\u00e3o da \u00e1rea atingida.<\/p>\n<h3>Participa\u00e7\u00e3o e recursos envolvidos<\/h3>\n<p>A opera\u00e7\u00e3o envolvia diversas corpora\u00e7\u00f5es de bombeiros, incluindo os Volunt\u00e1rios de Esposende, de F\u00e3o, de Amares e de Barcelinhos, al\u00e9m de unidades da prote\u00e7\u00e3o civil. O objetivo \u00e9 controlar o fogo e avaliar danos na \u00e1rea protegida.<\/p>\n<h3>Contexto e condi\u00e7\u00f5es<\/h3>\n<p>As autoridades n\u00e3o indicaram a causa do fogo nem prazo estimado para a conclus\u00e3o das opera\u00e7\u00f5es. O incidente ocorre num territ\u00f3rio sens\u00edvel ambientalmente, o que aumenta a necessidade de conten\u00e7\u00e3o r\u00e1pida e coordena\u00e7\u00e3o entre entidades.<\/p>\n","protected":false},"excerpt":{"rendered":"<ul>\n<li>Inc\u00eandio deflagrou \u00e0s 13h45 na freguesia de Vilar da Veiga, Terras de Bouro, no distrito de Braga.<\/li>\n<li>\u00c0s 18h20, 103 operacionais, apoiados por 30 meios terrestres e 3 meios a\u00e9reos, combatiam as chamas na zona da Pedra Bela, no Parque Nacional da Peneda-Ger\u00eas.<\/li>\n<li>O Comando Sub-regional de Emerg\u00eancia e Prote\u00e7\u00e3o Civil do C\u00e1vado disse n\u00e3o haver habita\u00e7\u00f5es em risco.<\/li>\n<li>No local operam Bombeiros Volunt\u00e1rios de Terras de Bouro, Sapadores de Braga, Unidade de Emerg\u00eancia de Prote\u00e7\u00e3o e Socorro da GNR, Bombeiros de Esposende, ICNF, Bombeiros de F\u00e3o, Amares e Barcelinhos, al\u00e9m da Prote\u00e7\u00e3o Civil.<\/li>\n<\/ul>\n","protected":false},"author":2,"featured_media":425339,"comment_status":"closed","ping_status":"closed","sticky":false,"template":"","format":"standard","meta":{"footnotes":""},"categories":[6725],"tags":[4351,1207,1438,2617,6521,320],"class_list":["post-425337","post","type-post","status-publish","format-standard","has-post-thumbnail","hentry","category-meio-ambiente","tag-bombeiros-voluntarios","tag-braga","tag-incendio","tag-incendios","tag-meios-aereos","tag-protecao-civil"],"yoast_head":"<!-- This site is optimized with the Yoast SEO plugin v27.2 - https:\/\/yoast.com\/product\/yoast-seo-wordpress\/ -->\n<title>Mais de 100 operacionais combatem fogo no Parque Nacional da Peneda-Ger\u00eas - Portal Tela Portugal<\/title>\n<meta name=\"robots\" content=\"index, follow, max-snippet:-1, max-image-preview:large, max-video-preview:-1\" \/>\n<meta property=\"og:locale\" content=\"pt_PT\" \/>\n<meta property=\"og:type\" content=\"article\" \/>\n<meta property=\"og:title\" content=\"Mais de 100 operacionais combatem fogo no Parque Nacional da Peneda-Ger\u00eas - Portal Tela Portugal\" \/>\n<meta property=\"og:description\" content=\"Inc\u00eandio deflagrou \u00e0s 13h45 na freguesia de Vilar da Veiga, Terras de Bouro, no distrito de Braga. \u00c0s 18h20, 103 operacionais, apoiados por 30 meios terrestres e 3 meios a\u00e9reos, combatiam as chamas na zona da Pedra Bela, no Parque Nacional da Peneda-Ger\u00eas. O Comando Sub-regional de Emerg\u00eancia e Prote\u00e7\u00e3o Civil do C\u00e1vado disse n\u00e3o haver habita\u00e7\u00f5es em risco. No local operam Bombeiros Volunt\u00e1rios de Terras de Bouro, Sapadores de Braga, Unidade de Emerg\u00eancia de Prote\u00e7\u00e3o e Socorro da GNR, Bombeiros de Esposende, ICNF, Bombeiros de F\u00e3o, Amares e Barcelinhos, al\u00e9m da Prote\u00e7\u00e3o Civil.\" \/>\n<meta property=\"og:url\" content=\"https:\/\/portaltela.pt\/noticias\/2026\/03\/28\/mais-de-100-operacionais-combatem-fogo-no-parque-nacional-da-peneda-geres-2\/\" \/>\n<meta property=\"og:site_name\" content=\"Portal Tela Portugal\" \/>\n<meta property=\"article:published_time\" content=\"2026-03-28T19:30:00+00:00\" \/>\n<meta name=\"author\" content=\"Telinha\" \/>\n<meta name=\"twitter:card\" content=\"summary_large_image\" \/>\n<meta name=\"twitter:label1\" content=\"Escrito por\" \/>\n\t<meta name=\"twitter:data1\" content=\"Telinha\" \/>\n\t<meta name=\"twitter:label2\" content=\"Tempo estimado de leitura\" \/>\n\t<meta name=\"twitter:data2\" content=\"1 minuto\" \/>\n<script type=\"application\/ld+json\" class=\"yoast-schema-graph\">{\"@context\":\"https:\/\/schema.org\",\"@graph\":[{\"@type\":\"Article\",\"@id\":\"https:\/\/portaltela.pt\/noticias\/2026\/03\/28\/mais-de-100-operacionais-combatem-fogo-no-parque-nacional-da-peneda-geres-2\/#article\",\"isPartOf\":{\"@id\":\"https:\/\/portaltela.pt\/noticias\/2026\/03\/28\/mais-de-100-operacionais-combatem-fogo-no-parque-nacional-da-peneda-geres-2\/\"},\"author\":{\"name\":\"Telinha\",\"@id\":\"https:\/\/portaltela.pt\/#\/schema\/person\/c4278d4a6028830caff9ee44b42d32ed\"},\"headline\":\"Mais de 100 operacionais combatem fogo no Parque Nacional da Peneda-Ger\u00eas\",\"datePublished\":\"2026-03-28T19:30:00+00:00\",\"mainEntityOfPage\":{\"@id\":\"https:\/\/portaltela.pt\/noticias\/2026\/03\/28\/mais-de-100-operacionais-combatem-fogo-no-parque-nacional-da-peneda-geres-2\/\"},\"wordCount\":260,\"image\":{\"@id\":\"https:\/\/portaltela.pt\/noticias\/2026\/03\/28\/mais-de-100-operacionais-combatem-fogo-no-parque-nacional-da-peneda-geres-2\/#primaryimage\"},\"thumbnailUrl\":\"https:\/\/portaltela.pt\/s.01k8rhncp4jt1\/2026\/03\/2077699.jpg\",\"keywords\":[\"Bombeiros Volunt\u00e1rios\",\"Braga\",\"inc\u00eandio\",\"inc\u00eandios\",\"meios a\u00e9reos\",\"prote\u00e7\u00e3o civil\"],\"articleSection\":[\"Meio Ambiente\"],\"inLanguage\":\"pt-PT\"},{\"@type\":\"WebPage\",\"@id\":\"https:\/\/portaltela.pt\/noticias\/2026\/03\/28\/mais-de-100-operacionais-combatem-fogo-no-parque-nacional-da-peneda-geres-2\/\",\"url\":\"https:\/\/portaltela.pt\/noticias\/2026\/03\/28\/mais-de-100-operacionais-combatem-fogo-no-parque-nacional-da-peneda-geres-2\/\",\"name\":\"Mais de 100 operacionais combatem fogo no Parque Nacional da Peneda-Ger\u00eas - Portal Tela Portugal\",\"isPartOf\":{\"@id\":\"https:\/\/portaltela.pt\/#website\"},\"primaryImageOfPage\":{\"@id\":\"https:\/\/portaltela.pt\/noticias\/2026\/03\/28\/mais-de-100-operacionais-combatem-fogo-no-parque-nacional-da-peneda-geres-2\/#primaryimage\"},\"image\":{\"@id\":\"https:\/\/portaltela.pt\/noticias\/2026\/03\/28\/mais-de-100-operacionais-combatem-fogo-no-parque-nacional-da-peneda-geres-2\/#primaryimage\"},\"thumbnailUrl\":\"https:\/\/portaltela.pt\/s.01k8rhncp4jt1\/2026\/03\/2077699.jpg\",\"datePublished\":\"2026-03-28T19:30:00+00:00\",\"author\":{\"@id\":\"https:\/\/portaltela.pt\/#\/schema\/person\/c4278d4a6028830caff9ee44b42d32ed\"},\"breadcrumb\":{\"@id\":\"https:\/\/portaltela.pt\/noticias\/2026\/03\/28\/mais-de-100-operacionais-combatem-fogo-no-parque-nacional-da-peneda-geres-2\/#breadcrumb\"},\"inLanguage\":\"pt-PT\",\"potentialAction\":[{\"@type\":\"ReadAction\",\"target\":[\"https:\/\/portaltela.pt\/noticias\/2026\/03\/28\/mais-de-100-operacionais-combatem-fogo-no-parque-nacional-da-peneda-geres-2\/\"]}]},{\"@type\":\"ImageObject\",\"inLanguage\":\"pt-PT\",\"@id\":\"https:\/\/portaltela.pt\/noticias\/2026\/03\/28\/mais-de-100-operacionais-combatem-fogo-no-parque-nacional-da-peneda-geres-2\/#primaryimage\",\"url\":\"https:\/\/portaltela.pt\/s.01k8rhncp4jt1\/2026\/03\/2077699.jpg\",\"contentUrl\":\"https:\/\/portaltela.pt\/s.01k8rhncp4jt1\/2026\/03\/2077699.jpg\",\"width\":796,\"height\":448,\"caption\":\"Pelas 18h20, as chamas estavam a ser combatidas por 103 operacionais apoiados por trinta meios terrestres e tr\u00eas meios a\u00e9reos\"},{\"@type\":\"BreadcrumbList\",\"@id\":\"https:\/\/portaltela.pt\/noticias\/2026\/03\/28\/mais-de-100-operacionais-combatem-fogo-no-parque-nacional-da-peneda-geres-2\/#breadcrumb\",\"itemListElement\":[{\"@type\":\"ListItem\",\"position\":1,\"name\":\"In\u00edcio\",\"item\":\"https:\/\/portaltela.pt\/\"},{\"@type\":\"ListItem\",\"position\":2,\"name\":\"Mais de 100 operacionais combatem fogo no Parque Nacional da Peneda-Ger\u00eas\"}]},{\"@type\":\"WebSite\",\"@id\":\"https:\/\/portaltela.pt\/#website\",\"url\":\"https:\/\/portaltela.pt\/\",\"name\":\"Portal Tela Portugal\",\"description\":\"\",\"potentialAction\":[{\"@type\":\"SearchAction\",\"target\":{\"@type\":\"EntryPoint\",\"urlTemplate\":\"https:\/\/portaltela.pt\/?s={search_term_string}\"},\"query-input\":{\"@type\":\"PropertyValueSpecification\",\"valueRequired\":true,\"valueName\":\"search_term_string\"}}],\"inLanguage\":\"pt-PT\"},{\"@type\":\"Person\",\"@id\":\"https:\/\/portaltela.pt\/#\/schema\/person\/c4278d4a6028830caff9ee44b42d32ed\",\"name\":\"Telinha\",\"image\":{\"@type\":\"ImageObject\",\"inLanguage\":\"pt-PT\",\"@id\":\"https:\/\/portaltela.pt\/s.01k8rhncp4jt1\/2025\/11\/talking-bot-125x125.png\",\"url\":\"https:\/\/portaltela.pt\/s.01k8rhncp4jt1\/2025\/11\/talking-bot-125x125.png\",\"contentUrl\":\"https:\/\/portaltela.pt\/s.01k8rhncp4jt1\/2025\/11\/talking-bot-125x125.png\",\"caption\":\"Telinha\"},\"sameAs\":[\"https:\/\/portaltela.pt\/\"],\"url\":\"https:\/\/portaltela.pt\/por\/367410592786\/\"}]}<\/script>\n<!-- \/ Yoast SEO plugin. -->","yoast_head_json":{"title":"Mais de 100 operacionais combatem fogo no Parque Nacional da Peneda-Ger\u00eas - Portal Tela Portugal","robots":{"index":"index","follow":"follow","max-snippet":"max-snippet:-1","max-image-preview":"max-image-preview:large","max-video-preview":"max-video-preview:-1"},"og_locale":"pt_PT","og_type":"article","og_title":"Mais de 100 operacionais combatem fogo no Parque Nacional da Peneda-Ger\u00eas - Portal Tela Portugal","og_description":"Inc\u00eandio deflagrou \u00e0s 13h45 na freguesia de Vilar da Veiga, Terras de Bouro, no distrito de Braga. \u00c0s 18h20, 103 operacionais, apoiados por 30 meios terrestres e 3 meios a\u00e9reos, combatiam as chamas na zona da Pedra Bela, no Parque Nacional da Peneda-Ger\u00eas. O Comando Sub-regional de Emerg\u00eancia e Prote\u00e7\u00e3o Civil do C\u00e1vado disse n\u00e3o haver habita\u00e7\u00f5es em risco. No local operam Bombeiros Volunt\u00e1rios de Terras de Bouro, Sapadores de Braga, Unidade de Emerg\u00eancia de Prote\u00e7\u00e3o e Socorro da GNR, Bombeiros de Esposende, ICNF, Bombeiros de F\u00e3o, Amares e Barcelinhos, al\u00e9m da Prote\u00e7\u00e3o Civil.","og_url":"https:\/\/portaltela.pt\/noticias\/2026\/03\/28\/mais-de-100-operacionais-combatem-fogo-no-parque-nacional-da-peneda-geres-2\/","og_site_name":"Portal Tela Portugal","article_published_time":"2026-03-28T19:30:00+00:00","author":"Telinha","twitter_card":"summary_large_image","twitter_misc":{"Escrito por":"Telinha","Tempo estimado de leitura":"1 minuto"},"schema":{"@context":"https:\/\/schema.org","@graph":[{"@type":"Article","@id":"https:\/\/portaltela.pt\/noticias\/2026\/03\/28\/mais-de-100-operacionais-combatem-fogo-no-parque-nacional-da-peneda-geres-2\/#article","isPartOf":{"@id":"https:\/\/portaltela.pt\/noticias\/2026\/03\/28\/mais-de-100-operacionais-combatem-fogo-no-parque-nacional-da-peneda-geres-2\/"},"author":{"name":"Telinha","@id":"https:\/\/portaltela.pt\/#\/schema\/person\/c4278d4a6028830caff9ee44b42d32ed"},"headline":"Mais de 100 operacionais combatem fogo no Parque Nacional da Peneda-Ger\u00eas","datePublished":"2026-03-28T19:30:00+00:00","mainEntityOfPage":{"@id":"https:\/\/portaltela.pt\/noticias\/2026\/03\/28\/mais-de-100-operacionais-combatem-fogo-no-parque-nacional-da-peneda-geres-2\/"},"wordCount":260,"image":{"@id":"https:\/\/portaltela.pt\/noticias\/2026\/03\/28\/mais-de-100-operacionais-combatem-fogo-no-parque-nacional-da-peneda-geres-2\/#primaryimage"},"thumbnailUrl":"https:\/\/portaltela.pt\/s.01k8rhncp4jt1\/2026\/03\/2077699.jpg","keywords":["Bombeiros Volunt\u00e1rios","Braga","inc\u00eandio","inc\u00eandios","meios a\u00e9reos","prote\u00e7\u00e3o civil"],"articleSection":["Meio Ambiente"],"inLanguage":"pt-PT"},{"@type":"WebPage","@id":"https:\/\/portaltela.pt\/noticias\/2026\/03\/28\/mais-de-100-operacionais-combatem-fogo-no-parque-nacional-da-peneda-geres-2\/","url":"https:\/\/portaltela.pt\/noticias\/2026\/03\/28\/mais-de-100-operacionais-combatem-fogo-no-parque-nacional-da-peneda-geres-2\/","name":"Mais de 100 operacionais combatem fogo no Parque Nacional da Peneda-Ger\u00eas - Portal Tela Portugal","isPartOf":{"@id":"https:\/\/portaltela.pt\/#website"},"primaryImageOfPage":{"@id":"https:\/\/portaltela.pt\/noticias\/2026\/03\/28\/mais-de-100-operacionais-combatem-fogo-no-parque-nacional-da-peneda-geres-2\/#primaryimage"},"image":{"@id":"https:\/\/portaltela.pt\/noticias\/2026\/03\/28\/mais-de-100-operacionais-combatem-fogo-no-parque-nacional-da-peneda-geres-2\/#primaryimage"},"thumbnailUrl":"https:\/\/portaltela.pt\/s.01k8rhncp4jt1\/2026\/03\/2077699.jpg","datePublished":"2026-03-28T19:30:00+00:00","author":{"@id":"https:\/\/portaltela.pt\/#\/schema\/person\/c4278d4a6028830caff9ee44b42d32ed"},"breadcrumb":{"@id":"https:\/\/portaltela.pt\/noticias\/2026\/03\/28\/mais-de-100-operacionais-combatem-fogo-no-parque-nacional-da-peneda-geres-2\/#breadcrumb"},"inLanguage":"pt-PT","potentialAction":[{"@type":"ReadAction","target":["https:\/\/portaltela.pt\/noticias\/2026\/03\/28\/mais-de-100-operacionais-combatem-fogo-no-parque-nacional-da-peneda-geres-2\/"]}]},{"@type":"ImageObject","inLanguage":"pt-PT","@id":"https:\/\/portaltela.pt\/noticias\/2026\/03\/28\/mais-de-100-operacionais-combatem-fogo-no-parque-nacional-da-peneda-geres-2\/#primaryimage","url":"https:\/\/portaltela.pt\/s.01k8rhncp4jt1\/2026\/03\/2077699.jpg","contentUrl":"https:\/\/portaltela.pt\/s.01k8rhncp4jt1\/2026\/03\/2077699.jpg","width":796,"height":448,"caption":"Pelas 18h20, as chamas estavam a ser combatidas por 103 operacionais apoiados por trinta meios terrestres e tr\u00eas meios a\u00e9reos"},{"@type":"BreadcrumbList","@id":"https:\/\/portaltela.pt\/noticias\/2026\/03\/28\/mais-de-100-operacionais-combatem-fogo-no-parque-nacional-da-peneda-geres-2\/#breadcrumb","itemListElement":[{"@type":"ListItem","position":1,"name":"In\u00edcio","item":"https:\/\/portaltela.pt\/"},{"@type":"ListItem","position":2,"name":"Mais de 100 operacionais combatem fogo no Parque Nacional da Peneda-Ger\u00eas"}]},{"@type":"WebSite","@id":"https:\/\/portaltela.pt\/#website","url":"https:\/\/portaltela.pt\/","name":"Portal Tela Portugal","description":"","potentialAction":[{"@type":"SearchAction","target":{"@type":"EntryPoint","urlTemplate":"https:\/\/portaltela.pt\/?s={search_term_string}"},"query-input":{"@type":"PropertyValueSpecification","valueRequired":true,"valueName":"search_term_string"}}],"inLanguage":"pt-PT"},{"@type":"Person","@id":"https:\/\/portaltela.pt\/#\/schema\/person\/c4278d4a6028830caff9ee44b42d32ed","name":"Telinha","image":{"@type":"ImageObject","inLanguage":"pt-PT","@id":"https:\/\/portaltela.pt\/s.01k8rhncp4jt1\/2025\/11\/talking-bot-125x125.png","url":"https:\/\/portaltela.pt\/s.01k8rhncp4jt1\/2025\/11\/talking-bot-125x125.png","contentUrl":"https:\/\/portaltela.pt\/s.01k8rhncp4jt1\/2025\/11\/talking-bot-125x125.png","caption":"Telinha"},"sameAs":["https:\/\/portaltela.pt\/"],"url":"https:\/\/portaltela.pt\/por\/367410592786\/"}]}},"_links":{"self":[{"href":"https:\/\/portaltela.pt\/api\/wp\/v2\/posts\/425337","targetHints":{"allow":["GET"]}}],"collection":[{"href":"https:\/\/portaltela.pt\/api\/wp\/v2\/posts"}],"about":[{"href":"https:\/\/portaltela.pt\/api\/wp\/v2\/types\/post"}],"author":[{"embeddable":true,"href":"https:\/\/portaltela.pt\/api\/wp\/v2\/users\/2"}],"replies":[{"embeddable":true,"href":"https:\/\/portaltela.pt\/api\/wp\/v2\/comments?post=425337"}],"version-history":[{"count":0,"href":"https:\/\/portaltela.pt\/api\/wp\/v2\/posts\/425337\/revisions"}],"wp:featuredmedia":[{"embeddable":true,"href":"https:\/\/portaltela.pt\/api\/wp\/v2\/media\/425339"}],"wp:attachment":[{"href":"https:\/\/portaltela.pt\/api\/wp\/v2\/media?parent=425337"}],"wp:term":[{"taxonomy":"category","embeddable":true,"href":"https:\/\/portaltela.pt\/api\/wp\/v2\/categories?post=425337"},{"taxonomy":"post_tag","embeddable":true,"href":"https:\/\/portaltela.pt\/api\/wp\/v2\/tags?post=425337"}],"curies":[{"name":"wp","href":"https:\/\/api.w.org\/{rel}","templated":true}]}}