{"id":425336,"date":"2026-03-28T16:32:00","date_gmt":"2026-03-28T19:32:00","guid":{"rendered":"https:\/\/portaltela.pt\/noticias\/2026\/03\/28\/lista-alternativa-a-comissao-nacional-do-ps-foi-recusada\/"},"modified":"2026-03-28T16:32:00","modified_gmt":"2026-03-28T19:32:00","slug":"lista-alternativa-a-comissao-nacional-do-ps-foi-recusada","status":"publish","type":"post","link":"https:\/\/portaltela.pt\/noticias\/politica\/2026\/03\/28\/lista-alternativa-a-comissao-nacional-do-ps-foi-recusada\/","title":{"rendered":"Lista alternativa \u00e0 Comiss\u00e3o Nacional do PS foi recusada"},"content":{"rendered":"<p>A lista alternativa apresentada pelo ex-deputado Ricardo Gon\u00e7alves foi recusada este s\u00e1bado, anunciou Carlos C\u00e9sar. Motivo: apresentou apenas sete nomes, enquanto a Comiss\u00e3o Nacional tem 250 membros. O an\u00fancio ocorreu durante o Congresso Nacional do PS, em Viseu.<\/p>\n<p>A lista da dire\u00e7\u00e3o encabe\u00e7ada por In\u00eas de Medeiros foi aceite. In\u00eas de Medeiros, autarca de Almada, lidera a lista, que \u00e9 apresentada por Jos\u00e9 Lu\u00eds Carneiro \u00e0 Comiss\u00e3o Nacional do PS, o \u00f3rg\u00e3o m\u00e1ximo entre congressos.<\/p>\n<p>O grupo afirmou que vai impugnar os atos eleitorais que decorrerem at\u00e9 ao final do congresso, alegando protestos. Segundo eles, houve um problema de impress\u00e3o da lista que levou \u00e0 decis\u00e3o, que o Congresso acabou por confirmar \u00e0 mesa.<\/p>\n<h3>Detalhes do impasse<\/h3>\n<p>O presidente do PS comunicou a recusa da lista de Gon\u00e7alves, salientando a discrep\u00e2ncia entre o n\u00famero de nomes e o total de membros da Comiss\u00e3o Nacional. Os promotores da lista mostraram a vers\u00e3o completa impressa aos jornalistas, alegando ter sido passado tempo insuficiente para corre\u00e7\u00e3o.<\/p>\n<p>A lista de In\u00eas de Medeiros foi confirmada pelo Congresso, mantendo o enquadramento habitual de nomea\u00e7\u00e3o para o processo de escolha da Comiss\u00e3o Nacional. A decis\u00e3o refor\u00e7a a lideran\u00e7a da atual dire\u00e7\u00e3o no \u00e2mbito do processo de elei\u00e7\u00f5es internas.<\/p>\n","protected":false},"excerpt":{"rendered":"<ul>\n<li>A lista apresentada pelo ex-deputado Ricardo Gon\u00e7alves foi recusada este s\u00e1bado, por conter apenas sete nomes, quando a Comiss\u00e3o Nacional tem 250 membros.<\/li>\n<li>O an\u00fancio foi feito pelo presidente do PS durante o Congresso Nacional do PS, que decorre em Viseu.<\/li>\n<li>O grupo justifica o erro com um problema de impress\u00e3o da lista, e a decis\u00e3o foi submetida ao Congresso, que a confirmou.<\/li>\n<li>Os promotores da lista mostraram aos jornalistas a vers\u00e3o completa impressa, acusando o presidente do partido de n\u00e3o ter dado tempo para corrigir a situa\u00e7\u00e3o.<\/li>\n<li>In\u00eas de Medeiros, autarca de Almada, encabe\u00e7a a lista apresentada por Jos\u00e9 Lu\u00eds Carneiro \u00e0 Comiss\u00e3o Nacional do PS.<\/li>\n<\/ul>\n","protected":false},"author":2,"featured_media":425343,"comment_status":"closed","ping_status":"closed","sticky":false,"template":"","format":"standard","meta":{"footnotes":""},"categories":[1,5],"tags":[1373,4120,68,7595,2144,1171],"class_list":["post-425336","post","type-post","status-publish","format-standard","has-post-thumbnail","hentry","category-noticias","category-politica","tag-almada","tag-congresso-nacional","tag-eleicoes","tag-impugnacoes","tag-ps","tag-viseu"],"yoast_head":"<!-- This site is optimized with the Yoast SEO plugin v27.2 - https:\/\/yoast.com\/product\/yoast-seo-wordpress\/ -->\n<title>Lista alternativa \u00e0 Comiss\u00e3o Nacional do PS foi recusada - Portal Tela Portugal<\/title>\n<meta name=\"robots\" content=\"index, follow, max-snippet:-1, max-image-preview:large, max-video-preview:-1\" \/>\n<meta property=\"og:locale\" content=\"pt_PT\" \/>\n<meta property=\"og:type\" content=\"article\" \/>\n<meta property=\"og:title\" content=\"Lista alternativa \u00e0 Comiss\u00e3o Nacional do PS foi recusada - Portal Tela Portugal\" \/>\n<meta property=\"og:description\" content=\"A lista apresentada pelo ex-deputado Ricardo Gon\u00e7alves foi recusada este s\u00e1bado, por conter apenas sete nomes, quando a Comiss\u00e3o Nacional tem 250 membros. O an\u00fancio foi feito pelo presidente do PS durante o Congresso Nacional do PS, que decorre em Viseu. O grupo justifica o erro com um problema de impress\u00e3o da lista, e a decis\u00e3o foi submetida ao Congresso, que a confirmou. Os promotores da lista mostraram aos jornalistas a vers\u00e3o completa impressa, acusando o presidente do partido de n\u00e3o ter dado tempo para corrigir a situa\u00e7\u00e3o. In\u00eas de Medeiros, autarca de Almada, encabe\u00e7a a lista apresentada por Jos\u00e9 Lu\u00eds Carneiro \u00e0 Comiss\u00e3o Nacional do PS.\" \/>\n<meta property=\"og:url\" content=\"https:\/\/portaltela.pt\/noticias\/2026\/03\/28\/lista-alternativa-a-comissao-nacional-do-ps-foi-recusada\/\" \/>\n<meta property=\"og:site_name\" content=\"Portal Tela Portugal\" \/>\n<meta property=\"article:published_time\" content=\"2026-03-28T19:32:00+00:00\" \/>\n<meta name=\"author\" content=\"Telinha\" \/>\n<meta name=\"twitter:card\" content=\"summary_large_image\" \/>\n<meta name=\"twitter:label1\" content=\"Escrito por\" \/>\n\t<meta name=\"twitter:data1\" content=\"Telinha\" \/>\n\t<meta name=\"twitter:label2\" content=\"Tempo estimado de leitura\" \/>\n\t<meta name=\"twitter:data2\" content=\"1 minuto\" \/>\n<script type=\"application\/ld+json\" class=\"yoast-schema-graph\">{\"@context\":\"https:\/\/schema.org\",\"@graph\":[{\"@type\":\"Article\",\"@id\":\"https:\/\/portaltela.pt\/noticias\/2026\/03\/28\/lista-alternativa-a-comissao-nacional-do-ps-foi-recusada\/#article\",\"isPartOf\":{\"@id\":\"https:\/\/portaltela.pt\/noticias\/2026\/03\/28\/lista-alternativa-a-comissao-nacional-do-ps-foi-recusada\/\"},\"author\":{\"name\":\"Telinha\",\"@id\":\"https:\/\/portaltela.pt\/#\/schema\/person\/c4278d4a6028830caff9ee44b42d32ed\"},\"headline\":\"Lista alternativa \u00e0 Comiss\u00e3o Nacional do PS foi recusada\",\"datePublished\":\"2026-03-28T19:32:00+00:00\",\"mainEntityOfPage\":{\"@id\":\"https:\/\/portaltela.pt\/noticias\/2026\/03\/28\/lista-alternativa-a-comissao-nacional-do-ps-foi-recusada\/\"},\"wordCount\":235,\"image\":{\"@id\":\"https:\/\/portaltela.pt\/noticias\/2026\/03\/28\/lista-alternativa-a-comissao-nacional-do-ps-foi-recusada\/#primaryimage\"},\"thumbnailUrl\":\"https:\/\/portaltela.pt\/s.01k8rhncp4jt1\/2026\/03\/image-1700.jpg\",\"keywords\":[\"Almada\",\"Congresso Nacional\",\"elei\u00e7\u00f5es\",\"impugna\u00e7\u00f5es\",\"PS\",\"Viseu\"],\"articleSection\":[\"Not\u00edcias\",\"Pol\u00edtica\"],\"inLanguage\":\"pt-PT\"},{\"@type\":\"WebPage\",\"@id\":\"https:\/\/portaltela.pt\/noticias\/2026\/03\/28\/lista-alternativa-a-comissao-nacional-do-ps-foi-recusada\/\",\"url\":\"https:\/\/portaltela.pt\/noticias\/2026\/03\/28\/lista-alternativa-a-comissao-nacional-do-ps-foi-recusada\/\",\"name\":\"Lista alternativa \u00e0 Comiss\u00e3o Nacional do PS foi recusada - Portal Tela Portugal\",\"isPartOf\":{\"@id\":\"https:\/\/portaltela.pt\/#website\"},\"primaryImageOfPage\":{\"@id\":\"https:\/\/portaltela.pt\/noticias\/2026\/03\/28\/lista-alternativa-a-comissao-nacional-do-ps-foi-recusada\/#primaryimage\"},\"image\":{\"@id\":\"https:\/\/portaltela.pt\/noticias\/2026\/03\/28\/lista-alternativa-a-comissao-nacional-do-ps-foi-recusada\/#primaryimage\"},\"thumbnailUrl\":\"https:\/\/portaltela.pt\/s.01k8rhncp4jt1\/2026\/03\/image-1700.jpg\",\"datePublished\":\"2026-03-28T19:32:00+00:00\",\"author\":{\"@id\":\"https:\/\/portaltela.pt\/#\/schema\/person\/c4278d4a6028830caff9ee44b42d32ed\"},\"breadcrumb\":{\"@id\":\"https:\/\/portaltela.pt\/noticias\/2026\/03\/28\/lista-alternativa-a-comissao-nacional-do-ps-foi-recusada\/#breadcrumb\"},\"inLanguage\":\"pt-PT\",\"potentialAction\":[{\"@type\":\"ReadAction\",\"target\":[\"https:\/\/portaltela.pt\/noticias\/2026\/03\/28\/lista-alternativa-a-comissao-nacional-do-ps-foi-recusada\/\"]}]},{\"@type\":\"ImageObject\",\"inLanguage\":\"pt-PT\",\"@id\":\"https:\/\/portaltela.pt\/noticias\/2026\/03\/28\/lista-alternativa-a-comissao-nacional-do-ps-foi-recusada\/#primaryimage\",\"url\":\"https:\/\/portaltela.pt\/s.01k8rhncp4jt1\/2026\/03\/image-1700.jpg\",\"contentUrl\":\"https:\/\/portaltela.pt\/s.01k8rhncp4jt1\/2026\/03\/image-1700.jpg\",\"width\":796,\"height\":448,\"caption\":\"Carlos Cesar no congresso do PS em Viseu\"},{\"@type\":\"BreadcrumbList\",\"@id\":\"https:\/\/portaltela.pt\/noticias\/2026\/03\/28\/lista-alternativa-a-comissao-nacional-do-ps-foi-recusada\/#breadcrumb\",\"itemListElement\":[{\"@type\":\"ListItem\",\"position\":1,\"name\":\"In\u00edcio\",\"item\":\"https:\/\/portaltela.pt\/\"},{\"@type\":\"ListItem\",\"position\":2,\"name\":\"Lista alternativa \u00e0 Comiss\u00e3o Nacional do PS foi recusada\"}]},{\"@type\":\"WebSite\",\"@id\":\"https:\/\/portaltela.pt\/#website\",\"url\":\"https:\/\/portaltela.pt\/\",\"name\":\"Portal Tela Portugal\",\"description\":\"\",\"potentialAction\":[{\"@type\":\"SearchAction\",\"target\":{\"@type\":\"EntryPoint\",\"urlTemplate\":\"https:\/\/portaltela.pt\/?s={search_term_string}\"},\"query-input\":{\"@type\":\"PropertyValueSpecification\",\"valueRequired\":true,\"valueName\":\"search_term_string\"}}],\"inLanguage\":\"pt-PT\"},{\"@type\":\"Person\",\"@id\":\"https:\/\/portaltela.pt\/#\/schema\/person\/c4278d4a6028830caff9ee44b42d32ed\",\"name\":\"Telinha\",\"image\":{\"@type\":\"ImageObject\",\"inLanguage\":\"pt-PT\",\"@id\":\"https:\/\/portaltela.pt\/s.01k8rhncp4jt1\/2025\/11\/talking-bot-125x125.png\",\"url\":\"https:\/\/portaltela.pt\/s.01k8rhncp4jt1\/2025\/11\/talking-bot-125x125.png\",\"contentUrl\":\"https:\/\/portaltela.pt\/s.01k8rhncp4jt1\/2025\/11\/talking-bot-125x125.png\",\"caption\":\"Telinha\"},\"sameAs\":[\"https:\/\/portaltela.pt\/\"],\"url\":\"https:\/\/portaltela.pt\/por\/367410592786\/\"}]}<\/script>\n<!-- \/ Yoast SEO plugin. -->","yoast_head_json":{"title":"Lista alternativa \u00e0 Comiss\u00e3o Nacional do PS foi recusada - Portal Tela Portugal","robots":{"index":"index","follow":"follow","max-snippet":"max-snippet:-1","max-image-preview":"max-image-preview:large","max-video-preview":"max-video-preview:-1"},"og_locale":"pt_PT","og_type":"article","og_title":"Lista alternativa \u00e0 Comiss\u00e3o Nacional do PS foi recusada - Portal Tela Portugal","og_description":"A lista apresentada pelo ex-deputado Ricardo Gon\u00e7alves foi recusada este s\u00e1bado, por conter apenas sete nomes, quando a Comiss\u00e3o Nacional tem 250 membros. O an\u00fancio foi feito pelo presidente do PS durante o Congresso Nacional do PS, que decorre em Viseu. O grupo justifica o erro com um problema de impress\u00e3o da lista, e a decis\u00e3o foi submetida ao Congresso, que a confirmou. Os promotores da lista mostraram aos jornalistas a vers\u00e3o completa impressa, acusando o presidente do partido de n\u00e3o ter dado tempo para corrigir a situa\u00e7\u00e3o. In\u00eas de Medeiros, autarca de Almada, encabe\u00e7a a lista apresentada por Jos\u00e9 Lu\u00eds Carneiro \u00e0 Comiss\u00e3o Nacional do PS.","og_url":"https:\/\/portaltela.pt\/noticias\/2026\/03\/28\/lista-alternativa-a-comissao-nacional-do-ps-foi-recusada\/","og_site_name":"Portal Tela Portugal","article_published_time":"2026-03-28T19:32:00+00:00","author":"Telinha","twitter_card":"summary_large_image","twitter_misc":{"Escrito por":"Telinha","Tempo estimado de leitura":"1 minuto"},"schema":{"@context":"https:\/\/schema.org","@graph":[{"@type":"Article","@id":"https:\/\/portaltela.pt\/noticias\/2026\/03\/28\/lista-alternativa-a-comissao-nacional-do-ps-foi-recusada\/#article","isPartOf":{"@id":"https:\/\/portaltela.pt\/noticias\/2026\/03\/28\/lista-alternativa-a-comissao-nacional-do-ps-foi-recusada\/"},"author":{"name":"Telinha","@id":"https:\/\/portaltela.pt\/#\/schema\/person\/c4278d4a6028830caff9ee44b42d32ed"},"headline":"Lista alternativa \u00e0 Comiss\u00e3o Nacional do PS foi recusada","datePublished":"2026-03-28T19:32:00+00:00","mainEntityOfPage":{"@id":"https:\/\/portaltela.pt\/noticias\/2026\/03\/28\/lista-alternativa-a-comissao-nacional-do-ps-foi-recusada\/"},"wordCount":235,"image":{"@id":"https:\/\/portaltela.pt\/noticias\/2026\/03\/28\/lista-alternativa-a-comissao-nacional-do-ps-foi-recusada\/#primaryimage"},"thumbnailUrl":"https:\/\/portaltela.pt\/s.01k8rhncp4jt1\/2026\/03\/image-1700.jpg","keywords":["Almada","Congresso Nacional","elei\u00e7\u00f5es","impugna\u00e7\u00f5es","PS","Viseu"],"articleSection":["Not\u00edcias","Pol\u00edtica"],"inLanguage":"pt-PT"},{"@type":"WebPage","@id":"https:\/\/portaltela.pt\/noticias\/2026\/03\/28\/lista-alternativa-a-comissao-nacional-do-ps-foi-recusada\/","url":"https:\/\/portaltela.pt\/noticias\/2026\/03\/28\/lista-alternativa-a-comissao-nacional-do-ps-foi-recusada\/","name":"Lista alternativa \u00e0 Comiss\u00e3o Nacional do PS foi recusada - Portal Tela Portugal","isPartOf":{"@id":"https:\/\/portaltela.pt\/#website"},"primaryImageOfPage":{"@id":"https:\/\/portaltela.pt\/noticias\/2026\/03\/28\/lista-alternativa-a-comissao-nacional-do-ps-foi-recusada\/#primaryimage"},"image":{"@id":"https:\/\/portaltela.pt\/noticias\/2026\/03\/28\/lista-alternativa-a-comissao-nacional-do-ps-foi-recusada\/#primaryimage"},"thumbnailUrl":"https:\/\/portaltela.pt\/s.01k8rhncp4jt1\/2026\/03\/image-1700.jpg","datePublished":"2026-03-28T19:32:00+00:00","author":{"@id":"https:\/\/portaltela.pt\/#\/schema\/person\/c4278d4a6028830caff9ee44b42d32ed"},"breadcrumb":{"@id":"https:\/\/portaltela.pt\/noticias\/2026\/03\/28\/lista-alternativa-a-comissao-nacional-do-ps-foi-recusada\/#breadcrumb"},"inLanguage":"pt-PT","potentialAction":[{"@type":"ReadAction","target":["https:\/\/portaltela.pt\/noticias\/2026\/03\/28\/lista-alternativa-a-comissao-nacional-do-ps-foi-recusada\/"]}]},{"@type":"ImageObject","inLanguage":"pt-PT","@id":"https:\/\/portaltela.pt\/noticias\/2026\/03\/28\/lista-alternativa-a-comissao-nacional-do-ps-foi-recusada\/#primaryimage","url":"https:\/\/portaltela.pt\/s.01k8rhncp4jt1\/2026\/03\/image-1700.jpg","contentUrl":"https:\/\/portaltela.pt\/s.01k8rhncp4jt1\/2026\/03\/image-1700.jpg","width":796,"height":448,"caption":"Carlos Cesar no congresso do PS em Viseu"},{"@type":"BreadcrumbList","@id":"https:\/\/portaltela.pt\/noticias\/2026\/03\/28\/lista-alternativa-a-comissao-nacional-do-ps-foi-recusada\/#breadcrumb","itemListElement":[{"@type":"ListItem","position":1,"name":"In\u00edcio","item":"https:\/\/portaltela.pt\/"},{"@type":"ListItem","position":2,"name":"Lista alternativa \u00e0 Comiss\u00e3o Nacional do PS foi recusada"}]},{"@type":"WebSite","@id":"https:\/\/portaltela.pt\/#website","url":"https:\/\/portaltela.pt\/","name":"Portal Tela Portugal","description":"","potentialAction":[{"@type":"SearchAction","target":{"@type":"EntryPoint","urlTemplate":"https:\/\/portaltela.pt\/?s={search_term_string}"},"query-input":{"@type":"PropertyValueSpecification","valueRequired":true,"valueName":"search_term_string"}}],"inLanguage":"pt-PT"},{"@type":"Person","@id":"https:\/\/portaltela.pt\/#\/schema\/person\/c4278d4a6028830caff9ee44b42d32ed","name":"Telinha","image":{"@type":"ImageObject","inLanguage":"pt-PT","@id":"https:\/\/portaltela.pt\/s.01k8rhncp4jt1\/2025\/11\/talking-bot-125x125.png","url":"https:\/\/portaltela.pt\/s.01k8rhncp4jt1\/2025\/11\/talking-bot-125x125.png","contentUrl":"https:\/\/portaltela.pt\/s.01k8rhncp4jt1\/2025\/11\/talking-bot-125x125.png","caption":"Telinha"},"sameAs":["https:\/\/portaltela.pt\/"],"url":"https:\/\/portaltela.pt\/por\/367410592786\/"}]}},"_links":{"self":[{"href":"https:\/\/portaltela.pt\/api\/wp\/v2\/posts\/425336","targetHints":{"allow":["GET"]}}],"collection":[{"href":"https:\/\/portaltela.pt\/api\/wp\/v2\/posts"}],"about":[{"href":"https:\/\/portaltela.pt\/api\/wp\/v2\/types\/post"}],"author":[{"embeddable":true,"href":"https:\/\/portaltela.pt\/api\/wp\/v2\/users\/2"}],"replies":[{"embeddable":true,"href":"https:\/\/portaltela.pt\/api\/wp\/v2\/comments?post=425336"}],"version-history":[{"count":0,"href":"https:\/\/portaltela.pt\/api\/wp\/v2\/posts\/425336\/revisions"}],"wp:featuredmedia":[{"embeddable":true,"href":"https:\/\/portaltela.pt\/api\/wp\/v2\/media\/425343"}],"wp:attachment":[{"href":"https:\/\/portaltela.pt\/api\/wp\/v2\/media?parent=425336"}],"wp:term":[{"taxonomy":"category","embeddable":true,"href":"https:\/\/portaltela.pt\/api\/wp\/v2\/categories?post=425336"},{"taxonomy":"post_tag","embeddable":true,"href":"https:\/\/portaltela.pt\/api\/wp\/v2\/tags?post=425336"}],"curies":[{"name":"wp","href":"https:\/\/api.w.org\/{rel}","templated":true}]}}