{"id":425335,"date":"2026-03-28T16:09:00","date_gmt":"2026-03-28T19:09:00","guid":{"rendered":"https:\/\/portaltela.pt\/noticias\/2026\/03\/28\/procuram-se-novos-medicos-palhacos-para-animar-hospitais-no-norte\/"},"modified":"2026-03-28T16:09:00","modified_gmt":"2026-03-28T19:09:00","slug":"procuram-se-novos-medicos-palhacos-para-animar-hospitais-no-norte","status":"publish","type":"post","link":"https:\/\/portaltela.pt\/saude\/2026\/03\/28\/procuram-se-novos-medicos-palhacos-para-animar-hospitais-no-norte\/","title":{"rendered":"Procuram-se novos m\u00e9dicos-palha\u00e7os para animar hospitais no Norte"},"content":{"rendered":"<p>A Opera\u00e7\u00e3o Nariz Vermelho procura quatro novos artistas para integrar o seu n\u00facleo no Norte do pa\u00eds. O objetivo \u00e9 ampliar a interven\u00e7\u00e3o em hospitais e servi\u00e7os pedi\u00e1tricos. As audi\u00e7\u00f5es decorrem por estes dias, dirigidas a candidatos com forma\u00e7\u00e3o art\u00edstica.<\/p>\n<p>Podem candidatar-se artistas de v\u00e1rias \u00e1reas que tenham interesse em trabalhar em contexto hospitalar. A sele\u00e7\u00e3o abrange zonas como Grande Porto, Braga, Guimar\u00e3es, Aveiro e Coimbra.<\/p>\n<p>A finalidade \u00e9 formar uma equipa capaz de levar alegria e anima\u00e7\u00e3o a crian\u00e7as internadas, atrav\u00e9s de performances de doutores palha\u00e7os. A iniciativa pretende refor\u00e7ar o apoio emocional junto de profissionais de sa\u00fade.<\/p>\n<p>A organiza\u00e7\u00e3o destaca que as audi\u00e7\u00f5es s\u00e3o abertas a quem possua experi\u00eancia art\u00edstica relevante e disponibilidade para atuar em hospitais da regi\u00e3o norte. Os candidatos devem apresentar um portf\u00f3lio ou demonstra\u00e7\u00e3o de trabalho.<\/p>\n","protected":false},"excerpt":{"rendered":"<ul>\n<li>A Opera\u00e7\u00e3o Nariz Vermelho procura quatro novos artistas para fortalecer o seu n\u00facleo no Norte, com o objetivo de levar alegria a crian\u00e7as internadas.<\/li>\n<li>As audi\u00e7\u00f5es decorrem nestes dias e destinam-se a pessoas com forma\u00e7\u00e3o art\u00edstica interessadas em trabalhar em contexto hospitalar.<\/li>\n<li>A interven\u00e7\u00e3o expandir\u00e1 a a\u00e7\u00f5es em hospitais e servi\u00e7os pedi\u00e1tricos em zonas como Grande Porto, Braga, Guimar\u00e3es, Aveiro e Coimbra.<\/li>\n<li>Os candidatos devem ter forma\u00e7\u00e3o art\u00edstica e disponibilidade para atuar em ambiente hospitalar, proporcionando bem-estar \u00e0s crian\u00e7as.<\/li>\n<\/ul>\n","protected":false},"author":2,"featured_media":425338,"comment_status":"closed","ping_status":"closed","sticky":false,"template":"","format":"standard","meta":{"footnotes":""},"categories":[6745],"tags":[1858,1207,1070,5343,1145,172],"class_list":["post-425335","post","type-post","status-publish","format-standard","has-post-thumbnail","hentry","category-saude","tag-arte-teatro","tag-braga","tag-coimbra","tag-grande-porto","tag-guimaraes","tag-saude"],"yoast_head":"<!-- This site is optimized with the Yoast SEO plugin v27.2 - https:\/\/yoast.com\/product\/yoast-seo-wordpress\/ -->\n<title>Procuram-se novos m\u00e9dicos-palha\u00e7os para animar hospitais no Norte - Portal Tela Portugal<\/title>\n<meta name=\"robots\" content=\"index, follow, max-snippet:-1, max-image-preview:large, max-video-preview:-1\" \/>\n<meta property=\"og:locale\" content=\"pt_PT\" \/>\n<meta property=\"og:type\" content=\"article\" \/>\n<meta property=\"og:title\" content=\"Procuram-se novos m\u00e9dicos-palha\u00e7os para animar hospitais no Norte - Portal Tela Portugal\" \/>\n<meta property=\"og:description\" content=\"A Opera\u00e7\u00e3o Nariz Vermelho procura quatro novos artistas para fortalecer o seu n\u00facleo no Norte, com o objetivo de levar alegria a crian\u00e7as internadas. As audi\u00e7\u00f5es decorrem nestes dias e destinam-se a pessoas com forma\u00e7\u00e3o art\u00edstica interessadas em trabalhar em contexto hospitalar. A interven\u00e7\u00e3o expandir\u00e1 a a\u00e7\u00f5es em hospitais e servi\u00e7os pedi\u00e1tricos em zonas como Grande Porto, Braga, Guimar\u00e3es, Aveiro e Coimbra. Os candidatos devem ter forma\u00e7\u00e3o art\u00edstica e disponibilidade para atuar em ambiente hospitalar, proporcionando bem-estar \u00e0s crian\u00e7as.\" \/>\n<meta property=\"og:url\" content=\"https:\/\/portaltela.pt\/noticias\/2026\/03\/28\/procuram-se-novos-medicos-palhacos-para-animar-hospitais-no-norte\/\" \/>\n<meta property=\"og:site_name\" content=\"Portal Tela Portugal\" \/>\n<meta property=\"article:published_time\" content=\"2026-03-28T19:09:00+00:00\" \/>\n<meta name=\"author\" content=\"Telinha\" \/>\n<meta name=\"twitter:card\" content=\"summary_large_image\" \/>\n<meta name=\"twitter:label1\" content=\"Escrito por\" \/>\n\t<meta name=\"twitter:data1\" content=\"Telinha\" \/>\n\t<meta name=\"twitter:label2\" content=\"Tempo estimado de leitura\" \/>\n\t<meta name=\"twitter:data2\" content=\"1 minuto\" \/>\n<script type=\"application\/ld+json\" class=\"yoast-schema-graph\">{\"@context\":\"https:\/\/schema.org\",\"@graph\":[{\"@type\":\"Article\",\"@id\":\"https:\/\/portaltela.pt\/noticias\/2026\/03\/28\/procuram-se-novos-medicos-palhacos-para-animar-hospitais-no-norte\/#article\",\"isPartOf\":{\"@id\":\"https:\/\/portaltela.pt\/noticias\/2026\/03\/28\/procuram-se-novos-medicos-palhacos-para-animar-hospitais-no-norte\/\"},\"author\":{\"name\":\"Telinha\",\"@id\":\"https:\/\/portaltela.pt\/#\/schema\/person\/c4278d4a6028830caff9ee44b42d32ed\"},\"headline\":\"Procuram-se novos m\u00e9dicos-palha\u00e7os para animar hospitais no Norte\",\"datePublished\":\"2026-03-28T19:09:00+00:00\",\"mainEntityOfPage\":{\"@id\":\"https:\/\/portaltela.pt\/noticias\/2026\/03\/28\/procuram-se-novos-medicos-palhacos-para-animar-hospitais-no-norte\/\"},\"wordCount\":166,\"image\":{\"@id\":\"https:\/\/portaltela.pt\/noticias\/2026\/03\/28\/procuram-se-novos-medicos-palhacos-para-animar-hospitais-no-norte\/#primaryimage\"},\"thumbnailUrl\":\"https:\/\/portaltela.pt\/s.01k8rhncp4jt1\/2026\/03\/image-1699.jpg\",\"keywords\":[\"arte\/teatro\",\"Braga\",\"Coimbra\",\"Grande Porto\",\"Guimar\u00e3es\",\"sa\u00fade\"],\"articleSection\":[\"Sa\u00fade\"],\"inLanguage\":\"pt-PT\"},{\"@type\":\"WebPage\",\"@id\":\"https:\/\/portaltela.pt\/noticias\/2026\/03\/28\/procuram-se-novos-medicos-palhacos-para-animar-hospitais-no-norte\/\",\"url\":\"https:\/\/portaltela.pt\/noticias\/2026\/03\/28\/procuram-se-novos-medicos-palhacos-para-animar-hospitais-no-norte\/\",\"name\":\"Procuram-se novos m\u00e9dicos-palha\u00e7os para animar hospitais no Norte - Portal Tela Portugal\",\"isPartOf\":{\"@id\":\"https:\/\/portaltela.pt\/#website\"},\"primaryImageOfPage\":{\"@id\":\"https:\/\/portaltela.pt\/noticias\/2026\/03\/28\/procuram-se-novos-medicos-palhacos-para-animar-hospitais-no-norte\/#primaryimage\"},\"image\":{\"@id\":\"https:\/\/portaltela.pt\/noticias\/2026\/03\/28\/procuram-se-novos-medicos-palhacos-para-animar-hospitais-no-norte\/#primaryimage\"},\"thumbnailUrl\":\"https:\/\/portaltela.pt\/s.01k8rhncp4jt1\/2026\/03\/image-1699.jpg\",\"datePublished\":\"2026-03-28T19:09:00+00:00\",\"author\":{\"@id\":\"https:\/\/portaltela.pt\/#\/schema\/person\/c4278d4a6028830caff9ee44b42d32ed\"},\"breadcrumb\":{\"@id\":\"https:\/\/portaltela.pt\/noticias\/2026\/03\/28\/procuram-se-novos-medicos-palhacos-para-animar-hospitais-no-norte\/#breadcrumb\"},\"inLanguage\":\"pt-PT\",\"potentialAction\":[{\"@type\":\"ReadAction\",\"target\":[\"https:\/\/portaltela.pt\/noticias\/2026\/03\/28\/procuram-se-novos-medicos-palhacos-para-animar-hospitais-no-norte\/\"]}]},{\"@type\":\"ImageObject\",\"inLanguage\":\"pt-PT\",\"@id\":\"https:\/\/portaltela.pt\/noticias\/2026\/03\/28\/procuram-se-novos-medicos-palhacos-para-animar-hospitais-no-norte\/#primaryimage\",\"url\":\"https:\/\/portaltela.pt\/s.01k8rhncp4jt1\/2026\/03\/image-1699.jpg\",\"contentUrl\":\"https:\/\/portaltela.pt\/s.01k8rhncp4jt1\/2026\/03\/image-1699.jpg\",\"width\":796,\"height\":448,\"caption\":\"Os doutores palha\u00e7os re\u00fanem-se \u00e0s quartas-feiras para ensaiar performances\"},{\"@type\":\"BreadcrumbList\",\"@id\":\"https:\/\/portaltela.pt\/noticias\/2026\/03\/28\/procuram-se-novos-medicos-palhacos-para-animar-hospitais-no-norte\/#breadcrumb\",\"itemListElement\":[{\"@type\":\"ListItem\",\"position\":1,\"name\":\"In\u00edcio\",\"item\":\"https:\/\/portaltela.pt\/\"},{\"@type\":\"ListItem\",\"position\":2,\"name\":\"Procuram-se novos m\u00e9dicos-palha\u00e7os para animar hospitais no Norte\"}]},{\"@type\":\"WebSite\",\"@id\":\"https:\/\/portaltela.pt\/#website\",\"url\":\"https:\/\/portaltela.pt\/\",\"name\":\"Portal Tela Portugal\",\"description\":\"\",\"potentialAction\":[{\"@type\":\"SearchAction\",\"target\":{\"@type\":\"EntryPoint\",\"urlTemplate\":\"https:\/\/portaltela.pt\/?s={search_term_string}\"},\"query-input\":{\"@type\":\"PropertyValueSpecification\",\"valueRequired\":true,\"valueName\":\"search_term_string\"}}],\"inLanguage\":\"pt-PT\"},{\"@type\":\"Person\",\"@id\":\"https:\/\/portaltela.pt\/#\/schema\/person\/c4278d4a6028830caff9ee44b42d32ed\",\"name\":\"Telinha\",\"image\":{\"@type\":\"ImageObject\",\"inLanguage\":\"pt-PT\",\"@id\":\"https:\/\/portaltela.pt\/s.01k8rhncp4jt1\/2025\/11\/talking-bot-125x125.png\",\"url\":\"https:\/\/portaltela.pt\/s.01k8rhncp4jt1\/2025\/11\/talking-bot-125x125.png\",\"contentUrl\":\"https:\/\/portaltela.pt\/s.01k8rhncp4jt1\/2025\/11\/talking-bot-125x125.png\",\"caption\":\"Telinha\"},\"sameAs\":[\"https:\/\/portaltela.pt\/\"],\"url\":\"https:\/\/portaltela.pt\/por\/367410592786\/\"}]}<\/script>\n<!-- \/ Yoast SEO plugin. -->","yoast_head_json":{"title":"Procuram-se novos m\u00e9dicos-palha\u00e7os para animar hospitais no Norte - Portal Tela Portugal","robots":{"index":"index","follow":"follow","max-snippet":"max-snippet:-1","max-image-preview":"max-image-preview:large","max-video-preview":"max-video-preview:-1"},"og_locale":"pt_PT","og_type":"article","og_title":"Procuram-se novos m\u00e9dicos-palha\u00e7os para animar hospitais no Norte - Portal Tela Portugal","og_description":"A Opera\u00e7\u00e3o Nariz Vermelho procura quatro novos artistas para fortalecer o seu n\u00facleo no Norte, com o objetivo de levar alegria a crian\u00e7as internadas. As audi\u00e7\u00f5es decorrem nestes dias e destinam-se a pessoas com forma\u00e7\u00e3o art\u00edstica interessadas em trabalhar em contexto hospitalar. A interven\u00e7\u00e3o expandir\u00e1 a a\u00e7\u00f5es em hospitais e servi\u00e7os pedi\u00e1tricos em zonas como Grande Porto, Braga, Guimar\u00e3es, Aveiro e Coimbra. Os candidatos devem ter forma\u00e7\u00e3o art\u00edstica e disponibilidade para atuar em ambiente hospitalar, proporcionando bem-estar \u00e0s crian\u00e7as.","og_url":"https:\/\/portaltela.pt\/noticias\/2026\/03\/28\/procuram-se-novos-medicos-palhacos-para-animar-hospitais-no-norte\/","og_site_name":"Portal Tela Portugal","article_published_time":"2026-03-28T19:09:00+00:00","author":"Telinha","twitter_card":"summary_large_image","twitter_misc":{"Escrito por":"Telinha","Tempo estimado de leitura":"1 minuto"},"schema":{"@context":"https:\/\/schema.org","@graph":[{"@type":"Article","@id":"https:\/\/portaltela.pt\/noticias\/2026\/03\/28\/procuram-se-novos-medicos-palhacos-para-animar-hospitais-no-norte\/#article","isPartOf":{"@id":"https:\/\/portaltela.pt\/noticias\/2026\/03\/28\/procuram-se-novos-medicos-palhacos-para-animar-hospitais-no-norte\/"},"author":{"name":"Telinha","@id":"https:\/\/portaltela.pt\/#\/schema\/person\/c4278d4a6028830caff9ee44b42d32ed"},"headline":"Procuram-se novos m\u00e9dicos-palha\u00e7os para animar hospitais no Norte","datePublished":"2026-03-28T19:09:00+00:00","mainEntityOfPage":{"@id":"https:\/\/portaltela.pt\/noticias\/2026\/03\/28\/procuram-se-novos-medicos-palhacos-para-animar-hospitais-no-norte\/"},"wordCount":166,"image":{"@id":"https:\/\/portaltela.pt\/noticias\/2026\/03\/28\/procuram-se-novos-medicos-palhacos-para-animar-hospitais-no-norte\/#primaryimage"},"thumbnailUrl":"https:\/\/portaltela.pt\/s.01k8rhncp4jt1\/2026\/03\/image-1699.jpg","keywords":["arte\/teatro","Braga","Coimbra","Grande Porto","Guimar\u00e3es","sa\u00fade"],"articleSection":["Sa\u00fade"],"inLanguage":"pt-PT"},{"@type":"WebPage","@id":"https:\/\/portaltela.pt\/noticias\/2026\/03\/28\/procuram-se-novos-medicos-palhacos-para-animar-hospitais-no-norte\/","url":"https:\/\/portaltela.pt\/noticias\/2026\/03\/28\/procuram-se-novos-medicos-palhacos-para-animar-hospitais-no-norte\/","name":"Procuram-se novos m\u00e9dicos-palha\u00e7os para animar hospitais no Norte - Portal Tela Portugal","isPartOf":{"@id":"https:\/\/portaltela.pt\/#website"},"primaryImageOfPage":{"@id":"https:\/\/portaltela.pt\/noticias\/2026\/03\/28\/procuram-se-novos-medicos-palhacos-para-animar-hospitais-no-norte\/#primaryimage"},"image":{"@id":"https:\/\/portaltela.pt\/noticias\/2026\/03\/28\/procuram-se-novos-medicos-palhacos-para-animar-hospitais-no-norte\/#primaryimage"},"thumbnailUrl":"https:\/\/portaltela.pt\/s.01k8rhncp4jt1\/2026\/03\/image-1699.jpg","datePublished":"2026-03-28T19:09:00+00:00","author":{"@id":"https:\/\/portaltela.pt\/#\/schema\/person\/c4278d4a6028830caff9ee44b42d32ed"},"breadcrumb":{"@id":"https:\/\/portaltela.pt\/noticias\/2026\/03\/28\/procuram-se-novos-medicos-palhacos-para-animar-hospitais-no-norte\/#breadcrumb"},"inLanguage":"pt-PT","potentialAction":[{"@type":"ReadAction","target":["https:\/\/portaltela.pt\/noticias\/2026\/03\/28\/procuram-se-novos-medicos-palhacos-para-animar-hospitais-no-norte\/"]}]},{"@type":"ImageObject","inLanguage":"pt-PT","@id":"https:\/\/portaltela.pt\/noticias\/2026\/03\/28\/procuram-se-novos-medicos-palhacos-para-animar-hospitais-no-norte\/#primaryimage","url":"https:\/\/portaltela.pt\/s.01k8rhncp4jt1\/2026\/03\/image-1699.jpg","contentUrl":"https:\/\/portaltela.pt\/s.01k8rhncp4jt1\/2026\/03\/image-1699.jpg","width":796,"height":448,"caption":"Os doutores palha\u00e7os re\u00fanem-se \u00e0s quartas-feiras para ensaiar performances"},{"@type":"BreadcrumbList","@id":"https:\/\/portaltela.pt\/noticias\/2026\/03\/28\/procuram-se-novos-medicos-palhacos-para-animar-hospitais-no-norte\/#breadcrumb","itemListElement":[{"@type":"ListItem","position":1,"name":"In\u00edcio","item":"https:\/\/portaltela.pt\/"},{"@type":"ListItem","position":2,"name":"Procuram-se novos m\u00e9dicos-palha\u00e7os para animar hospitais no Norte"}]},{"@type":"WebSite","@id":"https:\/\/portaltela.pt\/#website","url":"https:\/\/portaltela.pt\/","name":"Portal Tela Portugal","description":"","potentialAction":[{"@type":"SearchAction","target":{"@type":"EntryPoint","urlTemplate":"https:\/\/portaltela.pt\/?s={search_term_string}"},"query-input":{"@type":"PropertyValueSpecification","valueRequired":true,"valueName":"search_term_string"}}],"inLanguage":"pt-PT"},{"@type":"Person","@id":"https:\/\/portaltela.pt\/#\/schema\/person\/c4278d4a6028830caff9ee44b42d32ed","name":"Telinha","image":{"@type":"ImageObject","inLanguage":"pt-PT","@id":"https:\/\/portaltela.pt\/s.01k8rhncp4jt1\/2025\/11\/talking-bot-125x125.png","url":"https:\/\/portaltela.pt\/s.01k8rhncp4jt1\/2025\/11\/talking-bot-125x125.png","contentUrl":"https:\/\/portaltela.pt\/s.01k8rhncp4jt1\/2025\/11\/talking-bot-125x125.png","caption":"Telinha"},"sameAs":["https:\/\/portaltela.pt\/"],"url":"https:\/\/portaltela.pt\/por\/367410592786\/"}]}},"_links":{"self":[{"href":"https:\/\/portaltela.pt\/api\/wp\/v2\/posts\/425335","targetHints":{"allow":["GET"]}}],"collection":[{"href":"https:\/\/portaltela.pt\/api\/wp\/v2\/posts"}],"about":[{"href":"https:\/\/portaltela.pt\/api\/wp\/v2\/types\/post"}],"author":[{"embeddable":true,"href":"https:\/\/portaltela.pt\/api\/wp\/v2\/users\/2"}],"replies":[{"embeddable":true,"href":"https:\/\/portaltela.pt\/api\/wp\/v2\/comments?post=425335"}],"version-history":[{"count":0,"href":"https:\/\/portaltela.pt\/api\/wp\/v2\/posts\/425335\/revisions"}],"wp:featuredmedia":[{"embeddable":true,"href":"https:\/\/portaltela.pt\/api\/wp\/v2\/media\/425338"}],"wp:attachment":[{"href":"https:\/\/portaltela.pt\/api\/wp\/v2\/media?parent=425335"}],"wp:term":[{"taxonomy":"category","embeddable":true,"href":"https:\/\/portaltela.pt\/api\/wp\/v2\/categories?post=425335"},{"taxonomy":"post_tag","embeddable":true,"href":"https:\/\/portaltela.pt\/api\/wp\/v2\/tags?post=425335"}],"curies":[{"name":"wp","href":"https:\/\/api.w.org\/{rel}","templated":true}]}}