{"id":425324,"date":"2026-03-28T16:00:00","date_gmt":"2026-03-28T19:00:00","guid":{"rendered":"https:\/\/portaltela.pt\/noticias\/2026\/03\/28\/portugal-empata-com-servia-e-o-acesso-ao-europeu-sub-19-fica-para-a-ultima-jornada\/"},"modified":"2026-03-28T16:00:00","modified_gmt":"2026-03-28T19:00:00","slug":"portugal-empata-com-servia-e-o-acesso-ao-europeu-sub-19-fica-para-a-ultima-jornada","status":"publish","type":"post","link":"https:\/\/portaltela.pt\/desporto\/futebol\/2026\/03\/28\/portugal-empata-com-servia-e-o-acesso-ao-europeu-sub-19-fica-para-a-ultima-jornada\/","title":{"rendered":"Portugal empata com S\u00e9rvia e o acesso ao Europeu Sub-19 fica para a \u00faltima jornada"},"content":{"rendered":"<p>O Portugal empatou 1-1 com a S\u00e9rvia, este s\u00e1bado, na segunda jornada do Grupo 2 da Ronda de Elite de qualifica\u00e7\u00e3o ao European Under-19 de 2026. O jogo foi disputado no Est\u00e1dio Municipal de Famalic\u00e3o. Bernardo Lima adiantou os lusitanos aos 4 minutos, mas a S\u00e9rvia empatou aos 55, por Milosavljesic, numa jogada de canto.<\/p>\n<p>Na primeira ronda, Portugal tinha vencido a Pol\u00f3nia por 1-0, em Braga, enquanto a S\u00e9rvia derrotou a Inglaterra por 2-0, em Guimar\u00e3es. Hoje, Inglaterra venceu tamb\u00e9m a Pol\u00f3nia (1-0) em Guimar\u00e3es, aumentando a press\u00e3o sobre Portugal e S\u00e9rvia no grupo.<\/p>\n<p>Com o empate, Portugal e S\u00e9rvia chegam aos quatro pontos, liderando o agrupamento. A Pol\u00f3nia permanece sem pontos, estando j\u00e1 afastada da qualifica\u00e7\u00e3o. A decis\u00e3o de apuramento ficar\u00e1 para a \u00faltima jornada, entre Portugal e Inglaterra, em Braga, \u00e0s 16h00 de ter\u00e7a-feira.<\/p>\n<p>Portugal entra com altera\u00e7\u00f5es no onze titular em rela\u00e7\u00e3o ao jogo frente \u00e0 Pol\u00f3nia, com Afonso Patr\u00e3o e An\u00edsio Cabral a entrar, substituindo Mateus Mide e Gabriel Silva. O golo inicial surge de jogada pela esquerda, com Bernardo Lima a rematar de primeira ap\u00f3s assist\u00eancia de Fl\u00e1vio Gon\u00e7alves.<\/p>\n<p>A S\u00e9rvia respondeu cedo, e aos 14 minutos Cvetkovic cabeceou \u00e0 barra ap\u00f3s cruzamento pela direita. O equil\u00edbrio manteve-se, com Portugal a criar oportunidades, incluindo tentaivas de Fl\u00e1vio Gon\u00e7alves (20) e An\u00edsio Cabral (26).<\/p>\n<p>Antes do intervalo, Portugal criou outra oportunidade soberana quando Afonso Patr\u00e3o, bem servido por Fl\u00e1vio Gon\u00e7alves, rematou \u00e0 guarda do guardi\u00e3o s\u00e9rvio. A equipa portuguesa manteve dom\u00ednio, mas n\u00e3o conseguiu ampliar a vantagem.<\/p>\n<p>No arranque da segunda parte, a S\u00e9rvia mostrou-se mais expedita e conseguiu o golo do empate aos 55 minutos, por Milosavljesic, de cabe\u00e7a, ap\u00f3s canto pela direita. Em resposta, Em\u00edlio Peixe movimentou o banco, trocando pe\u00e7as para manter o ataque.<\/p>\n<p>J\u00e1 nos minutos finais, a S\u00e9rvia esteve mais perto de ainda poder festejar a vit\u00f3ria, com Rankovic a rematar por cima aos 90&#8217;+3. O encontro decorreu com cerca de 400 espetadores no recinto.<\/p>\n","protected":false},"excerpt":{"rendered":"<ul>\n<li>Portugal empatou 1-1 com a S\u00e9rvia, em Famalic\u00e3o, na segunda jornada do Grupo 2 da Ronda de Elite de acesso ao Europeu sub-19, adiando a decis\u00e3o para a \u00faltima jornada.<\/li>\n<li>O golo inaugural foi de Bernardo Lima aos quatro minutos; a S\u00e9rvia empatou aos 55 minutos, com Milosavljesic, ap\u00f3s canto.<\/li>\n<li>No in\u00edcio da competi\u00e7\u00e3o, Portugal tinha vencido a Pol\u00f3nia por 1-0; a S\u00e9rvia tinha sido vitoriosa frente \u00e0 Inglaterra, por 2-0.<\/li>\n<li>Inglaterra venceu a Pol\u00f3nia por 1-0 hoje, o que deixa Portugal e S\u00e9rvia no topo do grupo com quatro pontos cada; polacos ficam em \u00faltimo com zero.<\/li>\n<li>O pr\u00f3ximo jogo de Portugal \u00e9 contra Inglaterra, na ter\u00e7a-feira, em Braga (16h00), com a necessidade de sempre ter melhor resultado que a S\u00e9rvia para seguir em frente.<\/li>\n<\/ul>\n","protected":false},"author":2,"featured_media":425329,"comment_status":"closed","ping_status":"closed","sticky":false,"template":"","format":"standard","meta":{"footnotes":""},"categories":[21,24],"tags":[59,32,3338,1014,2057,6594],"class_list":["post-425324","post","type-post","status-publish","format-standard","has-post-thumbnail","hentry","category-desporto","category-futebol","tag-europeus","tag-futebol","tag-futebol-internacional","tag-portugal","tag-selecao-nacional","tag-servia"],"yoast_head":"<!-- This site is optimized with the Yoast SEO plugin v27.2 - https:\/\/yoast.com\/product\/yoast-seo-wordpress\/ -->\n<title>Portugal empata com S\u00e9rvia e o acesso ao Europeu Sub-19 fica para a \u00faltima jornada - Portal Tela Portugal<\/title>\n<meta name=\"robots\" content=\"index, follow, max-snippet:-1, max-image-preview:large, max-video-preview:-1\" \/>\n<meta property=\"og:locale\" content=\"pt_PT\" \/>\n<meta property=\"og:type\" content=\"article\" \/>\n<meta property=\"og:title\" content=\"Portugal empata com S\u00e9rvia e o acesso ao Europeu Sub-19 fica para a \u00faltima jornada - Portal Tela Portugal\" \/>\n<meta property=\"og:description\" content=\"Portugal empatou 1-1 com a S\u00e9rvia, em Famalic\u00e3o, na segunda jornada do Grupo 2 da Ronda de Elite de acesso ao Europeu sub-19, adiando a decis\u00e3o para a \u00faltima jornada. O golo inaugural foi de Bernardo Lima aos quatro minutos; a S\u00e9rvia empatou aos 55 minutos, com Milosavljesic, ap\u00f3s canto. No in\u00edcio da competi\u00e7\u00e3o, Portugal tinha vencido a Pol\u00f3nia por 1-0; a S\u00e9rvia tinha sido vitoriosa frente \u00e0 Inglaterra, por 2-0. Inglaterra venceu a Pol\u00f3nia por 1-0 hoje, o que deixa Portugal e S\u00e9rvia no topo do grupo com quatro pontos cada; polacos ficam em \u00faltimo com zero. O pr\u00f3ximo jogo de Portugal \u00e9 contra Inglaterra, na ter\u00e7a-feira, em Braga (16h00), com a necessidade de sempre ter melhor resultado que a S\u00e9rvia para seguir em frente.\" \/>\n<meta property=\"og:url\" content=\"https:\/\/portaltela.pt\/noticias\/2026\/03\/28\/portugal-empata-com-servia-e-o-acesso-ao-europeu-sub-19-fica-para-a-ultima-jornada\/\" \/>\n<meta property=\"og:site_name\" content=\"Portal Tela Portugal\" \/>\n<meta property=\"article:published_time\" content=\"2026-03-28T19:00:00+00:00\" \/>\n<meta name=\"author\" content=\"Telinha\" \/>\n<meta name=\"twitter:card\" content=\"summary_large_image\" \/>\n<meta name=\"twitter:label1\" content=\"Escrito por\" \/>\n\t<meta name=\"twitter:data1\" content=\"Telinha\" \/>\n\t<meta name=\"twitter:label2\" content=\"Tempo estimado de leitura\" \/>\n\t<meta name=\"twitter:data2\" content=\"2 minutos\" \/>\n<script type=\"application\/ld+json\" class=\"yoast-schema-graph\">{\"@context\":\"https:\/\/schema.org\",\"@graph\":[{\"@type\":\"Article\",\"@id\":\"https:\/\/portaltela.pt\/noticias\/2026\/03\/28\/portugal-empata-com-servia-e-o-acesso-ao-europeu-sub-19-fica-para-a-ultima-jornada\/#article\",\"isPartOf\":{\"@id\":\"https:\/\/portaltela.pt\/noticias\/2026\/03\/28\/portugal-empata-com-servia-e-o-acesso-ao-europeu-sub-19-fica-para-a-ultima-jornada\/\"},\"author\":{\"name\":\"Telinha\",\"@id\":\"https:\/\/portaltela.pt\/#\/schema\/person\/c4278d4a6028830caff9ee44b42d32ed\"},\"headline\":\"Portugal empata com S\u00e9rvia e o acesso ao Europeu Sub-19 fica para a \u00faltima jornada\",\"datePublished\":\"2026-03-28T19:00:00+00:00\",\"mainEntityOfPage\":{\"@id\":\"https:\/\/portaltela.pt\/noticias\/2026\/03\/28\/portugal-empata-com-servia-e-o-acesso-ao-europeu-sub-19-fica-para-a-ultima-jornada\/\"},\"wordCount\":376,\"image\":{\"@id\":\"https:\/\/portaltela.pt\/noticias\/2026\/03\/28\/portugal-empata-com-servia-e-o-acesso-ao-europeu-sub-19-fica-para-a-ultima-jornada\/#primaryimage\"},\"thumbnailUrl\":\"https:\/\/portaltela.pt\/s.01k8rhncp4jt1\/2026\/03\/img_920x518uu2026-03-28-19-00-14-2429891.jpg\",\"keywords\":[\"europeus\",\"futebol\",\"futebol internacional\",\"Portugal\",\"Sele\u00e7\u00e3o Nacional\",\"S\u00e9rvia\"],\"articleSection\":[\"Desporto\",\"Futebol\"],\"inLanguage\":\"pt-PT\"},{\"@type\":\"WebPage\",\"@id\":\"https:\/\/portaltela.pt\/noticias\/2026\/03\/28\/portugal-empata-com-servia-e-o-acesso-ao-europeu-sub-19-fica-para-a-ultima-jornada\/\",\"url\":\"https:\/\/portaltela.pt\/noticias\/2026\/03\/28\/portugal-empata-com-servia-e-o-acesso-ao-europeu-sub-19-fica-para-a-ultima-jornada\/\",\"name\":\"Portugal empata com S\u00e9rvia e o acesso ao Europeu Sub-19 fica para a \u00faltima jornada - Portal Tela Portugal\",\"isPartOf\":{\"@id\":\"https:\/\/portaltela.pt\/#website\"},\"primaryImageOfPage\":{\"@id\":\"https:\/\/portaltela.pt\/noticias\/2026\/03\/28\/portugal-empata-com-servia-e-o-acesso-ao-europeu-sub-19-fica-para-a-ultima-jornada\/#primaryimage\"},\"image\":{\"@id\":\"https:\/\/portaltela.pt\/noticias\/2026\/03\/28\/portugal-empata-com-servia-e-o-acesso-ao-europeu-sub-19-fica-para-a-ultima-jornada\/#primaryimage\"},\"thumbnailUrl\":\"https:\/\/portaltela.pt\/s.01k8rhncp4jt1\/2026\/03\/img_920x518uu2026-03-28-19-00-14-2429891.jpg\",\"datePublished\":\"2026-03-28T19:00:00+00:00\",\"author\":{\"@id\":\"https:\/\/portaltela.pt\/#\/schema\/person\/c4278d4a6028830caff9ee44b42d32ed\"},\"breadcrumb\":{\"@id\":\"https:\/\/portaltela.pt\/noticias\/2026\/03\/28\/portugal-empata-com-servia-e-o-acesso-ao-europeu-sub-19-fica-para-a-ultima-jornada\/#breadcrumb\"},\"inLanguage\":\"pt-PT\",\"potentialAction\":[{\"@type\":\"ReadAction\",\"target\":[\"https:\/\/portaltela.pt\/noticias\/2026\/03\/28\/portugal-empata-com-servia-e-o-acesso-ao-europeu-sub-19-fica-para-a-ultima-jornada\/\"]}]},{\"@type\":\"ImageObject\",\"inLanguage\":\"pt-PT\",\"@id\":\"https:\/\/portaltela.pt\/noticias\/2026\/03\/28\/portugal-empata-com-servia-e-o-acesso-ao-europeu-sub-19-fica-para-a-ultima-jornada\/#primaryimage\",\"url\":\"https:\/\/portaltela.pt\/s.01k8rhncp4jt1\/2026\/03\/img_920x518uu2026-03-28-19-00-14-2429891.jpg\",\"contentUrl\":\"https:\/\/portaltela.pt\/s.01k8rhncp4jt1\/2026\/03\/img_920x518uu2026-03-28-19-00-14-2429891.jpg\",\"width\":796,\"height\":448,\"caption\":\"Portugal empata com S\u00e9rvia\"},{\"@type\":\"BreadcrumbList\",\"@id\":\"https:\/\/portaltela.pt\/noticias\/2026\/03\/28\/portugal-empata-com-servia-e-o-acesso-ao-europeu-sub-19-fica-para-a-ultima-jornada\/#breadcrumb\",\"itemListElement\":[{\"@type\":\"ListItem\",\"position\":1,\"name\":\"In\u00edcio\",\"item\":\"https:\/\/portaltela.pt\/\"},{\"@type\":\"ListItem\",\"position\":2,\"name\":\"Portugal empata com S\u00e9rvia e o acesso ao Europeu Sub-19 fica para a \u00faltima jornada\"}]},{\"@type\":\"WebSite\",\"@id\":\"https:\/\/portaltela.pt\/#website\",\"url\":\"https:\/\/portaltela.pt\/\",\"name\":\"Portal Tela Portugal\",\"description\":\"\",\"potentialAction\":[{\"@type\":\"SearchAction\",\"target\":{\"@type\":\"EntryPoint\",\"urlTemplate\":\"https:\/\/portaltela.pt\/?s={search_term_string}\"},\"query-input\":{\"@type\":\"PropertyValueSpecification\",\"valueRequired\":true,\"valueName\":\"search_term_string\"}}],\"inLanguage\":\"pt-PT\"},{\"@type\":\"Person\",\"@id\":\"https:\/\/portaltela.pt\/#\/schema\/person\/c4278d4a6028830caff9ee44b42d32ed\",\"name\":\"Telinha\",\"image\":{\"@type\":\"ImageObject\",\"inLanguage\":\"pt-PT\",\"@id\":\"https:\/\/portaltela.pt\/s.01k8rhncp4jt1\/2025\/11\/talking-bot-125x125.png\",\"url\":\"https:\/\/portaltela.pt\/s.01k8rhncp4jt1\/2025\/11\/talking-bot-125x125.png\",\"contentUrl\":\"https:\/\/portaltela.pt\/s.01k8rhncp4jt1\/2025\/11\/talking-bot-125x125.png\",\"caption\":\"Telinha\"},\"sameAs\":[\"https:\/\/portaltela.pt\/\"],\"url\":\"https:\/\/portaltela.pt\/por\/367410592786\/\"}]}<\/script>\n<!-- \/ Yoast SEO plugin. -->","yoast_head_json":{"title":"Portugal empata com S\u00e9rvia e o acesso ao Europeu Sub-19 fica para a \u00faltima jornada - Portal Tela Portugal","robots":{"index":"index","follow":"follow","max-snippet":"max-snippet:-1","max-image-preview":"max-image-preview:large","max-video-preview":"max-video-preview:-1"},"og_locale":"pt_PT","og_type":"article","og_title":"Portugal empata com S\u00e9rvia e o acesso ao Europeu Sub-19 fica para a \u00faltima jornada - Portal Tela Portugal","og_description":"Portugal empatou 1-1 com a S\u00e9rvia, em Famalic\u00e3o, na segunda jornada do Grupo 2 da Ronda de Elite de acesso ao Europeu sub-19, adiando a decis\u00e3o para a \u00faltima jornada. O golo inaugural foi de Bernardo Lima aos quatro minutos; a S\u00e9rvia empatou aos 55 minutos, com Milosavljesic, ap\u00f3s canto. No in\u00edcio da competi\u00e7\u00e3o, Portugal tinha vencido a Pol\u00f3nia por 1-0; a S\u00e9rvia tinha sido vitoriosa frente \u00e0 Inglaterra, por 2-0. Inglaterra venceu a Pol\u00f3nia por 1-0 hoje, o que deixa Portugal e S\u00e9rvia no topo do grupo com quatro pontos cada; polacos ficam em \u00faltimo com zero. O pr\u00f3ximo jogo de Portugal \u00e9 contra Inglaterra, na ter\u00e7a-feira, em Braga (16h00), com a necessidade de sempre ter melhor resultado que a S\u00e9rvia para seguir em frente.","og_url":"https:\/\/portaltela.pt\/noticias\/2026\/03\/28\/portugal-empata-com-servia-e-o-acesso-ao-europeu-sub-19-fica-para-a-ultima-jornada\/","og_site_name":"Portal Tela Portugal","article_published_time":"2026-03-28T19:00:00+00:00","author":"Telinha","twitter_card":"summary_large_image","twitter_misc":{"Escrito por":"Telinha","Tempo estimado de leitura":"2 minutos"},"schema":{"@context":"https:\/\/schema.org","@graph":[{"@type":"Article","@id":"https:\/\/portaltela.pt\/noticias\/2026\/03\/28\/portugal-empata-com-servia-e-o-acesso-ao-europeu-sub-19-fica-para-a-ultima-jornada\/#article","isPartOf":{"@id":"https:\/\/portaltela.pt\/noticias\/2026\/03\/28\/portugal-empata-com-servia-e-o-acesso-ao-europeu-sub-19-fica-para-a-ultima-jornada\/"},"author":{"name":"Telinha","@id":"https:\/\/portaltela.pt\/#\/schema\/person\/c4278d4a6028830caff9ee44b42d32ed"},"headline":"Portugal empata com S\u00e9rvia e o acesso ao Europeu Sub-19 fica para a \u00faltima jornada","datePublished":"2026-03-28T19:00:00+00:00","mainEntityOfPage":{"@id":"https:\/\/portaltela.pt\/noticias\/2026\/03\/28\/portugal-empata-com-servia-e-o-acesso-ao-europeu-sub-19-fica-para-a-ultima-jornada\/"},"wordCount":376,"image":{"@id":"https:\/\/portaltela.pt\/noticias\/2026\/03\/28\/portugal-empata-com-servia-e-o-acesso-ao-europeu-sub-19-fica-para-a-ultima-jornada\/#primaryimage"},"thumbnailUrl":"https:\/\/portaltela.pt\/s.01k8rhncp4jt1\/2026\/03\/img_920x518uu2026-03-28-19-00-14-2429891.jpg","keywords":["europeus","futebol","futebol internacional","Portugal","Sele\u00e7\u00e3o Nacional","S\u00e9rvia"],"articleSection":["Desporto","Futebol"],"inLanguage":"pt-PT"},{"@type":"WebPage","@id":"https:\/\/portaltela.pt\/noticias\/2026\/03\/28\/portugal-empata-com-servia-e-o-acesso-ao-europeu-sub-19-fica-para-a-ultima-jornada\/","url":"https:\/\/portaltela.pt\/noticias\/2026\/03\/28\/portugal-empata-com-servia-e-o-acesso-ao-europeu-sub-19-fica-para-a-ultima-jornada\/","name":"Portugal empata com S\u00e9rvia e o acesso ao Europeu Sub-19 fica para a \u00faltima jornada - Portal Tela Portugal","isPartOf":{"@id":"https:\/\/portaltela.pt\/#website"},"primaryImageOfPage":{"@id":"https:\/\/portaltela.pt\/noticias\/2026\/03\/28\/portugal-empata-com-servia-e-o-acesso-ao-europeu-sub-19-fica-para-a-ultima-jornada\/#primaryimage"},"image":{"@id":"https:\/\/portaltela.pt\/noticias\/2026\/03\/28\/portugal-empata-com-servia-e-o-acesso-ao-europeu-sub-19-fica-para-a-ultima-jornada\/#primaryimage"},"thumbnailUrl":"https:\/\/portaltela.pt\/s.01k8rhncp4jt1\/2026\/03\/img_920x518uu2026-03-28-19-00-14-2429891.jpg","datePublished":"2026-03-28T19:00:00+00:00","author":{"@id":"https:\/\/portaltela.pt\/#\/schema\/person\/c4278d4a6028830caff9ee44b42d32ed"},"breadcrumb":{"@id":"https:\/\/portaltela.pt\/noticias\/2026\/03\/28\/portugal-empata-com-servia-e-o-acesso-ao-europeu-sub-19-fica-para-a-ultima-jornada\/#breadcrumb"},"inLanguage":"pt-PT","potentialAction":[{"@type":"ReadAction","target":["https:\/\/portaltela.pt\/noticias\/2026\/03\/28\/portugal-empata-com-servia-e-o-acesso-ao-europeu-sub-19-fica-para-a-ultima-jornada\/"]}]},{"@type":"ImageObject","inLanguage":"pt-PT","@id":"https:\/\/portaltela.pt\/noticias\/2026\/03\/28\/portugal-empata-com-servia-e-o-acesso-ao-europeu-sub-19-fica-para-a-ultima-jornada\/#primaryimage","url":"https:\/\/portaltela.pt\/s.01k8rhncp4jt1\/2026\/03\/img_920x518uu2026-03-28-19-00-14-2429891.jpg","contentUrl":"https:\/\/portaltela.pt\/s.01k8rhncp4jt1\/2026\/03\/img_920x518uu2026-03-28-19-00-14-2429891.jpg","width":796,"height":448,"caption":"Portugal empata com S\u00e9rvia"},{"@type":"BreadcrumbList","@id":"https:\/\/portaltela.pt\/noticias\/2026\/03\/28\/portugal-empata-com-servia-e-o-acesso-ao-europeu-sub-19-fica-para-a-ultima-jornada\/#breadcrumb","itemListElement":[{"@type":"ListItem","position":1,"name":"In\u00edcio","item":"https:\/\/portaltela.pt\/"},{"@type":"ListItem","position":2,"name":"Portugal empata com S\u00e9rvia e o acesso ao Europeu Sub-19 fica para a \u00faltima jornada"}]},{"@type":"WebSite","@id":"https:\/\/portaltela.pt\/#website","url":"https:\/\/portaltela.pt\/","name":"Portal Tela Portugal","description":"","potentialAction":[{"@type":"SearchAction","target":{"@type":"EntryPoint","urlTemplate":"https:\/\/portaltela.pt\/?s={search_term_string}"},"query-input":{"@type":"PropertyValueSpecification","valueRequired":true,"valueName":"search_term_string"}}],"inLanguage":"pt-PT"},{"@type":"Person","@id":"https:\/\/portaltela.pt\/#\/schema\/person\/c4278d4a6028830caff9ee44b42d32ed","name":"Telinha","image":{"@type":"ImageObject","inLanguage":"pt-PT","@id":"https:\/\/portaltela.pt\/s.01k8rhncp4jt1\/2025\/11\/talking-bot-125x125.png","url":"https:\/\/portaltela.pt\/s.01k8rhncp4jt1\/2025\/11\/talking-bot-125x125.png","contentUrl":"https:\/\/portaltela.pt\/s.01k8rhncp4jt1\/2025\/11\/talking-bot-125x125.png","caption":"Telinha"},"sameAs":["https:\/\/portaltela.pt\/"],"url":"https:\/\/portaltela.pt\/por\/367410592786\/"}]}},"_links":{"self":[{"href":"https:\/\/portaltela.pt\/api\/wp\/v2\/posts\/425324","targetHints":{"allow":["GET"]}}],"collection":[{"href":"https:\/\/portaltela.pt\/api\/wp\/v2\/posts"}],"about":[{"href":"https:\/\/portaltela.pt\/api\/wp\/v2\/types\/post"}],"author":[{"embeddable":true,"href":"https:\/\/portaltela.pt\/api\/wp\/v2\/users\/2"}],"replies":[{"embeddable":true,"href":"https:\/\/portaltela.pt\/api\/wp\/v2\/comments?post=425324"}],"version-history":[{"count":0,"href":"https:\/\/portaltela.pt\/api\/wp\/v2\/posts\/425324\/revisions"}],"wp:featuredmedia":[{"embeddable":true,"href":"https:\/\/portaltela.pt\/api\/wp\/v2\/media\/425329"}],"wp:attachment":[{"href":"https:\/\/portaltela.pt\/api\/wp\/v2\/media?parent=425324"}],"wp:term":[{"taxonomy":"category","embeddable":true,"href":"https:\/\/portaltela.pt\/api\/wp\/v2\/categories?post=425324"},{"taxonomy":"post_tag","embeddable":true,"href":"https:\/\/portaltela.pt\/api\/wp\/v2\/tags?post=425324"}],"curies":[{"name":"wp","href":"https:\/\/api.w.org\/{rel}","templated":true}]}}