{"id":425322,"date":"2026-03-28T16:19:00","date_gmt":"2026-03-28T19:19:00","guid":{"rendered":"https:\/\/portaltela.pt\/noticias\/2026\/03\/28\/fc-porto-desmente-insinuacoes-graves-sobre-o-balneario-do-dragao-arena\/"},"modified":"2026-03-28T16:19:00","modified_gmt":"2026-03-28T19:19:00","slug":"fc-porto-desmente-insinuacoes-graves-sobre-o-balneario-do-dragao-arena","status":"publish","type":"post","link":"https:\/\/portaltela.pt\/desporto\/futebol\/2026\/03\/28\/fc-porto-desmente-insinuacoes-graves-sobre-o-balneario-do-dragao-arena\/","title":{"rendered":"FC Porto desmente insinua\u00e7\u00f5es graves sobre o balne\u00e1rio do Drag\u00e3o Arena"},"content":{"rendered":"<p>O FC Porto nega categoricamente as acusa\u00e7\u00f5es de odores intensos no balne\u00e1rio visitante do Drag\u00e3o Arena, antes do cl\u00e1ssico de andebol com o Sporting CP, no \u00e2mbito do campeonato. O clube afirma que as informa\u00e7\u00f5es publicadas s\u00e3o graves, abusivas e sem fundamento.<\/p>\n<p>O Porto informou ter contactado de imediato a Federa\u00e7\u00e3o de Andebol de Portugal e a PSP, para verificar in loco que n\u00e3o existem condi\u00e7\u00f5es an\u00f3malas no balne\u00e1rio. A inten\u00e7\u00e3o \u00e9 confirmar a veracidade de todos os factos junto das autoridades competentes.<\/p>\n<p>No que respeita \u00e0s eventualidades envolvendo atletas do Sporting, o comunicado refere que os meios de emerg\u00eancia foram acionados e que foi prestado apoio m\u00e9dico. O FC Porto refor\u00e7a que n\u00e3o se rev\u00ea nem se envolve em este tipo de situa\u00e7\u00f5es e mant\u00e9m abertura a verifica\u00e7\u00f5es independentes.<\/p>\n","protected":false},"excerpt":{"rendered":"<ul>\n<li>O FC Porto desmentiu os relatos de \u201codores intensos\u201d no balne\u00e1rio visitante do Drag\u00e3o Arena, antes do cl\u00e1ssico com o Sporting CP.<\/li>\n<li>O clube afirma ter negado categoricamente os factos \u00e0 Federa\u00e7\u00e3o de Andebol de Portugal e contactou a Pol\u00edcia de Seguran\u00e7a P\u00fablica para verifica\u00e7\u00e3o no local.<\/li>\n<li>Em comunicado, o Porto disse que, com autoriza\u00e7\u00e3o da Federa\u00e7\u00e3o de Andebol de Portugal, meios de comunica\u00e7\u00e3o credenciados podem aceder \u00e0s instala\u00e7\u00f5es para uma verifica\u00e7\u00e3o independente.<\/li>\n<li>Em rela\u00e7\u00e3o \u00e0s alegadas indisposi\u00e7\u00f5es de elementos do Sporting CP, os meios de emerg\u00eancia foram acionados e foi prestado todo o apoio m\u00e9dico, com transporte ao hospital.<\/li>\n<li>O FC Porto declara n\u00e3o se rever nem envolver neste tipo de situa\u00e7\u00f5es e ressalva a sua reputa\u00e7\u00e3o.<\/li>\n<\/ul>\n","protected":false},"author":2,"featured_media":425326,"comment_status":"closed","ping_status":"closed","sticky":false,"template":"","format":"standard","meta":{"footnotes":""},"categories":[21,24],"tags":[6338,180,215,982,1381,1652],"class_list":["post-425322","post","type-post","status-publish","format-standard","has-post-thumbnail","hentry","category-desporto","category-futebol","tag-acusacao","tag-andebol","tag-investigacao","tag-porto","tag-psp","tag-sporting"],"yoast_head":"<!-- This site is optimized with the Yoast SEO plugin v27.2 - https:\/\/yoast.com\/product\/yoast-seo-wordpress\/ -->\n<title>FC Porto desmente insinua\u00e7\u00f5es graves sobre o balne\u00e1rio do Drag\u00e3o Arena - Portal Tela Portugal<\/title>\n<meta name=\"robots\" content=\"index, follow, max-snippet:-1, max-image-preview:large, max-video-preview:-1\" \/>\n<meta property=\"og:locale\" content=\"pt_PT\" \/>\n<meta property=\"og:type\" content=\"article\" \/>\n<meta property=\"og:title\" content=\"FC Porto desmente insinua\u00e7\u00f5es graves sobre o balne\u00e1rio do Drag\u00e3o Arena - Portal Tela Portugal\" \/>\n<meta property=\"og:description\" content=\"O FC Porto desmentiu os relatos de \u201codores intensos\u201d no balne\u00e1rio visitante do Drag\u00e3o Arena, antes do cl\u00e1ssico com o Sporting CP. O clube afirma ter negado categoricamente os factos \u00e0 Federa\u00e7\u00e3o de Andebol de Portugal e contactou a Pol\u00edcia de Seguran\u00e7a P\u00fablica para verifica\u00e7\u00e3o no local. Em comunicado, o Porto disse que, com autoriza\u00e7\u00e3o da Federa\u00e7\u00e3o de Andebol de Portugal, meios de comunica\u00e7\u00e3o credenciados podem aceder \u00e0s instala\u00e7\u00f5es para uma verifica\u00e7\u00e3o independente. Em rela\u00e7\u00e3o \u00e0s alegadas indisposi\u00e7\u00f5es de elementos do Sporting CP, os meios de emerg\u00eancia foram acionados e foi prestado todo o apoio m\u00e9dico, com transporte ao hospital. O FC Porto declara n\u00e3o se rever nem envolver neste tipo de situa\u00e7\u00f5es e ressalva a sua reputa\u00e7\u00e3o.\" \/>\n<meta property=\"og:url\" content=\"https:\/\/portaltela.pt\/noticias\/2026\/03\/28\/fc-porto-desmente-insinuacoes-graves-sobre-o-balneario-do-dragao-arena\/\" \/>\n<meta property=\"og:site_name\" content=\"Portal Tela Portugal\" \/>\n<meta property=\"article:published_time\" content=\"2026-03-28T19:19:00+00:00\" \/>\n<meta name=\"author\" content=\"Telinha\" \/>\n<meta name=\"twitter:card\" content=\"summary_large_image\" \/>\n<meta name=\"twitter:label1\" content=\"Escrito por\" \/>\n\t<meta name=\"twitter:data1\" content=\"Telinha\" \/>\n\t<meta name=\"twitter:label2\" content=\"Tempo estimado de leitura\" \/>\n\t<meta name=\"twitter:data2\" content=\"1 minuto\" \/>\n<script type=\"application\/ld+json\" class=\"yoast-schema-graph\">{\"@context\":\"https:\/\/schema.org\",\"@graph\":[{\"@type\":\"Article\",\"@id\":\"https:\/\/portaltela.pt\/noticias\/2026\/03\/28\/fc-porto-desmente-insinuacoes-graves-sobre-o-balneario-do-dragao-arena\/#article\",\"isPartOf\":{\"@id\":\"https:\/\/portaltela.pt\/noticias\/2026\/03\/28\/fc-porto-desmente-insinuacoes-graves-sobre-o-balneario-do-dragao-arena\/\"},\"author\":{\"name\":\"Telinha\",\"@id\":\"https:\/\/portaltela.pt\/#\/schema\/person\/c4278d4a6028830caff9ee44b42d32ed\"},\"headline\":\"FC Porto desmente insinua\u00e7\u00f5es graves sobre o balne\u00e1rio do Drag\u00e3o Arena\",\"datePublished\":\"2026-03-28T19:19:00+00:00\",\"mainEntityOfPage\":{\"@id\":\"https:\/\/portaltela.pt\/noticias\/2026\/03\/28\/fc-porto-desmente-insinuacoes-graves-sobre-o-balneario-do-dragao-arena\/\"},\"wordCount\":162,\"image\":{\"@id\":\"https:\/\/portaltela.pt\/noticias\/2026\/03\/28\/fc-porto-desmente-insinuacoes-graves-sobre-o-balneario-do-dragao-arena\/#primaryimage\"},\"thumbnailUrl\":\"https:\/\/portaltela.pt\/s.01k8rhncp4jt1\/2026\/03\/img_1280x721uu2026-03-28-19-18-17-2275319.jpg\",\"keywords\":[\"acusa\u00e7\u00e3o\",\"andebol\",\"investiga\u00e7\u00e3o\",\"Porto\",\"PSP\",\"Sporting\"],\"articleSection\":[\"Desporto\",\"Futebol\"],\"inLanguage\":\"pt-PT\"},{\"@type\":\"WebPage\",\"@id\":\"https:\/\/portaltela.pt\/noticias\/2026\/03\/28\/fc-porto-desmente-insinuacoes-graves-sobre-o-balneario-do-dragao-arena\/\",\"url\":\"https:\/\/portaltela.pt\/noticias\/2026\/03\/28\/fc-porto-desmente-insinuacoes-graves-sobre-o-balneario-do-dragao-arena\/\",\"name\":\"FC Porto desmente insinua\u00e7\u00f5es graves sobre o balne\u00e1rio do Drag\u00e3o Arena - Portal Tela Portugal\",\"isPartOf\":{\"@id\":\"https:\/\/portaltela.pt\/#website\"},\"primaryImageOfPage\":{\"@id\":\"https:\/\/portaltela.pt\/noticias\/2026\/03\/28\/fc-porto-desmente-insinuacoes-graves-sobre-o-balneario-do-dragao-arena\/#primaryimage\"},\"image\":{\"@id\":\"https:\/\/portaltela.pt\/noticias\/2026\/03\/28\/fc-porto-desmente-insinuacoes-graves-sobre-o-balneario-do-dragao-arena\/#primaryimage\"},\"thumbnailUrl\":\"https:\/\/portaltela.pt\/s.01k8rhncp4jt1\/2026\/03\/img_1280x721uu2026-03-28-19-18-17-2275319.jpg\",\"datePublished\":\"2026-03-28T19:19:00+00:00\",\"author\":{\"@id\":\"https:\/\/portaltela.pt\/#\/schema\/person\/c4278d4a6028830caff9ee44b42d32ed\"},\"breadcrumb\":{\"@id\":\"https:\/\/portaltela.pt\/noticias\/2026\/03\/28\/fc-porto-desmente-insinuacoes-graves-sobre-o-balneario-do-dragao-arena\/#breadcrumb\"},\"inLanguage\":\"pt-PT\",\"potentialAction\":[{\"@type\":\"ReadAction\",\"target\":[\"https:\/\/portaltela.pt\/noticias\/2026\/03\/28\/fc-porto-desmente-insinuacoes-graves-sobre-o-balneario-do-dragao-arena\/\"]}]},{\"@type\":\"ImageObject\",\"inLanguage\":\"pt-PT\",\"@id\":\"https:\/\/portaltela.pt\/noticias\/2026\/03\/28\/fc-porto-desmente-insinuacoes-graves-sobre-o-balneario-do-dragao-arena\/#primaryimage\",\"url\":\"https:\/\/portaltela.pt\/s.01k8rhncp4jt1\/2026\/03\/img_1280x721uu2026-03-28-19-18-17-2275319.jpg\",\"contentUrl\":\"https:\/\/portaltela.pt\/s.01k8rhncp4jt1\/2026\/03\/img_1280x721uu2026-03-28-19-18-17-2275319.jpg\",\"width\":796,\"height\":448,\"caption\":\"Photo\"},{\"@type\":\"BreadcrumbList\",\"@id\":\"https:\/\/portaltela.pt\/noticias\/2026\/03\/28\/fc-porto-desmente-insinuacoes-graves-sobre-o-balneario-do-dragao-arena\/#breadcrumb\",\"itemListElement\":[{\"@type\":\"ListItem\",\"position\":1,\"name\":\"In\u00edcio\",\"item\":\"https:\/\/portaltela.pt\/\"},{\"@type\":\"ListItem\",\"position\":2,\"name\":\"FC Porto desmente insinua\u00e7\u00f5es graves sobre o balne\u00e1rio do Drag\u00e3o Arena\"}]},{\"@type\":\"WebSite\",\"@id\":\"https:\/\/portaltela.pt\/#website\",\"url\":\"https:\/\/portaltela.pt\/\",\"name\":\"Portal Tela Portugal\",\"description\":\"\",\"potentialAction\":[{\"@type\":\"SearchAction\",\"target\":{\"@type\":\"EntryPoint\",\"urlTemplate\":\"https:\/\/portaltela.pt\/?s={search_term_string}\"},\"query-input\":{\"@type\":\"PropertyValueSpecification\",\"valueRequired\":true,\"valueName\":\"search_term_string\"}}],\"inLanguage\":\"pt-PT\"},{\"@type\":\"Person\",\"@id\":\"https:\/\/portaltela.pt\/#\/schema\/person\/c4278d4a6028830caff9ee44b42d32ed\",\"name\":\"Telinha\",\"image\":{\"@type\":\"ImageObject\",\"inLanguage\":\"pt-PT\",\"@id\":\"https:\/\/portaltela.pt\/s.01k8rhncp4jt1\/2025\/11\/talking-bot-125x125.png\",\"url\":\"https:\/\/portaltela.pt\/s.01k8rhncp4jt1\/2025\/11\/talking-bot-125x125.png\",\"contentUrl\":\"https:\/\/portaltela.pt\/s.01k8rhncp4jt1\/2025\/11\/talking-bot-125x125.png\",\"caption\":\"Telinha\"},\"sameAs\":[\"https:\/\/portaltela.pt\/\"],\"url\":\"https:\/\/portaltela.pt\/por\/367410592786\/\"}]}<\/script>\n<!-- \/ Yoast SEO plugin. -->","yoast_head_json":{"title":"FC Porto desmente insinua\u00e7\u00f5es graves sobre o balne\u00e1rio do Drag\u00e3o Arena - Portal Tela Portugal","robots":{"index":"index","follow":"follow","max-snippet":"max-snippet:-1","max-image-preview":"max-image-preview:large","max-video-preview":"max-video-preview:-1"},"og_locale":"pt_PT","og_type":"article","og_title":"FC Porto desmente insinua\u00e7\u00f5es graves sobre o balne\u00e1rio do Drag\u00e3o Arena - Portal Tela Portugal","og_description":"O FC Porto desmentiu os relatos de \u201codores intensos\u201d no balne\u00e1rio visitante do Drag\u00e3o Arena, antes do cl\u00e1ssico com o Sporting CP. O clube afirma ter negado categoricamente os factos \u00e0 Federa\u00e7\u00e3o de Andebol de Portugal e contactou a Pol\u00edcia de Seguran\u00e7a P\u00fablica para verifica\u00e7\u00e3o no local. Em comunicado, o Porto disse que, com autoriza\u00e7\u00e3o da Federa\u00e7\u00e3o de Andebol de Portugal, meios de comunica\u00e7\u00e3o credenciados podem aceder \u00e0s instala\u00e7\u00f5es para uma verifica\u00e7\u00e3o independente. Em rela\u00e7\u00e3o \u00e0s alegadas indisposi\u00e7\u00f5es de elementos do Sporting CP, os meios de emerg\u00eancia foram acionados e foi prestado todo o apoio m\u00e9dico, com transporte ao hospital. O FC Porto declara n\u00e3o se rever nem envolver neste tipo de situa\u00e7\u00f5es e ressalva a sua reputa\u00e7\u00e3o.","og_url":"https:\/\/portaltela.pt\/noticias\/2026\/03\/28\/fc-porto-desmente-insinuacoes-graves-sobre-o-balneario-do-dragao-arena\/","og_site_name":"Portal Tela Portugal","article_published_time":"2026-03-28T19:19:00+00:00","author":"Telinha","twitter_card":"summary_large_image","twitter_misc":{"Escrito por":"Telinha","Tempo estimado de leitura":"1 minuto"},"schema":{"@context":"https:\/\/schema.org","@graph":[{"@type":"Article","@id":"https:\/\/portaltela.pt\/noticias\/2026\/03\/28\/fc-porto-desmente-insinuacoes-graves-sobre-o-balneario-do-dragao-arena\/#article","isPartOf":{"@id":"https:\/\/portaltela.pt\/noticias\/2026\/03\/28\/fc-porto-desmente-insinuacoes-graves-sobre-o-balneario-do-dragao-arena\/"},"author":{"name":"Telinha","@id":"https:\/\/portaltela.pt\/#\/schema\/person\/c4278d4a6028830caff9ee44b42d32ed"},"headline":"FC Porto desmente insinua\u00e7\u00f5es graves sobre o balne\u00e1rio do Drag\u00e3o Arena","datePublished":"2026-03-28T19:19:00+00:00","mainEntityOfPage":{"@id":"https:\/\/portaltela.pt\/noticias\/2026\/03\/28\/fc-porto-desmente-insinuacoes-graves-sobre-o-balneario-do-dragao-arena\/"},"wordCount":162,"image":{"@id":"https:\/\/portaltela.pt\/noticias\/2026\/03\/28\/fc-porto-desmente-insinuacoes-graves-sobre-o-balneario-do-dragao-arena\/#primaryimage"},"thumbnailUrl":"https:\/\/portaltela.pt\/s.01k8rhncp4jt1\/2026\/03\/img_1280x721uu2026-03-28-19-18-17-2275319.jpg","keywords":["acusa\u00e7\u00e3o","andebol","investiga\u00e7\u00e3o","Porto","PSP","Sporting"],"articleSection":["Desporto","Futebol"],"inLanguage":"pt-PT"},{"@type":"WebPage","@id":"https:\/\/portaltela.pt\/noticias\/2026\/03\/28\/fc-porto-desmente-insinuacoes-graves-sobre-o-balneario-do-dragao-arena\/","url":"https:\/\/portaltela.pt\/noticias\/2026\/03\/28\/fc-porto-desmente-insinuacoes-graves-sobre-o-balneario-do-dragao-arena\/","name":"FC Porto desmente insinua\u00e7\u00f5es graves sobre o balne\u00e1rio do Drag\u00e3o Arena - Portal Tela Portugal","isPartOf":{"@id":"https:\/\/portaltela.pt\/#website"},"primaryImageOfPage":{"@id":"https:\/\/portaltela.pt\/noticias\/2026\/03\/28\/fc-porto-desmente-insinuacoes-graves-sobre-o-balneario-do-dragao-arena\/#primaryimage"},"image":{"@id":"https:\/\/portaltela.pt\/noticias\/2026\/03\/28\/fc-porto-desmente-insinuacoes-graves-sobre-o-balneario-do-dragao-arena\/#primaryimage"},"thumbnailUrl":"https:\/\/portaltela.pt\/s.01k8rhncp4jt1\/2026\/03\/img_1280x721uu2026-03-28-19-18-17-2275319.jpg","datePublished":"2026-03-28T19:19:00+00:00","author":{"@id":"https:\/\/portaltela.pt\/#\/schema\/person\/c4278d4a6028830caff9ee44b42d32ed"},"breadcrumb":{"@id":"https:\/\/portaltela.pt\/noticias\/2026\/03\/28\/fc-porto-desmente-insinuacoes-graves-sobre-o-balneario-do-dragao-arena\/#breadcrumb"},"inLanguage":"pt-PT","potentialAction":[{"@type":"ReadAction","target":["https:\/\/portaltela.pt\/noticias\/2026\/03\/28\/fc-porto-desmente-insinuacoes-graves-sobre-o-balneario-do-dragao-arena\/"]}]},{"@type":"ImageObject","inLanguage":"pt-PT","@id":"https:\/\/portaltela.pt\/noticias\/2026\/03\/28\/fc-porto-desmente-insinuacoes-graves-sobre-o-balneario-do-dragao-arena\/#primaryimage","url":"https:\/\/portaltela.pt\/s.01k8rhncp4jt1\/2026\/03\/img_1280x721uu2026-03-28-19-18-17-2275319.jpg","contentUrl":"https:\/\/portaltela.pt\/s.01k8rhncp4jt1\/2026\/03\/img_1280x721uu2026-03-28-19-18-17-2275319.jpg","width":796,"height":448,"caption":"Photo"},{"@type":"BreadcrumbList","@id":"https:\/\/portaltela.pt\/noticias\/2026\/03\/28\/fc-porto-desmente-insinuacoes-graves-sobre-o-balneario-do-dragao-arena\/#breadcrumb","itemListElement":[{"@type":"ListItem","position":1,"name":"In\u00edcio","item":"https:\/\/portaltela.pt\/"},{"@type":"ListItem","position":2,"name":"FC Porto desmente insinua\u00e7\u00f5es graves sobre o balne\u00e1rio do Drag\u00e3o Arena"}]},{"@type":"WebSite","@id":"https:\/\/portaltela.pt\/#website","url":"https:\/\/portaltela.pt\/","name":"Portal Tela Portugal","description":"","potentialAction":[{"@type":"SearchAction","target":{"@type":"EntryPoint","urlTemplate":"https:\/\/portaltela.pt\/?s={search_term_string}"},"query-input":{"@type":"PropertyValueSpecification","valueRequired":true,"valueName":"search_term_string"}}],"inLanguage":"pt-PT"},{"@type":"Person","@id":"https:\/\/portaltela.pt\/#\/schema\/person\/c4278d4a6028830caff9ee44b42d32ed","name":"Telinha","image":{"@type":"ImageObject","inLanguage":"pt-PT","@id":"https:\/\/portaltela.pt\/s.01k8rhncp4jt1\/2025\/11\/talking-bot-125x125.png","url":"https:\/\/portaltela.pt\/s.01k8rhncp4jt1\/2025\/11\/talking-bot-125x125.png","contentUrl":"https:\/\/portaltela.pt\/s.01k8rhncp4jt1\/2025\/11\/talking-bot-125x125.png","caption":"Telinha"},"sameAs":["https:\/\/portaltela.pt\/"],"url":"https:\/\/portaltela.pt\/por\/367410592786\/"}]}},"_links":{"self":[{"href":"https:\/\/portaltela.pt\/api\/wp\/v2\/posts\/425322","targetHints":{"allow":["GET"]}}],"collection":[{"href":"https:\/\/portaltela.pt\/api\/wp\/v2\/posts"}],"about":[{"href":"https:\/\/portaltela.pt\/api\/wp\/v2\/types\/post"}],"author":[{"embeddable":true,"href":"https:\/\/portaltela.pt\/api\/wp\/v2\/users\/2"}],"replies":[{"embeddable":true,"href":"https:\/\/portaltela.pt\/api\/wp\/v2\/comments?post=425322"}],"version-history":[{"count":0,"href":"https:\/\/portaltela.pt\/api\/wp\/v2\/posts\/425322\/revisions"}],"wp:featuredmedia":[{"embeddable":true,"href":"https:\/\/portaltela.pt\/api\/wp\/v2\/media\/425326"}],"wp:attachment":[{"href":"https:\/\/portaltela.pt\/api\/wp\/v2\/media?parent=425322"}],"wp:term":[{"taxonomy":"category","embeddable":true,"href":"https:\/\/portaltela.pt\/api\/wp\/v2\/categories?post=425322"},{"taxonomy":"post_tag","embeddable":true,"href":"https:\/\/portaltela.pt\/api\/wp\/v2\/tags?post=425322"}],"curies":[{"name":"wp","href":"https:\/\/api.w.org\/{rel}","templated":true}]}}