{"id":425320,"date":"2026-03-28T05:03:00","date_gmt":"2026-03-28T08:03:00","guid":{"rendered":"https:\/\/portaltela.pt\/noticias\/2026\/03\/28\/palcos-da-semana-analisam-a-farsa-de-socrates-e-a-luz-do-sao-luis\/"},"modified":"2026-03-28T05:03:00","modified_gmt":"2026-03-28T08:03:00","slug":"palcos-da-semana-analisam-a-farsa-de-socrates-e-a-luz-do-sao-luis","status":"publish","type":"post","link":"https:\/\/portaltela.pt\/noticias\/2026\/03\/28\/palcos-da-semana-analisam-a-farsa-de-socrates-e-a-luz-do-sao-luis\/","title":{"rendered":"Palcos da semana analisam a farsa de S\u00f3crates e a luz do S\u00e3o Lu\u00eds"},"content":{"rendered":"<p>No corrente ciclo de espet\u00e1culos, a cidade de Lisboa recebe uma programa\u00e7\u00e3o diversificada para a semana. Destaques incluem um musical inspirado em S\u00f3crates, novidades musicais e encena\u00e7\u00f5es de refer\u00eancia, acompanhadas por fotografia relacionada com o S\u00e3o Luiz.<\/p>\n<p>O Tivoli acolhe a estreia de Sr. Engenheiro &#8211; Alegadamente Um Musical, uma produ\u00e7\u00e3o que integra a programa\u00e7\u00e3o local. Paralelamente, chega aos palcos uma apresenta\u00e7\u00e3o de P\u00f4r do Sol, nova m\u00fasica de Tame Impala, e vers\u00f5es de temas de Hans Zimmer em revisita de repert\u00f3rio.<\/p>\n<p>Adriano Luz protagoniza Lear, encena\u00e7\u00e3o de Ant\u00f3nio Pires, numa leitura teatral do cl\u00e1ssico. Ao lado, a exposi\u00e7\u00e3o A Luz Que Ficou &#8211; Um Retrato \u00cdntimo do S\u00e3o Luiz est\u00e1 em exibi\u00e7\u00e3o no teatro lisboeta, pela fot\u00f3grafa Estelle Valente.<\/p>\n<p>Programa\u00e7\u00e3o em detalhe<\/p>\n<ul>\n<li>Sr. Engenheiro &#8211; Alegadamente Um Musical estreia no Tivoli, com assinatura de encena\u00e7\u00e3o e produ\u00e7\u00e3o que prometem uma leitura contempor\u00e2nea.<\/li>\n<li>P\u00f4r do Sol, disco novo de Tame Impala, integra a cartaz de concertos da semana.<\/li>\n<li>Hans Zimmer apresenta uma sele\u00e7\u00e3o de temas em vers\u00e3o ao vivo, explorando novas leituras do legado do compositor.<\/li>\n<li>Lear, com Adriano Luz, oferece interpreta\u00e7\u00e3o centrada no drama shakespeariano, encenada por Ant\u00f3nio Pires.<\/li>\n<li>A mostra fotogr\u00e1fica de Estelle Valente permanece no S\u00e3o Luiz, oferecendo um retrato \u00edntimo do espa\u00e7o teatral.<\/li>\n<\/ul>\n","protected":false},"excerpt":{"rendered":"<ul>\n<li>Palcos da semana incluem um musical intitulado \u201cSr. Engenheiro &#8211; Alegadamente Um Musical\u201d que estreia no Tivoli.<\/li>\n<li>Destaques incluem a m\u00fasica nova de Tame Impala, \u201cP\u00f4r do Sol\u201d, e a apresenta\u00e7\u00e3o de Hans Zimmer em The Next Level.<\/li>\n<li>A pe\u00e7a Rei Lear \u00e9 encenada por Ant\u00f3nio Pires, com Adriano Luz no papel principal.<\/li>\n<li>Exposi\u00e7\u00e3o A Luz Que Ficou &#8211; Um Retrato \u00cdntimo do S\u00e3o Luiz est\u00e1 em cartaz no teatro lisboeta.<\/li>\n<li>Fotografias de Estelle Valente tamb\u00e9m integram a agenda cultural associada ao S\u00e3o Luiz.<\/li>\n<\/ul>\n","protected":false},"author":2,"featured_media":425327,"comment_status":"closed","ping_status":"closed","sticky":false,"template":"","format":"standard","meta":{"footnotes":""},"categories":[7375,1],"tags":[4892,6708,247,981,122,119],"class_list":["post-425320","post","type-post","status-publish","format-standard","has-post-thumbnail","hentry","category-cultura","category-noticias","tag-conciertos","tag-exposicao","tag-fotografia","tag-lisboa","tag-musica","tag-teatro"],"yoast_head":"<!-- This site is optimized with the Yoast SEO plugin v27.2 - https:\/\/yoast.com\/product\/yoast-seo-wordpress\/ -->\n<title>Palcos da semana analisam a farsa de S\u00f3crates e a luz do S\u00e3o Lu\u00eds - Portal Tela Portugal<\/title>\n<meta name=\"robots\" content=\"index, follow, max-snippet:-1, max-image-preview:large, max-video-preview:-1\" \/>\n<meta property=\"og:locale\" content=\"pt_PT\" \/>\n<meta property=\"og:type\" content=\"article\" \/>\n<meta property=\"og:title\" content=\"Palcos da semana analisam a farsa de S\u00f3crates e a luz do S\u00e3o Lu\u00eds - Portal Tela Portugal\" \/>\n<meta property=\"og:description\" content=\"Palcos da semana incluem um musical intitulado \u201cSr. Engenheiro - Alegadamente Um Musical\u201d que estreia no Tivoli. Destaques incluem a m\u00fasica nova de Tame Impala, \u201cP\u00f4r do Sol\u201d, e a apresenta\u00e7\u00e3o de Hans Zimmer em The Next Level. A pe\u00e7a Rei Lear \u00e9 encenada por Ant\u00f3nio Pires, com Adriano Luz no papel principal. Exposi\u00e7\u00e3o A Luz Que Ficou - Um Retrato \u00cdntimo do S\u00e3o Luiz est\u00e1 em cartaz no teatro lisboeta. Fotografias de Estelle Valente tamb\u00e9m integram a agenda cultural associada ao S\u00e3o Luiz.\" \/>\n<meta property=\"og:url\" content=\"https:\/\/portaltela.pt\/noticias\/2026\/03\/28\/palcos-da-semana-analisam-a-farsa-de-socrates-e-a-luz-do-sao-luis\/\" \/>\n<meta property=\"og:site_name\" content=\"Portal Tela Portugal\" \/>\n<meta property=\"article:published_time\" content=\"2026-03-28T08:03:00+00:00\" \/>\n<meta name=\"author\" content=\"Telinha\" \/>\n<meta name=\"twitter:card\" content=\"summary_large_image\" \/>\n<meta name=\"twitter:label1\" content=\"Escrito por\" \/>\n\t<meta name=\"twitter:data1\" content=\"Telinha\" \/>\n\t<meta name=\"twitter:label2\" content=\"Tempo estimado de leitura\" \/>\n\t<meta name=\"twitter:data2\" content=\"1 minuto\" \/>\n<script type=\"application\/ld+json\" class=\"yoast-schema-graph\">{\"@context\":\"https:\/\/schema.org\",\"@graph\":[{\"@type\":\"Article\",\"@id\":\"https:\/\/portaltela.pt\/noticias\/2026\/03\/28\/palcos-da-semana-analisam-a-farsa-de-socrates-e-a-luz-do-sao-luis\/#article\",\"isPartOf\":{\"@id\":\"https:\/\/portaltela.pt\/noticias\/2026\/03\/28\/palcos-da-semana-analisam-a-farsa-de-socrates-e-a-luz-do-sao-luis\/\"},\"author\":{\"name\":\"Telinha\",\"@id\":\"https:\/\/portaltela.pt\/#\/schema\/person\/c4278d4a6028830caff9ee44b42d32ed\"},\"headline\":\"Palcos da semana analisam a farsa de S\u00f3crates e a luz do S\u00e3o Lu\u00eds\",\"datePublished\":\"2026-03-28T08:03:00+00:00\",\"mainEntityOfPage\":{\"@id\":\"https:\/\/portaltela.pt\/noticias\/2026\/03\/28\/palcos-da-semana-analisam-a-farsa-de-socrates-e-a-luz-do-sao-luis\/\"},\"wordCount\":256,\"image\":{\"@id\":\"https:\/\/portaltela.pt\/noticias\/2026\/03\/28\/palcos-da-semana-analisam-a-farsa-de-socrates-e-a-luz-do-sao-luis\/#primaryimage\"},\"thumbnailUrl\":\"https:\/\/portaltela.pt\/s.01k8rhncp4jt1\/2026\/03\/2077688.jpg\",\"keywords\":[\"conciertos\",\"exposi\u00e7\u00e3o\",\"fotografia\",\"Lisboa\",\"m\u00fasica\",\"teatro\"],\"articleSection\":[\"Cultura\",\"Not\u00edcias\"],\"inLanguage\":\"pt-PT\"},{\"@type\":\"WebPage\",\"@id\":\"https:\/\/portaltela.pt\/noticias\/2026\/03\/28\/palcos-da-semana-analisam-a-farsa-de-socrates-e-a-luz-do-sao-luis\/\",\"url\":\"https:\/\/portaltela.pt\/noticias\/2026\/03\/28\/palcos-da-semana-analisam-a-farsa-de-socrates-e-a-luz-do-sao-luis\/\",\"name\":\"Palcos da semana analisam a farsa de S\u00f3crates e a luz do S\u00e3o Lu\u00eds - Portal Tela Portugal\",\"isPartOf\":{\"@id\":\"https:\/\/portaltela.pt\/#website\"},\"primaryImageOfPage\":{\"@id\":\"https:\/\/portaltela.pt\/noticias\/2026\/03\/28\/palcos-da-semana-analisam-a-farsa-de-socrates-e-a-luz-do-sao-luis\/#primaryimage\"},\"image\":{\"@id\":\"https:\/\/portaltela.pt\/noticias\/2026\/03\/28\/palcos-da-semana-analisam-a-farsa-de-socrates-e-a-luz-do-sao-luis\/#primaryimage\"},\"thumbnailUrl\":\"https:\/\/portaltela.pt\/s.01k8rhncp4jt1\/2026\/03\/2077688.jpg\",\"datePublished\":\"2026-03-28T08:03:00+00:00\",\"author\":{\"@id\":\"https:\/\/portaltela.pt\/#\/schema\/person\/c4278d4a6028830caff9ee44b42d32ed\"},\"breadcrumb\":{\"@id\":\"https:\/\/portaltela.pt\/noticias\/2026\/03\/28\/palcos-da-semana-analisam-a-farsa-de-socrates-e-a-luz-do-sao-luis\/#breadcrumb\"},\"inLanguage\":\"pt-PT\",\"potentialAction\":[{\"@type\":\"ReadAction\",\"target\":[\"https:\/\/portaltela.pt\/noticias\/2026\/03\/28\/palcos-da-semana-analisam-a-farsa-de-socrates-e-a-luz-do-sao-luis\/\"]}]},{\"@type\":\"ImageObject\",\"inLanguage\":\"pt-PT\",\"@id\":\"https:\/\/portaltela.pt\/noticias\/2026\/03\/28\/palcos-da-semana-analisam-a-farsa-de-socrates-e-a-luz-do-sao-luis\/#primaryimage\",\"url\":\"https:\/\/portaltela.pt\/s.01k8rhncp4jt1\/2026\/03\/2077688.jpg\",\"contentUrl\":\"https:\/\/portaltela.pt\/s.01k8rhncp4jt1\/2026\/03\/2077688.jpg\",\"width\":796,\"height\":448,\"caption\":\"Sr. Engenheiro - Alegadamente Um Musical estreia-se no Tivoli\"},{\"@type\":\"BreadcrumbList\",\"@id\":\"https:\/\/portaltela.pt\/noticias\/2026\/03\/28\/palcos-da-semana-analisam-a-farsa-de-socrates-e-a-luz-do-sao-luis\/#breadcrumb\",\"itemListElement\":[{\"@type\":\"ListItem\",\"position\":1,\"name\":\"In\u00edcio\",\"item\":\"https:\/\/portaltela.pt\/\"},{\"@type\":\"ListItem\",\"position\":2,\"name\":\"Palcos da semana analisam a farsa de S\u00f3crates e a luz do S\u00e3o Lu\u00eds\"}]},{\"@type\":\"WebSite\",\"@id\":\"https:\/\/portaltela.pt\/#website\",\"url\":\"https:\/\/portaltela.pt\/\",\"name\":\"Portal Tela Portugal\",\"description\":\"\",\"potentialAction\":[{\"@type\":\"SearchAction\",\"target\":{\"@type\":\"EntryPoint\",\"urlTemplate\":\"https:\/\/portaltela.pt\/?s={search_term_string}\"},\"query-input\":{\"@type\":\"PropertyValueSpecification\",\"valueRequired\":true,\"valueName\":\"search_term_string\"}}],\"inLanguage\":\"pt-PT\"},{\"@type\":\"Person\",\"@id\":\"https:\/\/portaltela.pt\/#\/schema\/person\/c4278d4a6028830caff9ee44b42d32ed\",\"name\":\"Telinha\",\"image\":{\"@type\":\"ImageObject\",\"inLanguage\":\"pt-PT\",\"@id\":\"https:\/\/portaltela.pt\/s.01k8rhncp4jt1\/2025\/11\/talking-bot-125x125.png\",\"url\":\"https:\/\/portaltela.pt\/s.01k8rhncp4jt1\/2025\/11\/talking-bot-125x125.png\",\"contentUrl\":\"https:\/\/portaltela.pt\/s.01k8rhncp4jt1\/2025\/11\/talking-bot-125x125.png\",\"caption\":\"Telinha\"},\"sameAs\":[\"https:\/\/portaltela.pt\/\"],\"url\":\"https:\/\/portaltela.pt\/por\/367410592786\/\"}]}<\/script>\n<!-- \/ Yoast SEO plugin. -->","yoast_head_json":{"title":"Palcos da semana analisam a farsa de S\u00f3crates e a luz do S\u00e3o Lu\u00eds - Portal Tela Portugal","robots":{"index":"index","follow":"follow","max-snippet":"max-snippet:-1","max-image-preview":"max-image-preview:large","max-video-preview":"max-video-preview:-1"},"og_locale":"pt_PT","og_type":"article","og_title":"Palcos da semana analisam a farsa de S\u00f3crates e a luz do S\u00e3o Lu\u00eds - Portal Tela Portugal","og_description":"Palcos da semana incluem um musical intitulado \u201cSr. Engenheiro - Alegadamente Um Musical\u201d que estreia no Tivoli. Destaques incluem a m\u00fasica nova de Tame Impala, \u201cP\u00f4r do Sol\u201d, e a apresenta\u00e7\u00e3o de Hans Zimmer em The Next Level. A pe\u00e7a Rei Lear \u00e9 encenada por Ant\u00f3nio Pires, com Adriano Luz no papel principal. Exposi\u00e7\u00e3o A Luz Que Ficou - Um Retrato \u00cdntimo do S\u00e3o Luiz est\u00e1 em cartaz no teatro lisboeta. Fotografias de Estelle Valente tamb\u00e9m integram a agenda cultural associada ao S\u00e3o Luiz.","og_url":"https:\/\/portaltela.pt\/noticias\/2026\/03\/28\/palcos-da-semana-analisam-a-farsa-de-socrates-e-a-luz-do-sao-luis\/","og_site_name":"Portal Tela Portugal","article_published_time":"2026-03-28T08:03:00+00:00","author":"Telinha","twitter_card":"summary_large_image","twitter_misc":{"Escrito por":"Telinha","Tempo estimado de leitura":"1 minuto"},"schema":{"@context":"https:\/\/schema.org","@graph":[{"@type":"Article","@id":"https:\/\/portaltela.pt\/noticias\/2026\/03\/28\/palcos-da-semana-analisam-a-farsa-de-socrates-e-a-luz-do-sao-luis\/#article","isPartOf":{"@id":"https:\/\/portaltela.pt\/noticias\/2026\/03\/28\/palcos-da-semana-analisam-a-farsa-de-socrates-e-a-luz-do-sao-luis\/"},"author":{"name":"Telinha","@id":"https:\/\/portaltela.pt\/#\/schema\/person\/c4278d4a6028830caff9ee44b42d32ed"},"headline":"Palcos da semana analisam a farsa de S\u00f3crates e a luz do S\u00e3o Lu\u00eds","datePublished":"2026-03-28T08:03:00+00:00","mainEntityOfPage":{"@id":"https:\/\/portaltela.pt\/noticias\/2026\/03\/28\/palcos-da-semana-analisam-a-farsa-de-socrates-e-a-luz-do-sao-luis\/"},"wordCount":256,"image":{"@id":"https:\/\/portaltela.pt\/noticias\/2026\/03\/28\/palcos-da-semana-analisam-a-farsa-de-socrates-e-a-luz-do-sao-luis\/#primaryimage"},"thumbnailUrl":"https:\/\/portaltela.pt\/s.01k8rhncp4jt1\/2026\/03\/2077688.jpg","keywords":["conciertos","exposi\u00e7\u00e3o","fotografia","Lisboa","m\u00fasica","teatro"],"articleSection":["Cultura","Not\u00edcias"],"inLanguage":"pt-PT"},{"@type":"WebPage","@id":"https:\/\/portaltela.pt\/noticias\/2026\/03\/28\/palcos-da-semana-analisam-a-farsa-de-socrates-e-a-luz-do-sao-luis\/","url":"https:\/\/portaltela.pt\/noticias\/2026\/03\/28\/palcos-da-semana-analisam-a-farsa-de-socrates-e-a-luz-do-sao-luis\/","name":"Palcos da semana analisam a farsa de S\u00f3crates e a luz do S\u00e3o Lu\u00eds - Portal Tela Portugal","isPartOf":{"@id":"https:\/\/portaltela.pt\/#website"},"primaryImageOfPage":{"@id":"https:\/\/portaltela.pt\/noticias\/2026\/03\/28\/palcos-da-semana-analisam-a-farsa-de-socrates-e-a-luz-do-sao-luis\/#primaryimage"},"image":{"@id":"https:\/\/portaltela.pt\/noticias\/2026\/03\/28\/palcos-da-semana-analisam-a-farsa-de-socrates-e-a-luz-do-sao-luis\/#primaryimage"},"thumbnailUrl":"https:\/\/portaltela.pt\/s.01k8rhncp4jt1\/2026\/03\/2077688.jpg","datePublished":"2026-03-28T08:03:00+00:00","author":{"@id":"https:\/\/portaltela.pt\/#\/schema\/person\/c4278d4a6028830caff9ee44b42d32ed"},"breadcrumb":{"@id":"https:\/\/portaltela.pt\/noticias\/2026\/03\/28\/palcos-da-semana-analisam-a-farsa-de-socrates-e-a-luz-do-sao-luis\/#breadcrumb"},"inLanguage":"pt-PT","potentialAction":[{"@type":"ReadAction","target":["https:\/\/portaltela.pt\/noticias\/2026\/03\/28\/palcos-da-semana-analisam-a-farsa-de-socrates-e-a-luz-do-sao-luis\/"]}]},{"@type":"ImageObject","inLanguage":"pt-PT","@id":"https:\/\/portaltela.pt\/noticias\/2026\/03\/28\/palcos-da-semana-analisam-a-farsa-de-socrates-e-a-luz-do-sao-luis\/#primaryimage","url":"https:\/\/portaltela.pt\/s.01k8rhncp4jt1\/2026\/03\/2077688.jpg","contentUrl":"https:\/\/portaltela.pt\/s.01k8rhncp4jt1\/2026\/03\/2077688.jpg","width":796,"height":448,"caption":"Sr. Engenheiro - Alegadamente Um Musical estreia-se no Tivoli"},{"@type":"BreadcrumbList","@id":"https:\/\/portaltela.pt\/noticias\/2026\/03\/28\/palcos-da-semana-analisam-a-farsa-de-socrates-e-a-luz-do-sao-luis\/#breadcrumb","itemListElement":[{"@type":"ListItem","position":1,"name":"In\u00edcio","item":"https:\/\/portaltela.pt\/"},{"@type":"ListItem","position":2,"name":"Palcos da semana analisam a farsa de S\u00f3crates e a luz do S\u00e3o Lu\u00eds"}]},{"@type":"WebSite","@id":"https:\/\/portaltela.pt\/#website","url":"https:\/\/portaltela.pt\/","name":"Portal Tela Portugal","description":"","potentialAction":[{"@type":"SearchAction","target":{"@type":"EntryPoint","urlTemplate":"https:\/\/portaltela.pt\/?s={search_term_string}"},"query-input":{"@type":"PropertyValueSpecification","valueRequired":true,"valueName":"search_term_string"}}],"inLanguage":"pt-PT"},{"@type":"Person","@id":"https:\/\/portaltela.pt\/#\/schema\/person\/c4278d4a6028830caff9ee44b42d32ed","name":"Telinha","image":{"@type":"ImageObject","inLanguage":"pt-PT","@id":"https:\/\/portaltela.pt\/s.01k8rhncp4jt1\/2025\/11\/talking-bot-125x125.png","url":"https:\/\/portaltela.pt\/s.01k8rhncp4jt1\/2025\/11\/talking-bot-125x125.png","contentUrl":"https:\/\/portaltela.pt\/s.01k8rhncp4jt1\/2025\/11\/talking-bot-125x125.png","caption":"Telinha"},"sameAs":["https:\/\/portaltela.pt\/"],"url":"https:\/\/portaltela.pt\/por\/367410592786\/"}]}},"_links":{"self":[{"href":"https:\/\/portaltela.pt\/api\/wp\/v2\/posts\/425320","targetHints":{"allow":["GET"]}}],"collection":[{"href":"https:\/\/portaltela.pt\/api\/wp\/v2\/posts"}],"about":[{"href":"https:\/\/portaltela.pt\/api\/wp\/v2\/types\/post"}],"author":[{"embeddable":true,"href":"https:\/\/portaltela.pt\/api\/wp\/v2\/users\/2"}],"replies":[{"embeddable":true,"href":"https:\/\/portaltela.pt\/api\/wp\/v2\/comments?post=425320"}],"version-history":[{"count":0,"href":"https:\/\/portaltela.pt\/api\/wp\/v2\/posts\/425320\/revisions"}],"wp:featuredmedia":[{"embeddable":true,"href":"https:\/\/portaltela.pt\/api\/wp\/v2\/media\/425327"}],"wp:attachment":[{"href":"https:\/\/portaltela.pt\/api\/wp\/v2\/media?parent=425320"}],"wp:term":[{"taxonomy":"category","embeddable":true,"href":"https:\/\/portaltela.pt\/api\/wp\/v2\/categories?post=425320"},{"taxonomy":"post_tag","embeddable":true,"href":"https:\/\/portaltela.pt\/api\/wp\/v2\/tags?post=425320"}],"curies":[{"name":"wp","href":"https:\/\/api.w.org\/{rel}","templated":true}]}}