{"id":425318,"date":"2026-03-28T16:30:00","date_gmt":"2026-03-28T19:30:00","guid":{"rendered":"https:\/\/portaltela.pt\/noticias\/2026\/03\/28\/neymar-abre-o-livro-em-documentario-sobre-carreira\/"},"modified":"2026-03-28T16:30:00","modified_gmt":"2026-03-28T19:30:00","slug":"neymar-abre-o-livro-em-documentario-sobre-carreira","status":"publish","type":"post","link":"https:\/\/portaltela.pt\/desporto\/futebol\/2026\/03\/28\/neymar-abre-o-livro-em-documentario-sobre-carreira\/","title":{"rendered":"Neymar abre o livro em document\u00e1rio sobre carreira"},"content":{"rendered":"<p>Neymar faz estreia de um document\u00e1rio onde aborda a sua vida fora do relvado. O novo projeto revela momentos pessoais do jogador e reflete sobre a aus\u00eancia da sele\u00e7\u00e3o brasileira nas \u00faltimas convoca\u00e7\u00f5es. A produ\u00e7\u00e3o chega numa altura em que o atleta enfrenta les\u00f5es recorrentes e d\u00favidas sobre o futuro internacional.<\/p>\n<p>No filme, o atacante fala sobre a aus\u00eancia da sele\u00e7\u00e3o brasileira e partilha v\u00e1rios pormenores da sua vida di\u00e1ria. O conte\u00fado \u00e9 apresentado como exclusivo, com v\u00e1rias perspetivas sobre os obst\u00e1culos enfrentados no percurso desportivo e pessoal.<\/p>\n<p>A obra foi anunciada para o dia 28 de mar\u00e7o de 2026, \u00e0s 19h30, com divulga\u00e7\u00e3o em formato de reportagem. O objetivo principal \u00e9 oferecer uma vis\u00e3o direta sobre as decis\u00f5es e desafios de Neymar sem emitir julgamento.<\/p>\n<p>A produ\u00e7\u00e3o procura contextualizar o impacto das les\u00f5es na gest\u00e3o da carreira internacional e nas op\u00e7\u00f5es futuras de convoca\u00e7\u00f5es. Em termos de produ\u00e7\u00e3o, o document\u00e1rio reserva espa\u00e7o para entrevistas e relatos que ajudam a compreender a sua perspetiva.<\/p>\n","protected":false},"excerpt":{"rendered":"<ul>\n<li>Neymar continua ausente das convoca\u00e7\u00f5es da sele\u00e7\u00e3o brasileira para os pr\u00f3ximos jogos de prepara\u00e7\u00e3o para o mundial, devido \u00e0s les\u00f5es nos \u00faltimos anos.<\/li>\n<li>O atacante aparece em um document\u00e1rio que mostra v\u00e1rios pormenores da sua vida pessoal.<\/li>\n<li>O conte\u00fado promete abrir o \u201clivro\u201d da carreira de Neymar e os momentos marcantes da sua vida profissional.<\/li>\n<li>A mat\u00e9ria \u00e9 apresentada como exclusiva, publicada a 28 de mar\u00e7o de 2026 \u00e0s 19:30.<\/li>\n<li>Durante as grava\u00e7\u00f5es, Neymar comenta a aus\u00eancia na sele\u00e7\u00e3o e afirma que queria dizer muitas coisas.<\/li>\n<\/ul>\n","protected":false},"author":2,"featured_media":425323,"comment_status":"closed","ping_status":"closed","sticky":false,"template":"","format":"standard","meta":{"footnotes":""},"categories":[21,24],"tags":[196,32,2538,3552,2057,1196],"class_list":["post-425318","post","type-post","status-publish","format-standard","has-post-thumbnail","hentry","category-desporto","category-futebol","tag-documentarios","tag-futebol","tag-lesoes","tag-neymar","tag-selecao-nacional","tag-vida-privada"],"yoast_head":"<!-- This site is optimized with the Yoast SEO plugin v27.2 - https:\/\/yoast.com\/product\/yoast-seo-wordpress\/ -->\n<title>Neymar abre o livro em document\u00e1rio sobre carreira - Portal Tela Portugal<\/title>\n<meta name=\"robots\" content=\"index, follow, max-snippet:-1, max-image-preview:large, max-video-preview:-1\" \/>\n<meta property=\"og:locale\" content=\"pt_PT\" \/>\n<meta property=\"og:type\" content=\"article\" \/>\n<meta property=\"og:title\" content=\"Neymar abre o livro em document\u00e1rio sobre carreira - Portal Tela Portugal\" \/>\n<meta property=\"og:description\" content=\"Neymar continua ausente das convoca\u00e7\u00f5es da sele\u00e7\u00e3o brasileira para os pr\u00f3ximos jogos de prepara\u00e7\u00e3o para o mundial, devido \u00e0s les\u00f5es nos \u00faltimos anos. O atacante aparece em um document\u00e1rio que mostra v\u00e1rios pormenores da sua vida pessoal. O conte\u00fado promete abrir o \u201clivro\u201d da carreira de Neymar e os momentos marcantes da sua vida profissional. A mat\u00e9ria \u00e9 apresentada como exclusiva, publicada a 28 de mar\u00e7o de 2026 \u00e0s 19:30. Durante as grava\u00e7\u00f5es, Neymar comenta a aus\u00eancia na sele\u00e7\u00e3o e afirma que queria dizer muitas coisas.\" \/>\n<meta property=\"og:url\" content=\"https:\/\/portaltela.pt\/noticias\/2026\/03\/28\/neymar-abre-o-livro-em-documentario-sobre-carreira\/\" \/>\n<meta property=\"og:site_name\" content=\"Portal Tela Portugal\" \/>\n<meta property=\"article:published_time\" content=\"2026-03-28T19:30:00+00:00\" \/>\n<meta name=\"author\" content=\"Telinha\" \/>\n<meta name=\"twitter:card\" content=\"summary_large_image\" \/>\n<meta name=\"twitter:label1\" content=\"Escrito por\" \/>\n\t<meta name=\"twitter:data1\" content=\"Telinha\" \/>\n\t<meta name=\"twitter:label2\" content=\"Tempo estimado de leitura\" \/>\n\t<meta name=\"twitter:data2\" content=\"1 minuto\" \/>\n<script type=\"application\/ld+json\" class=\"yoast-schema-graph\">{\"@context\":\"https:\/\/schema.org\",\"@graph\":[{\"@type\":\"Article\",\"@id\":\"https:\/\/portaltela.pt\/noticias\/2026\/03\/28\/neymar-abre-o-livro-em-documentario-sobre-carreira\/#article\",\"isPartOf\":{\"@id\":\"https:\/\/portaltela.pt\/noticias\/2026\/03\/28\/neymar-abre-o-livro-em-documentario-sobre-carreira\/\"},\"author\":{\"name\":\"Telinha\",\"@id\":\"https:\/\/portaltela.pt\/#\/schema\/person\/c4278d4a6028830caff9ee44b42d32ed\"},\"headline\":\"Neymar abre o livro em document\u00e1rio sobre carreira\",\"datePublished\":\"2026-03-28T19:30:00+00:00\",\"mainEntityOfPage\":{\"@id\":\"https:\/\/portaltela.pt\/noticias\/2026\/03\/28\/neymar-abre-o-livro-em-documentario-sobre-carreira\/\"},\"wordCount\":195,\"image\":{\"@id\":\"https:\/\/portaltela.pt\/noticias\/2026\/03\/28\/neymar-abre-o-livro-em-documentario-sobre-carreira\/#primaryimage\"},\"thumbnailUrl\":\"https:\/\/portaltela.pt\/s.01k8rhncp4jt1\/2026\/03\/img_1500x1000uu2026-03-28-18-59-12-2275301.jpg\",\"keywords\":[\"document\u00e1rios\",\"futebol\",\"les\u00f5es\",\"Neymar\",\"Sele\u00e7\u00e3o Nacional\",\"Vida Privada\"],\"articleSection\":[\"Desporto\",\"Futebol\"],\"inLanguage\":\"pt-PT\"},{\"@type\":\"WebPage\",\"@id\":\"https:\/\/portaltela.pt\/noticias\/2026\/03\/28\/neymar-abre-o-livro-em-documentario-sobre-carreira\/\",\"url\":\"https:\/\/portaltela.pt\/noticias\/2026\/03\/28\/neymar-abre-o-livro-em-documentario-sobre-carreira\/\",\"name\":\"Neymar abre o livro em document\u00e1rio sobre carreira - Portal Tela Portugal\",\"isPartOf\":{\"@id\":\"https:\/\/portaltela.pt\/#website\"},\"primaryImageOfPage\":{\"@id\":\"https:\/\/portaltela.pt\/noticias\/2026\/03\/28\/neymar-abre-o-livro-em-documentario-sobre-carreira\/#primaryimage\"},\"image\":{\"@id\":\"https:\/\/portaltela.pt\/noticias\/2026\/03\/28\/neymar-abre-o-livro-em-documentario-sobre-carreira\/#primaryimage\"},\"thumbnailUrl\":\"https:\/\/portaltela.pt\/s.01k8rhncp4jt1\/2026\/03\/img_1500x1000uu2026-03-28-18-59-12-2275301.jpg\",\"datePublished\":\"2026-03-28T19:30:00+00:00\",\"author\":{\"@id\":\"https:\/\/portaltela.pt\/#\/schema\/person\/c4278d4a6028830caff9ee44b42d32ed\"},\"breadcrumb\":{\"@id\":\"https:\/\/portaltela.pt\/noticias\/2026\/03\/28\/neymar-abre-o-livro-em-documentario-sobre-carreira\/#breadcrumb\"},\"inLanguage\":\"pt-PT\",\"potentialAction\":[{\"@type\":\"ReadAction\",\"target\":[\"https:\/\/portaltela.pt\/noticias\/2026\/03\/28\/neymar-abre-o-livro-em-documentario-sobre-carreira\/\"]}]},{\"@type\":\"ImageObject\",\"inLanguage\":\"pt-PT\",\"@id\":\"https:\/\/portaltela.pt\/noticias\/2026\/03\/28\/neymar-abre-o-livro-em-documentario-sobre-carreira\/#primaryimage\",\"url\":\"https:\/\/portaltela.pt\/s.01k8rhncp4jt1\/2026\/03\/img_1500x1000uu2026-03-28-18-59-12-2275301.jpg\",\"contentUrl\":\"https:\/\/portaltela.pt\/s.01k8rhncp4jt1\/2026\/03\/img_1500x1000uu2026-03-28-18-59-12-2275301.jpg\",\"width\":796,\"height\":448,\"caption\":\"Neymar\"},{\"@type\":\"BreadcrumbList\",\"@id\":\"https:\/\/portaltela.pt\/noticias\/2026\/03\/28\/neymar-abre-o-livro-em-documentario-sobre-carreira\/#breadcrumb\",\"itemListElement\":[{\"@type\":\"ListItem\",\"position\":1,\"name\":\"In\u00edcio\",\"item\":\"https:\/\/portaltela.pt\/\"},{\"@type\":\"ListItem\",\"position\":2,\"name\":\"Neymar abre o livro em document\u00e1rio sobre carreira\"}]},{\"@type\":\"WebSite\",\"@id\":\"https:\/\/portaltela.pt\/#website\",\"url\":\"https:\/\/portaltela.pt\/\",\"name\":\"Portal Tela Portugal\",\"description\":\"\",\"potentialAction\":[{\"@type\":\"SearchAction\",\"target\":{\"@type\":\"EntryPoint\",\"urlTemplate\":\"https:\/\/portaltela.pt\/?s={search_term_string}\"},\"query-input\":{\"@type\":\"PropertyValueSpecification\",\"valueRequired\":true,\"valueName\":\"search_term_string\"}}],\"inLanguage\":\"pt-PT\"},{\"@type\":\"Person\",\"@id\":\"https:\/\/portaltela.pt\/#\/schema\/person\/c4278d4a6028830caff9ee44b42d32ed\",\"name\":\"Telinha\",\"image\":{\"@type\":\"ImageObject\",\"inLanguage\":\"pt-PT\",\"@id\":\"https:\/\/portaltela.pt\/s.01k8rhncp4jt1\/2025\/11\/talking-bot-125x125.png\",\"url\":\"https:\/\/portaltela.pt\/s.01k8rhncp4jt1\/2025\/11\/talking-bot-125x125.png\",\"contentUrl\":\"https:\/\/portaltela.pt\/s.01k8rhncp4jt1\/2025\/11\/talking-bot-125x125.png\",\"caption\":\"Telinha\"},\"sameAs\":[\"https:\/\/portaltela.pt\/\"],\"url\":\"https:\/\/portaltela.pt\/por\/367410592786\/\"}]}<\/script>\n<!-- \/ Yoast SEO plugin. -->","yoast_head_json":{"title":"Neymar abre o livro em document\u00e1rio sobre carreira - Portal Tela Portugal","robots":{"index":"index","follow":"follow","max-snippet":"max-snippet:-1","max-image-preview":"max-image-preview:large","max-video-preview":"max-video-preview:-1"},"og_locale":"pt_PT","og_type":"article","og_title":"Neymar abre o livro em document\u00e1rio sobre carreira - Portal Tela Portugal","og_description":"Neymar continua ausente das convoca\u00e7\u00f5es da sele\u00e7\u00e3o brasileira para os pr\u00f3ximos jogos de prepara\u00e7\u00e3o para o mundial, devido \u00e0s les\u00f5es nos \u00faltimos anos. O atacante aparece em um document\u00e1rio que mostra v\u00e1rios pormenores da sua vida pessoal. O conte\u00fado promete abrir o \u201clivro\u201d da carreira de Neymar e os momentos marcantes da sua vida profissional. A mat\u00e9ria \u00e9 apresentada como exclusiva, publicada a 28 de mar\u00e7o de 2026 \u00e0s 19:30. Durante as grava\u00e7\u00f5es, Neymar comenta a aus\u00eancia na sele\u00e7\u00e3o e afirma que queria dizer muitas coisas.","og_url":"https:\/\/portaltela.pt\/noticias\/2026\/03\/28\/neymar-abre-o-livro-em-documentario-sobre-carreira\/","og_site_name":"Portal Tela Portugal","article_published_time":"2026-03-28T19:30:00+00:00","author":"Telinha","twitter_card":"summary_large_image","twitter_misc":{"Escrito por":"Telinha","Tempo estimado de leitura":"1 minuto"},"schema":{"@context":"https:\/\/schema.org","@graph":[{"@type":"Article","@id":"https:\/\/portaltela.pt\/noticias\/2026\/03\/28\/neymar-abre-o-livro-em-documentario-sobre-carreira\/#article","isPartOf":{"@id":"https:\/\/portaltela.pt\/noticias\/2026\/03\/28\/neymar-abre-o-livro-em-documentario-sobre-carreira\/"},"author":{"name":"Telinha","@id":"https:\/\/portaltela.pt\/#\/schema\/person\/c4278d4a6028830caff9ee44b42d32ed"},"headline":"Neymar abre o livro em document\u00e1rio sobre carreira","datePublished":"2026-03-28T19:30:00+00:00","mainEntityOfPage":{"@id":"https:\/\/portaltela.pt\/noticias\/2026\/03\/28\/neymar-abre-o-livro-em-documentario-sobre-carreira\/"},"wordCount":195,"image":{"@id":"https:\/\/portaltela.pt\/noticias\/2026\/03\/28\/neymar-abre-o-livro-em-documentario-sobre-carreira\/#primaryimage"},"thumbnailUrl":"https:\/\/portaltela.pt\/s.01k8rhncp4jt1\/2026\/03\/img_1500x1000uu2026-03-28-18-59-12-2275301.jpg","keywords":["document\u00e1rios","futebol","les\u00f5es","Neymar","Sele\u00e7\u00e3o Nacional","Vida Privada"],"articleSection":["Desporto","Futebol"],"inLanguage":"pt-PT"},{"@type":"WebPage","@id":"https:\/\/portaltela.pt\/noticias\/2026\/03\/28\/neymar-abre-o-livro-em-documentario-sobre-carreira\/","url":"https:\/\/portaltela.pt\/noticias\/2026\/03\/28\/neymar-abre-o-livro-em-documentario-sobre-carreira\/","name":"Neymar abre o livro em document\u00e1rio sobre carreira - Portal Tela Portugal","isPartOf":{"@id":"https:\/\/portaltela.pt\/#website"},"primaryImageOfPage":{"@id":"https:\/\/portaltela.pt\/noticias\/2026\/03\/28\/neymar-abre-o-livro-em-documentario-sobre-carreira\/#primaryimage"},"image":{"@id":"https:\/\/portaltela.pt\/noticias\/2026\/03\/28\/neymar-abre-o-livro-em-documentario-sobre-carreira\/#primaryimage"},"thumbnailUrl":"https:\/\/portaltela.pt\/s.01k8rhncp4jt1\/2026\/03\/img_1500x1000uu2026-03-28-18-59-12-2275301.jpg","datePublished":"2026-03-28T19:30:00+00:00","author":{"@id":"https:\/\/portaltela.pt\/#\/schema\/person\/c4278d4a6028830caff9ee44b42d32ed"},"breadcrumb":{"@id":"https:\/\/portaltela.pt\/noticias\/2026\/03\/28\/neymar-abre-o-livro-em-documentario-sobre-carreira\/#breadcrumb"},"inLanguage":"pt-PT","potentialAction":[{"@type":"ReadAction","target":["https:\/\/portaltela.pt\/noticias\/2026\/03\/28\/neymar-abre-o-livro-em-documentario-sobre-carreira\/"]}]},{"@type":"ImageObject","inLanguage":"pt-PT","@id":"https:\/\/portaltela.pt\/noticias\/2026\/03\/28\/neymar-abre-o-livro-em-documentario-sobre-carreira\/#primaryimage","url":"https:\/\/portaltela.pt\/s.01k8rhncp4jt1\/2026\/03\/img_1500x1000uu2026-03-28-18-59-12-2275301.jpg","contentUrl":"https:\/\/portaltela.pt\/s.01k8rhncp4jt1\/2026\/03\/img_1500x1000uu2026-03-28-18-59-12-2275301.jpg","width":796,"height":448,"caption":"Neymar"},{"@type":"BreadcrumbList","@id":"https:\/\/portaltela.pt\/noticias\/2026\/03\/28\/neymar-abre-o-livro-em-documentario-sobre-carreira\/#breadcrumb","itemListElement":[{"@type":"ListItem","position":1,"name":"In\u00edcio","item":"https:\/\/portaltela.pt\/"},{"@type":"ListItem","position":2,"name":"Neymar abre o livro em document\u00e1rio sobre carreira"}]},{"@type":"WebSite","@id":"https:\/\/portaltela.pt\/#website","url":"https:\/\/portaltela.pt\/","name":"Portal Tela Portugal","description":"","potentialAction":[{"@type":"SearchAction","target":{"@type":"EntryPoint","urlTemplate":"https:\/\/portaltela.pt\/?s={search_term_string}"},"query-input":{"@type":"PropertyValueSpecification","valueRequired":true,"valueName":"search_term_string"}}],"inLanguage":"pt-PT"},{"@type":"Person","@id":"https:\/\/portaltela.pt\/#\/schema\/person\/c4278d4a6028830caff9ee44b42d32ed","name":"Telinha","image":{"@type":"ImageObject","inLanguage":"pt-PT","@id":"https:\/\/portaltela.pt\/s.01k8rhncp4jt1\/2025\/11\/talking-bot-125x125.png","url":"https:\/\/portaltela.pt\/s.01k8rhncp4jt1\/2025\/11\/talking-bot-125x125.png","contentUrl":"https:\/\/portaltela.pt\/s.01k8rhncp4jt1\/2025\/11\/talking-bot-125x125.png","caption":"Telinha"},"sameAs":["https:\/\/portaltela.pt\/"],"url":"https:\/\/portaltela.pt\/por\/367410592786\/"}]}},"_links":{"self":[{"href":"https:\/\/portaltela.pt\/api\/wp\/v2\/posts\/425318","targetHints":{"allow":["GET"]}}],"collection":[{"href":"https:\/\/portaltela.pt\/api\/wp\/v2\/posts"}],"about":[{"href":"https:\/\/portaltela.pt\/api\/wp\/v2\/types\/post"}],"author":[{"embeddable":true,"href":"https:\/\/portaltela.pt\/api\/wp\/v2\/users\/2"}],"replies":[{"embeddable":true,"href":"https:\/\/portaltela.pt\/api\/wp\/v2\/comments?post=425318"}],"version-history":[{"count":0,"href":"https:\/\/portaltela.pt\/api\/wp\/v2\/posts\/425318\/revisions"}],"wp:featuredmedia":[{"embeddable":true,"href":"https:\/\/portaltela.pt\/api\/wp\/v2\/media\/425323"}],"wp:attachment":[{"href":"https:\/\/portaltela.pt\/api\/wp\/v2\/media?parent=425318"}],"wp:term":[{"taxonomy":"category","embeddable":true,"href":"https:\/\/portaltela.pt\/api\/wp\/v2\/categories?post=425318"},{"taxonomy":"post_tag","embeddable":true,"href":"https:\/\/portaltela.pt\/api\/wp\/v2\/tags?post=425318"}],"curies":[{"name":"wp","href":"https:\/\/api.w.org\/{rel}","templated":true}]}}