{"id":425315,"date":"2026-03-28T16:07:00","date_gmt":"2026-03-28T19:07:00","guid":{"rendered":"https:\/\/portaltela.pt\/noticias\/2026\/03\/28\/senegal-mostra-trofeu-retirado-da-can2025-em-encontro-privado-com-o-peru\/"},"modified":"2026-03-28T16:07:00","modified_gmt":"2026-03-28T19:07:00","slug":"senegal-mostra-trofeu-retirado-da-can2025-em-encontro-privado-com-o-peru","status":"publish","type":"post","link":"https:\/\/portaltela.pt\/desporto\/futebol\/2026\/03\/28\/senegal-mostra-trofeu-retirado-da-can2025-em-encontro-privado-com-o-peru\/","title":{"rendered":"Senegal mostra trof\u00e9u retirado da CAN2025 em encontro privado com o Peru"},"content":{"rendered":"<p>No Stade de France, em Paris, o Senegal enfrentou uma celebra\u00e7\u00e3o contida antes do encontro particular com o Peru. O capit\u00e3o Kalidou Koulibaly ergueu a ta\u00e7a, num momento marcado por uma pequena atua\u00e7\u00e3o de Youssou Ndour.<\/p>\n<p>A CAN2025 ficou marcada pela penaliza\u00e7\u00e3o aplicada pela CAF. O Senegal foi derrotado 3-0 em campo, na decis\u00e3o frente a Marrocos, em Rabat, em 18 de janeiro. A derrota no relat\u00f3rio oficial n\u00e3o refletiu a rea\u00e7\u00e3o no pa\u00eds.<\/p>\n<p>Nos descontos do tempo regulamentar do jogo da final, os s\u00e9n\u00e9galeses protestaram pela marca\u00e7\u00e3o de uma grande penalidade que favoreceu Marrocos, que Brahim D\u00edaz falhou no prolongamento.<\/p>\n<p>No prolongamento, Pape Gueye fez o golo que deu a vit\u00f3ria ao Senegal, garantindo o t\u00edtulo da CAN2025 ao pa\u00eds. A CAF confirmou a vit\u00f3ria dentro de campo, mas imp\u00f4s san\u00e7\u00f5es subsequentes.<\/p>\n<p>Antes, a CAF j\u00e1 tinha punido o selecionador Pape Thiaw com suspens\u00e3o de cinco jogos e multou as duas federa\u00e7\u00f5es envolvidas em valores elevados. Abdoulaye Fall reagiu.<\/p>\n<p>O presidente da Federa\u00e7\u00e3o Senegalesa de Futebol classificou a decis\u00e3o da CAF como roubo administrativo e informou que um recurso j\u00e1 foi apresentado ao TAS.<\/p>\n<p>No dia 17 de mar\u00e7o, foram anunciadas as san\u00e7\u00f5es formais: derrota por 3-0 para o Senegal, como puni\u00e7\u00e3o pela final. A decis\u00e3o veio apesar do t\u00edtulo em campo contra Marrocos.<\/p>\n<p>No amistoso que segue, o Senegal goleou o Peru por 2-0, com golos de Nicolas Jackson, aos 41 minutos, e Ismaila Sarr, aos 54. O encontro ocorreu no mesmo palco, com a ta\u00e7a presente.<\/p>\n<p>A equipa s\u00e9n\u00e9gala prepara j\u00e1 a participa\u00e7\u00e3o no Mundial 2026, nos EUA, M\u00e9xico e Canad\u00e1. O grupo inclui Fran\u00e7a e Noruega, com o terceiro advers\u00e1rio a sair do play-off entre Bol\u00edvia e Iraque.<\/p>\n","protected":false},"excerpt":{"rendered":"<ul>\n<li>No Stade de France, o capit\u00e3o Kalidou Koulibaly ergueu a ta\u00e7a antes do particular com o Peru, numa cerim\u00f4nia acompanhada por um mini-concerto de Youssou Ndour.<\/li>\n<li>A CAF puniu o Senegal com uma derrota de tr\u00eas zeros pela final da CAN2025, disputada em Rabat a 18 de janeiro, mesmo ap\u00f3s o triunfo do Senegal sobre Marrocos.<\/li>\n<li>O protesto dos jogadores ocorreu nos descontos do tempo regulamentar, quando deixaram o relvado ap\u00f3s a marca\u00e7\u00e3o de uma grande penalidade favor\u00e1vel a Marrocos, que Brahim D\u00edaz falhou.<\/li>\n<li>O presidente da Federa\u00e7\u00e3o Senegalesa de Futebol, Abdoulaye Fall, classificou a decis\u00e3o da CAF como \u201croubo administrativo\u201d, com recurso j\u00e1 apresentado no Tribunal Arbitral do Desporto (TAS); o selecionador Pape Thiaw foi suspenso por cinco jogos e as federa\u00e7\u00f5es receberam multas.<\/li>\n<li>O Senegal venceu o Peru por 2-0 na seguir da CAN, com golos de Nicolas Jackson e Ismaila Sarr, e prepara-se para o Mundial 2026, integrado no Grupo I com Fran\u00e7a e Noruega.<\/li>\n<\/ul>\n","protected":false},"author":2,"featured_media":425316,"comment_status":"closed","ping_status":"closed","sticky":false,"template":"","format":"standard","meta":{"footnotes":""},"categories":[21,24],"tags":[7348,32,1015,6371,2057,1883],"class_list":["post-425315","post","type-post","status-publish","format-standard","has-post-thumbnail","hentry","category-desporto","category-futebol","tag-caf","tag-futebol","tag-marrocos","tag-sancoes","tag-selecao-nacional","tag-senegal"],"yoast_head":"<!-- This site is optimized with the Yoast SEO plugin v27.2 - https:\/\/yoast.com\/product\/yoast-seo-wordpress\/ -->\n<title>Senegal mostra trof\u00e9u retirado da CAN2025 em encontro privado com o Peru - Portal Tela Portugal<\/title>\n<meta name=\"robots\" content=\"index, follow, max-snippet:-1, max-image-preview:large, max-video-preview:-1\" \/>\n<meta property=\"og:locale\" content=\"pt_PT\" \/>\n<meta property=\"og:type\" content=\"article\" \/>\n<meta property=\"og:title\" content=\"Senegal mostra trof\u00e9u retirado da CAN2025 em encontro privado com o Peru - Portal Tela Portugal\" \/>\n<meta property=\"og:description\" content=\"No Stade de France, o capit\u00e3o Kalidou Koulibaly ergueu a ta\u00e7a antes do particular com o Peru, numa cerim\u00f4nia acompanhada por um mini-concerto de Youssou Ndour. A CAF puniu o Senegal com uma derrota de tr\u00eas zeros pela final da CAN2025, disputada em Rabat a 18 de janeiro, mesmo ap\u00f3s o triunfo do Senegal sobre Marrocos. O protesto dos jogadores ocorreu nos descontos do tempo regulamentar, quando deixaram o relvado ap\u00f3s a marca\u00e7\u00e3o de uma grande penalidade favor\u00e1vel a Marrocos, que Brahim D\u00edaz falhou. O presidente da Federa\u00e7\u00e3o Senegalesa de Futebol, Abdoulaye Fall, classificou a decis\u00e3o da CAF como \u201croubo administrativo\u201d, com recurso j\u00e1 apresentado no Tribunal Arbitral do Desporto (TAS); o selecionador Pape Thiaw foi suspenso por cinco jogos e as federa\u00e7\u00f5es receberam multas. O Senegal venceu o Peru por 2-0 na seguir da CAN, com golos de Nicolas Jackson e Ismaila Sarr, e prepara-se para o Mundial 2026, integrado no Grupo I com Fran\u00e7a e Noruega.\" \/>\n<meta property=\"og:url\" content=\"https:\/\/portaltela.pt\/noticias\/2026\/03\/28\/senegal-mostra-trofeu-retirado-da-can2025-em-encontro-privado-com-o-peru\/\" \/>\n<meta property=\"og:site_name\" content=\"Portal Tela Portugal\" \/>\n<meta property=\"article:published_time\" content=\"2026-03-28T19:07:00+00:00\" \/>\n<meta name=\"author\" content=\"Telinha\" \/>\n<meta name=\"twitter:card\" content=\"summary_large_image\" \/>\n<meta name=\"twitter:label1\" content=\"Escrito por\" \/>\n\t<meta name=\"twitter:data1\" content=\"Telinha\" \/>\n\t<meta name=\"twitter:label2\" content=\"Tempo estimado de leitura\" \/>\n\t<meta name=\"twitter:data2\" content=\"2 minutos\" \/>\n<script type=\"application\/ld+json\" class=\"yoast-schema-graph\">{\"@context\":\"https:\/\/schema.org\",\"@graph\":[{\"@type\":\"Article\",\"@id\":\"https:\/\/portaltela.pt\/noticias\/2026\/03\/28\/senegal-mostra-trofeu-retirado-da-can2025-em-encontro-privado-com-o-peru\/#article\",\"isPartOf\":{\"@id\":\"https:\/\/portaltela.pt\/noticias\/2026\/03\/28\/senegal-mostra-trofeu-retirado-da-can2025-em-encontro-privado-com-o-peru\/\"},\"author\":{\"name\":\"Telinha\",\"@id\":\"https:\/\/portaltela.pt\/#\/schema\/person\/c4278d4a6028830caff9ee44b42d32ed\"},\"headline\":\"Senegal mostra trof\u00e9u retirado da CAN2025 em encontro privado com o Peru\",\"datePublished\":\"2026-03-28T19:07:00+00:00\",\"mainEntityOfPage\":{\"@id\":\"https:\/\/portaltela.pt\/noticias\/2026\/03\/28\/senegal-mostra-trofeu-retirado-da-can2025-em-encontro-privado-com-o-peru\/\"},\"wordCount\":327,\"image\":{\"@id\":\"https:\/\/portaltela.pt\/noticias\/2026\/03\/28\/senegal-mostra-trofeu-retirado-da-can2025-em-encontro-privado-com-o-peru\/#primaryimage\"},\"thumbnailUrl\":\"https:\/\/portaltela.pt\/s.01k8rhncp4jt1\/2026\/03\/image-1696.jpg\",\"keywords\":[\"CAF\",\"futebol\",\"Marrocos\",\"san\u00e7\u00f5es\",\"Sele\u00e7\u00e3o Nacional\",\"Senegal\"],\"articleSection\":[\"Desporto\",\"Futebol\"],\"inLanguage\":\"pt-PT\"},{\"@type\":\"WebPage\",\"@id\":\"https:\/\/portaltela.pt\/noticias\/2026\/03\/28\/senegal-mostra-trofeu-retirado-da-can2025-em-encontro-privado-com-o-peru\/\",\"url\":\"https:\/\/portaltela.pt\/noticias\/2026\/03\/28\/senegal-mostra-trofeu-retirado-da-can2025-em-encontro-privado-com-o-peru\/\",\"name\":\"Senegal mostra trof\u00e9u retirado da CAN2025 em encontro privado com o Peru - Portal Tela Portugal\",\"isPartOf\":{\"@id\":\"https:\/\/portaltela.pt\/#website\"},\"primaryImageOfPage\":{\"@id\":\"https:\/\/portaltela.pt\/noticias\/2026\/03\/28\/senegal-mostra-trofeu-retirado-da-can2025-em-encontro-privado-com-o-peru\/#primaryimage\"},\"image\":{\"@id\":\"https:\/\/portaltela.pt\/noticias\/2026\/03\/28\/senegal-mostra-trofeu-retirado-da-can2025-em-encontro-privado-com-o-peru\/#primaryimage\"},\"thumbnailUrl\":\"https:\/\/portaltela.pt\/s.01k8rhncp4jt1\/2026\/03\/image-1696.jpg\",\"datePublished\":\"2026-03-28T19:07:00+00:00\",\"author\":{\"@id\":\"https:\/\/portaltela.pt\/#\/schema\/person\/c4278d4a6028830caff9ee44b42d32ed\"},\"breadcrumb\":{\"@id\":\"https:\/\/portaltela.pt\/noticias\/2026\/03\/28\/senegal-mostra-trofeu-retirado-da-can2025-em-encontro-privado-com-o-peru\/#breadcrumb\"},\"inLanguage\":\"pt-PT\",\"potentialAction\":[{\"@type\":\"ReadAction\",\"target\":[\"https:\/\/portaltela.pt\/noticias\/2026\/03\/28\/senegal-mostra-trofeu-retirado-da-can2025-em-encontro-privado-com-o-peru\/\"]}]},{\"@type\":\"ImageObject\",\"inLanguage\":\"pt-PT\",\"@id\":\"https:\/\/portaltela.pt\/noticias\/2026\/03\/28\/senegal-mostra-trofeu-retirado-da-can2025-em-encontro-privado-com-o-peru\/#primaryimage\",\"url\":\"https:\/\/portaltela.pt\/s.01k8rhncp4jt1\/2026\/03\/image-1696.jpg\",\"contentUrl\":\"https:\/\/portaltela.pt\/s.01k8rhncp4jt1\/2026\/03\/image-1696.jpg\",\"width\":796,\"height\":448,\"caption\":\"Senegal ganhou a final sobre Marrocos, mas recebeu uma puni\u00e7\u00e3o da CAF\"},{\"@type\":\"BreadcrumbList\",\"@id\":\"https:\/\/portaltela.pt\/noticias\/2026\/03\/28\/senegal-mostra-trofeu-retirado-da-can2025-em-encontro-privado-com-o-peru\/#breadcrumb\",\"itemListElement\":[{\"@type\":\"ListItem\",\"position\":1,\"name\":\"In\u00edcio\",\"item\":\"https:\/\/portaltela.pt\/\"},{\"@type\":\"ListItem\",\"position\":2,\"name\":\"Senegal mostra trof\u00e9u retirado da CAN2025 em encontro privado com o Peru\"}]},{\"@type\":\"WebSite\",\"@id\":\"https:\/\/portaltela.pt\/#website\",\"url\":\"https:\/\/portaltela.pt\/\",\"name\":\"Portal Tela Portugal\",\"description\":\"\",\"potentialAction\":[{\"@type\":\"SearchAction\",\"target\":{\"@type\":\"EntryPoint\",\"urlTemplate\":\"https:\/\/portaltela.pt\/?s={search_term_string}\"},\"query-input\":{\"@type\":\"PropertyValueSpecification\",\"valueRequired\":true,\"valueName\":\"search_term_string\"}}],\"inLanguage\":\"pt-PT\"},{\"@type\":\"Person\",\"@id\":\"https:\/\/portaltela.pt\/#\/schema\/person\/c4278d4a6028830caff9ee44b42d32ed\",\"name\":\"Telinha\",\"image\":{\"@type\":\"ImageObject\",\"inLanguage\":\"pt-PT\",\"@id\":\"https:\/\/portaltela.pt\/s.01k8rhncp4jt1\/2025\/11\/talking-bot-125x125.png\",\"url\":\"https:\/\/portaltela.pt\/s.01k8rhncp4jt1\/2025\/11\/talking-bot-125x125.png\",\"contentUrl\":\"https:\/\/portaltela.pt\/s.01k8rhncp4jt1\/2025\/11\/talking-bot-125x125.png\",\"caption\":\"Telinha\"},\"sameAs\":[\"https:\/\/portaltela.pt\/\"],\"url\":\"https:\/\/portaltela.pt\/por\/367410592786\/\"}]}<\/script>\n<!-- \/ Yoast SEO plugin. -->","yoast_head_json":{"title":"Senegal mostra trof\u00e9u retirado da CAN2025 em encontro privado com o Peru - Portal Tela Portugal","robots":{"index":"index","follow":"follow","max-snippet":"max-snippet:-1","max-image-preview":"max-image-preview:large","max-video-preview":"max-video-preview:-1"},"og_locale":"pt_PT","og_type":"article","og_title":"Senegal mostra trof\u00e9u retirado da CAN2025 em encontro privado com o Peru - Portal Tela Portugal","og_description":"No Stade de France, o capit\u00e3o Kalidou Koulibaly ergueu a ta\u00e7a antes do particular com o Peru, numa cerim\u00f4nia acompanhada por um mini-concerto de Youssou Ndour. A CAF puniu o Senegal com uma derrota de tr\u00eas zeros pela final da CAN2025, disputada em Rabat a 18 de janeiro, mesmo ap\u00f3s o triunfo do Senegal sobre Marrocos. O protesto dos jogadores ocorreu nos descontos do tempo regulamentar, quando deixaram o relvado ap\u00f3s a marca\u00e7\u00e3o de uma grande penalidade favor\u00e1vel a Marrocos, que Brahim D\u00edaz falhou. O presidente da Federa\u00e7\u00e3o Senegalesa de Futebol, Abdoulaye Fall, classificou a decis\u00e3o da CAF como \u201croubo administrativo\u201d, com recurso j\u00e1 apresentado no Tribunal Arbitral do Desporto (TAS); o selecionador Pape Thiaw foi suspenso por cinco jogos e as federa\u00e7\u00f5es receberam multas. O Senegal venceu o Peru por 2-0 na seguir da CAN, com golos de Nicolas Jackson e Ismaila Sarr, e prepara-se para o Mundial 2026, integrado no Grupo I com Fran\u00e7a e Noruega.","og_url":"https:\/\/portaltela.pt\/noticias\/2026\/03\/28\/senegal-mostra-trofeu-retirado-da-can2025-em-encontro-privado-com-o-peru\/","og_site_name":"Portal Tela Portugal","article_published_time":"2026-03-28T19:07:00+00:00","author":"Telinha","twitter_card":"summary_large_image","twitter_misc":{"Escrito por":"Telinha","Tempo estimado de leitura":"2 minutos"},"schema":{"@context":"https:\/\/schema.org","@graph":[{"@type":"Article","@id":"https:\/\/portaltela.pt\/noticias\/2026\/03\/28\/senegal-mostra-trofeu-retirado-da-can2025-em-encontro-privado-com-o-peru\/#article","isPartOf":{"@id":"https:\/\/portaltela.pt\/noticias\/2026\/03\/28\/senegal-mostra-trofeu-retirado-da-can2025-em-encontro-privado-com-o-peru\/"},"author":{"name":"Telinha","@id":"https:\/\/portaltela.pt\/#\/schema\/person\/c4278d4a6028830caff9ee44b42d32ed"},"headline":"Senegal mostra trof\u00e9u retirado da CAN2025 em encontro privado com o Peru","datePublished":"2026-03-28T19:07:00+00:00","mainEntityOfPage":{"@id":"https:\/\/portaltela.pt\/noticias\/2026\/03\/28\/senegal-mostra-trofeu-retirado-da-can2025-em-encontro-privado-com-o-peru\/"},"wordCount":327,"image":{"@id":"https:\/\/portaltela.pt\/noticias\/2026\/03\/28\/senegal-mostra-trofeu-retirado-da-can2025-em-encontro-privado-com-o-peru\/#primaryimage"},"thumbnailUrl":"https:\/\/portaltela.pt\/s.01k8rhncp4jt1\/2026\/03\/image-1696.jpg","keywords":["CAF","futebol","Marrocos","san\u00e7\u00f5es","Sele\u00e7\u00e3o Nacional","Senegal"],"articleSection":["Desporto","Futebol"],"inLanguage":"pt-PT"},{"@type":"WebPage","@id":"https:\/\/portaltela.pt\/noticias\/2026\/03\/28\/senegal-mostra-trofeu-retirado-da-can2025-em-encontro-privado-com-o-peru\/","url":"https:\/\/portaltela.pt\/noticias\/2026\/03\/28\/senegal-mostra-trofeu-retirado-da-can2025-em-encontro-privado-com-o-peru\/","name":"Senegal mostra trof\u00e9u retirado da CAN2025 em encontro privado com o Peru - Portal Tela Portugal","isPartOf":{"@id":"https:\/\/portaltela.pt\/#website"},"primaryImageOfPage":{"@id":"https:\/\/portaltela.pt\/noticias\/2026\/03\/28\/senegal-mostra-trofeu-retirado-da-can2025-em-encontro-privado-com-o-peru\/#primaryimage"},"image":{"@id":"https:\/\/portaltela.pt\/noticias\/2026\/03\/28\/senegal-mostra-trofeu-retirado-da-can2025-em-encontro-privado-com-o-peru\/#primaryimage"},"thumbnailUrl":"https:\/\/portaltela.pt\/s.01k8rhncp4jt1\/2026\/03\/image-1696.jpg","datePublished":"2026-03-28T19:07:00+00:00","author":{"@id":"https:\/\/portaltela.pt\/#\/schema\/person\/c4278d4a6028830caff9ee44b42d32ed"},"breadcrumb":{"@id":"https:\/\/portaltela.pt\/noticias\/2026\/03\/28\/senegal-mostra-trofeu-retirado-da-can2025-em-encontro-privado-com-o-peru\/#breadcrumb"},"inLanguage":"pt-PT","potentialAction":[{"@type":"ReadAction","target":["https:\/\/portaltela.pt\/noticias\/2026\/03\/28\/senegal-mostra-trofeu-retirado-da-can2025-em-encontro-privado-com-o-peru\/"]}]},{"@type":"ImageObject","inLanguage":"pt-PT","@id":"https:\/\/portaltela.pt\/noticias\/2026\/03\/28\/senegal-mostra-trofeu-retirado-da-can2025-em-encontro-privado-com-o-peru\/#primaryimage","url":"https:\/\/portaltela.pt\/s.01k8rhncp4jt1\/2026\/03\/image-1696.jpg","contentUrl":"https:\/\/portaltela.pt\/s.01k8rhncp4jt1\/2026\/03\/image-1696.jpg","width":796,"height":448,"caption":"Senegal ganhou a final sobre Marrocos, mas recebeu uma puni\u00e7\u00e3o da CAF"},{"@type":"BreadcrumbList","@id":"https:\/\/portaltela.pt\/noticias\/2026\/03\/28\/senegal-mostra-trofeu-retirado-da-can2025-em-encontro-privado-com-o-peru\/#breadcrumb","itemListElement":[{"@type":"ListItem","position":1,"name":"In\u00edcio","item":"https:\/\/portaltela.pt\/"},{"@type":"ListItem","position":2,"name":"Senegal mostra trof\u00e9u retirado da CAN2025 em encontro privado com o Peru"}]},{"@type":"WebSite","@id":"https:\/\/portaltela.pt\/#website","url":"https:\/\/portaltela.pt\/","name":"Portal Tela Portugal","description":"","potentialAction":[{"@type":"SearchAction","target":{"@type":"EntryPoint","urlTemplate":"https:\/\/portaltela.pt\/?s={search_term_string}"},"query-input":{"@type":"PropertyValueSpecification","valueRequired":true,"valueName":"search_term_string"}}],"inLanguage":"pt-PT"},{"@type":"Person","@id":"https:\/\/portaltela.pt\/#\/schema\/person\/c4278d4a6028830caff9ee44b42d32ed","name":"Telinha","image":{"@type":"ImageObject","inLanguage":"pt-PT","@id":"https:\/\/portaltela.pt\/s.01k8rhncp4jt1\/2025\/11\/talking-bot-125x125.png","url":"https:\/\/portaltela.pt\/s.01k8rhncp4jt1\/2025\/11\/talking-bot-125x125.png","contentUrl":"https:\/\/portaltela.pt\/s.01k8rhncp4jt1\/2025\/11\/talking-bot-125x125.png","caption":"Telinha"},"sameAs":["https:\/\/portaltela.pt\/"],"url":"https:\/\/portaltela.pt\/por\/367410592786\/"}]}},"_links":{"self":[{"href":"https:\/\/portaltela.pt\/api\/wp\/v2\/posts\/425315","targetHints":{"allow":["GET"]}}],"collection":[{"href":"https:\/\/portaltela.pt\/api\/wp\/v2\/posts"}],"about":[{"href":"https:\/\/portaltela.pt\/api\/wp\/v2\/types\/post"}],"author":[{"embeddable":true,"href":"https:\/\/portaltela.pt\/api\/wp\/v2\/users\/2"}],"replies":[{"embeddable":true,"href":"https:\/\/portaltela.pt\/api\/wp\/v2\/comments?post=425315"}],"version-history":[{"count":0,"href":"https:\/\/portaltela.pt\/api\/wp\/v2\/posts\/425315\/revisions"}],"wp:featuredmedia":[{"embeddable":true,"href":"https:\/\/portaltela.pt\/api\/wp\/v2\/media\/425316"}],"wp:attachment":[{"href":"https:\/\/portaltela.pt\/api\/wp\/v2\/media?parent=425315"}],"wp:term":[{"taxonomy":"category","embeddable":true,"href":"https:\/\/portaltela.pt\/api\/wp\/v2\/categories?post=425315"},{"taxonomy":"post_tag","embeddable":true,"href":"https:\/\/portaltela.pt\/api\/wp\/v2\/tags?post=425315"}],"curies":[{"name":"wp","href":"https:\/\/api.w.org\/{rel}","templated":true}]}}