{"id":425298,"date":"2026-03-28T15:54:28","date_gmt":"2026-03-28T18:54:28","guid":{"rendered":"https:\/\/portaltela.pt\/noticias\/2026\/03\/28\/miguel-frazao-fica-em-16-o-na-taca-do-mundo-de-espada-em-astana\/"},"modified":"2026-03-28T15:54:28","modified_gmt":"2026-03-28T18:54:28","slug":"miguel-frazao-fica-em-16-o-na-taca-do-mundo-de-espada-em-astana","status":"publish","type":"post","link":"https:\/\/portaltela.pt\/desporto\/copa-do-mundo\/2026\/03\/28\/miguel-frazao-fica-em-16-o-na-taca-do-mundo-de-espada-em-astana\/","title":{"rendered":"Miguel Fraz\u00e3o fica em 16.\u00ba na Ta\u00e7a do Mundo de espada em Astana"},"content":{"rendered":"<p>Miguel Fraz\u00e3o terminou a Ta\u00e7a do Mundo de espada em Astana no 16.\u00ba lugar, enquanto o irmao Filipe Fraz\u00e3o ficou na 25.\u00aa posi\u00e7\u00e3o. A prova decorreu em Astana, Cazaquist\u00e3o, no dia 28 de mar\u00e7o de 2026.<\/p>\n<p>No caminho de Miguel, iniciou a participa\u00e7\u00e3o na primeira ronda com a desist\u00eancia do su\u00ed\u00e7o Ian Hauri por motivos m\u00e9dicos. Seguiu com uma vit\u00f3ria sobre o italiano Valerio Como, por 15-10, mas perdeu 15-10 com Ruslan Kurbakov, que acabou por chegar \u00e0 final.<\/p>\n<p>J\u00e1 Filipe come\u00e7ou ao vencer o transalpino Andrea Santarelli, 15-12, mas caiu diante de Ruslan Kurbakov, por 15-11, na ronda seguinte. A dupla Fraz\u00e3o est\u00e1 convocada para a competi\u00e7\u00e3o de pares no domingo, enfrentando a Su\u00ed\u00e7a na primeira eliminat\u00f3ria.<\/p>\n","protected":false},"excerpt":{"rendered":"<ul>\n<li>Miguel Fraz\u00e3o ficou em 16.\u00ba lugar na Ta\u00e7a do Mundo de espada em Astana, Cazaquist\u00e3o.<\/li>\n<li>Filipe Fraz\u00e3o ficou em 25.\u00ba lugar na mesma competi\u00e7\u00e3o.<\/li>\n<li>Miguel avan\u00e7ou na segunda ronda por desist\u00eancia de Ian Hauri e derrotou Valerio Como por 15-10.<\/li>\n<li>Seguiu-se derrota frente a Ruslan Kurbakov por 15-10; o advers\u00e1rio chegou \u00e0 final, perdendo para Roman Svichkar por 15-12.<\/li>\n<li>Filipe venceu Andrea Santarelli por 15-12 e perdeu para Ruslan Kurbakov por 15-11; a dupla Fraz\u00e3o compete no domingo a pares, contra a Su\u00ed\u00e7a.<\/li>\n<\/ul>\n","protected":false},"author":2,"featured_media":425301,"comment_status":"closed","ping_status":"closed","sticky":false,"template":"","format":"standard","meta":{"footnotes":""},"categories":[6695,21],"tags":[5354,2463,152,2619,60],"class_list":["post-425298","post","type-post","status-publish","format-standard","has-post-thumbnail","hentry","category-copa-do-mundo","category-desporto","tag-cazaquistao","tag-competicao-internacional","tag-desporto","tag-desportos-internacionais","tag-esportes"],"yoast_head":"<!-- This site is optimized with the Yoast SEO plugin v27.2 - https:\/\/yoast.com\/product\/yoast-seo-wordpress\/ -->\n<title>Miguel Fraz\u00e3o fica em 16.\u00ba na Ta\u00e7a do Mundo de espada em Astana - Portal Tela Portugal<\/title>\n<meta name=\"robots\" content=\"index, follow, max-snippet:-1, max-image-preview:large, max-video-preview:-1\" \/>\n<meta property=\"og:locale\" content=\"pt_PT\" \/>\n<meta property=\"og:type\" content=\"article\" \/>\n<meta property=\"og:title\" content=\"Miguel Fraz\u00e3o fica em 16.\u00ba na Ta\u00e7a do Mundo de espada em Astana - Portal Tela Portugal\" \/>\n<meta property=\"og:description\" content=\"Miguel Fraz\u00e3o ficou em 16.\u00ba lugar na Ta\u00e7a do Mundo de espada em Astana, Cazaquist\u00e3o. Filipe Fraz\u00e3o ficou em 25.\u00ba lugar na mesma competi\u00e7\u00e3o. Miguel avan\u00e7ou na segunda ronda por desist\u00eancia de Ian Hauri e derrotou Valerio Como por 15-10. Seguiu-se derrota frente a Ruslan Kurbakov por 15-10; o advers\u00e1rio chegou \u00e0 final, perdendo para Roman Svichkar por 15-12. Filipe venceu Andrea Santarelli por 15-12 e perdeu para Ruslan Kurbakov por 15-11; a dupla Fraz\u00e3o compete no domingo a pares, contra a Su\u00ed\u00e7a.\" \/>\n<meta property=\"og:url\" content=\"https:\/\/portaltela.pt\/noticias\/2026\/03\/28\/miguel-frazao-fica-em-16-o-na-taca-do-mundo-de-espada-em-astana\/\" \/>\n<meta property=\"og:site_name\" content=\"Portal Tela Portugal\" \/>\n<meta property=\"article:published_time\" content=\"2026-03-28T18:54:28+00:00\" \/>\n<meta name=\"author\" content=\"Telinha\" \/>\n<meta name=\"twitter:card\" content=\"summary_large_image\" \/>\n<meta name=\"twitter:label1\" content=\"Escrito por\" \/>\n\t<meta name=\"twitter:data1\" content=\"Telinha\" \/>\n\t<meta name=\"twitter:label2\" content=\"Tempo estimado de leitura\" \/>\n\t<meta name=\"twitter:data2\" content=\"1 minuto\" \/>\n<script type=\"application\/ld+json\" class=\"yoast-schema-graph\">{\"@context\":\"https:\/\/schema.org\",\"@graph\":[{\"@type\":\"Article\",\"@id\":\"https:\/\/portaltela.pt\/noticias\/2026\/03\/28\/miguel-frazao-fica-em-16-o-na-taca-do-mundo-de-espada-em-astana\/#article\",\"isPartOf\":{\"@id\":\"https:\/\/portaltela.pt\/noticias\/2026\/03\/28\/miguel-frazao-fica-em-16-o-na-taca-do-mundo-de-espada-em-astana\/\"},\"author\":{\"name\":\"Telinha\",\"@id\":\"https:\/\/portaltela.pt\/#\/schema\/person\/c4278d4a6028830caff9ee44b42d32ed\"},\"headline\":\"Miguel Fraz\u00e3o fica em 16.\u00ba na Ta\u00e7a do Mundo de espada em Astana\",\"datePublished\":\"2026-03-28T18:54:28+00:00\",\"mainEntityOfPage\":{\"@id\":\"https:\/\/portaltela.pt\/noticias\/2026\/03\/28\/miguel-frazao-fica-em-16-o-na-taca-do-mundo-de-espada-em-astana\/\"},\"wordCount\":143,\"image\":{\"@id\":\"https:\/\/portaltela.pt\/noticias\/2026\/03\/28\/miguel-frazao-fica-em-16-o-na-taca-do-mundo-de-espada-em-astana\/#primaryimage\"},\"thumbnailUrl\":\"https:\/\/portaltela.pt\/s.01k8rhncp4jt1\/2026\/03\/img_920x518uu2026-03-28-18-54-10-2429889.jpg\",\"keywords\":[\"Cazaquist\u00e3o\",\"competi\u00e7\u00e3o internacional\",\"desporto\",\"desportos internacionais\",\"esportes\"],\"articleSection\":[\"Copa do Mundo\",\"Desporto\"],\"inLanguage\":\"pt-PT\"},{\"@type\":\"WebPage\",\"@id\":\"https:\/\/portaltela.pt\/noticias\/2026\/03\/28\/miguel-frazao-fica-em-16-o-na-taca-do-mundo-de-espada-em-astana\/\",\"url\":\"https:\/\/portaltela.pt\/noticias\/2026\/03\/28\/miguel-frazao-fica-em-16-o-na-taca-do-mundo-de-espada-em-astana\/\",\"name\":\"Miguel Fraz\u00e3o fica em 16.\u00ba na Ta\u00e7a do Mundo de espada em Astana - Portal Tela Portugal\",\"isPartOf\":{\"@id\":\"https:\/\/portaltela.pt\/#website\"},\"primaryImageOfPage\":{\"@id\":\"https:\/\/portaltela.pt\/noticias\/2026\/03\/28\/miguel-frazao-fica-em-16-o-na-taca-do-mundo-de-espada-em-astana\/#primaryimage\"},\"image\":{\"@id\":\"https:\/\/portaltela.pt\/noticias\/2026\/03\/28\/miguel-frazao-fica-em-16-o-na-taca-do-mundo-de-espada-em-astana\/#primaryimage\"},\"thumbnailUrl\":\"https:\/\/portaltela.pt\/s.01k8rhncp4jt1\/2026\/03\/img_920x518uu2026-03-28-18-54-10-2429889.jpg\",\"datePublished\":\"2026-03-28T18:54:28+00:00\",\"author\":{\"@id\":\"https:\/\/portaltela.pt\/#\/schema\/person\/c4278d4a6028830caff9ee44b42d32ed\"},\"breadcrumb\":{\"@id\":\"https:\/\/portaltela.pt\/noticias\/2026\/03\/28\/miguel-frazao-fica-em-16-o-na-taca-do-mundo-de-espada-em-astana\/#breadcrumb\"},\"inLanguage\":\"pt-PT\",\"potentialAction\":[{\"@type\":\"ReadAction\",\"target\":[\"https:\/\/portaltela.pt\/noticias\/2026\/03\/28\/miguel-frazao-fica-em-16-o-na-taca-do-mundo-de-espada-em-astana\/\"]}]},{\"@type\":\"ImageObject\",\"inLanguage\":\"pt-PT\",\"@id\":\"https:\/\/portaltela.pt\/noticias\/2026\/03\/28\/miguel-frazao-fica-em-16-o-na-taca-do-mundo-de-espada-em-astana\/#primaryimage\",\"url\":\"https:\/\/portaltela.pt\/s.01k8rhncp4jt1\/2026\/03\/img_920x518uu2026-03-28-18-54-10-2429889.jpg\",\"contentUrl\":\"https:\/\/portaltela.pt\/s.01k8rhncp4jt1\/2026\/03\/img_920x518uu2026-03-28-18-54-10-2429889.jpg\",\"width\":796,\"height\":448,\"caption\":\"Miguel Fraz\u00e3o\"},{\"@type\":\"BreadcrumbList\",\"@id\":\"https:\/\/portaltela.pt\/noticias\/2026\/03\/28\/miguel-frazao-fica-em-16-o-na-taca-do-mundo-de-espada-em-astana\/#breadcrumb\",\"itemListElement\":[{\"@type\":\"ListItem\",\"position\":1,\"name\":\"In\u00edcio\",\"item\":\"https:\/\/portaltela.pt\/\"},{\"@type\":\"ListItem\",\"position\":2,\"name\":\"Miguel Fraz\u00e3o fica em 16.\u00ba na Ta\u00e7a do Mundo de espada em Astana\"}]},{\"@type\":\"WebSite\",\"@id\":\"https:\/\/portaltela.pt\/#website\",\"url\":\"https:\/\/portaltela.pt\/\",\"name\":\"Portal Tela Portugal\",\"description\":\"\",\"potentialAction\":[{\"@type\":\"SearchAction\",\"target\":{\"@type\":\"EntryPoint\",\"urlTemplate\":\"https:\/\/portaltela.pt\/?s={search_term_string}\"},\"query-input\":{\"@type\":\"PropertyValueSpecification\",\"valueRequired\":true,\"valueName\":\"search_term_string\"}}],\"inLanguage\":\"pt-PT\"},{\"@type\":\"Person\",\"@id\":\"https:\/\/portaltela.pt\/#\/schema\/person\/c4278d4a6028830caff9ee44b42d32ed\",\"name\":\"Telinha\",\"image\":{\"@type\":\"ImageObject\",\"inLanguage\":\"pt-PT\",\"@id\":\"https:\/\/portaltela.pt\/s.01k8rhncp4jt1\/2025\/11\/talking-bot-125x125.png\",\"url\":\"https:\/\/portaltela.pt\/s.01k8rhncp4jt1\/2025\/11\/talking-bot-125x125.png\",\"contentUrl\":\"https:\/\/portaltela.pt\/s.01k8rhncp4jt1\/2025\/11\/talking-bot-125x125.png\",\"caption\":\"Telinha\"},\"sameAs\":[\"https:\/\/portaltela.pt\/\"],\"url\":\"https:\/\/portaltela.pt\/por\/367410592786\/\"}]}<\/script>\n<!-- \/ Yoast SEO plugin. -->","yoast_head_json":{"title":"Miguel Fraz\u00e3o fica em 16.\u00ba na Ta\u00e7a do Mundo de espada em Astana - Portal Tela Portugal","robots":{"index":"index","follow":"follow","max-snippet":"max-snippet:-1","max-image-preview":"max-image-preview:large","max-video-preview":"max-video-preview:-1"},"og_locale":"pt_PT","og_type":"article","og_title":"Miguel Fraz\u00e3o fica em 16.\u00ba na Ta\u00e7a do Mundo de espada em Astana - Portal Tela Portugal","og_description":"Miguel Fraz\u00e3o ficou em 16.\u00ba lugar na Ta\u00e7a do Mundo de espada em Astana, Cazaquist\u00e3o. Filipe Fraz\u00e3o ficou em 25.\u00ba lugar na mesma competi\u00e7\u00e3o. Miguel avan\u00e7ou na segunda ronda por desist\u00eancia de Ian Hauri e derrotou Valerio Como por 15-10. Seguiu-se derrota frente a Ruslan Kurbakov por 15-10; o advers\u00e1rio chegou \u00e0 final, perdendo para Roman Svichkar por 15-12. Filipe venceu Andrea Santarelli por 15-12 e perdeu para Ruslan Kurbakov por 15-11; a dupla Fraz\u00e3o compete no domingo a pares, contra a Su\u00ed\u00e7a.","og_url":"https:\/\/portaltela.pt\/noticias\/2026\/03\/28\/miguel-frazao-fica-em-16-o-na-taca-do-mundo-de-espada-em-astana\/","og_site_name":"Portal Tela Portugal","article_published_time":"2026-03-28T18:54:28+00:00","author":"Telinha","twitter_card":"summary_large_image","twitter_misc":{"Escrito por":"Telinha","Tempo estimado de leitura":"1 minuto"},"schema":{"@context":"https:\/\/schema.org","@graph":[{"@type":"Article","@id":"https:\/\/portaltela.pt\/noticias\/2026\/03\/28\/miguel-frazao-fica-em-16-o-na-taca-do-mundo-de-espada-em-astana\/#article","isPartOf":{"@id":"https:\/\/portaltela.pt\/noticias\/2026\/03\/28\/miguel-frazao-fica-em-16-o-na-taca-do-mundo-de-espada-em-astana\/"},"author":{"name":"Telinha","@id":"https:\/\/portaltela.pt\/#\/schema\/person\/c4278d4a6028830caff9ee44b42d32ed"},"headline":"Miguel Fraz\u00e3o fica em 16.\u00ba na Ta\u00e7a do Mundo de espada em Astana","datePublished":"2026-03-28T18:54:28+00:00","mainEntityOfPage":{"@id":"https:\/\/portaltela.pt\/noticias\/2026\/03\/28\/miguel-frazao-fica-em-16-o-na-taca-do-mundo-de-espada-em-astana\/"},"wordCount":143,"image":{"@id":"https:\/\/portaltela.pt\/noticias\/2026\/03\/28\/miguel-frazao-fica-em-16-o-na-taca-do-mundo-de-espada-em-astana\/#primaryimage"},"thumbnailUrl":"https:\/\/portaltela.pt\/s.01k8rhncp4jt1\/2026\/03\/img_920x518uu2026-03-28-18-54-10-2429889.jpg","keywords":["Cazaquist\u00e3o","competi\u00e7\u00e3o internacional","desporto","desportos internacionais","esportes"],"articleSection":["Copa do Mundo","Desporto"],"inLanguage":"pt-PT"},{"@type":"WebPage","@id":"https:\/\/portaltela.pt\/noticias\/2026\/03\/28\/miguel-frazao-fica-em-16-o-na-taca-do-mundo-de-espada-em-astana\/","url":"https:\/\/portaltela.pt\/noticias\/2026\/03\/28\/miguel-frazao-fica-em-16-o-na-taca-do-mundo-de-espada-em-astana\/","name":"Miguel Fraz\u00e3o fica em 16.\u00ba na Ta\u00e7a do Mundo de espada em Astana - Portal Tela Portugal","isPartOf":{"@id":"https:\/\/portaltela.pt\/#website"},"primaryImageOfPage":{"@id":"https:\/\/portaltela.pt\/noticias\/2026\/03\/28\/miguel-frazao-fica-em-16-o-na-taca-do-mundo-de-espada-em-astana\/#primaryimage"},"image":{"@id":"https:\/\/portaltela.pt\/noticias\/2026\/03\/28\/miguel-frazao-fica-em-16-o-na-taca-do-mundo-de-espada-em-astana\/#primaryimage"},"thumbnailUrl":"https:\/\/portaltela.pt\/s.01k8rhncp4jt1\/2026\/03\/img_920x518uu2026-03-28-18-54-10-2429889.jpg","datePublished":"2026-03-28T18:54:28+00:00","author":{"@id":"https:\/\/portaltela.pt\/#\/schema\/person\/c4278d4a6028830caff9ee44b42d32ed"},"breadcrumb":{"@id":"https:\/\/portaltela.pt\/noticias\/2026\/03\/28\/miguel-frazao-fica-em-16-o-na-taca-do-mundo-de-espada-em-astana\/#breadcrumb"},"inLanguage":"pt-PT","potentialAction":[{"@type":"ReadAction","target":["https:\/\/portaltela.pt\/noticias\/2026\/03\/28\/miguel-frazao-fica-em-16-o-na-taca-do-mundo-de-espada-em-astana\/"]}]},{"@type":"ImageObject","inLanguage":"pt-PT","@id":"https:\/\/portaltela.pt\/noticias\/2026\/03\/28\/miguel-frazao-fica-em-16-o-na-taca-do-mundo-de-espada-em-astana\/#primaryimage","url":"https:\/\/portaltela.pt\/s.01k8rhncp4jt1\/2026\/03\/img_920x518uu2026-03-28-18-54-10-2429889.jpg","contentUrl":"https:\/\/portaltela.pt\/s.01k8rhncp4jt1\/2026\/03\/img_920x518uu2026-03-28-18-54-10-2429889.jpg","width":796,"height":448,"caption":"Miguel Fraz\u00e3o"},{"@type":"BreadcrumbList","@id":"https:\/\/portaltela.pt\/noticias\/2026\/03\/28\/miguel-frazao-fica-em-16-o-na-taca-do-mundo-de-espada-em-astana\/#breadcrumb","itemListElement":[{"@type":"ListItem","position":1,"name":"In\u00edcio","item":"https:\/\/portaltela.pt\/"},{"@type":"ListItem","position":2,"name":"Miguel Fraz\u00e3o fica em 16.\u00ba na Ta\u00e7a do Mundo de espada em Astana"}]},{"@type":"WebSite","@id":"https:\/\/portaltela.pt\/#website","url":"https:\/\/portaltela.pt\/","name":"Portal Tela Portugal","description":"","potentialAction":[{"@type":"SearchAction","target":{"@type":"EntryPoint","urlTemplate":"https:\/\/portaltela.pt\/?s={search_term_string}"},"query-input":{"@type":"PropertyValueSpecification","valueRequired":true,"valueName":"search_term_string"}}],"inLanguage":"pt-PT"},{"@type":"Person","@id":"https:\/\/portaltela.pt\/#\/schema\/person\/c4278d4a6028830caff9ee44b42d32ed","name":"Telinha","image":{"@type":"ImageObject","inLanguage":"pt-PT","@id":"https:\/\/portaltela.pt\/s.01k8rhncp4jt1\/2025\/11\/talking-bot-125x125.png","url":"https:\/\/portaltela.pt\/s.01k8rhncp4jt1\/2025\/11\/talking-bot-125x125.png","contentUrl":"https:\/\/portaltela.pt\/s.01k8rhncp4jt1\/2025\/11\/talking-bot-125x125.png","caption":"Telinha"},"sameAs":["https:\/\/portaltela.pt\/"],"url":"https:\/\/portaltela.pt\/por\/367410592786\/"}]}},"_links":{"self":[{"href":"https:\/\/portaltela.pt\/api\/wp\/v2\/posts\/425298","targetHints":{"allow":["GET"]}}],"collection":[{"href":"https:\/\/portaltela.pt\/api\/wp\/v2\/posts"}],"about":[{"href":"https:\/\/portaltela.pt\/api\/wp\/v2\/types\/post"}],"author":[{"embeddable":true,"href":"https:\/\/portaltela.pt\/api\/wp\/v2\/users\/2"}],"replies":[{"embeddable":true,"href":"https:\/\/portaltela.pt\/api\/wp\/v2\/comments?post=425298"}],"version-history":[{"count":0,"href":"https:\/\/portaltela.pt\/api\/wp\/v2\/posts\/425298\/revisions"}],"wp:featuredmedia":[{"embeddable":true,"href":"https:\/\/portaltela.pt\/api\/wp\/v2\/media\/425301"}],"wp:attachment":[{"href":"https:\/\/portaltela.pt\/api\/wp\/v2\/media?parent=425298"}],"wp:term":[{"taxonomy":"category","embeddable":true,"href":"https:\/\/portaltela.pt\/api\/wp\/v2\/categories?post=425298"},{"taxonomy":"post_tag","embeddable":true,"href":"https:\/\/portaltela.pt\/api\/wp\/v2\/tags?post=425298"}],"curies":[{"name":"wp","href":"https:\/\/api.w.org\/{rel}","templated":true}]}}