{"id":425287,"date":"2026-03-28T15:45:00","date_gmt":"2026-03-28T18:45:00","guid":{"rendered":"https:\/\/portaltela.pt\/noticias\/2026\/03\/28\/frederico-varandas-suspenso-20-dias-por-chamar-mentiroso-e-cobarde-a-villas-boas\/"},"modified":"2026-03-28T15:45:00","modified_gmt":"2026-03-28T18:45:00","slug":"frederico-varandas-suspenso-20-dias-por-chamar-mentiroso-e-cobarde-a-villas-boas","status":"publish","type":"post","link":"https:\/\/portaltela.pt\/desporto\/futebol\/2026\/03\/28\/frederico-varandas-suspenso-20-dias-por-chamar-mentiroso-e-cobarde-a-villas-boas\/","title":{"rendered":"Frederico Varandas suspenso 20 dias por chamar mentiroso e cobarde a Villas-Boas"},"content":{"rendered":"<p>O presidente do Sporting, Frederico Varandas, foi suspenso 20 dias na sequ\u00eancia de ofensas proferidas contra o l\u00edder do FC Porto, Andr\u00e9 Villas-Boas, ap\u00f3s o cl\u00e1ssico da meia-final da Ta\u00e7a de Portugal de futebol, disputado a 3 de mar\u00e7o. O jogo terminou com a vit\u00f3ria do Sporting por 1-0.<\/p>\n<p>A suspens\u00e3o surge por declara\u00e7\u00f5es proferidas por Varandas no final da partida, quando o presidente leonino reagiu a uma queixa apresentada por Villas-Boas acerca de uma situa\u00e7\u00e3o envolvendo Luis Su\u00e1rez. O FC Porto alegou que o jogador colombiano ter\u00e1 feito um gesto de abordagem ao \u00e1rbitro, Cl\u00e1udio Pereira, o que levou a uma suspens\u00e3o de um jogo a Su\u00e1rez.<\/p>\n<p>Segundo a nota oficial da liga, o incidente ocorreu na sequ\u00eancia do encontro entre Sporting e FC Porto, disputado em casa do Sporting. A decis\u00e3o de 20 dias de suspens\u00e3o a Varandas foi anunciada ap\u00f3s an\u00e1lise disciplinar, fundamentada nos adjetivos usados pelo dirigente.<\/p>\n<p>As autoridades desportivas n\u00e3o detalham se haver\u00e1 recursos ou quais os pr\u00f3ximos passos previstos, mantendo o foco na aplica\u00e7\u00e3o de san\u00e7\u00f5es por conduta inadequada de dirigentes. A suspens\u00e3o mant\u00e9m Varandas afastado de fun\u00e7\u00f5es associadas ao clube durante o per\u00edodo estabelecido.<\/p>\n","protected":false},"excerpt":{"rendered":"<ul>\n<li>Frederico Varandas foi suspenso 20 dias ap\u00f3s atacar Villas-Boas com termos como \u201cmentiroso\u201d e \u201cpequeno para governar\u201d no final do cl\u00e1ssico de meia-final da Ta\u00e7a de Portugal.<\/li>\n<li>A situa\u00e7\u00e3o ocorreu ap\u00f3s o jogo do passado dia 3 de mar\u00e7o, que o Sporting venceu por 1-0 ao FC Porto.<\/li>\n<li>Varandas falou aos jornalistas no final do encontro, reagindo a uma queixa apresentada pelo l\u00edder azul e branco contra Luis Su\u00e1rez.<\/li>\n<li>Em consequ\u00eancia, Luis Su\u00e1rez recebeu uma suspens\u00e3o de um jogo pela comemora\u00e7\u00e3o de roubo dirigida ao \u00e1rbitro, Cl\u00e1udio Pereira.<\/li>\n<li>A decis\u00e3o envolve o presidente do Sporting e o conflito entre os dois clubes, sem incluir coment\u00e1rios adicionais.<\/li>\n<\/ul>\n","protected":false},"author":2,"featured_media":425295,"comment_status":"closed","ping_status":"closed","sticky":false,"template":"","format":"standard","meta":{"footnotes":""},"categories":[21,24],"tags":[123,152,4220,32,30,1266],"class_list":["post-425287","post","type-post","status-publish","format-standard","has-post-thumbnail","hentry","category-desporto","category-futebol","tag-desportivos","tag-desporto","tag-disciplina","tag-futebol","tag-presidente","tag-taca-de-portugal"],"yoast_head":"<!-- This site is optimized with the Yoast SEO plugin v27.2 - https:\/\/yoast.com\/product\/yoast-seo-wordpress\/ -->\n<title>Frederico Varandas suspenso 20 dias por chamar mentiroso e cobarde a Villas-Boas - Portal Tela Portugal<\/title>\n<meta name=\"robots\" content=\"index, follow, max-snippet:-1, max-image-preview:large, max-video-preview:-1\" \/>\n<meta property=\"og:locale\" content=\"pt_PT\" \/>\n<meta property=\"og:type\" content=\"article\" \/>\n<meta property=\"og:title\" content=\"Frederico Varandas suspenso 20 dias por chamar mentiroso e cobarde a Villas-Boas - Portal Tela Portugal\" \/>\n<meta property=\"og:description\" content=\"Frederico Varandas foi suspenso 20 dias ap\u00f3s atacar Villas-Boas com termos como \u201cmentiroso\u201d e \u201cpequeno para governar\u201d no final do cl\u00e1ssico de meia-final da Ta\u00e7a de Portugal. A situa\u00e7\u00e3o ocorreu ap\u00f3s o jogo do passado dia 3 de mar\u00e7o, que o Sporting venceu por 1-0 ao FC Porto. Varandas falou aos jornalistas no final do encontro, reagindo a uma queixa apresentada pelo l\u00edder azul e branco contra Luis Su\u00e1rez. Em consequ\u00eancia, Luis Su\u00e1rez recebeu uma suspens\u00e3o de um jogo pela comemora\u00e7\u00e3o de roubo dirigida ao \u00e1rbitro, Cl\u00e1udio Pereira. A decis\u00e3o envolve o presidente do Sporting e o conflito entre os dois clubes, sem incluir coment\u00e1rios adicionais.\" \/>\n<meta property=\"og:url\" content=\"https:\/\/portaltela.pt\/noticias\/2026\/03\/28\/frederico-varandas-suspenso-20-dias-por-chamar-mentiroso-e-cobarde-a-villas-boas\/\" \/>\n<meta property=\"og:site_name\" content=\"Portal Tela Portugal\" \/>\n<meta property=\"article:published_time\" content=\"2026-03-28T18:45:00+00:00\" \/>\n<meta name=\"author\" content=\"Telinha\" \/>\n<meta name=\"twitter:card\" content=\"summary_large_image\" \/>\n<meta name=\"twitter:label1\" content=\"Escrito por\" \/>\n\t<meta name=\"twitter:data1\" content=\"Telinha\" \/>\n\t<meta name=\"twitter:label2\" content=\"Tempo estimado de leitura\" \/>\n\t<meta name=\"twitter:data2\" content=\"1 minuto\" \/>\n<script type=\"application\/ld+json\" class=\"yoast-schema-graph\">{\"@context\":\"https:\/\/schema.org\",\"@graph\":[{\"@type\":\"Article\",\"@id\":\"https:\/\/portaltela.pt\/noticias\/2026\/03\/28\/frederico-varandas-suspenso-20-dias-por-chamar-mentiroso-e-cobarde-a-villas-boas\/#article\",\"isPartOf\":{\"@id\":\"https:\/\/portaltela.pt\/noticias\/2026\/03\/28\/frederico-varandas-suspenso-20-dias-por-chamar-mentiroso-e-cobarde-a-villas-boas\/\"},\"author\":{\"name\":\"Telinha\",\"@id\":\"https:\/\/portaltela.pt\/#\/schema\/person\/c4278d4a6028830caff9ee44b42d32ed\"},\"headline\":\"Frederico Varandas suspenso 20 dias por chamar mentiroso e cobarde a Villas-Boas\",\"datePublished\":\"2026-03-28T18:45:00+00:00\",\"mainEntityOfPage\":{\"@id\":\"https:\/\/portaltela.pt\/noticias\/2026\/03\/28\/frederico-varandas-suspenso-20-dias-por-chamar-mentiroso-e-cobarde-a-villas-boas\/\"},\"wordCount\":226,\"image\":{\"@id\":\"https:\/\/portaltela.pt\/noticias\/2026\/03\/28\/frederico-varandas-suspenso-20-dias-por-chamar-mentiroso-e-cobarde-a-villas-boas\/#primaryimage\"},\"thumbnailUrl\":\"https:\/\/portaltela.pt\/s.01k8rhncp4jt1\/2026\/03\/img_920x518uu2026-03-15-00-59-12-2427005.jpg\",\"keywords\":[\"desportivos\",\"desporto\",\"disciplina\",\"futebol\",\"presidente\",\"Ta\u00e7a de Portugal\"],\"articleSection\":[\"Desporto\",\"Futebol\"],\"inLanguage\":\"pt-PT\"},{\"@type\":\"WebPage\",\"@id\":\"https:\/\/portaltela.pt\/noticias\/2026\/03\/28\/frederico-varandas-suspenso-20-dias-por-chamar-mentiroso-e-cobarde-a-villas-boas\/\",\"url\":\"https:\/\/portaltela.pt\/noticias\/2026\/03\/28\/frederico-varandas-suspenso-20-dias-por-chamar-mentiroso-e-cobarde-a-villas-boas\/\",\"name\":\"Frederico Varandas suspenso 20 dias por chamar mentiroso e cobarde a Villas-Boas - Portal Tela Portugal\",\"isPartOf\":{\"@id\":\"https:\/\/portaltela.pt\/#website\"},\"primaryImageOfPage\":{\"@id\":\"https:\/\/portaltela.pt\/noticias\/2026\/03\/28\/frederico-varandas-suspenso-20-dias-por-chamar-mentiroso-e-cobarde-a-villas-boas\/#primaryimage\"},\"image\":{\"@id\":\"https:\/\/portaltela.pt\/noticias\/2026\/03\/28\/frederico-varandas-suspenso-20-dias-por-chamar-mentiroso-e-cobarde-a-villas-boas\/#primaryimage\"},\"thumbnailUrl\":\"https:\/\/portaltela.pt\/s.01k8rhncp4jt1\/2026\/03\/img_920x518uu2026-03-15-00-59-12-2427005.jpg\",\"datePublished\":\"2026-03-28T18:45:00+00:00\",\"author\":{\"@id\":\"https:\/\/portaltela.pt\/#\/schema\/person\/c4278d4a6028830caff9ee44b42d32ed\"},\"breadcrumb\":{\"@id\":\"https:\/\/portaltela.pt\/noticias\/2026\/03\/28\/frederico-varandas-suspenso-20-dias-por-chamar-mentiroso-e-cobarde-a-villas-boas\/#breadcrumb\"},\"inLanguage\":\"pt-PT\",\"potentialAction\":[{\"@type\":\"ReadAction\",\"target\":[\"https:\/\/portaltela.pt\/noticias\/2026\/03\/28\/frederico-varandas-suspenso-20-dias-por-chamar-mentiroso-e-cobarde-a-villas-boas\/\"]}]},{\"@type\":\"ImageObject\",\"inLanguage\":\"pt-PT\",\"@id\":\"https:\/\/portaltela.pt\/noticias\/2026\/03\/28\/frederico-varandas-suspenso-20-dias-por-chamar-mentiroso-e-cobarde-a-villas-boas\/#primaryimage\",\"url\":\"https:\/\/portaltela.pt\/s.01k8rhncp4jt1\/2026\/03\/img_920x518uu2026-03-15-00-59-12-2427005.jpg\",\"contentUrl\":\"https:\/\/portaltela.pt\/s.01k8rhncp4jt1\/2026\/03\/img_920x518uu2026-03-15-00-59-12-2427005.jpg\",\"width\":796,\"height\":448,\"caption\":\"Frederico Varandas respondeu a Andr\u00e9 Villas-Boas\"},{\"@type\":\"BreadcrumbList\",\"@id\":\"https:\/\/portaltela.pt\/noticias\/2026\/03\/28\/frederico-varandas-suspenso-20-dias-por-chamar-mentiroso-e-cobarde-a-villas-boas\/#breadcrumb\",\"itemListElement\":[{\"@type\":\"ListItem\",\"position\":1,\"name\":\"In\u00edcio\",\"item\":\"https:\/\/portaltela.pt\/\"},{\"@type\":\"ListItem\",\"position\":2,\"name\":\"Frederico Varandas suspenso 20 dias por chamar mentiroso e cobarde a Villas-Boas\"}]},{\"@type\":\"WebSite\",\"@id\":\"https:\/\/portaltela.pt\/#website\",\"url\":\"https:\/\/portaltela.pt\/\",\"name\":\"Portal Tela Portugal\",\"description\":\"\",\"potentialAction\":[{\"@type\":\"SearchAction\",\"target\":{\"@type\":\"EntryPoint\",\"urlTemplate\":\"https:\/\/portaltela.pt\/?s={search_term_string}\"},\"query-input\":{\"@type\":\"PropertyValueSpecification\",\"valueRequired\":true,\"valueName\":\"search_term_string\"}}],\"inLanguage\":\"pt-PT\"},{\"@type\":\"Person\",\"@id\":\"https:\/\/portaltela.pt\/#\/schema\/person\/c4278d4a6028830caff9ee44b42d32ed\",\"name\":\"Telinha\",\"image\":{\"@type\":\"ImageObject\",\"inLanguage\":\"pt-PT\",\"@id\":\"https:\/\/portaltela.pt\/s.01k8rhncp4jt1\/2025\/11\/talking-bot-125x125.png\",\"url\":\"https:\/\/portaltela.pt\/s.01k8rhncp4jt1\/2025\/11\/talking-bot-125x125.png\",\"contentUrl\":\"https:\/\/portaltela.pt\/s.01k8rhncp4jt1\/2025\/11\/talking-bot-125x125.png\",\"caption\":\"Telinha\"},\"sameAs\":[\"https:\/\/portaltela.pt\/\"],\"url\":\"https:\/\/portaltela.pt\/por\/367410592786\/\"}]}<\/script>\n<!-- \/ Yoast SEO plugin. -->","yoast_head_json":{"title":"Frederico Varandas suspenso 20 dias por chamar mentiroso e cobarde a Villas-Boas - Portal Tela Portugal","robots":{"index":"index","follow":"follow","max-snippet":"max-snippet:-1","max-image-preview":"max-image-preview:large","max-video-preview":"max-video-preview:-1"},"og_locale":"pt_PT","og_type":"article","og_title":"Frederico Varandas suspenso 20 dias por chamar mentiroso e cobarde a Villas-Boas - Portal Tela Portugal","og_description":"Frederico Varandas foi suspenso 20 dias ap\u00f3s atacar Villas-Boas com termos como \u201cmentiroso\u201d e \u201cpequeno para governar\u201d no final do cl\u00e1ssico de meia-final da Ta\u00e7a de Portugal. A situa\u00e7\u00e3o ocorreu ap\u00f3s o jogo do passado dia 3 de mar\u00e7o, que o Sporting venceu por 1-0 ao FC Porto. Varandas falou aos jornalistas no final do encontro, reagindo a uma queixa apresentada pelo l\u00edder azul e branco contra Luis Su\u00e1rez. Em consequ\u00eancia, Luis Su\u00e1rez recebeu uma suspens\u00e3o de um jogo pela comemora\u00e7\u00e3o de roubo dirigida ao \u00e1rbitro, Cl\u00e1udio Pereira. A decis\u00e3o envolve o presidente do Sporting e o conflito entre os dois clubes, sem incluir coment\u00e1rios adicionais.","og_url":"https:\/\/portaltela.pt\/noticias\/2026\/03\/28\/frederico-varandas-suspenso-20-dias-por-chamar-mentiroso-e-cobarde-a-villas-boas\/","og_site_name":"Portal Tela Portugal","article_published_time":"2026-03-28T18:45:00+00:00","author":"Telinha","twitter_card":"summary_large_image","twitter_misc":{"Escrito por":"Telinha","Tempo estimado de leitura":"1 minuto"},"schema":{"@context":"https:\/\/schema.org","@graph":[{"@type":"Article","@id":"https:\/\/portaltela.pt\/noticias\/2026\/03\/28\/frederico-varandas-suspenso-20-dias-por-chamar-mentiroso-e-cobarde-a-villas-boas\/#article","isPartOf":{"@id":"https:\/\/portaltela.pt\/noticias\/2026\/03\/28\/frederico-varandas-suspenso-20-dias-por-chamar-mentiroso-e-cobarde-a-villas-boas\/"},"author":{"name":"Telinha","@id":"https:\/\/portaltela.pt\/#\/schema\/person\/c4278d4a6028830caff9ee44b42d32ed"},"headline":"Frederico Varandas suspenso 20 dias por chamar mentiroso e cobarde a Villas-Boas","datePublished":"2026-03-28T18:45:00+00:00","mainEntityOfPage":{"@id":"https:\/\/portaltela.pt\/noticias\/2026\/03\/28\/frederico-varandas-suspenso-20-dias-por-chamar-mentiroso-e-cobarde-a-villas-boas\/"},"wordCount":226,"image":{"@id":"https:\/\/portaltela.pt\/noticias\/2026\/03\/28\/frederico-varandas-suspenso-20-dias-por-chamar-mentiroso-e-cobarde-a-villas-boas\/#primaryimage"},"thumbnailUrl":"https:\/\/portaltela.pt\/s.01k8rhncp4jt1\/2026\/03\/img_920x518uu2026-03-15-00-59-12-2427005.jpg","keywords":["desportivos","desporto","disciplina","futebol","presidente","Ta\u00e7a de Portugal"],"articleSection":["Desporto","Futebol"],"inLanguage":"pt-PT"},{"@type":"WebPage","@id":"https:\/\/portaltela.pt\/noticias\/2026\/03\/28\/frederico-varandas-suspenso-20-dias-por-chamar-mentiroso-e-cobarde-a-villas-boas\/","url":"https:\/\/portaltela.pt\/noticias\/2026\/03\/28\/frederico-varandas-suspenso-20-dias-por-chamar-mentiroso-e-cobarde-a-villas-boas\/","name":"Frederico Varandas suspenso 20 dias por chamar mentiroso e cobarde a Villas-Boas - Portal Tela Portugal","isPartOf":{"@id":"https:\/\/portaltela.pt\/#website"},"primaryImageOfPage":{"@id":"https:\/\/portaltela.pt\/noticias\/2026\/03\/28\/frederico-varandas-suspenso-20-dias-por-chamar-mentiroso-e-cobarde-a-villas-boas\/#primaryimage"},"image":{"@id":"https:\/\/portaltela.pt\/noticias\/2026\/03\/28\/frederico-varandas-suspenso-20-dias-por-chamar-mentiroso-e-cobarde-a-villas-boas\/#primaryimage"},"thumbnailUrl":"https:\/\/portaltela.pt\/s.01k8rhncp4jt1\/2026\/03\/img_920x518uu2026-03-15-00-59-12-2427005.jpg","datePublished":"2026-03-28T18:45:00+00:00","author":{"@id":"https:\/\/portaltela.pt\/#\/schema\/person\/c4278d4a6028830caff9ee44b42d32ed"},"breadcrumb":{"@id":"https:\/\/portaltela.pt\/noticias\/2026\/03\/28\/frederico-varandas-suspenso-20-dias-por-chamar-mentiroso-e-cobarde-a-villas-boas\/#breadcrumb"},"inLanguage":"pt-PT","potentialAction":[{"@type":"ReadAction","target":["https:\/\/portaltela.pt\/noticias\/2026\/03\/28\/frederico-varandas-suspenso-20-dias-por-chamar-mentiroso-e-cobarde-a-villas-boas\/"]}]},{"@type":"ImageObject","inLanguage":"pt-PT","@id":"https:\/\/portaltela.pt\/noticias\/2026\/03\/28\/frederico-varandas-suspenso-20-dias-por-chamar-mentiroso-e-cobarde-a-villas-boas\/#primaryimage","url":"https:\/\/portaltela.pt\/s.01k8rhncp4jt1\/2026\/03\/img_920x518uu2026-03-15-00-59-12-2427005.jpg","contentUrl":"https:\/\/portaltela.pt\/s.01k8rhncp4jt1\/2026\/03\/img_920x518uu2026-03-15-00-59-12-2427005.jpg","width":796,"height":448,"caption":"Frederico Varandas respondeu a Andr\u00e9 Villas-Boas"},{"@type":"BreadcrumbList","@id":"https:\/\/portaltela.pt\/noticias\/2026\/03\/28\/frederico-varandas-suspenso-20-dias-por-chamar-mentiroso-e-cobarde-a-villas-boas\/#breadcrumb","itemListElement":[{"@type":"ListItem","position":1,"name":"In\u00edcio","item":"https:\/\/portaltela.pt\/"},{"@type":"ListItem","position":2,"name":"Frederico Varandas suspenso 20 dias por chamar mentiroso e cobarde a Villas-Boas"}]},{"@type":"WebSite","@id":"https:\/\/portaltela.pt\/#website","url":"https:\/\/portaltela.pt\/","name":"Portal Tela Portugal","description":"","potentialAction":[{"@type":"SearchAction","target":{"@type":"EntryPoint","urlTemplate":"https:\/\/portaltela.pt\/?s={search_term_string}"},"query-input":{"@type":"PropertyValueSpecification","valueRequired":true,"valueName":"search_term_string"}}],"inLanguage":"pt-PT"},{"@type":"Person","@id":"https:\/\/portaltela.pt\/#\/schema\/person\/c4278d4a6028830caff9ee44b42d32ed","name":"Telinha","image":{"@type":"ImageObject","inLanguage":"pt-PT","@id":"https:\/\/portaltela.pt\/s.01k8rhncp4jt1\/2025\/11\/talking-bot-125x125.png","url":"https:\/\/portaltela.pt\/s.01k8rhncp4jt1\/2025\/11\/talking-bot-125x125.png","contentUrl":"https:\/\/portaltela.pt\/s.01k8rhncp4jt1\/2025\/11\/talking-bot-125x125.png","caption":"Telinha"},"sameAs":["https:\/\/portaltela.pt\/"],"url":"https:\/\/portaltela.pt\/por\/367410592786\/"}]}},"_links":{"self":[{"href":"https:\/\/portaltela.pt\/api\/wp\/v2\/posts\/425287","targetHints":{"allow":["GET"]}}],"collection":[{"href":"https:\/\/portaltela.pt\/api\/wp\/v2\/posts"}],"about":[{"href":"https:\/\/portaltela.pt\/api\/wp\/v2\/types\/post"}],"author":[{"embeddable":true,"href":"https:\/\/portaltela.pt\/api\/wp\/v2\/users\/2"}],"replies":[{"embeddable":true,"href":"https:\/\/portaltela.pt\/api\/wp\/v2\/comments?post=425287"}],"version-history":[{"count":0,"href":"https:\/\/portaltela.pt\/api\/wp\/v2\/posts\/425287\/revisions"}],"wp:featuredmedia":[{"embeddable":true,"href":"https:\/\/portaltela.pt\/api\/wp\/v2\/media\/425295"}],"wp:attachment":[{"href":"https:\/\/portaltela.pt\/api\/wp\/v2\/media?parent=425287"}],"wp:term":[{"taxonomy":"category","embeddable":true,"href":"https:\/\/portaltela.pt\/api\/wp\/v2\/categories?post=425287"},{"taxonomy":"post_tag","embeddable":true,"href":"https:\/\/portaltela.pt\/api\/wp\/v2\/tags?post=425287"}],"curies":[{"name":"wp","href":"https:\/\/api.w.org\/{rel}","templated":true}]}}