{"id":425285,"date":"2026-03-28T15:51:00","date_gmt":"2026-03-28T18:51:00","guid":{"rendered":"https:\/\/portaltela.pt\/noticias\/2026\/03\/28\/iratxe-garcia-afirma-que-nunca-negociara-com-a-extrema-direita\/"},"modified":"2026-03-28T15:51:00","modified_gmt":"2026-03-28T18:51:00","slug":"iratxe-garcia-afirma-que-nunca-negociara-com-a-extrema-direita","status":"publish","type":"post","link":"https:\/\/portaltela.pt\/noticias\/internacional\/2026\/03\/28\/iratxe-garcia-afirma-que-nunca-negociara-com-a-extrema-direita\/","title":{"rendered":"Iratxe Garc\u00eda afirma que nunca negociar\u00e1 com a extrema-direita"},"content":{"rendered":"<p>A eurodeputada Iratxe Garc\u00eda P\u00e9rez, l\u00edder do grupo parlamentar S&amp;D, esteve presente no 25.\u00ba Congresso do PS. Em rea\u00e7\u00e3o a temas pol\u00edticos, afirmou que n\u00e3o haver\u00e1 negocia\u00e7\u00e3o com a extrema-direita.<\/p>\n<p>Garc\u00eda P\u00e9rez vincou ainda a visita de Carneiro \u00e0 Venezuela como um passo importante para a transi\u00e7\u00e3o democr\u00e1tica naquele pa\u00eds. A dirigente entende que tais a\u00e7\u00f5es podem contribuir para o processo pol\u00edtico venezuelano.<\/p>\n<p>A dirigente v\u00ea o momento internacional como uma oportunidade para a esquerda restabelecer liga\u00e7\u00f5es com as classes m\u00e9dias, tal como o PS tem feito em Portugal. O objetivo \u00e9 refor\u00e7ar a posi\u00e7\u00e3o europeia enquanto alternativa \u00e0 direita.<\/p>\n<p>A europeia reiterou a necessidade de uma voz mais firme da UE em rela\u00e7\u00e3o a v\u00e1rias capitais, criticando a aus\u00eancia de postura em cargos de governo de Washington e de Israel. O foco \u00e9 fortalecer uma vis\u00e3o progressista a n\u00edvel europeu.<\/p>\n","protected":false},"excerpt":{"rendered":"<ul>\n<li>Iratxe Garc\u00eda P\u00e9rez, l\u00edder do grupo parlamentar do Partido Socialista Democrata (S&amp;D), participou no 25.\u00ba Congresso do Partido Socialista (PS).<\/li>\n<li>A dirigente afirma que a visita de Carneiro \u00e0 Venezuela \u00e9 importante para uma transi\u00e7\u00e3o democr\u00e1tica no pa\u00eds.<\/li>\n<li>Enfatiza que o atual contexto internacional \u00e9 um momento de oportunidade para a esquerda restabelecer a liga\u00e7\u00e3o com as classes m\u00e9dias, como faz o PS em Portugal.<\/li>\n<li>Pede que, a n\u00edvel europeu, a esquerda se apresente como alternativa \u00e0 direita e contorne a \u201cmaioria de governos conversadores\u201d na Uni\u00e3o Europeia que n\u00e3o \u201clevantam a voz\u201d contra as a\u00e7\u00f5es de Donald Trump e de Benjamin Netanyahu.<\/li>\n<li>A posi\u00e7\u00e3o foi apresentada durante o congresso, com foco na estrat\u00e9gia da esquerda europeia e na atua\u00e7\u00e3o do PS em Portugal.<\/li>\n<\/ul>\n","protected":false},"author":2,"featured_media":425292,"comment_status":"closed","ping_status":"closed","sticky":false,"template":"","format":"standard","meta":{"footnotes":""},"categories":[4,7127],"tags":[5517,2832,2144,27,2055,2758],"class_list":["post-425285","post","type-post","status-publish","format-standard","has-post-thumbnail","hentry","category-internacional","category-politica-internacional","tag-extrema-direita","tag-politica","tag-ps","tag-relacoes-internacionais","tag-uniao-europeia","tag-venezuela"],"yoast_head":"<!-- This site is optimized with the Yoast SEO plugin v27.2 - https:\/\/yoast.com\/product\/yoast-seo-wordpress\/ -->\n<title>Iratxe Garc\u00eda afirma que nunca negociar\u00e1 com a extrema-direita - Portal Tela Portugal<\/title>\n<meta name=\"robots\" content=\"index, follow, max-snippet:-1, max-image-preview:large, max-video-preview:-1\" \/>\n<meta property=\"og:locale\" content=\"pt_PT\" \/>\n<meta property=\"og:type\" content=\"article\" \/>\n<meta property=\"og:title\" content=\"Iratxe Garc\u00eda afirma que nunca negociar\u00e1 com a extrema-direita - Portal Tela Portugal\" \/>\n<meta property=\"og:description\" content=\"Iratxe Garc\u00eda P\u00e9rez, l\u00edder do grupo parlamentar do Partido Socialista Democrata (S&amp;D), participou no 25.\u00ba Congresso do Partido Socialista (PS). A dirigente afirma que a visita de Carneiro \u00e0 Venezuela \u00e9 importante para uma transi\u00e7\u00e3o democr\u00e1tica no pa\u00eds. Enfatiza que o atual contexto internacional \u00e9 um momento de oportunidade para a esquerda restabelecer a liga\u00e7\u00e3o com as classes m\u00e9dias, como faz o PS em Portugal. Pede que, a n\u00edvel europeu, a esquerda se apresente como alternativa \u00e0 direita e contorne a \u201cmaioria de governos conversadores\u201d na Uni\u00e3o Europeia que n\u00e3o \u201clevantam a voz\u201d contra as a\u00e7\u00f5es de Donald Trump e de Benjamin Netanyahu. A posi\u00e7\u00e3o foi apresentada durante o congresso, com foco na estrat\u00e9gia da esquerda europeia e na atua\u00e7\u00e3o do PS em Portugal.\" \/>\n<meta property=\"og:url\" content=\"https:\/\/portaltela.pt\/noticias\/2026\/03\/28\/iratxe-garcia-afirma-que-nunca-negociara-com-a-extrema-direita\/\" \/>\n<meta property=\"og:site_name\" content=\"Portal Tela Portugal\" \/>\n<meta property=\"article:published_time\" content=\"2026-03-28T18:51:00+00:00\" \/>\n<meta name=\"author\" content=\"Telinha\" \/>\n<meta name=\"twitter:card\" content=\"summary_large_image\" \/>\n<meta name=\"twitter:label1\" content=\"Escrito por\" \/>\n\t<meta name=\"twitter:data1\" content=\"Telinha\" \/>\n\t<meta name=\"twitter:label2\" content=\"Tempo estimado de leitura\" \/>\n\t<meta name=\"twitter:data2\" content=\"1 minuto\" \/>\n<script type=\"application\/ld+json\" class=\"yoast-schema-graph\">{\"@context\":\"https:\/\/schema.org\",\"@graph\":[{\"@type\":\"Article\",\"@id\":\"https:\/\/portaltela.pt\/noticias\/2026\/03\/28\/iratxe-garcia-afirma-que-nunca-negociara-com-a-extrema-direita\/#article\",\"isPartOf\":{\"@id\":\"https:\/\/portaltela.pt\/noticias\/2026\/03\/28\/iratxe-garcia-afirma-que-nunca-negociara-com-a-extrema-direita\/\"},\"author\":{\"name\":\"Telinha\",\"@id\":\"https:\/\/portaltela.pt\/#\/schema\/person\/c4278d4a6028830caff9ee44b42d32ed\"},\"headline\":\"Iratxe Garc\u00eda afirma que nunca negociar\u00e1 com a extrema-direita\",\"datePublished\":\"2026-03-28T18:51:00+00:00\",\"mainEntityOfPage\":{\"@id\":\"https:\/\/portaltela.pt\/noticias\/2026\/03\/28\/iratxe-garcia-afirma-que-nunca-negociara-com-a-extrema-direita\/\"},\"wordCount\":171,\"image\":{\"@id\":\"https:\/\/portaltela.pt\/noticias\/2026\/03\/28\/iratxe-garcia-afirma-que-nunca-negociara-com-a-extrema-direita\/#primaryimage\"},\"thumbnailUrl\":\"https:\/\/portaltela.pt\/s.01k8rhncp4jt1\/2026\/03\/2077692.jpg\",\"keywords\":[\"extrema-direita\",\"pol\u00edtica\",\"PS\",\"rela\u00e7\u00f5es internacionais\",\"Uni\u00e3o Europeia\",\"Venezuela\"],\"articleSection\":[\"Internacional\",\"Pol\u00edtica Internacional\"],\"inLanguage\":\"pt-PT\"},{\"@type\":\"WebPage\",\"@id\":\"https:\/\/portaltela.pt\/noticias\/2026\/03\/28\/iratxe-garcia-afirma-que-nunca-negociara-com-a-extrema-direita\/\",\"url\":\"https:\/\/portaltela.pt\/noticias\/2026\/03\/28\/iratxe-garcia-afirma-que-nunca-negociara-com-a-extrema-direita\/\",\"name\":\"Iratxe Garc\u00eda afirma que nunca negociar\u00e1 com a extrema-direita - Portal Tela Portugal\",\"isPartOf\":{\"@id\":\"https:\/\/portaltela.pt\/#website\"},\"primaryImageOfPage\":{\"@id\":\"https:\/\/portaltela.pt\/noticias\/2026\/03\/28\/iratxe-garcia-afirma-que-nunca-negociara-com-a-extrema-direita\/#primaryimage\"},\"image\":{\"@id\":\"https:\/\/portaltela.pt\/noticias\/2026\/03\/28\/iratxe-garcia-afirma-que-nunca-negociara-com-a-extrema-direita\/#primaryimage\"},\"thumbnailUrl\":\"https:\/\/portaltela.pt\/s.01k8rhncp4jt1\/2026\/03\/2077692.jpg\",\"datePublished\":\"2026-03-28T18:51:00+00:00\",\"author\":{\"@id\":\"https:\/\/portaltela.pt\/#\/schema\/person\/c4278d4a6028830caff9ee44b42d32ed\"},\"breadcrumb\":{\"@id\":\"https:\/\/portaltela.pt\/noticias\/2026\/03\/28\/iratxe-garcia-afirma-que-nunca-negociara-com-a-extrema-direita\/#breadcrumb\"},\"inLanguage\":\"pt-PT\",\"potentialAction\":[{\"@type\":\"ReadAction\",\"target\":[\"https:\/\/portaltela.pt\/noticias\/2026\/03\/28\/iratxe-garcia-afirma-que-nunca-negociara-com-a-extrema-direita\/\"]}]},{\"@type\":\"ImageObject\",\"inLanguage\":\"pt-PT\",\"@id\":\"https:\/\/portaltela.pt\/noticias\/2026\/03\/28\/iratxe-garcia-afirma-que-nunca-negociara-com-a-extrema-direita\/#primaryimage\",\"url\":\"https:\/\/portaltela.pt\/s.01k8rhncp4jt1\/2026\/03\/2077692.jpg\",\"contentUrl\":\"https:\/\/portaltela.pt\/s.01k8rhncp4jt1\/2026\/03\/2077692.jpg\",\"width\":796,\"height\":448,\"caption\":\"Iratxe garc\u00eda\"},{\"@type\":\"BreadcrumbList\",\"@id\":\"https:\/\/portaltela.pt\/noticias\/2026\/03\/28\/iratxe-garcia-afirma-que-nunca-negociara-com-a-extrema-direita\/#breadcrumb\",\"itemListElement\":[{\"@type\":\"ListItem\",\"position\":1,\"name\":\"In\u00edcio\",\"item\":\"https:\/\/portaltela.pt\/\"},{\"@type\":\"ListItem\",\"position\":2,\"name\":\"Iratxe Garc\u00eda afirma que nunca negociar\u00e1 com a extrema-direita\"}]},{\"@type\":\"WebSite\",\"@id\":\"https:\/\/portaltela.pt\/#website\",\"url\":\"https:\/\/portaltela.pt\/\",\"name\":\"Portal Tela Portugal\",\"description\":\"\",\"potentialAction\":[{\"@type\":\"SearchAction\",\"target\":{\"@type\":\"EntryPoint\",\"urlTemplate\":\"https:\/\/portaltela.pt\/?s={search_term_string}\"},\"query-input\":{\"@type\":\"PropertyValueSpecification\",\"valueRequired\":true,\"valueName\":\"search_term_string\"}}],\"inLanguage\":\"pt-PT\"},{\"@type\":\"Person\",\"@id\":\"https:\/\/portaltela.pt\/#\/schema\/person\/c4278d4a6028830caff9ee44b42d32ed\",\"name\":\"Telinha\",\"image\":{\"@type\":\"ImageObject\",\"inLanguage\":\"pt-PT\",\"@id\":\"https:\/\/portaltela.pt\/s.01k8rhncp4jt1\/2025\/11\/talking-bot-125x125.png\",\"url\":\"https:\/\/portaltela.pt\/s.01k8rhncp4jt1\/2025\/11\/talking-bot-125x125.png\",\"contentUrl\":\"https:\/\/portaltela.pt\/s.01k8rhncp4jt1\/2025\/11\/talking-bot-125x125.png\",\"caption\":\"Telinha\"},\"sameAs\":[\"https:\/\/portaltela.pt\/\"],\"url\":\"https:\/\/portaltela.pt\/por\/367410592786\/\"}]}<\/script>\n<!-- \/ Yoast SEO plugin. -->","yoast_head_json":{"title":"Iratxe Garc\u00eda afirma que nunca negociar\u00e1 com a extrema-direita - Portal Tela Portugal","robots":{"index":"index","follow":"follow","max-snippet":"max-snippet:-1","max-image-preview":"max-image-preview:large","max-video-preview":"max-video-preview:-1"},"og_locale":"pt_PT","og_type":"article","og_title":"Iratxe Garc\u00eda afirma que nunca negociar\u00e1 com a extrema-direita - Portal Tela Portugal","og_description":"Iratxe Garc\u00eda P\u00e9rez, l\u00edder do grupo parlamentar do Partido Socialista Democrata (S&amp;D), participou no 25.\u00ba Congresso do Partido Socialista (PS). A dirigente afirma que a visita de Carneiro \u00e0 Venezuela \u00e9 importante para uma transi\u00e7\u00e3o democr\u00e1tica no pa\u00eds. Enfatiza que o atual contexto internacional \u00e9 um momento de oportunidade para a esquerda restabelecer a liga\u00e7\u00e3o com as classes m\u00e9dias, como faz o PS em Portugal. Pede que, a n\u00edvel europeu, a esquerda se apresente como alternativa \u00e0 direita e contorne a \u201cmaioria de governos conversadores\u201d na Uni\u00e3o Europeia que n\u00e3o \u201clevantam a voz\u201d contra as a\u00e7\u00f5es de Donald Trump e de Benjamin Netanyahu. A posi\u00e7\u00e3o foi apresentada durante o congresso, com foco na estrat\u00e9gia da esquerda europeia e na atua\u00e7\u00e3o do PS em Portugal.","og_url":"https:\/\/portaltela.pt\/noticias\/2026\/03\/28\/iratxe-garcia-afirma-que-nunca-negociara-com-a-extrema-direita\/","og_site_name":"Portal Tela Portugal","article_published_time":"2026-03-28T18:51:00+00:00","author":"Telinha","twitter_card":"summary_large_image","twitter_misc":{"Escrito por":"Telinha","Tempo estimado de leitura":"1 minuto"},"schema":{"@context":"https:\/\/schema.org","@graph":[{"@type":"Article","@id":"https:\/\/portaltela.pt\/noticias\/2026\/03\/28\/iratxe-garcia-afirma-que-nunca-negociara-com-a-extrema-direita\/#article","isPartOf":{"@id":"https:\/\/portaltela.pt\/noticias\/2026\/03\/28\/iratxe-garcia-afirma-que-nunca-negociara-com-a-extrema-direita\/"},"author":{"name":"Telinha","@id":"https:\/\/portaltela.pt\/#\/schema\/person\/c4278d4a6028830caff9ee44b42d32ed"},"headline":"Iratxe Garc\u00eda afirma que nunca negociar\u00e1 com a extrema-direita","datePublished":"2026-03-28T18:51:00+00:00","mainEntityOfPage":{"@id":"https:\/\/portaltela.pt\/noticias\/2026\/03\/28\/iratxe-garcia-afirma-que-nunca-negociara-com-a-extrema-direita\/"},"wordCount":171,"image":{"@id":"https:\/\/portaltela.pt\/noticias\/2026\/03\/28\/iratxe-garcia-afirma-que-nunca-negociara-com-a-extrema-direita\/#primaryimage"},"thumbnailUrl":"https:\/\/portaltela.pt\/s.01k8rhncp4jt1\/2026\/03\/2077692.jpg","keywords":["extrema-direita","pol\u00edtica","PS","rela\u00e7\u00f5es internacionais","Uni\u00e3o Europeia","Venezuela"],"articleSection":["Internacional","Pol\u00edtica Internacional"],"inLanguage":"pt-PT"},{"@type":"WebPage","@id":"https:\/\/portaltela.pt\/noticias\/2026\/03\/28\/iratxe-garcia-afirma-que-nunca-negociara-com-a-extrema-direita\/","url":"https:\/\/portaltela.pt\/noticias\/2026\/03\/28\/iratxe-garcia-afirma-que-nunca-negociara-com-a-extrema-direita\/","name":"Iratxe Garc\u00eda afirma que nunca negociar\u00e1 com a extrema-direita - Portal Tela Portugal","isPartOf":{"@id":"https:\/\/portaltela.pt\/#website"},"primaryImageOfPage":{"@id":"https:\/\/portaltela.pt\/noticias\/2026\/03\/28\/iratxe-garcia-afirma-que-nunca-negociara-com-a-extrema-direita\/#primaryimage"},"image":{"@id":"https:\/\/portaltela.pt\/noticias\/2026\/03\/28\/iratxe-garcia-afirma-que-nunca-negociara-com-a-extrema-direita\/#primaryimage"},"thumbnailUrl":"https:\/\/portaltela.pt\/s.01k8rhncp4jt1\/2026\/03\/2077692.jpg","datePublished":"2026-03-28T18:51:00+00:00","author":{"@id":"https:\/\/portaltela.pt\/#\/schema\/person\/c4278d4a6028830caff9ee44b42d32ed"},"breadcrumb":{"@id":"https:\/\/portaltela.pt\/noticias\/2026\/03\/28\/iratxe-garcia-afirma-que-nunca-negociara-com-a-extrema-direita\/#breadcrumb"},"inLanguage":"pt-PT","potentialAction":[{"@type":"ReadAction","target":["https:\/\/portaltela.pt\/noticias\/2026\/03\/28\/iratxe-garcia-afirma-que-nunca-negociara-com-a-extrema-direita\/"]}]},{"@type":"ImageObject","inLanguage":"pt-PT","@id":"https:\/\/portaltela.pt\/noticias\/2026\/03\/28\/iratxe-garcia-afirma-que-nunca-negociara-com-a-extrema-direita\/#primaryimage","url":"https:\/\/portaltela.pt\/s.01k8rhncp4jt1\/2026\/03\/2077692.jpg","contentUrl":"https:\/\/portaltela.pt\/s.01k8rhncp4jt1\/2026\/03\/2077692.jpg","width":796,"height":448,"caption":"Iratxe garc\u00eda"},{"@type":"BreadcrumbList","@id":"https:\/\/portaltela.pt\/noticias\/2026\/03\/28\/iratxe-garcia-afirma-que-nunca-negociara-com-a-extrema-direita\/#breadcrumb","itemListElement":[{"@type":"ListItem","position":1,"name":"In\u00edcio","item":"https:\/\/portaltela.pt\/"},{"@type":"ListItem","position":2,"name":"Iratxe Garc\u00eda afirma que nunca negociar\u00e1 com a extrema-direita"}]},{"@type":"WebSite","@id":"https:\/\/portaltela.pt\/#website","url":"https:\/\/portaltela.pt\/","name":"Portal Tela Portugal","description":"","potentialAction":[{"@type":"SearchAction","target":{"@type":"EntryPoint","urlTemplate":"https:\/\/portaltela.pt\/?s={search_term_string}"},"query-input":{"@type":"PropertyValueSpecification","valueRequired":true,"valueName":"search_term_string"}}],"inLanguage":"pt-PT"},{"@type":"Person","@id":"https:\/\/portaltela.pt\/#\/schema\/person\/c4278d4a6028830caff9ee44b42d32ed","name":"Telinha","image":{"@type":"ImageObject","inLanguage":"pt-PT","@id":"https:\/\/portaltela.pt\/s.01k8rhncp4jt1\/2025\/11\/talking-bot-125x125.png","url":"https:\/\/portaltela.pt\/s.01k8rhncp4jt1\/2025\/11\/talking-bot-125x125.png","contentUrl":"https:\/\/portaltela.pt\/s.01k8rhncp4jt1\/2025\/11\/talking-bot-125x125.png","caption":"Telinha"},"sameAs":["https:\/\/portaltela.pt\/"],"url":"https:\/\/portaltela.pt\/por\/367410592786\/"}]}},"_links":{"self":[{"href":"https:\/\/portaltela.pt\/api\/wp\/v2\/posts\/425285","targetHints":{"allow":["GET"]}}],"collection":[{"href":"https:\/\/portaltela.pt\/api\/wp\/v2\/posts"}],"about":[{"href":"https:\/\/portaltela.pt\/api\/wp\/v2\/types\/post"}],"author":[{"embeddable":true,"href":"https:\/\/portaltela.pt\/api\/wp\/v2\/users\/2"}],"replies":[{"embeddable":true,"href":"https:\/\/portaltela.pt\/api\/wp\/v2\/comments?post=425285"}],"version-history":[{"count":0,"href":"https:\/\/portaltela.pt\/api\/wp\/v2\/posts\/425285\/revisions"}],"wp:featuredmedia":[{"embeddable":true,"href":"https:\/\/portaltela.pt\/api\/wp\/v2\/media\/425292"}],"wp:attachment":[{"href":"https:\/\/portaltela.pt\/api\/wp\/v2\/media?parent=425285"}],"wp:term":[{"taxonomy":"category","embeddable":true,"href":"https:\/\/portaltela.pt\/api\/wp\/v2\/categories?post=425285"},{"taxonomy":"post_tag","embeddable":true,"href":"https:\/\/portaltela.pt\/api\/wp\/v2\/tags?post=425285"}],"curies":[{"name":"wp","href":"https:\/\/api.w.org\/{rel}","templated":true}]}}