{"id":425279,"date":"2026-03-28T15:44:00","date_gmt":"2026-03-28T18:44:00","guid":{"rendered":"https:\/\/portaltela.pt\/noticias\/2026\/03\/28\/bloco-de-esquerda-exorta-psd-a-esclarecer-apoio-a-revisao-constitucional\/"},"modified":"2026-03-28T15:44:00","modified_gmt":"2026-03-28T18:44:00","slug":"bloco-de-esquerda-exorta-psd-a-esclarecer-apoio-a-revisao-constitucional","status":"publish","type":"post","link":"https:\/\/portaltela.pt\/noticias\/politica\/2026\/03\/28\/bloco-de-esquerda-exorta-psd-a-esclarecer-apoio-a-revisao-constitucional\/","title":{"rendered":"Bloco de Esquerda exorta PSD a esclarecer apoio \u00e0 revis\u00e3o constitucional"},"content":{"rendered":"<p>O Bloco de Esquerda (BE) pediu ao PSD que declare publicamente se apoia ou n\u00e3o uma revis\u00e3o constitucional, afirmando que o sil\u00eancio n\u00e3o \u00e9 aceit\u00e1vel. O pedido partiu do coordenador do BE, Jos\u00e9 Manuel Pureza, durante a confer\u00eancia de imprensa ap\u00f3s a reuni\u00e3o da Mesa Nacional.<\/p>\n<p>Pureza sublinhou que o PSD deve clarificar a sua posi\u00e7\u00e3o, acrescentando que uma eventual revis\u00e3o constitucional poderia descaracterizar o modelo democr\u00e1tico que nasceu com o 25 de Abril. O l\u00edder parlamentar afirmou ainda que o PSD n\u00e3o pode refugiar-se num sil\u00eancio estrat\u00e9gico que torna a situa\u00e7\u00e3o insustent\u00e1vel.<\/p>\n<h3>Posi\u00e7\u00e3o sobre a revis\u00e3o constitucional<\/h3>\n<p>Na atual conjuntura, o presidente do Chega, Andr\u00e9 Ventura, anunciou que pretende iniciar o processo de revis\u00e3o constitucional at\u00e9 ao final do ano. O objetivo, segundo Ventura, \u00e9 avan\u00e7ar com altera\u00e7\u00f5es para refor\u00e7ar penas, retirar o socialismo da Constitui\u00e7\u00e3o e promover um novo modelo econ\u00f3mico.<\/p>\n<h3>Economia, habita\u00e7\u00e3o e defesa de interesse p\u00fablico<\/h3>\n<p>Ainda no seguimento da Mesa Nacional, o BE destacou a necessidade de colocar o aumento do custo de vida no centro da pol\u00edtica, incluindo o pre\u00e7o dos bens essenciais, combust\u00edveis e habita\u00e7\u00e3o. O partido pediu a\u00e7\u00f5es que enfrentem essas press\u00f5es econ\u00f3micas.<\/p>\n<h3>Base das Lajes<\/h3>\n<p>O BE criticou a ced\u00eancia da Base das Lajes aos Estados Unidos, defendendo que Portugal devia impedir o uso da infra estrutura. O partido argumentou que a atual configura\u00e7\u00e3o n\u00e3o favorece o pa\u00eds e pediu medidas claras por parte do Governo para restringir utiliza\u00e7\u00f5es.<\/p>\n","protected":false},"excerpt":{"rendered":"<ul>\n<li>O coordenador do Bloco de Esquerda, Jos\u00e9 Manuel Pureza, exortou o PSD a responder publicamente se apoia ou n\u00e3o uma eventual revis\u00e3o constitucional.<\/li>\n<li>Pureza acusou o PSD de se refugiar num sil\u00eancio t\u00e1ctico e afirmou que a posi\u00e7\u00e3o do partido precisa de ficar clara.<\/li>\n<li>O BE, atrav\u00e9s da sua Mesa Nacional, argumenta que uma revis\u00e3o constitui\u00e7\u00e3o destinaria a descaracterizar o modelo democr\u00e1tico do 25 de Abril.<\/li>\n<li>O l\u00edder do Chega, Andr\u00e9 Ventura, comprometeu-se a iniciar o processo de revis\u00e3o constitucional at\u00e9 ao final do ano, com objetivo de aumentar penas e alterar o quadro econ\u00f3mico.<\/li>\n<li>O BE destacou o aumento do custo de vida e a subida dos pre\u00e7os de bens essenciais como centro da sua pol\u00edtica, e criticou a ced\u00eancia da Base das Lajes aos Estados Unidos, defendendo que o Governo a deveria proibir.<\/li>\n<\/ul>\n","protected":false},"author":2,"featured_media":425280,"comment_status":"closed","ping_status":"closed","sticky":false,"template":"","format":"standard","meta":{"footnotes":""},"categories":[1,5],"tags":[3371,4057,28,34,150,3695],"class_list":["post-425279","post","type-post","status-publish","format-standard","has-post-thumbnail","hentry","category-noticias","category-politica","tag-bloco-de-esquerda","tag-constituicao","tag-economia","tag-governo","tag-habitacao","tag-psd"],"yoast_head":"<!-- This site is optimized with the Yoast SEO plugin v27.2 - https:\/\/yoast.com\/product\/yoast-seo-wordpress\/ -->\n<title>Bloco de Esquerda exorta PSD a esclarecer apoio \u00e0 revis\u00e3o constitucional - Portal Tela Portugal<\/title>\n<meta name=\"robots\" content=\"index, follow, max-snippet:-1, max-image-preview:large, max-video-preview:-1\" \/>\n<meta property=\"og:locale\" content=\"pt_PT\" \/>\n<meta property=\"og:type\" content=\"article\" \/>\n<meta property=\"og:title\" content=\"Bloco de Esquerda exorta PSD a esclarecer apoio \u00e0 revis\u00e3o constitucional - Portal Tela Portugal\" \/>\n<meta property=\"og:description\" content=\"O coordenador do Bloco de Esquerda, Jos\u00e9 Manuel Pureza, exortou o PSD a responder publicamente se apoia ou n\u00e3o uma eventual revis\u00e3o constitucional. Pureza acusou o PSD de se refugiar num sil\u00eancio t\u00e1ctico e afirmou que a posi\u00e7\u00e3o do partido precisa de ficar clara. O BE, atrav\u00e9s da sua Mesa Nacional, argumenta que uma revis\u00e3o constitui\u00e7\u00e3o destinaria a descaracterizar o modelo democr\u00e1tico do 25 de Abril. O l\u00edder do Chega, Andr\u00e9 Ventura, comprometeu-se a iniciar o processo de revis\u00e3o constitucional at\u00e9 ao final do ano, com objetivo de aumentar penas e alterar o quadro econ\u00f3mico. O BE destacou o aumento do custo de vida e a subida dos pre\u00e7os de bens essenciais como centro da sua pol\u00edtica, e criticou a ced\u00eancia da Base das Lajes aos Estados Unidos, defendendo que o Governo a deveria proibir.\" \/>\n<meta property=\"og:url\" content=\"https:\/\/portaltela.pt\/noticias\/2026\/03\/28\/bloco-de-esquerda-exorta-psd-a-esclarecer-apoio-a-revisao-constitucional\/\" \/>\n<meta property=\"og:site_name\" content=\"Portal Tela Portugal\" \/>\n<meta property=\"article:published_time\" content=\"2026-03-28T18:44:00+00:00\" \/>\n<meta name=\"author\" content=\"Telinha\" \/>\n<meta name=\"twitter:card\" content=\"summary_large_image\" \/>\n<meta name=\"twitter:label1\" content=\"Escrito por\" \/>\n\t<meta name=\"twitter:data1\" content=\"Telinha\" \/>\n\t<meta name=\"twitter:label2\" content=\"Tempo estimado de leitura\" \/>\n\t<meta name=\"twitter:data2\" content=\"1 minuto\" \/>\n<script type=\"application\/ld+json\" class=\"yoast-schema-graph\">{\"@context\":\"https:\/\/schema.org\",\"@graph\":[{\"@type\":\"Article\",\"@id\":\"https:\/\/portaltela.pt\/noticias\/2026\/03\/28\/bloco-de-esquerda-exorta-psd-a-esclarecer-apoio-a-revisao-constitucional\/#article\",\"isPartOf\":{\"@id\":\"https:\/\/portaltela.pt\/noticias\/2026\/03\/28\/bloco-de-esquerda-exorta-psd-a-esclarecer-apoio-a-revisao-constitucional\/\"},\"author\":{\"name\":\"Telinha\",\"@id\":\"https:\/\/portaltela.pt\/#\/schema\/person\/c4278d4a6028830caff9ee44b42d32ed\"},\"headline\":\"Bloco de Esquerda exorta PSD a esclarecer apoio \u00e0 revis\u00e3o constitucional\",\"datePublished\":\"2026-03-28T18:44:00+00:00\",\"mainEntityOfPage\":{\"@id\":\"https:\/\/portaltela.pt\/noticias\/2026\/03\/28\/bloco-de-esquerda-exorta-psd-a-esclarecer-apoio-a-revisao-constitucional\/\"},\"wordCount\":285,\"image\":{\"@id\":\"https:\/\/portaltela.pt\/noticias\/2026\/03\/28\/bloco-de-esquerda-exorta-psd-a-esclarecer-apoio-a-revisao-constitucional\/#primaryimage\"},\"thumbnailUrl\":\"https:\/\/portaltela.pt\/s.01k8rhncp4jt1\/2026\/03\/2077682.jpg\",\"keywords\":[\"Bloco de Esquerda\",\"constitui\u00e7\u00e3o\",\"economia\",\"governo\",\"habita\u00e7\u00e3o\",\"PSD\"],\"articleSection\":[\"Not\u00edcias\",\"Pol\u00edtica\"],\"inLanguage\":\"pt-PT\"},{\"@type\":\"WebPage\",\"@id\":\"https:\/\/portaltela.pt\/noticias\/2026\/03\/28\/bloco-de-esquerda-exorta-psd-a-esclarecer-apoio-a-revisao-constitucional\/\",\"url\":\"https:\/\/portaltela.pt\/noticias\/2026\/03\/28\/bloco-de-esquerda-exorta-psd-a-esclarecer-apoio-a-revisao-constitucional\/\",\"name\":\"Bloco de Esquerda exorta PSD a esclarecer apoio \u00e0 revis\u00e3o constitucional - Portal Tela Portugal\",\"isPartOf\":{\"@id\":\"https:\/\/portaltela.pt\/#website\"},\"primaryImageOfPage\":{\"@id\":\"https:\/\/portaltela.pt\/noticias\/2026\/03\/28\/bloco-de-esquerda-exorta-psd-a-esclarecer-apoio-a-revisao-constitucional\/#primaryimage\"},\"image\":{\"@id\":\"https:\/\/portaltela.pt\/noticias\/2026\/03\/28\/bloco-de-esquerda-exorta-psd-a-esclarecer-apoio-a-revisao-constitucional\/#primaryimage\"},\"thumbnailUrl\":\"https:\/\/portaltela.pt\/s.01k8rhncp4jt1\/2026\/03\/2077682.jpg\",\"datePublished\":\"2026-03-28T18:44:00+00:00\",\"author\":{\"@id\":\"https:\/\/portaltela.pt\/#\/schema\/person\/c4278d4a6028830caff9ee44b42d32ed\"},\"breadcrumb\":{\"@id\":\"https:\/\/portaltela.pt\/noticias\/2026\/03\/28\/bloco-de-esquerda-exorta-psd-a-esclarecer-apoio-a-revisao-constitucional\/#breadcrumb\"},\"inLanguage\":\"pt-PT\",\"potentialAction\":[{\"@type\":\"ReadAction\",\"target\":[\"https:\/\/portaltela.pt\/noticias\/2026\/03\/28\/bloco-de-esquerda-exorta-psd-a-esclarecer-apoio-a-revisao-constitucional\/\"]}]},{\"@type\":\"ImageObject\",\"inLanguage\":\"pt-PT\",\"@id\":\"https:\/\/portaltela.pt\/noticias\/2026\/03\/28\/bloco-de-esquerda-exorta-psd-a-esclarecer-apoio-a-revisao-constitucional\/#primaryimage\",\"url\":\"https:\/\/portaltela.pt\/s.01k8rhncp4jt1\/2026\/03\/2077682.jpg\",\"contentUrl\":\"https:\/\/portaltela.pt\/s.01k8rhncp4jt1\/2026\/03\/2077682.jpg\",\"width\":796,\"height\":448,\"caption\":\"Jos\u00e9 Manuel Pureza\"},{\"@type\":\"BreadcrumbList\",\"@id\":\"https:\/\/portaltela.pt\/noticias\/2026\/03\/28\/bloco-de-esquerda-exorta-psd-a-esclarecer-apoio-a-revisao-constitucional\/#breadcrumb\",\"itemListElement\":[{\"@type\":\"ListItem\",\"position\":1,\"name\":\"In\u00edcio\",\"item\":\"https:\/\/portaltela.pt\/\"},{\"@type\":\"ListItem\",\"position\":2,\"name\":\"Bloco de Esquerda exorta PSD a esclarecer apoio \u00e0 revis\u00e3o constitucional\"}]},{\"@type\":\"WebSite\",\"@id\":\"https:\/\/portaltela.pt\/#website\",\"url\":\"https:\/\/portaltela.pt\/\",\"name\":\"Portal Tela Portugal\",\"description\":\"\",\"potentialAction\":[{\"@type\":\"SearchAction\",\"target\":{\"@type\":\"EntryPoint\",\"urlTemplate\":\"https:\/\/portaltela.pt\/?s={search_term_string}\"},\"query-input\":{\"@type\":\"PropertyValueSpecification\",\"valueRequired\":true,\"valueName\":\"search_term_string\"}}],\"inLanguage\":\"pt-PT\"},{\"@type\":\"Person\",\"@id\":\"https:\/\/portaltela.pt\/#\/schema\/person\/c4278d4a6028830caff9ee44b42d32ed\",\"name\":\"Telinha\",\"image\":{\"@type\":\"ImageObject\",\"inLanguage\":\"pt-PT\",\"@id\":\"https:\/\/portaltela.pt\/s.01k8rhncp4jt1\/2025\/11\/talking-bot-125x125.png\",\"url\":\"https:\/\/portaltela.pt\/s.01k8rhncp4jt1\/2025\/11\/talking-bot-125x125.png\",\"contentUrl\":\"https:\/\/portaltela.pt\/s.01k8rhncp4jt1\/2025\/11\/talking-bot-125x125.png\",\"caption\":\"Telinha\"},\"sameAs\":[\"https:\/\/portaltela.pt\/\"],\"url\":\"https:\/\/portaltela.pt\/por\/367410592786\/\"}]}<\/script>\n<!-- \/ Yoast SEO plugin. -->","yoast_head_json":{"title":"Bloco de Esquerda exorta PSD a esclarecer apoio \u00e0 revis\u00e3o constitucional - Portal Tela Portugal","robots":{"index":"index","follow":"follow","max-snippet":"max-snippet:-1","max-image-preview":"max-image-preview:large","max-video-preview":"max-video-preview:-1"},"og_locale":"pt_PT","og_type":"article","og_title":"Bloco de Esquerda exorta PSD a esclarecer apoio \u00e0 revis\u00e3o constitucional - Portal Tela Portugal","og_description":"O coordenador do Bloco de Esquerda, Jos\u00e9 Manuel Pureza, exortou o PSD a responder publicamente se apoia ou n\u00e3o uma eventual revis\u00e3o constitucional. Pureza acusou o PSD de se refugiar num sil\u00eancio t\u00e1ctico e afirmou que a posi\u00e7\u00e3o do partido precisa de ficar clara. O BE, atrav\u00e9s da sua Mesa Nacional, argumenta que uma revis\u00e3o constitui\u00e7\u00e3o destinaria a descaracterizar o modelo democr\u00e1tico do 25 de Abril. O l\u00edder do Chega, Andr\u00e9 Ventura, comprometeu-se a iniciar o processo de revis\u00e3o constitucional at\u00e9 ao final do ano, com objetivo de aumentar penas e alterar o quadro econ\u00f3mico. O BE destacou o aumento do custo de vida e a subida dos pre\u00e7os de bens essenciais como centro da sua pol\u00edtica, e criticou a ced\u00eancia da Base das Lajes aos Estados Unidos, defendendo que o Governo a deveria proibir.","og_url":"https:\/\/portaltela.pt\/noticias\/2026\/03\/28\/bloco-de-esquerda-exorta-psd-a-esclarecer-apoio-a-revisao-constitucional\/","og_site_name":"Portal Tela Portugal","article_published_time":"2026-03-28T18:44:00+00:00","author":"Telinha","twitter_card":"summary_large_image","twitter_misc":{"Escrito por":"Telinha","Tempo estimado de leitura":"1 minuto"},"schema":{"@context":"https:\/\/schema.org","@graph":[{"@type":"Article","@id":"https:\/\/portaltela.pt\/noticias\/2026\/03\/28\/bloco-de-esquerda-exorta-psd-a-esclarecer-apoio-a-revisao-constitucional\/#article","isPartOf":{"@id":"https:\/\/portaltela.pt\/noticias\/2026\/03\/28\/bloco-de-esquerda-exorta-psd-a-esclarecer-apoio-a-revisao-constitucional\/"},"author":{"name":"Telinha","@id":"https:\/\/portaltela.pt\/#\/schema\/person\/c4278d4a6028830caff9ee44b42d32ed"},"headline":"Bloco de Esquerda exorta PSD a esclarecer apoio \u00e0 revis\u00e3o constitucional","datePublished":"2026-03-28T18:44:00+00:00","mainEntityOfPage":{"@id":"https:\/\/portaltela.pt\/noticias\/2026\/03\/28\/bloco-de-esquerda-exorta-psd-a-esclarecer-apoio-a-revisao-constitucional\/"},"wordCount":285,"image":{"@id":"https:\/\/portaltela.pt\/noticias\/2026\/03\/28\/bloco-de-esquerda-exorta-psd-a-esclarecer-apoio-a-revisao-constitucional\/#primaryimage"},"thumbnailUrl":"https:\/\/portaltela.pt\/s.01k8rhncp4jt1\/2026\/03\/2077682.jpg","keywords":["Bloco de Esquerda","constitui\u00e7\u00e3o","economia","governo","habita\u00e7\u00e3o","PSD"],"articleSection":["Not\u00edcias","Pol\u00edtica"],"inLanguage":"pt-PT"},{"@type":"WebPage","@id":"https:\/\/portaltela.pt\/noticias\/2026\/03\/28\/bloco-de-esquerda-exorta-psd-a-esclarecer-apoio-a-revisao-constitucional\/","url":"https:\/\/portaltela.pt\/noticias\/2026\/03\/28\/bloco-de-esquerda-exorta-psd-a-esclarecer-apoio-a-revisao-constitucional\/","name":"Bloco de Esquerda exorta PSD a esclarecer apoio \u00e0 revis\u00e3o constitucional - Portal Tela Portugal","isPartOf":{"@id":"https:\/\/portaltela.pt\/#website"},"primaryImageOfPage":{"@id":"https:\/\/portaltela.pt\/noticias\/2026\/03\/28\/bloco-de-esquerda-exorta-psd-a-esclarecer-apoio-a-revisao-constitucional\/#primaryimage"},"image":{"@id":"https:\/\/portaltela.pt\/noticias\/2026\/03\/28\/bloco-de-esquerda-exorta-psd-a-esclarecer-apoio-a-revisao-constitucional\/#primaryimage"},"thumbnailUrl":"https:\/\/portaltela.pt\/s.01k8rhncp4jt1\/2026\/03\/2077682.jpg","datePublished":"2026-03-28T18:44:00+00:00","author":{"@id":"https:\/\/portaltela.pt\/#\/schema\/person\/c4278d4a6028830caff9ee44b42d32ed"},"breadcrumb":{"@id":"https:\/\/portaltela.pt\/noticias\/2026\/03\/28\/bloco-de-esquerda-exorta-psd-a-esclarecer-apoio-a-revisao-constitucional\/#breadcrumb"},"inLanguage":"pt-PT","potentialAction":[{"@type":"ReadAction","target":["https:\/\/portaltela.pt\/noticias\/2026\/03\/28\/bloco-de-esquerda-exorta-psd-a-esclarecer-apoio-a-revisao-constitucional\/"]}]},{"@type":"ImageObject","inLanguage":"pt-PT","@id":"https:\/\/portaltela.pt\/noticias\/2026\/03\/28\/bloco-de-esquerda-exorta-psd-a-esclarecer-apoio-a-revisao-constitucional\/#primaryimage","url":"https:\/\/portaltela.pt\/s.01k8rhncp4jt1\/2026\/03\/2077682.jpg","contentUrl":"https:\/\/portaltela.pt\/s.01k8rhncp4jt1\/2026\/03\/2077682.jpg","width":796,"height":448,"caption":"Jos\u00e9 Manuel Pureza"},{"@type":"BreadcrumbList","@id":"https:\/\/portaltela.pt\/noticias\/2026\/03\/28\/bloco-de-esquerda-exorta-psd-a-esclarecer-apoio-a-revisao-constitucional\/#breadcrumb","itemListElement":[{"@type":"ListItem","position":1,"name":"In\u00edcio","item":"https:\/\/portaltela.pt\/"},{"@type":"ListItem","position":2,"name":"Bloco de Esquerda exorta PSD a esclarecer apoio \u00e0 revis\u00e3o constitucional"}]},{"@type":"WebSite","@id":"https:\/\/portaltela.pt\/#website","url":"https:\/\/portaltela.pt\/","name":"Portal Tela Portugal","description":"","potentialAction":[{"@type":"SearchAction","target":{"@type":"EntryPoint","urlTemplate":"https:\/\/portaltela.pt\/?s={search_term_string}"},"query-input":{"@type":"PropertyValueSpecification","valueRequired":true,"valueName":"search_term_string"}}],"inLanguage":"pt-PT"},{"@type":"Person","@id":"https:\/\/portaltela.pt\/#\/schema\/person\/c4278d4a6028830caff9ee44b42d32ed","name":"Telinha","image":{"@type":"ImageObject","inLanguage":"pt-PT","@id":"https:\/\/portaltela.pt\/s.01k8rhncp4jt1\/2025\/11\/talking-bot-125x125.png","url":"https:\/\/portaltela.pt\/s.01k8rhncp4jt1\/2025\/11\/talking-bot-125x125.png","contentUrl":"https:\/\/portaltela.pt\/s.01k8rhncp4jt1\/2025\/11\/talking-bot-125x125.png","caption":"Telinha"},"sameAs":["https:\/\/portaltela.pt\/"],"url":"https:\/\/portaltela.pt\/por\/367410592786\/"}]}},"_links":{"self":[{"href":"https:\/\/portaltela.pt\/api\/wp\/v2\/posts\/425279","targetHints":{"allow":["GET"]}}],"collection":[{"href":"https:\/\/portaltela.pt\/api\/wp\/v2\/posts"}],"about":[{"href":"https:\/\/portaltela.pt\/api\/wp\/v2\/types\/post"}],"author":[{"embeddable":true,"href":"https:\/\/portaltela.pt\/api\/wp\/v2\/users\/2"}],"replies":[{"embeddable":true,"href":"https:\/\/portaltela.pt\/api\/wp\/v2\/comments?post=425279"}],"version-history":[{"count":0,"href":"https:\/\/portaltela.pt\/api\/wp\/v2\/posts\/425279\/revisions"}],"wp:featuredmedia":[{"embeddable":true,"href":"https:\/\/portaltela.pt\/api\/wp\/v2\/media\/425280"}],"wp:attachment":[{"href":"https:\/\/portaltela.pt\/api\/wp\/v2\/media?parent=425279"}],"wp:term":[{"taxonomy":"category","embeddable":true,"href":"https:\/\/portaltela.pt\/api\/wp\/v2\/categories?post=425279"},{"taxonomy":"post_tag","embeddable":true,"href":"https:\/\/portaltela.pt\/api\/wp\/v2\/tags?post=425279"}],"curies":[{"name":"wp","href":"https:\/\/api.w.org\/{rel}","templated":true}]}}