{"id":425274,"date":"2026-03-28T15:38:00","date_gmt":"2026-03-28T18:38:00","guid":{"rendered":"https:\/\/portaltela.pt\/noticias\/2026\/03\/28\/marcelo-rebelo-de-sousa-inicia-ciclo-cultural-em-celorico-de-basto\/"},"modified":"2026-03-28T15:38:00","modified_gmt":"2026-03-28T18:38:00","slug":"marcelo-rebelo-de-sousa-inicia-ciclo-cultural-em-celorico-de-basto","status":"publish","type":"post","link":"https:\/\/portaltela.pt\/noticias\/2026\/03\/28\/marcelo-rebelo-de-sousa-inicia-ciclo-cultural-em-celorico-de-basto\/","title":{"rendered":"Marcelo Rebelo de Sousa inicia ciclo cultural em Celorico de Basto"},"content":{"rendered":"<p>O ex-Presidente da Rep\u00fablica Marcelo Rebelo de Sousa iniciou este s\u00e1bado um ciclo de interven\u00e7\u00f5es culturais com um discurso na Festa do Livro de Celorico de Basto, segundo uma nota do seu gabinete enviada \u00e0 Lusa.<\/p>\n<p>A iniciativa prosseguir\u00e1 no domingo, integrada numa vertente da interven\u00e7\u00e3o cultural que o ex-chefe de Estado ajudou a fundar no in\u00edcio do s\u00e9culo, com convidados de relevo.<\/p>\n<p>Marcelo Rebelo de Sousa participou, no s\u00e1bado, na Tert\u00falia sobre o papel da literatura no momento actual; no domingo estar\u00e1 \u00e0 conversa com os escritores David Machado e Hugo Gon\u00e7alves.<\/p>\n<h3>Agenda cultural<\/h3>\n<p>Marcelo Rebelo de Sousa deixou o Pal\u00e1cio de Bel\u00e9m no dia 9, dando lugar ao antigo l\u00edder socialista Ant\u00f3nio Jos\u00e9 Seguro.<\/p>\n<p>Antes de abandonar o cargo, sinalizou o fim da sua vida pol\u00edtica, conforme as palavras proferidas pelo pr\u00f3prio no dia da posse do seu sucessor.<\/p>\n","protected":false},"excerpt":{"rendered":"<ul>\n<li>Marcelo Rebelo de Sousa iniciou, este s\u00e1bado, um ciclo de interven\u00e7\u00f5es culturais em Celorico de Basto com um discurso na Festa do Livro, segundo nota do gabinete enviada \u00e0 Lusa.<\/li>\n<li>A iniciativa, que prosseguir\u00e1 no domingo, \u00e9 uma das vertentes da sua interven\u00e7\u00e3o cultural e tem participa\u00e7\u00e3o prevista neste fim de semana.<\/li>\n<li>A cerim\u00f3nia faz parte de uma iniciativa que ajudou a fundar no in\u00edcio do s\u00e9culo e j\u00e1 contou com convidados como M\u00e1rio Soares, L\u00eddia Jorge, Alice Vieira, Jo\u00e3o Tordo, Ana Maria Magalh\u00e3es, Isabel Al\u00e7ada e Rita Ferro.<\/li>\n<li>Este s\u00e1bado, o ex-chefe de Estado participa numa Tert\u00falia sobre o tema \u201cQual o papel da literatura no momento actual?\u201d e, no domingo \u00e0 tarde, ficar\u00e1 \u00e0 conversa com os escritores David Machado e Hugo Gon\u00e7alves.<\/li>\n<li>Marcelo Rebelo de Sousa deixou o Pal\u00e1cio de Bel\u00e9m a 9 de mar\u00e7o, sinalizando o fim da vida pol\u00edtica e, no dia da posse do seu sucessor, agradeceu aos jornalistas e recusou declara\u00e7\u00f5es, referindo ter entrado num \u201cdeserto eterno\u201d.<\/li>\n<\/ul>\n","protected":false},"author":2,"featured_media":425276,"comment_status":"closed","ping_status":"closed","sticky":false,"template":"","format":"standard","meta":{"footnotes":""},"categories":[7375,1],"tags":[145,6654,4919,106,3278,30],"class_list":["post-425274","post","type-post","status-publish","format-standard","has-post-thumbnail","hentry","category-cultura","category-noticias","tag-cultura","tag-escritores","tag-festas","tag-literatura","tag-marcelo","tag-presidente"],"yoast_head":"<!-- This site is optimized with the Yoast SEO plugin v27.2 - https:\/\/yoast.com\/product\/yoast-seo-wordpress\/ -->\n<title>Marcelo Rebelo de Sousa inicia ciclo cultural em Celorico de Basto - Portal Tela Portugal<\/title>\n<meta name=\"robots\" content=\"index, follow, max-snippet:-1, max-image-preview:large, max-video-preview:-1\" \/>\n<meta property=\"og:locale\" content=\"pt_PT\" \/>\n<meta property=\"og:type\" content=\"article\" \/>\n<meta property=\"og:title\" content=\"Marcelo Rebelo de Sousa inicia ciclo cultural em Celorico de Basto - Portal Tela Portugal\" \/>\n<meta property=\"og:description\" content=\"Marcelo Rebelo de Sousa iniciou, este s\u00e1bado, um ciclo de interven\u00e7\u00f5es culturais em Celorico de Basto com um discurso na Festa do Livro, segundo nota do gabinete enviada \u00e0 Lusa. A iniciativa, que prosseguir\u00e1 no domingo, \u00e9 uma das vertentes da sua interven\u00e7\u00e3o cultural e tem participa\u00e7\u00e3o prevista neste fim de semana. A cerim\u00f3nia faz parte de uma iniciativa que ajudou a fundar no in\u00edcio do s\u00e9culo e j\u00e1 contou com convidados como M\u00e1rio Soares, L\u00eddia Jorge, Alice Vieira, Jo\u00e3o Tordo, Ana Maria Magalh\u00e3es, Isabel Al\u00e7ada e Rita Ferro. Este s\u00e1bado, o ex-chefe de Estado participa numa Tert\u00falia sobre o tema \u201cQual o papel da literatura no momento actual?\u201d e, no domingo \u00e0 tarde, ficar\u00e1 \u00e0 conversa com os escritores David Machado e Hugo Gon\u00e7alves. Marcelo Rebelo de Sousa deixou o Pal\u00e1cio de Bel\u00e9m a 9 de mar\u00e7o, sinalizando o fim da vida pol\u00edtica e, no dia da posse do seu sucessor, agradeceu aos jornalistas e recusou declara\u00e7\u00f5es, referindo ter entrado num \u201cdeserto eterno\u201d.\" \/>\n<meta property=\"og:url\" content=\"https:\/\/portaltela.pt\/noticias\/2026\/03\/28\/marcelo-rebelo-de-sousa-inicia-ciclo-cultural-em-celorico-de-basto\/\" \/>\n<meta property=\"og:site_name\" content=\"Portal Tela Portugal\" \/>\n<meta property=\"article:published_time\" content=\"2026-03-28T18:38:00+00:00\" \/>\n<meta name=\"author\" content=\"Telinha\" \/>\n<meta name=\"twitter:card\" content=\"summary_large_image\" \/>\n<meta name=\"twitter:label1\" content=\"Escrito por\" \/>\n\t<meta name=\"twitter:data1\" content=\"Telinha\" \/>\n\t<meta name=\"twitter:label2\" content=\"Tempo estimado de leitura\" \/>\n\t<meta name=\"twitter:data2\" content=\"1 minuto\" \/>\n<script type=\"application\/ld+json\" class=\"yoast-schema-graph\">{\"@context\":\"https:\/\/schema.org\",\"@graph\":[{\"@type\":\"Article\",\"@id\":\"https:\/\/portaltela.pt\/noticias\/2026\/03\/28\/marcelo-rebelo-de-sousa-inicia-ciclo-cultural-em-celorico-de-basto\/#article\",\"isPartOf\":{\"@id\":\"https:\/\/portaltela.pt\/noticias\/2026\/03\/28\/marcelo-rebelo-de-sousa-inicia-ciclo-cultural-em-celorico-de-basto\/\"},\"author\":{\"name\":\"Telinha\",\"@id\":\"https:\/\/portaltela.pt\/#\/schema\/person\/c4278d4a6028830caff9ee44b42d32ed\"},\"headline\":\"Marcelo Rebelo de Sousa inicia ciclo cultural em Celorico de Basto\",\"datePublished\":\"2026-03-28T18:38:00+00:00\",\"mainEntityOfPage\":{\"@id\":\"https:\/\/portaltela.pt\/noticias\/2026\/03\/28\/marcelo-rebelo-de-sousa-inicia-ciclo-cultural-em-celorico-de-basto\/\"},\"wordCount\":164,\"image\":{\"@id\":\"https:\/\/portaltela.pt\/noticias\/2026\/03\/28\/marcelo-rebelo-de-sousa-inicia-ciclo-cultural-em-celorico-de-basto\/#primaryimage\"},\"thumbnailUrl\":\"https:\/\/portaltela.pt\/s.01k8rhncp4jt1\/2026\/03\/2077680.jpg\",\"keywords\":[\"cultura\",\"escritores\",\"festas\",\"literatura\",\"Marcelo\",\"presidente\"],\"articleSection\":[\"Cultura\",\"Not\u00edcias\"],\"inLanguage\":\"pt-PT\"},{\"@type\":\"WebPage\",\"@id\":\"https:\/\/portaltela.pt\/noticias\/2026\/03\/28\/marcelo-rebelo-de-sousa-inicia-ciclo-cultural-em-celorico-de-basto\/\",\"url\":\"https:\/\/portaltela.pt\/noticias\/2026\/03\/28\/marcelo-rebelo-de-sousa-inicia-ciclo-cultural-em-celorico-de-basto\/\",\"name\":\"Marcelo Rebelo de Sousa inicia ciclo cultural em Celorico de Basto - Portal Tela Portugal\",\"isPartOf\":{\"@id\":\"https:\/\/portaltela.pt\/#website\"},\"primaryImageOfPage\":{\"@id\":\"https:\/\/portaltela.pt\/noticias\/2026\/03\/28\/marcelo-rebelo-de-sousa-inicia-ciclo-cultural-em-celorico-de-basto\/#primaryimage\"},\"image\":{\"@id\":\"https:\/\/portaltela.pt\/noticias\/2026\/03\/28\/marcelo-rebelo-de-sousa-inicia-ciclo-cultural-em-celorico-de-basto\/#primaryimage\"},\"thumbnailUrl\":\"https:\/\/portaltela.pt\/s.01k8rhncp4jt1\/2026\/03\/2077680.jpg\",\"datePublished\":\"2026-03-28T18:38:00+00:00\",\"author\":{\"@id\":\"https:\/\/portaltela.pt\/#\/schema\/person\/c4278d4a6028830caff9ee44b42d32ed\"},\"breadcrumb\":{\"@id\":\"https:\/\/portaltela.pt\/noticias\/2026\/03\/28\/marcelo-rebelo-de-sousa-inicia-ciclo-cultural-em-celorico-de-basto\/#breadcrumb\"},\"inLanguage\":\"pt-PT\",\"potentialAction\":[{\"@type\":\"ReadAction\",\"target\":[\"https:\/\/portaltela.pt\/noticias\/2026\/03\/28\/marcelo-rebelo-de-sousa-inicia-ciclo-cultural-em-celorico-de-basto\/\"]}]},{\"@type\":\"ImageObject\",\"inLanguage\":\"pt-PT\",\"@id\":\"https:\/\/portaltela.pt\/noticias\/2026\/03\/28\/marcelo-rebelo-de-sousa-inicia-ciclo-cultural-em-celorico-de-basto\/#primaryimage\",\"url\":\"https:\/\/portaltela.pt\/s.01k8rhncp4jt1\/2026\/03\/2077680.jpg\",\"contentUrl\":\"https:\/\/portaltela.pt\/s.01k8rhncp4jt1\/2026\/03\/2077680.jpg\",\"width\":796,\"height\":448,\"caption\":\"O ex-Presidente da Rep\u00fablica, Marcelo Rebelo de Sousa\"},{\"@type\":\"BreadcrumbList\",\"@id\":\"https:\/\/portaltela.pt\/noticias\/2026\/03\/28\/marcelo-rebelo-de-sousa-inicia-ciclo-cultural-em-celorico-de-basto\/#breadcrumb\",\"itemListElement\":[{\"@type\":\"ListItem\",\"position\":1,\"name\":\"In\u00edcio\",\"item\":\"https:\/\/portaltela.pt\/\"},{\"@type\":\"ListItem\",\"position\":2,\"name\":\"Marcelo Rebelo de Sousa inicia ciclo cultural em Celorico de Basto\"}]},{\"@type\":\"WebSite\",\"@id\":\"https:\/\/portaltela.pt\/#website\",\"url\":\"https:\/\/portaltela.pt\/\",\"name\":\"Portal Tela Portugal\",\"description\":\"\",\"potentialAction\":[{\"@type\":\"SearchAction\",\"target\":{\"@type\":\"EntryPoint\",\"urlTemplate\":\"https:\/\/portaltela.pt\/?s={search_term_string}\"},\"query-input\":{\"@type\":\"PropertyValueSpecification\",\"valueRequired\":true,\"valueName\":\"search_term_string\"}}],\"inLanguage\":\"pt-PT\"},{\"@type\":\"Person\",\"@id\":\"https:\/\/portaltela.pt\/#\/schema\/person\/c4278d4a6028830caff9ee44b42d32ed\",\"name\":\"Telinha\",\"image\":{\"@type\":\"ImageObject\",\"inLanguage\":\"pt-PT\",\"@id\":\"https:\/\/portaltela.pt\/s.01k8rhncp4jt1\/2025\/11\/talking-bot-125x125.png\",\"url\":\"https:\/\/portaltela.pt\/s.01k8rhncp4jt1\/2025\/11\/talking-bot-125x125.png\",\"contentUrl\":\"https:\/\/portaltela.pt\/s.01k8rhncp4jt1\/2025\/11\/talking-bot-125x125.png\",\"caption\":\"Telinha\"},\"sameAs\":[\"https:\/\/portaltela.pt\/\"],\"url\":\"https:\/\/portaltela.pt\/por\/367410592786\/\"}]}<\/script>\n<!-- \/ Yoast SEO plugin. -->","yoast_head_json":{"title":"Marcelo Rebelo de Sousa inicia ciclo cultural em Celorico de Basto - Portal Tela Portugal","robots":{"index":"index","follow":"follow","max-snippet":"max-snippet:-1","max-image-preview":"max-image-preview:large","max-video-preview":"max-video-preview:-1"},"og_locale":"pt_PT","og_type":"article","og_title":"Marcelo Rebelo de Sousa inicia ciclo cultural em Celorico de Basto - Portal Tela Portugal","og_description":"Marcelo Rebelo de Sousa iniciou, este s\u00e1bado, um ciclo de interven\u00e7\u00f5es culturais em Celorico de Basto com um discurso na Festa do Livro, segundo nota do gabinete enviada \u00e0 Lusa. A iniciativa, que prosseguir\u00e1 no domingo, \u00e9 uma das vertentes da sua interven\u00e7\u00e3o cultural e tem participa\u00e7\u00e3o prevista neste fim de semana. A cerim\u00f3nia faz parte de uma iniciativa que ajudou a fundar no in\u00edcio do s\u00e9culo e j\u00e1 contou com convidados como M\u00e1rio Soares, L\u00eddia Jorge, Alice Vieira, Jo\u00e3o Tordo, Ana Maria Magalh\u00e3es, Isabel Al\u00e7ada e Rita Ferro. Este s\u00e1bado, o ex-chefe de Estado participa numa Tert\u00falia sobre o tema \u201cQual o papel da literatura no momento actual?\u201d e, no domingo \u00e0 tarde, ficar\u00e1 \u00e0 conversa com os escritores David Machado e Hugo Gon\u00e7alves. Marcelo Rebelo de Sousa deixou o Pal\u00e1cio de Bel\u00e9m a 9 de mar\u00e7o, sinalizando o fim da vida pol\u00edtica e, no dia da posse do seu sucessor, agradeceu aos jornalistas e recusou declara\u00e7\u00f5es, referindo ter entrado num \u201cdeserto eterno\u201d.","og_url":"https:\/\/portaltela.pt\/noticias\/2026\/03\/28\/marcelo-rebelo-de-sousa-inicia-ciclo-cultural-em-celorico-de-basto\/","og_site_name":"Portal Tela Portugal","article_published_time":"2026-03-28T18:38:00+00:00","author":"Telinha","twitter_card":"summary_large_image","twitter_misc":{"Escrito por":"Telinha","Tempo estimado de leitura":"1 minuto"},"schema":{"@context":"https:\/\/schema.org","@graph":[{"@type":"Article","@id":"https:\/\/portaltela.pt\/noticias\/2026\/03\/28\/marcelo-rebelo-de-sousa-inicia-ciclo-cultural-em-celorico-de-basto\/#article","isPartOf":{"@id":"https:\/\/portaltela.pt\/noticias\/2026\/03\/28\/marcelo-rebelo-de-sousa-inicia-ciclo-cultural-em-celorico-de-basto\/"},"author":{"name":"Telinha","@id":"https:\/\/portaltela.pt\/#\/schema\/person\/c4278d4a6028830caff9ee44b42d32ed"},"headline":"Marcelo Rebelo de Sousa inicia ciclo cultural em Celorico de Basto","datePublished":"2026-03-28T18:38:00+00:00","mainEntityOfPage":{"@id":"https:\/\/portaltela.pt\/noticias\/2026\/03\/28\/marcelo-rebelo-de-sousa-inicia-ciclo-cultural-em-celorico-de-basto\/"},"wordCount":164,"image":{"@id":"https:\/\/portaltela.pt\/noticias\/2026\/03\/28\/marcelo-rebelo-de-sousa-inicia-ciclo-cultural-em-celorico-de-basto\/#primaryimage"},"thumbnailUrl":"https:\/\/portaltela.pt\/s.01k8rhncp4jt1\/2026\/03\/2077680.jpg","keywords":["cultura","escritores","festas","literatura","Marcelo","presidente"],"articleSection":["Cultura","Not\u00edcias"],"inLanguage":"pt-PT"},{"@type":"WebPage","@id":"https:\/\/portaltela.pt\/noticias\/2026\/03\/28\/marcelo-rebelo-de-sousa-inicia-ciclo-cultural-em-celorico-de-basto\/","url":"https:\/\/portaltela.pt\/noticias\/2026\/03\/28\/marcelo-rebelo-de-sousa-inicia-ciclo-cultural-em-celorico-de-basto\/","name":"Marcelo Rebelo de Sousa inicia ciclo cultural em Celorico de Basto - Portal Tela Portugal","isPartOf":{"@id":"https:\/\/portaltela.pt\/#website"},"primaryImageOfPage":{"@id":"https:\/\/portaltela.pt\/noticias\/2026\/03\/28\/marcelo-rebelo-de-sousa-inicia-ciclo-cultural-em-celorico-de-basto\/#primaryimage"},"image":{"@id":"https:\/\/portaltela.pt\/noticias\/2026\/03\/28\/marcelo-rebelo-de-sousa-inicia-ciclo-cultural-em-celorico-de-basto\/#primaryimage"},"thumbnailUrl":"https:\/\/portaltela.pt\/s.01k8rhncp4jt1\/2026\/03\/2077680.jpg","datePublished":"2026-03-28T18:38:00+00:00","author":{"@id":"https:\/\/portaltela.pt\/#\/schema\/person\/c4278d4a6028830caff9ee44b42d32ed"},"breadcrumb":{"@id":"https:\/\/portaltela.pt\/noticias\/2026\/03\/28\/marcelo-rebelo-de-sousa-inicia-ciclo-cultural-em-celorico-de-basto\/#breadcrumb"},"inLanguage":"pt-PT","potentialAction":[{"@type":"ReadAction","target":["https:\/\/portaltela.pt\/noticias\/2026\/03\/28\/marcelo-rebelo-de-sousa-inicia-ciclo-cultural-em-celorico-de-basto\/"]}]},{"@type":"ImageObject","inLanguage":"pt-PT","@id":"https:\/\/portaltela.pt\/noticias\/2026\/03\/28\/marcelo-rebelo-de-sousa-inicia-ciclo-cultural-em-celorico-de-basto\/#primaryimage","url":"https:\/\/portaltela.pt\/s.01k8rhncp4jt1\/2026\/03\/2077680.jpg","contentUrl":"https:\/\/portaltela.pt\/s.01k8rhncp4jt1\/2026\/03\/2077680.jpg","width":796,"height":448,"caption":"O ex-Presidente da Rep\u00fablica, Marcelo Rebelo de Sousa"},{"@type":"BreadcrumbList","@id":"https:\/\/portaltela.pt\/noticias\/2026\/03\/28\/marcelo-rebelo-de-sousa-inicia-ciclo-cultural-em-celorico-de-basto\/#breadcrumb","itemListElement":[{"@type":"ListItem","position":1,"name":"In\u00edcio","item":"https:\/\/portaltela.pt\/"},{"@type":"ListItem","position":2,"name":"Marcelo Rebelo de Sousa inicia ciclo cultural em Celorico de Basto"}]},{"@type":"WebSite","@id":"https:\/\/portaltela.pt\/#website","url":"https:\/\/portaltela.pt\/","name":"Portal Tela Portugal","description":"","potentialAction":[{"@type":"SearchAction","target":{"@type":"EntryPoint","urlTemplate":"https:\/\/portaltela.pt\/?s={search_term_string}"},"query-input":{"@type":"PropertyValueSpecification","valueRequired":true,"valueName":"search_term_string"}}],"inLanguage":"pt-PT"},{"@type":"Person","@id":"https:\/\/portaltela.pt\/#\/schema\/person\/c4278d4a6028830caff9ee44b42d32ed","name":"Telinha","image":{"@type":"ImageObject","inLanguage":"pt-PT","@id":"https:\/\/portaltela.pt\/s.01k8rhncp4jt1\/2025\/11\/talking-bot-125x125.png","url":"https:\/\/portaltela.pt\/s.01k8rhncp4jt1\/2025\/11\/talking-bot-125x125.png","contentUrl":"https:\/\/portaltela.pt\/s.01k8rhncp4jt1\/2025\/11\/talking-bot-125x125.png","caption":"Telinha"},"sameAs":["https:\/\/portaltela.pt\/"],"url":"https:\/\/portaltela.pt\/por\/367410592786\/"}]}},"_links":{"self":[{"href":"https:\/\/portaltela.pt\/api\/wp\/v2\/posts\/425274","targetHints":{"allow":["GET"]}}],"collection":[{"href":"https:\/\/portaltela.pt\/api\/wp\/v2\/posts"}],"about":[{"href":"https:\/\/portaltela.pt\/api\/wp\/v2\/types\/post"}],"author":[{"embeddable":true,"href":"https:\/\/portaltela.pt\/api\/wp\/v2\/users\/2"}],"replies":[{"embeddable":true,"href":"https:\/\/portaltela.pt\/api\/wp\/v2\/comments?post=425274"}],"version-history":[{"count":0,"href":"https:\/\/portaltela.pt\/api\/wp\/v2\/posts\/425274\/revisions"}],"wp:featuredmedia":[{"embeddable":true,"href":"https:\/\/portaltela.pt\/api\/wp\/v2\/media\/425276"}],"wp:attachment":[{"href":"https:\/\/portaltela.pt\/api\/wp\/v2\/media?parent=425274"}],"wp:term":[{"taxonomy":"category","embeddable":true,"href":"https:\/\/portaltela.pt\/api\/wp\/v2\/categories?post=425274"},{"taxonomy":"post_tag","embeddable":true,"href":"https:\/\/portaltela.pt\/api\/wp\/v2\/tags?post=425274"}],"curies":[{"name":"wp","href":"https:\/\/api.w.org\/{rel}","templated":true}]}}