{"id":425256,"date":"2026-03-28T15:38:00","date_gmt":"2026-03-28T18:38:00","guid":{"rendered":"https:\/\/portaltela.pt\/noticias\/2026\/03\/28\/unita-mobiliza-centenas-em-luanda-em-demonstracao-de-forca-no-ano-do-60-o\/"},"modified":"2026-03-28T15:38:00","modified_gmt":"2026-03-28T18:38:00","slug":"unita-mobiliza-centenas-em-luanda-em-demonstracao-de-forca-no-ano-do-60-o","status":"publish","type":"post","link":"https:\/\/portaltela.pt\/noticias\/politica\/2026\/03\/28\/unita-mobiliza-centenas-em-luanda-em-demonstracao-de-forca-no-ano-do-60-o\/","title":{"rendered":"UNITA mobiliza centenas em Luanda em demonstra\u00e7\u00e3o de for\u00e7a no ano do 60.\u00ba"},"content":{"rendered":"<p>A UNITA realizou uma mobiliza\u00e7\u00e3o em Luanda, com centenas de participantes, descrevendo o ato como uma demonstra\u00e7\u00e3o de for\u00e7a. O foco foi celebrar o ano em que a forma\u00e7\u00e3o completa o seu 60.\u00ba anivers\u00e1rio.<\/p>\n<p>O evento aconteceu na capital angolana, envolvendo apoiantes e dirigentes da oposi\u00e7\u00e3o. A organiza\u00e7\u00e3o justificou a sess\u00e3o como uma mostra de vigor pol\u00edtico para o marco hist\u00f3rico do partido.<\/p>\n<p>Informa\u00e7\u00f5es adicionais sobre o evento n\u00e3o est\u00e3o dispon\u00edveis na reportagem, com o conte\u00fado completo reservado a subscritores. O que se sabe \u00e9 que a mobiliza\u00e7\u00e3o ocorreu no contexto de comemora\u00e7\u00f5es associadas ao 60.\u00ba anivers\u00e1rio da UNITA.<\/p>\n","protected":false},"excerpt":{"rendered":"<ul>\n<li>A UNITA mobilizou centenas de pessoas em Luanda para uma demonstra\u00e7\u00e3o de for\u00e7a, no ano do 60.\u00ba anivers\u00e1rio do partido.<\/li>\n<li>A a\u00e7\u00e3o ocorreu na capital angolana, Luanda.<\/li>\n<li>O objetivo foi evidenciar a capacidade de mobiliza\u00e7\u00e3o do partido e a sua presen\u00e7a pol\u00edtica.<\/li>\n<li>A mobiliza\u00e7\u00e3o insere-se nas celebra\u00e7\u00f5es do 60.\u00ba ano de exist\u00eancia da UNITA.<\/li>\n<li>N\u00e3o foram fornecidos detalhes adicionais sobre data espec\u00edfica ou o n\u00famero exato de participantes.<\/li>\n<\/ul>\n","protected":false},"author":2,"featured_media":425265,"comment_status":"closed","ping_status":"closed","sticky":false,"template":"","format":"standard","meta":{"footnotes":""},"categories":[1,5],"tags":[4837,2721,3767,1732,2832],"class_list":["post-425256","post","type-post","status-publish","format-standard","has-post-thumbnail","hentry","category-noticias","category-politica","tag-angola","tag-luanda","tag-oposicao","tag-partidos","tag-politica"],"yoast_head":"<!-- This site is optimized with the Yoast SEO plugin v27.2 - https:\/\/yoast.com\/product\/yoast-seo-wordpress\/ -->\n<title>UNITA mobiliza centenas em Luanda em demonstra\u00e7\u00e3o de for\u00e7a no ano do 60.\u00ba - Portal Tela Portugal<\/title>\n<meta name=\"robots\" content=\"index, follow, max-snippet:-1, max-image-preview:large, max-video-preview:-1\" \/>\n<meta property=\"og:locale\" content=\"pt_PT\" \/>\n<meta property=\"og:type\" content=\"article\" \/>\n<meta property=\"og:title\" content=\"UNITA mobiliza centenas em Luanda em demonstra\u00e7\u00e3o de for\u00e7a no ano do 60.\u00ba - Portal Tela Portugal\" \/>\n<meta property=\"og:description\" content=\"A UNITA mobilizou centenas de pessoas em Luanda para uma demonstra\u00e7\u00e3o de for\u00e7a, no ano do 60.\u00ba anivers\u00e1rio do partido. A a\u00e7\u00e3o ocorreu na capital angolana, Luanda. O objetivo foi evidenciar a capacidade de mobiliza\u00e7\u00e3o do partido e a sua presen\u00e7a pol\u00edtica. A mobiliza\u00e7\u00e3o insere-se nas celebra\u00e7\u00f5es do 60.\u00ba ano de exist\u00eancia da UNITA. N\u00e3o foram fornecidos detalhes adicionais sobre data espec\u00edfica ou o n\u00famero exato de participantes.\" \/>\n<meta property=\"og:url\" content=\"https:\/\/portaltela.pt\/noticias\/2026\/03\/28\/unita-mobiliza-centenas-em-luanda-em-demonstracao-de-forca-no-ano-do-60-o\/\" \/>\n<meta property=\"og:site_name\" content=\"Portal Tela Portugal\" \/>\n<meta property=\"article:published_time\" content=\"2026-03-28T18:38:00+00:00\" \/>\n<meta name=\"author\" content=\"Telinha\" \/>\n<meta name=\"twitter:card\" content=\"summary_large_image\" \/>\n<meta name=\"twitter:label1\" content=\"Escrito por\" \/>\n\t<meta name=\"twitter:data1\" content=\"Telinha\" \/>\n\t<meta name=\"twitter:label2\" content=\"Tempo estimado de leitura\" \/>\n\t<meta name=\"twitter:data2\" content=\"1 minuto\" \/>\n<script type=\"application\/ld+json\" class=\"yoast-schema-graph\">{\"@context\":\"https:\/\/schema.org\",\"@graph\":[{\"@type\":\"Article\",\"@id\":\"https:\/\/portaltela.pt\/noticias\/2026\/03\/28\/unita-mobiliza-centenas-em-luanda-em-demonstracao-de-forca-no-ano-do-60-o\/#article\",\"isPartOf\":{\"@id\":\"https:\/\/portaltela.pt\/noticias\/2026\/03\/28\/unita-mobiliza-centenas-em-luanda-em-demonstracao-de-forca-no-ano-do-60-o\/\"},\"author\":{\"name\":\"Telinha\",\"@id\":\"https:\/\/portaltela.pt\/#\/schema\/person\/c4278d4a6028830caff9ee44b42d32ed\"},\"headline\":\"UNITA mobiliza centenas em Luanda em demonstra\u00e7\u00e3o de for\u00e7a no ano do 60.\u00ba\",\"datePublished\":\"2026-03-28T18:38:00+00:00\",\"mainEntityOfPage\":{\"@id\":\"https:\/\/portaltela.pt\/noticias\/2026\/03\/28\/unita-mobiliza-centenas-em-luanda-em-demonstracao-de-forca-no-ano-do-60-o\/\"},\"wordCount\":128,\"image\":{\"@id\":\"https:\/\/portaltela.pt\/noticias\/2026\/03\/28\/unita-mobiliza-centenas-em-luanda-em-demonstracao-de-forca-no-ano-do-60-o\/#primaryimage\"},\"thumbnailUrl\":\"https:\/\/portaltela.pt\/s.01k8rhncp4jt1\/2026\/03\/CACHE_780X1200_ANALOG_WATERMARKED_46842822_2696992_28032026061858.jpg\",\"keywords\":[\"Angola\",\"Luanda\",\"oposi\u00e7\u00e3o\",\"partidos\",\"pol\u00edtica\"],\"articleSection\":[\"Not\u00edcias\",\"Pol\u00edtica\"],\"inLanguage\":\"pt-PT\"},{\"@type\":\"WebPage\",\"@id\":\"https:\/\/portaltela.pt\/noticias\/2026\/03\/28\/unita-mobiliza-centenas-em-luanda-em-demonstracao-de-forca-no-ano-do-60-o\/\",\"url\":\"https:\/\/portaltela.pt\/noticias\/2026\/03\/28\/unita-mobiliza-centenas-em-luanda-em-demonstracao-de-forca-no-ano-do-60-o\/\",\"name\":\"UNITA mobiliza centenas em Luanda em demonstra\u00e7\u00e3o de for\u00e7a no ano do 60.\u00ba - Portal Tela Portugal\",\"isPartOf\":{\"@id\":\"https:\/\/portaltela.pt\/#website\"},\"primaryImageOfPage\":{\"@id\":\"https:\/\/portaltela.pt\/noticias\/2026\/03\/28\/unita-mobiliza-centenas-em-luanda-em-demonstracao-de-forca-no-ano-do-60-o\/#primaryimage\"},\"image\":{\"@id\":\"https:\/\/portaltela.pt\/noticias\/2026\/03\/28\/unita-mobiliza-centenas-em-luanda-em-demonstracao-de-forca-no-ano-do-60-o\/#primaryimage\"},\"thumbnailUrl\":\"https:\/\/portaltela.pt\/s.01k8rhncp4jt1\/2026\/03\/CACHE_780X1200_ANALOG_WATERMARKED_46842822_2696992_28032026061858.jpg\",\"datePublished\":\"2026-03-28T18:38:00+00:00\",\"author\":{\"@id\":\"https:\/\/portaltela.pt\/#\/schema\/person\/c4278d4a6028830caff9ee44b42d32ed\"},\"breadcrumb\":{\"@id\":\"https:\/\/portaltela.pt\/noticias\/2026\/03\/28\/unita-mobiliza-centenas-em-luanda-em-demonstracao-de-forca-no-ano-do-60-o\/#breadcrumb\"},\"inLanguage\":\"pt-PT\",\"potentialAction\":[{\"@type\":\"ReadAction\",\"target\":[\"https:\/\/portaltela.pt\/noticias\/2026\/03\/28\/unita-mobiliza-centenas-em-luanda-em-demonstracao-de-forca-no-ano-do-60-o\/\"]}]},{\"@type\":\"ImageObject\",\"inLanguage\":\"pt-PT\",\"@id\":\"https:\/\/portaltela.pt\/noticias\/2026\/03\/28\/unita-mobiliza-centenas-em-luanda-em-demonstracao-de-forca-no-ano-do-60-o\/#primaryimage\",\"url\":\"https:\/\/portaltela.pt\/s.01k8rhncp4jt1\/2026\/03\/CACHE_780X1200_ANALOG_WATERMARKED_46842822_2696992_28032026061858.jpg\",\"contentUrl\":\"https:\/\/portaltela.pt\/s.01k8rhncp4jt1\/2026\/03\/CACHE_780X1200_ANALOG_WATERMARKED_46842822_2696992_28032026061858.jpg\",\"width\":796,\"height\":448,\"caption\":\"UNITA mobiliza centenas em Luanda para \u201cdemonstra\u00e7\u00e3o de for\u00e7a\u201d no ano do 60.\u00ba\"},{\"@type\":\"BreadcrumbList\",\"@id\":\"https:\/\/portaltela.pt\/noticias\/2026\/03\/28\/unita-mobiliza-centenas-em-luanda-em-demonstracao-de-forca-no-ano-do-60-o\/#breadcrumb\",\"itemListElement\":[{\"@type\":\"ListItem\",\"position\":1,\"name\":\"In\u00edcio\",\"item\":\"https:\/\/portaltela.pt\/\"},{\"@type\":\"ListItem\",\"position\":2,\"name\":\"UNITA mobiliza centenas em Luanda em demonstra\u00e7\u00e3o de for\u00e7a no ano do 60.\u00ba\"}]},{\"@type\":\"WebSite\",\"@id\":\"https:\/\/portaltela.pt\/#website\",\"url\":\"https:\/\/portaltela.pt\/\",\"name\":\"Portal Tela Portugal\",\"description\":\"\",\"potentialAction\":[{\"@type\":\"SearchAction\",\"target\":{\"@type\":\"EntryPoint\",\"urlTemplate\":\"https:\/\/portaltela.pt\/?s={search_term_string}\"},\"query-input\":{\"@type\":\"PropertyValueSpecification\",\"valueRequired\":true,\"valueName\":\"search_term_string\"}}],\"inLanguage\":\"pt-PT\"},{\"@type\":\"Person\",\"@id\":\"https:\/\/portaltela.pt\/#\/schema\/person\/c4278d4a6028830caff9ee44b42d32ed\",\"name\":\"Telinha\",\"image\":{\"@type\":\"ImageObject\",\"inLanguage\":\"pt-PT\",\"@id\":\"https:\/\/portaltela.pt\/s.01k8rhncp4jt1\/2025\/11\/talking-bot-125x125.png\",\"url\":\"https:\/\/portaltela.pt\/s.01k8rhncp4jt1\/2025\/11\/talking-bot-125x125.png\",\"contentUrl\":\"https:\/\/portaltela.pt\/s.01k8rhncp4jt1\/2025\/11\/talking-bot-125x125.png\",\"caption\":\"Telinha\"},\"sameAs\":[\"https:\/\/portaltela.pt\/\"],\"url\":\"https:\/\/portaltela.pt\/por\/367410592786\/\"}]}<\/script>\n<!-- \/ Yoast SEO plugin. -->","yoast_head_json":{"title":"UNITA mobiliza centenas em Luanda em demonstra\u00e7\u00e3o de for\u00e7a no ano do 60.\u00ba - Portal Tela Portugal","robots":{"index":"index","follow":"follow","max-snippet":"max-snippet:-1","max-image-preview":"max-image-preview:large","max-video-preview":"max-video-preview:-1"},"og_locale":"pt_PT","og_type":"article","og_title":"UNITA mobiliza centenas em Luanda em demonstra\u00e7\u00e3o de for\u00e7a no ano do 60.\u00ba - Portal Tela Portugal","og_description":"A UNITA mobilizou centenas de pessoas em Luanda para uma demonstra\u00e7\u00e3o de for\u00e7a, no ano do 60.\u00ba anivers\u00e1rio do partido. A a\u00e7\u00e3o ocorreu na capital angolana, Luanda. O objetivo foi evidenciar a capacidade de mobiliza\u00e7\u00e3o do partido e a sua presen\u00e7a pol\u00edtica. A mobiliza\u00e7\u00e3o insere-se nas celebra\u00e7\u00f5es do 60.\u00ba ano de exist\u00eancia da UNITA. N\u00e3o foram fornecidos detalhes adicionais sobre data espec\u00edfica ou o n\u00famero exato de participantes.","og_url":"https:\/\/portaltela.pt\/noticias\/2026\/03\/28\/unita-mobiliza-centenas-em-luanda-em-demonstracao-de-forca-no-ano-do-60-o\/","og_site_name":"Portal Tela Portugal","article_published_time":"2026-03-28T18:38:00+00:00","author":"Telinha","twitter_card":"summary_large_image","twitter_misc":{"Escrito por":"Telinha","Tempo estimado de leitura":"1 minuto"},"schema":{"@context":"https:\/\/schema.org","@graph":[{"@type":"Article","@id":"https:\/\/portaltela.pt\/noticias\/2026\/03\/28\/unita-mobiliza-centenas-em-luanda-em-demonstracao-de-forca-no-ano-do-60-o\/#article","isPartOf":{"@id":"https:\/\/portaltela.pt\/noticias\/2026\/03\/28\/unita-mobiliza-centenas-em-luanda-em-demonstracao-de-forca-no-ano-do-60-o\/"},"author":{"name":"Telinha","@id":"https:\/\/portaltela.pt\/#\/schema\/person\/c4278d4a6028830caff9ee44b42d32ed"},"headline":"UNITA mobiliza centenas em Luanda em demonstra\u00e7\u00e3o de for\u00e7a no ano do 60.\u00ba","datePublished":"2026-03-28T18:38:00+00:00","mainEntityOfPage":{"@id":"https:\/\/portaltela.pt\/noticias\/2026\/03\/28\/unita-mobiliza-centenas-em-luanda-em-demonstracao-de-forca-no-ano-do-60-o\/"},"wordCount":128,"image":{"@id":"https:\/\/portaltela.pt\/noticias\/2026\/03\/28\/unita-mobiliza-centenas-em-luanda-em-demonstracao-de-forca-no-ano-do-60-o\/#primaryimage"},"thumbnailUrl":"https:\/\/portaltela.pt\/s.01k8rhncp4jt1\/2026\/03\/CACHE_780X1200_ANALOG_WATERMARKED_46842822_2696992_28032026061858.jpg","keywords":["Angola","Luanda","oposi\u00e7\u00e3o","partidos","pol\u00edtica"],"articleSection":["Not\u00edcias","Pol\u00edtica"],"inLanguage":"pt-PT"},{"@type":"WebPage","@id":"https:\/\/portaltela.pt\/noticias\/2026\/03\/28\/unita-mobiliza-centenas-em-luanda-em-demonstracao-de-forca-no-ano-do-60-o\/","url":"https:\/\/portaltela.pt\/noticias\/2026\/03\/28\/unita-mobiliza-centenas-em-luanda-em-demonstracao-de-forca-no-ano-do-60-o\/","name":"UNITA mobiliza centenas em Luanda em demonstra\u00e7\u00e3o de for\u00e7a no ano do 60.\u00ba - Portal Tela Portugal","isPartOf":{"@id":"https:\/\/portaltela.pt\/#website"},"primaryImageOfPage":{"@id":"https:\/\/portaltela.pt\/noticias\/2026\/03\/28\/unita-mobiliza-centenas-em-luanda-em-demonstracao-de-forca-no-ano-do-60-o\/#primaryimage"},"image":{"@id":"https:\/\/portaltela.pt\/noticias\/2026\/03\/28\/unita-mobiliza-centenas-em-luanda-em-demonstracao-de-forca-no-ano-do-60-o\/#primaryimage"},"thumbnailUrl":"https:\/\/portaltela.pt\/s.01k8rhncp4jt1\/2026\/03\/CACHE_780X1200_ANALOG_WATERMARKED_46842822_2696992_28032026061858.jpg","datePublished":"2026-03-28T18:38:00+00:00","author":{"@id":"https:\/\/portaltela.pt\/#\/schema\/person\/c4278d4a6028830caff9ee44b42d32ed"},"breadcrumb":{"@id":"https:\/\/portaltela.pt\/noticias\/2026\/03\/28\/unita-mobiliza-centenas-em-luanda-em-demonstracao-de-forca-no-ano-do-60-o\/#breadcrumb"},"inLanguage":"pt-PT","potentialAction":[{"@type":"ReadAction","target":["https:\/\/portaltela.pt\/noticias\/2026\/03\/28\/unita-mobiliza-centenas-em-luanda-em-demonstracao-de-forca-no-ano-do-60-o\/"]}]},{"@type":"ImageObject","inLanguage":"pt-PT","@id":"https:\/\/portaltela.pt\/noticias\/2026\/03\/28\/unita-mobiliza-centenas-em-luanda-em-demonstracao-de-forca-no-ano-do-60-o\/#primaryimage","url":"https:\/\/portaltela.pt\/s.01k8rhncp4jt1\/2026\/03\/CACHE_780X1200_ANALOG_WATERMARKED_46842822_2696992_28032026061858.jpg","contentUrl":"https:\/\/portaltela.pt\/s.01k8rhncp4jt1\/2026\/03\/CACHE_780X1200_ANALOG_WATERMARKED_46842822_2696992_28032026061858.jpg","width":796,"height":448,"caption":"UNITA mobiliza centenas em Luanda para \u201cdemonstra\u00e7\u00e3o de for\u00e7a\u201d no ano do 60.\u00ba"},{"@type":"BreadcrumbList","@id":"https:\/\/portaltela.pt\/noticias\/2026\/03\/28\/unita-mobiliza-centenas-em-luanda-em-demonstracao-de-forca-no-ano-do-60-o\/#breadcrumb","itemListElement":[{"@type":"ListItem","position":1,"name":"In\u00edcio","item":"https:\/\/portaltela.pt\/"},{"@type":"ListItem","position":2,"name":"UNITA mobiliza centenas em Luanda em demonstra\u00e7\u00e3o de for\u00e7a no ano do 60.\u00ba"}]},{"@type":"WebSite","@id":"https:\/\/portaltela.pt\/#website","url":"https:\/\/portaltela.pt\/","name":"Portal Tela Portugal","description":"","potentialAction":[{"@type":"SearchAction","target":{"@type":"EntryPoint","urlTemplate":"https:\/\/portaltela.pt\/?s={search_term_string}"},"query-input":{"@type":"PropertyValueSpecification","valueRequired":true,"valueName":"search_term_string"}}],"inLanguage":"pt-PT"},{"@type":"Person","@id":"https:\/\/portaltela.pt\/#\/schema\/person\/c4278d4a6028830caff9ee44b42d32ed","name":"Telinha","image":{"@type":"ImageObject","inLanguage":"pt-PT","@id":"https:\/\/portaltela.pt\/s.01k8rhncp4jt1\/2025\/11\/talking-bot-125x125.png","url":"https:\/\/portaltela.pt\/s.01k8rhncp4jt1\/2025\/11\/talking-bot-125x125.png","contentUrl":"https:\/\/portaltela.pt\/s.01k8rhncp4jt1\/2025\/11\/talking-bot-125x125.png","caption":"Telinha"},"sameAs":["https:\/\/portaltela.pt\/"],"url":"https:\/\/portaltela.pt\/por\/367410592786\/"}]}},"_links":{"self":[{"href":"https:\/\/portaltela.pt\/api\/wp\/v2\/posts\/425256","targetHints":{"allow":["GET"]}}],"collection":[{"href":"https:\/\/portaltela.pt\/api\/wp\/v2\/posts"}],"about":[{"href":"https:\/\/portaltela.pt\/api\/wp\/v2\/types\/post"}],"author":[{"embeddable":true,"href":"https:\/\/portaltela.pt\/api\/wp\/v2\/users\/2"}],"replies":[{"embeddable":true,"href":"https:\/\/portaltela.pt\/api\/wp\/v2\/comments?post=425256"}],"version-history":[{"count":0,"href":"https:\/\/portaltela.pt\/api\/wp\/v2\/posts\/425256\/revisions"}],"wp:featuredmedia":[{"embeddable":true,"href":"https:\/\/portaltela.pt\/api\/wp\/v2\/media\/425265"}],"wp:attachment":[{"href":"https:\/\/portaltela.pt\/api\/wp\/v2\/media?parent=425256"}],"wp:term":[{"taxonomy":"category","embeddable":true,"href":"https:\/\/portaltela.pt\/api\/wp\/v2\/categories?post=425256"},{"taxonomy":"post_tag","embeddable":true,"href":"https:\/\/portaltela.pt\/api\/wp\/v2\/tags?post=425256"}],"curies":[{"name":"wp","href":"https:\/\/api.w.org\/{rel}","templated":true}]}}