{"id":425247,"date":"2026-03-28T15:25:08","date_gmt":"2026-03-28T18:25:08","guid":{"rendered":"https:\/\/portaltela.pt\/noticias\/2026\/03\/28\/dimarco-nao-ir-ao-mundial-ha-12-anos-evita-arrogancia\/"},"modified":"2026-03-28T15:25:08","modified_gmt":"2026-03-28T18:25:08","slug":"dimarco-nao-ir-ao-mundial-ha-12-anos-evita-arrogancia","status":"publish","type":"post","link":"https:\/\/portaltela.pt\/desporto\/copa-do-mundo\/2026\/03\/28\/dimarco-nao-ir-ao-mundial-ha-12-anos-evita-arrogancia\/","title":{"rendered":"Dimarco: n\u00e3o ir ao Mundial h\u00e1 12 anos evita arrog\u00e2ncia"},"content":{"rendered":"<p>Dimarco defende que o duelo com a B\u00f3snia chega num momento em que a sele\u00e7\u00e3o italiana n\u00e3o pode ser acusada de arrog\u00e2ncia. O jogador do Inter reagiu aos festejos do grupo italiano, gravados durante a vit\u00f3ria sobre o Pa\u00eds de Gales nos pen\u00e1ltis.<\/p>\n<p>A final do playoff de acesso ao Mundial decorre na ter\u00e7a-feira, em Zenica. A It\u00e1lia enfrenta a B\u00f3snia, em jogo decisivo pela presen\u00e7a no campeonato do mundo, ap\u00f3s o recente epis\u00f3dio de celebra\u00e7\u00e3o que gerou cr\u00edticas entre os b\u00f3snios.<\/p>\n<p>Dimarco afirmou que o v\u00eddeo foi gravado por um momento espont\u00e2neo e que n\u00e3o houve inten\u00e7\u00e3o de menosprezar ningu\u00e9m. Lembrou ainda que a It\u00e1lia n\u00e3o participa numa fase final desde h\u00e1 12 anos, o que coloca o duelo numa perspetiva de grande orgulho.<\/p>\n<p>Miralem Pjanic, antigo jogador da Juventus e da Roma, refor\u00e7ou a ideia de que a It\u00e1lia n\u00e3o ter\u00e1 vida f\u00e1cil em Zenica. Garantiu que os balc\u00f5es a vencer s\u00e3o duros e que a partida representa mais do que apenas futebol, exigindo car\u00e1cter para sair vitoriosos.<\/p>\n<p>O jogador b\u00f3snio sublinhou que o ambiente em Zenica ser\u00e1 exigente e que a sele\u00e7\u00e3o italiana ter\u00e1 pela frente uma rece\u00e7\u00e3o firme. N\u00e3o houve confirma\u00e7\u00e3o oficial de elementos adicionais da equipa italiana para o confronto.<\/p>\n<p>A prepara\u00e7\u00e3o para o duelo tem sido marcada por aten\u00e7\u00f5es ao comportamento fora de campo. A equipa de It\u00e1lia tem procurado manter o foco num jogo que vale a presen\u00e7a no Mundial, com a B\u00f3snia a procurar manter a vantagem do fator casa.<\/p>\n","protected":false},"excerpt":{"rendered":"<ul>\n<li>A It\u00e1lia enfrenta a B\u00f3snia na final do playoff de acesso ao Mundial, a decorrer em Zenica na ter\u00e7a-feira, 31 de outubro.<\/li>\n<li>As celebra\u00e7\u00f5es italianas ap\u00f3s o triunfo sobre o Pa\u00eds de Gales geraram cr\u00edticas dos b\u00f3snios, que acusam a sele\u00e7\u00e3o de arrog\u00e2ncia.<\/li>\n<li>Federico Dimarco afirmou que as grava\u00e7\u00f5es foram desrespeitosas e questionou a acusa\u00e7\u00e3o de arrog\u00e2ncia, dizendo que n\u00e3o h\u00e1 Mundial h\u00e1 12 anos e que foi um gesto simples.<\/li>\n<li>Miralem Pjani\u0107 avisou que o jogo em Zenica n\u00e3o ser\u00e1 f\u00e1cil para a It\u00e1lia, considerando-o uma batalha e elogiando o car\u00e1ter necess\u00e1rio para sair vencedor.<\/li>\n<li>O chanceler b\u00f3snio afirmou que a sele\u00e7\u00e3o italiana enfrentar\u00e1 uma rece\u00e7\u00e3o dif\u00edcil e destacou que n\u00e3o ser\u00e1 apenas mais uma partida de futebol.<\/li>\n<\/ul>\n","protected":false},"author":2,"featured_media":425249,"comment_status":"closed","ping_status":"closed","sticky":false,"template":"","format":"standard","meta":{"footnotes":""},"categories":[6695,21],"tags":[1544,32,3338,1857,2057],"class_list":["post-425247","post","type-post","status-publish","format-standard","has-post-thumbnail","hentry","category-copa-do-mundo","category-desporto","tag-bosnia-herzegovina","tag-futebol","tag-futebol-internacional","tag-italia","tag-selecao-nacional"],"yoast_head":"<!-- This site is optimized with the Yoast SEO plugin v27.2 - https:\/\/yoast.com\/product\/yoast-seo-wordpress\/ -->\n<title>Dimarco: n\u00e3o ir ao Mundial h\u00e1 12 anos evita arrog\u00e2ncia - Portal Tela Portugal<\/title>\n<meta name=\"robots\" content=\"index, follow, max-snippet:-1, max-image-preview:large, max-video-preview:-1\" \/>\n<meta property=\"og:locale\" content=\"pt_PT\" \/>\n<meta property=\"og:type\" content=\"article\" \/>\n<meta property=\"og:title\" content=\"Dimarco: n\u00e3o ir ao Mundial h\u00e1 12 anos evita arrog\u00e2ncia - Portal Tela Portugal\" \/>\n<meta property=\"og:description\" content=\"A It\u00e1lia enfrenta a B\u00f3snia na final do playoff de acesso ao Mundial, a decorrer em Zenica na ter\u00e7a-feira, 31 de outubro. As celebra\u00e7\u00f5es italianas ap\u00f3s o triunfo sobre o Pa\u00eds de Gales geraram cr\u00edticas dos b\u00f3snios, que acusam a sele\u00e7\u00e3o de arrog\u00e2ncia. Federico Dimarco afirmou que as grava\u00e7\u00f5es foram desrespeitosas e questionou a acusa\u00e7\u00e3o de arrog\u00e2ncia, dizendo que n\u00e3o h\u00e1 Mundial h\u00e1 12 anos e que foi um gesto simples. Miralem Pjani\u0107 avisou que o jogo em Zenica n\u00e3o ser\u00e1 f\u00e1cil para a It\u00e1lia, considerando-o uma batalha e elogiando o car\u00e1ter necess\u00e1rio para sair vencedor. O chanceler b\u00f3snio afirmou que a sele\u00e7\u00e3o italiana enfrentar\u00e1 uma rece\u00e7\u00e3o dif\u00edcil e destacou que n\u00e3o ser\u00e1 apenas mais uma partida de futebol.\" \/>\n<meta property=\"og:url\" content=\"https:\/\/portaltela.pt\/noticias\/2026\/03\/28\/dimarco-nao-ir-ao-mundial-ha-12-anos-evita-arrogancia\/\" \/>\n<meta property=\"og:site_name\" content=\"Portal Tela Portugal\" \/>\n<meta property=\"article:published_time\" content=\"2026-03-28T18:25:08+00:00\" \/>\n<meta name=\"author\" content=\"Telinha\" \/>\n<meta name=\"twitter:card\" content=\"summary_large_image\" \/>\n<meta name=\"twitter:label1\" content=\"Escrito por\" \/>\n\t<meta name=\"twitter:data1\" content=\"Telinha\" \/>\n\t<meta name=\"twitter:label2\" content=\"Tempo estimado de leitura\" \/>\n\t<meta name=\"twitter:data2\" content=\"1 minuto\" \/>\n<script type=\"application\/ld+json\" class=\"yoast-schema-graph\">{\"@context\":\"https:\/\/schema.org\",\"@graph\":[{\"@type\":\"Article\",\"@id\":\"https:\/\/portaltela.pt\/noticias\/2026\/03\/28\/dimarco-nao-ir-ao-mundial-ha-12-anos-evita-arrogancia\/#article\",\"isPartOf\":{\"@id\":\"https:\/\/portaltela.pt\/noticias\/2026\/03\/28\/dimarco-nao-ir-ao-mundial-ha-12-anos-evita-arrogancia\/\"},\"author\":{\"name\":\"Telinha\",\"@id\":\"https:\/\/portaltela.pt\/#\/schema\/person\/c4278d4a6028830caff9ee44b42d32ed\"},\"headline\":\"Dimarco: n\u00e3o ir ao Mundial h\u00e1 12 anos evita arrog\u00e2ncia\",\"datePublished\":\"2026-03-28T18:25:08+00:00\",\"mainEntityOfPage\":{\"@id\":\"https:\/\/portaltela.pt\/noticias\/2026\/03\/28\/dimarco-nao-ir-ao-mundial-ha-12-anos-evita-arrogancia\/\"},\"wordCount\":298,\"image\":{\"@id\":\"https:\/\/portaltela.pt\/noticias\/2026\/03\/28\/dimarco-nao-ir-ao-mundial-ha-12-anos-evita-arrogancia\/#primaryimage\"},\"thumbnailUrl\":\"https:\/\/portaltela.pt\/s.01k8rhncp4jt1\/2026\/03\/img_920x518uu2025-09-21-20-15-15-2391272-im-638940825315741101.jpg\",\"keywords\":[\"B\u00f3snia-Herzeg\u00f3vina\",\"futebol\",\"futebol internacional\",\"It\u00e1lia\",\"Sele\u00e7\u00e3o Nacional\"],\"articleSection\":[\"Copa do Mundo\",\"Desporto\"],\"inLanguage\":\"pt-PT\"},{\"@type\":\"WebPage\",\"@id\":\"https:\/\/portaltela.pt\/noticias\/2026\/03\/28\/dimarco-nao-ir-ao-mundial-ha-12-anos-evita-arrogancia\/\",\"url\":\"https:\/\/portaltela.pt\/noticias\/2026\/03\/28\/dimarco-nao-ir-ao-mundial-ha-12-anos-evita-arrogancia\/\",\"name\":\"Dimarco: n\u00e3o ir ao Mundial h\u00e1 12 anos evita arrog\u00e2ncia - Portal Tela Portugal\",\"isPartOf\":{\"@id\":\"https:\/\/portaltela.pt\/#website\"},\"primaryImageOfPage\":{\"@id\":\"https:\/\/portaltela.pt\/noticias\/2026\/03\/28\/dimarco-nao-ir-ao-mundial-ha-12-anos-evita-arrogancia\/#primaryimage\"},\"image\":{\"@id\":\"https:\/\/portaltela.pt\/noticias\/2026\/03\/28\/dimarco-nao-ir-ao-mundial-ha-12-anos-evita-arrogancia\/#primaryimage\"},\"thumbnailUrl\":\"https:\/\/portaltela.pt\/s.01k8rhncp4jt1\/2026\/03\/img_920x518uu2025-09-21-20-15-15-2391272-im-638940825315741101.jpg\",\"datePublished\":\"2026-03-28T18:25:08+00:00\",\"author\":{\"@id\":\"https:\/\/portaltela.pt\/#\/schema\/person\/c4278d4a6028830caff9ee44b42d32ed\"},\"breadcrumb\":{\"@id\":\"https:\/\/portaltela.pt\/noticias\/2026\/03\/28\/dimarco-nao-ir-ao-mundial-ha-12-anos-evita-arrogancia\/#breadcrumb\"},\"inLanguage\":\"pt-PT\",\"potentialAction\":[{\"@type\":\"ReadAction\",\"target\":[\"https:\/\/portaltela.pt\/noticias\/2026\/03\/28\/dimarco-nao-ir-ao-mundial-ha-12-anos-evita-arrogancia\/\"]}]},{\"@type\":\"ImageObject\",\"inLanguage\":\"pt-PT\",\"@id\":\"https:\/\/portaltela.pt\/noticias\/2026\/03\/28\/dimarco-nao-ir-ao-mundial-ha-12-anos-evita-arrogancia\/#primaryimage\",\"url\":\"https:\/\/portaltela.pt\/s.01k8rhncp4jt1\/2026\/03\/img_920x518uu2025-09-21-20-15-15-2391272-im-638940825315741101.jpg\",\"contentUrl\":\"https:\/\/portaltela.pt\/s.01k8rhncp4jt1\/2026\/03\/img_920x518uu2025-09-21-20-15-15-2391272-im-638940825315741101.jpg\",\"width\":796,\"height\":448,\"caption\":\"Dimarco com a camisola do Inter\"},{\"@type\":\"BreadcrumbList\",\"@id\":\"https:\/\/portaltela.pt\/noticias\/2026\/03\/28\/dimarco-nao-ir-ao-mundial-ha-12-anos-evita-arrogancia\/#breadcrumb\",\"itemListElement\":[{\"@type\":\"ListItem\",\"position\":1,\"name\":\"In\u00edcio\",\"item\":\"https:\/\/portaltela.pt\/\"},{\"@type\":\"ListItem\",\"position\":2,\"name\":\"Dimarco: n\u00e3o ir ao Mundial h\u00e1 12 anos evita arrog\u00e2ncia\"}]},{\"@type\":\"WebSite\",\"@id\":\"https:\/\/portaltela.pt\/#website\",\"url\":\"https:\/\/portaltela.pt\/\",\"name\":\"Portal Tela Portugal\",\"description\":\"\",\"potentialAction\":[{\"@type\":\"SearchAction\",\"target\":{\"@type\":\"EntryPoint\",\"urlTemplate\":\"https:\/\/portaltela.pt\/?s={search_term_string}\"},\"query-input\":{\"@type\":\"PropertyValueSpecification\",\"valueRequired\":true,\"valueName\":\"search_term_string\"}}],\"inLanguage\":\"pt-PT\"},{\"@type\":\"Person\",\"@id\":\"https:\/\/portaltela.pt\/#\/schema\/person\/c4278d4a6028830caff9ee44b42d32ed\",\"name\":\"Telinha\",\"image\":{\"@type\":\"ImageObject\",\"inLanguage\":\"pt-PT\",\"@id\":\"https:\/\/portaltela.pt\/s.01k8rhncp4jt1\/2025\/11\/talking-bot-125x125.png\",\"url\":\"https:\/\/portaltela.pt\/s.01k8rhncp4jt1\/2025\/11\/talking-bot-125x125.png\",\"contentUrl\":\"https:\/\/portaltela.pt\/s.01k8rhncp4jt1\/2025\/11\/talking-bot-125x125.png\",\"caption\":\"Telinha\"},\"sameAs\":[\"https:\/\/portaltela.pt\/\"],\"url\":\"https:\/\/portaltela.pt\/por\/367410592786\/\"}]}<\/script>\n<!-- \/ Yoast SEO plugin. -->","yoast_head_json":{"title":"Dimarco: n\u00e3o ir ao Mundial h\u00e1 12 anos evita arrog\u00e2ncia - Portal Tela Portugal","robots":{"index":"index","follow":"follow","max-snippet":"max-snippet:-1","max-image-preview":"max-image-preview:large","max-video-preview":"max-video-preview:-1"},"og_locale":"pt_PT","og_type":"article","og_title":"Dimarco: n\u00e3o ir ao Mundial h\u00e1 12 anos evita arrog\u00e2ncia - Portal Tela Portugal","og_description":"A It\u00e1lia enfrenta a B\u00f3snia na final do playoff de acesso ao Mundial, a decorrer em Zenica na ter\u00e7a-feira, 31 de outubro. As celebra\u00e7\u00f5es italianas ap\u00f3s o triunfo sobre o Pa\u00eds de Gales geraram cr\u00edticas dos b\u00f3snios, que acusam a sele\u00e7\u00e3o de arrog\u00e2ncia. Federico Dimarco afirmou que as grava\u00e7\u00f5es foram desrespeitosas e questionou a acusa\u00e7\u00e3o de arrog\u00e2ncia, dizendo que n\u00e3o h\u00e1 Mundial h\u00e1 12 anos e que foi um gesto simples. Miralem Pjani\u0107 avisou que o jogo em Zenica n\u00e3o ser\u00e1 f\u00e1cil para a It\u00e1lia, considerando-o uma batalha e elogiando o car\u00e1ter necess\u00e1rio para sair vencedor. O chanceler b\u00f3snio afirmou que a sele\u00e7\u00e3o italiana enfrentar\u00e1 uma rece\u00e7\u00e3o dif\u00edcil e destacou que n\u00e3o ser\u00e1 apenas mais uma partida de futebol.","og_url":"https:\/\/portaltela.pt\/noticias\/2026\/03\/28\/dimarco-nao-ir-ao-mundial-ha-12-anos-evita-arrogancia\/","og_site_name":"Portal Tela Portugal","article_published_time":"2026-03-28T18:25:08+00:00","author":"Telinha","twitter_card":"summary_large_image","twitter_misc":{"Escrito por":"Telinha","Tempo estimado de leitura":"1 minuto"},"schema":{"@context":"https:\/\/schema.org","@graph":[{"@type":"Article","@id":"https:\/\/portaltela.pt\/noticias\/2026\/03\/28\/dimarco-nao-ir-ao-mundial-ha-12-anos-evita-arrogancia\/#article","isPartOf":{"@id":"https:\/\/portaltela.pt\/noticias\/2026\/03\/28\/dimarco-nao-ir-ao-mundial-ha-12-anos-evita-arrogancia\/"},"author":{"name":"Telinha","@id":"https:\/\/portaltela.pt\/#\/schema\/person\/c4278d4a6028830caff9ee44b42d32ed"},"headline":"Dimarco: n\u00e3o ir ao Mundial h\u00e1 12 anos evita arrog\u00e2ncia","datePublished":"2026-03-28T18:25:08+00:00","mainEntityOfPage":{"@id":"https:\/\/portaltela.pt\/noticias\/2026\/03\/28\/dimarco-nao-ir-ao-mundial-ha-12-anos-evita-arrogancia\/"},"wordCount":298,"image":{"@id":"https:\/\/portaltela.pt\/noticias\/2026\/03\/28\/dimarco-nao-ir-ao-mundial-ha-12-anos-evita-arrogancia\/#primaryimage"},"thumbnailUrl":"https:\/\/portaltela.pt\/s.01k8rhncp4jt1\/2026\/03\/img_920x518uu2025-09-21-20-15-15-2391272-im-638940825315741101.jpg","keywords":["B\u00f3snia-Herzeg\u00f3vina","futebol","futebol internacional","It\u00e1lia","Sele\u00e7\u00e3o Nacional"],"articleSection":["Copa do Mundo","Desporto"],"inLanguage":"pt-PT"},{"@type":"WebPage","@id":"https:\/\/portaltela.pt\/noticias\/2026\/03\/28\/dimarco-nao-ir-ao-mundial-ha-12-anos-evita-arrogancia\/","url":"https:\/\/portaltela.pt\/noticias\/2026\/03\/28\/dimarco-nao-ir-ao-mundial-ha-12-anos-evita-arrogancia\/","name":"Dimarco: n\u00e3o ir ao Mundial h\u00e1 12 anos evita arrog\u00e2ncia - Portal Tela Portugal","isPartOf":{"@id":"https:\/\/portaltela.pt\/#website"},"primaryImageOfPage":{"@id":"https:\/\/portaltela.pt\/noticias\/2026\/03\/28\/dimarco-nao-ir-ao-mundial-ha-12-anos-evita-arrogancia\/#primaryimage"},"image":{"@id":"https:\/\/portaltela.pt\/noticias\/2026\/03\/28\/dimarco-nao-ir-ao-mundial-ha-12-anos-evita-arrogancia\/#primaryimage"},"thumbnailUrl":"https:\/\/portaltela.pt\/s.01k8rhncp4jt1\/2026\/03\/img_920x518uu2025-09-21-20-15-15-2391272-im-638940825315741101.jpg","datePublished":"2026-03-28T18:25:08+00:00","author":{"@id":"https:\/\/portaltela.pt\/#\/schema\/person\/c4278d4a6028830caff9ee44b42d32ed"},"breadcrumb":{"@id":"https:\/\/portaltela.pt\/noticias\/2026\/03\/28\/dimarco-nao-ir-ao-mundial-ha-12-anos-evita-arrogancia\/#breadcrumb"},"inLanguage":"pt-PT","potentialAction":[{"@type":"ReadAction","target":["https:\/\/portaltela.pt\/noticias\/2026\/03\/28\/dimarco-nao-ir-ao-mundial-ha-12-anos-evita-arrogancia\/"]}]},{"@type":"ImageObject","inLanguage":"pt-PT","@id":"https:\/\/portaltela.pt\/noticias\/2026\/03\/28\/dimarco-nao-ir-ao-mundial-ha-12-anos-evita-arrogancia\/#primaryimage","url":"https:\/\/portaltela.pt\/s.01k8rhncp4jt1\/2026\/03\/img_920x518uu2025-09-21-20-15-15-2391272-im-638940825315741101.jpg","contentUrl":"https:\/\/portaltela.pt\/s.01k8rhncp4jt1\/2026\/03\/img_920x518uu2025-09-21-20-15-15-2391272-im-638940825315741101.jpg","width":796,"height":448,"caption":"Dimarco com a camisola do Inter"},{"@type":"BreadcrumbList","@id":"https:\/\/portaltela.pt\/noticias\/2026\/03\/28\/dimarco-nao-ir-ao-mundial-ha-12-anos-evita-arrogancia\/#breadcrumb","itemListElement":[{"@type":"ListItem","position":1,"name":"In\u00edcio","item":"https:\/\/portaltela.pt\/"},{"@type":"ListItem","position":2,"name":"Dimarco: n\u00e3o ir ao Mundial h\u00e1 12 anos evita arrog\u00e2ncia"}]},{"@type":"WebSite","@id":"https:\/\/portaltela.pt\/#website","url":"https:\/\/portaltela.pt\/","name":"Portal Tela Portugal","description":"","potentialAction":[{"@type":"SearchAction","target":{"@type":"EntryPoint","urlTemplate":"https:\/\/portaltela.pt\/?s={search_term_string}"},"query-input":{"@type":"PropertyValueSpecification","valueRequired":true,"valueName":"search_term_string"}}],"inLanguage":"pt-PT"},{"@type":"Person","@id":"https:\/\/portaltela.pt\/#\/schema\/person\/c4278d4a6028830caff9ee44b42d32ed","name":"Telinha","image":{"@type":"ImageObject","inLanguage":"pt-PT","@id":"https:\/\/portaltela.pt\/s.01k8rhncp4jt1\/2025\/11\/talking-bot-125x125.png","url":"https:\/\/portaltela.pt\/s.01k8rhncp4jt1\/2025\/11\/talking-bot-125x125.png","contentUrl":"https:\/\/portaltela.pt\/s.01k8rhncp4jt1\/2025\/11\/talking-bot-125x125.png","caption":"Telinha"},"sameAs":["https:\/\/portaltela.pt\/"],"url":"https:\/\/portaltela.pt\/por\/367410592786\/"}]}},"_links":{"self":[{"href":"https:\/\/portaltela.pt\/api\/wp\/v2\/posts\/425247","targetHints":{"allow":["GET"]}}],"collection":[{"href":"https:\/\/portaltela.pt\/api\/wp\/v2\/posts"}],"about":[{"href":"https:\/\/portaltela.pt\/api\/wp\/v2\/types\/post"}],"author":[{"embeddable":true,"href":"https:\/\/portaltela.pt\/api\/wp\/v2\/users\/2"}],"replies":[{"embeddable":true,"href":"https:\/\/portaltela.pt\/api\/wp\/v2\/comments?post=425247"}],"version-history":[{"count":0,"href":"https:\/\/portaltela.pt\/api\/wp\/v2\/posts\/425247\/revisions"}],"wp:featuredmedia":[{"embeddable":true,"href":"https:\/\/portaltela.pt\/api\/wp\/v2\/media\/425249"}],"wp:attachment":[{"href":"https:\/\/portaltela.pt\/api\/wp\/v2\/media?parent=425247"}],"wp:term":[{"taxonomy":"category","embeddable":true,"href":"https:\/\/portaltela.pt\/api\/wp\/v2\/categories?post=425247"},{"taxonomy":"post_tag","embeddable":true,"href":"https:\/\/portaltela.pt\/api\/wp\/v2\/tags?post=425247"}],"curies":[{"name":"wp","href":"https:\/\/api.w.org\/{rel}","templated":true}]}}