{"id":425234,"date":"2026-03-28T15:28:00","date_gmt":"2026-03-28T18:28:00","guid":{"rendered":"https:\/\/portaltela.pt\/noticias\/2026\/03\/28\/mergulhador-de-42-anos-morre-junto-ao-cabo-espichel-sesimbra\/"},"modified":"2026-03-28T15:28:00","modified_gmt":"2026-03-28T18:28:00","slug":"mergulhador-de-42-anos-morre-junto-ao-cabo-espichel-sesimbra","status":"publish","type":"post","link":"https:\/\/portaltela.pt\/desporto\/futebol\/2026\/03\/28\/mergulhador-de-42-anos-morre-junto-ao-cabo-espichel-sesimbra\/","title":{"rendered":"Mergulhador de 42 anos morre junto ao Cabo Espichel, Sesimbra"},"content":{"rendered":"<p>Um mergulhador de 42 anos morreu este s\u00e1bado junto ao Cabo Espichel, em Sesimbra, durante atividade de mergulho, informou a Autoridade Mar\u00edtima Nacional (AMN).<\/p>\n<p>A v\u00edtima foi localizada sem vida na \u00e1gua ap\u00f3s um alerta de desaparecimento, cerca das 11h00. As causas do incidente ainda n\u00e3o s\u00e3o conhecidas.<\/p>\n<p>No local estiveram Bombeiros Volunt\u00e1rios de Sesimbra, a Pol\u00edcia Mar\u00edtima de Set\u00fabal e o grupo de mergulho forense e opera\u00e7\u00f5es subaqu\u00e1ticas da Pol\u00edcia Mar\u00edtima.<\/p>\n<p>Ap\u00f3s contacto com o Minist\u00e9rio P\u00fablico e a Pol\u00edcia Judici\u00e1ria, o corpo foi transportado para o Instituto de Medicina Legal e Ci\u00eancias Forenses de Set\u00fabal. O material de mergulho ficou apreendido como medida cautelar.<\/p>\n<p>A Pol\u00edcia Mar\u00edtima prestou apoio psicol\u00f3gico aos familiares da v\u00edtima. As autoridades continuam a investigar as circunst\u00e2ncias do sucedido.<\/p>\n","protected":false},"excerpt":{"rendered":"<ul>\n<li>Mergulhador de 42 anos morreu junto ao Cabo Espichel, em Sesimbra, no distrito de Set\u00fabal, este s\u00e1bado.<\/li>\n<li>Foi encontrado sem vida dentro de \u00e1gua ap\u00f3s um alerta de desaparecimento por volta das 11h00; as causas do incidente ainda n\u00e3o s\u00e3o conhecidas.<\/li>\n<li>Estiveram no local Bombeiros Volunt\u00e1rios de Sesimbra, a Pol\u00edcia Mar\u00edtima de Set\u00fabal e o grupo de mergulho forense e opera\u00e7\u00f5es subaqu\u00e1ticas da Pol\u00edcia Mar\u00edtima.<\/li>\n<li>O corpo foi transportado para o Instituto de Medicina Legal e Ci\u00eancias Forenses de Set\u00fabal, e o material de mergulho foi apreendido como medida cautelar, ap\u00f3s contacto com o Minist\u00e9rio P\u00fablico e a Pol\u00edcia Judici\u00e1ria.<\/li>\n<li>A Pol\u00edcia Mar\u00edtima prestou apoio psicol\u00f3gico aos familiares da v\u00edtima.<\/li>\n<\/ul>\n","protected":false},"author":2,"featured_media":425235,"comment_status":"closed","ping_status":"closed","sticky":false,"template":"","format":"standard","meta":{"footnotes":""},"categories":[21,24],"tags":[5487,971,4298,5974,1065,994],"class_list":["post-425234","post","type-post","status-publish","format-standard","has-post-thumbnail","hentry","category-desporto","category-futebol","tag-acidente","tag-bombeiros","tag-marinha","tag-salvamento-maritimo","tag-sesimbra","tag-setubal"],"yoast_head":"<!-- This site is optimized with the Yoast SEO plugin v27.2 - https:\/\/yoast.com\/product\/yoast-seo-wordpress\/ -->\n<title>Mergulhador de 42 anos morre junto ao Cabo Espichel, Sesimbra - Portal Tela Portugal<\/title>\n<meta name=\"robots\" content=\"index, follow, max-snippet:-1, max-image-preview:large, max-video-preview:-1\" \/>\n<meta property=\"og:locale\" content=\"pt_PT\" \/>\n<meta property=\"og:type\" content=\"article\" \/>\n<meta property=\"og:title\" content=\"Mergulhador de 42 anos morre junto ao Cabo Espichel, Sesimbra - Portal Tela Portugal\" \/>\n<meta property=\"og:description\" content=\"Mergulhador de 42 anos morreu junto ao Cabo Espichel, em Sesimbra, no distrito de Set\u00fabal, este s\u00e1bado. Foi encontrado sem vida dentro de \u00e1gua ap\u00f3s um alerta de desaparecimento por volta das 11h00; as causas do incidente ainda n\u00e3o s\u00e3o conhecidas. Estiveram no local Bombeiros Volunt\u00e1rios de Sesimbra, a Pol\u00edcia Mar\u00edtima de Set\u00fabal e o grupo de mergulho forense e opera\u00e7\u00f5es subaqu\u00e1ticas da Pol\u00edcia Mar\u00edtima. O corpo foi transportado para o Instituto de Medicina Legal e Ci\u00eancias Forenses de Set\u00fabal, e o material de mergulho foi apreendido como medida cautelar, ap\u00f3s contacto com o Minist\u00e9rio P\u00fablico e a Pol\u00edcia Judici\u00e1ria. A Pol\u00edcia Mar\u00edtima prestou apoio psicol\u00f3gico aos familiares da v\u00edtima.\" \/>\n<meta property=\"og:url\" content=\"https:\/\/portaltela.pt\/noticias\/2026\/03\/28\/mergulhador-de-42-anos-morre-junto-ao-cabo-espichel-sesimbra\/\" \/>\n<meta property=\"og:site_name\" content=\"Portal Tela Portugal\" \/>\n<meta property=\"article:published_time\" content=\"2026-03-28T18:28:00+00:00\" \/>\n<meta name=\"author\" content=\"Telinha\" \/>\n<meta name=\"twitter:card\" content=\"summary_large_image\" \/>\n<meta name=\"twitter:label1\" content=\"Escrito por\" \/>\n\t<meta name=\"twitter:data1\" content=\"Telinha\" \/>\n\t<meta name=\"twitter:label2\" content=\"Tempo estimado de leitura\" \/>\n\t<meta name=\"twitter:data2\" content=\"1 minuto\" \/>\n<script type=\"application\/ld+json\" class=\"yoast-schema-graph\">{\"@context\":\"https:\/\/schema.org\",\"@graph\":[{\"@type\":\"Article\",\"@id\":\"https:\/\/portaltela.pt\/noticias\/2026\/03\/28\/mergulhador-de-42-anos-morre-junto-ao-cabo-espichel-sesimbra\/#article\",\"isPartOf\":{\"@id\":\"https:\/\/portaltela.pt\/noticias\/2026\/03\/28\/mergulhador-de-42-anos-morre-junto-ao-cabo-espichel-sesimbra\/\"},\"author\":{\"name\":\"Telinha\",\"@id\":\"https:\/\/portaltela.pt\/#\/schema\/person\/c4278d4a6028830caff9ee44b42d32ed\"},\"headline\":\"Mergulhador de 42 anos morre junto ao Cabo Espichel, Sesimbra\",\"datePublished\":\"2026-03-28T18:28:00+00:00\",\"mainEntityOfPage\":{\"@id\":\"https:\/\/portaltela.pt\/noticias\/2026\/03\/28\/mergulhador-de-42-anos-morre-junto-ao-cabo-espichel-sesimbra\/\"},\"wordCount\":159,\"image\":{\"@id\":\"https:\/\/portaltela.pt\/noticias\/2026\/03\/28\/mergulhador-de-42-anos-morre-junto-ao-cabo-espichel-sesimbra\/#primaryimage\"},\"thumbnailUrl\":\"https:\/\/portaltela.pt\/s.01k8rhncp4jt1\/2026\/03\/img_1500x1000uu2024-06-29-12-47-13-1691615.jpg\",\"keywords\":[\"acidente\",\"bombeiros\",\"Marinha\",\"Salvamento Mar\u00edtimo\",\"Sesimbra\",\"Set\u00fabal\"],\"articleSection\":[\"Desporto\",\"Futebol\"],\"inLanguage\":\"pt-PT\"},{\"@type\":\"WebPage\",\"@id\":\"https:\/\/portaltela.pt\/noticias\/2026\/03\/28\/mergulhador-de-42-anos-morre-junto-ao-cabo-espichel-sesimbra\/\",\"url\":\"https:\/\/portaltela.pt\/noticias\/2026\/03\/28\/mergulhador-de-42-anos-morre-junto-ao-cabo-espichel-sesimbra\/\",\"name\":\"Mergulhador de 42 anos morre junto ao Cabo Espichel, Sesimbra - Portal Tela Portugal\",\"isPartOf\":{\"@id\":\"https:\/\/portaltela.pt\/#website\"},\"primaryImageOfPage\":{\"@id\":\"https:\/\/portaltela.pt\/noticias\/2026\/03\/28\/mergulhador-de-42-anos-morre-junto-ao-cabo-espichel-sesimbra\/#primaryimage\"},\"image\":{\"@id\":\"https:\/\/portaltela.pt\/noticias\/2026\/03\/28\/mergulhador-de-42-anos-morre-junto-ao-cabo-espichel-sesimbra\/#primaryimage\"},\"thumbnailUrl\":\"https:\/\/portaltela.pt\/s.01k8rhncp4jt1\/2026\/03\/img_1500x1000uu2024-06-29-12-47-13-1691615.jpg\",\"datePublished\":\"2026-03-28T18:28:00+00:00\",\"author\":{\"@id\":\"https:\/\/portaltela.pt\/#\/schema\/person\/c4278d4a6028830caff9ee44b42d32ed\"},\"breadcrumb\":{\"@id\":\"https:\/\/portaltela.pt\/noticias\/2026\/03\/28\/mergulhador-de-42-anos-morre-junto-ao-cabo-espichel-sesimbra\/#breadcrumb\"},\"inLanguage\":\"pt-PT\",\"potentialAction\":[{\"@type\":\"ReadAction\",\"target\":[\"https:\/\/portaltela.pt\/noticias\/2026\/03\/28\/mergulhador-de-42-anos-morre-junto-ao-cabo-espichel-sesimbra\/\"]}]},{\"@type\":\"ImageObject\",\"inLanguage\":\"pt-PT\",\"@id\":\"https:\/\/portaltela.pt\/noticias\/2026\/03\/28\/mergulhador-de-42-anos-morre-junto-ao-cabo-espichel-sesimbra\/#primaryimage\",\"url\":\"https:\/\/portaltela.pt\/s.01k8rhncp4jt1\/2026\/03\/img_1500x1000uu2024-06-29-12-47-13-1691615.jpg\",\"contentUrl\":\"https:\/\/portaltela.pt\/s.01k8rhncp4jt1\/2026\/03\/img_1500x1000uu2024-06-29-12-47-13-1691615.jpg\",\"width\":796,\"height\":448,\"caption\":\"Autoridade Mar\u00edtima\"},{\"@type\":\"BreadcrumbList\",\"@id\":\"https:\/\/portaltela.pt\/noticias\/2026\/03\/28\/mergulhador-de-42-anos-morre-junto-ao-cabo-espichel-sesimbra\/#breadcrumb\",\"itemListElement\":[{\"@type\":\"ListItem\",\"position\":1,\"name\":\"In\u00edcio\",\"item\":\"https:\/\/portaltela.pt\/\"},{\"@type\":\"ListItem\",\"position\":2,\"name\":\"Mergulhador de 42 anos morre junto ao Cabo Espichel, Sesimbra\"}]},{\"@type\":\"WebSite\",\"@id\":\"https:\/\/portaltela.pt\/#website\",\"url\":\"https:\/\/portaltela.pt\/\",\"name\":\"Portal Tela Portugal\",\"description\":\"\",\"potentialAction\":[{\"@type\":\"SearchAction\",\"target\":{\"@type\":\"EntryPoint\",\"urlTemplate\":\"https:\/\/portaltela.pt\/?s={search_term_string}\"},\"query-input\":{\"@type\":\"PropertyValueSpecification\",\"valueRequired\":true,\"valueName\":\"search_term_string\"}}],\"inLanguage\":\"pt-PT\"},{\"@type\":\"Person\",\"@id\":\"https:\/\/portaltela.pt\/#\/schema\/person\/c4278d4a6028830caff9ee44b42d32ed\",\"name\":\"Telinha\",\"image\":{\"@type\":\"ImageObject\",\"inLanguage\":\"pt-PT\",\"@id\":\"https:\/\/portaltela.pt\/s.01k8rhncp4jt1\/2025\/11\/talking-bot-125x125.png\",\"url\":\"https:\/\/portaltela.pt\/s.01k8rhncp4jt1\/2025\/11\/talking-bot-125x125.png\",\"contentUrl\":\"https:\/\/portaltela.pt\/s.01k8rhncp4jt1\/2025\/11\/talking-bot-125x125.png\",\"caption\":\"Telinha\"},\"sameAs\":[\"https:\/\/portaltela.pt\/\"],\"url\":\"https:\/\/portaltela.pt\/por\/367410592786\/\"}]}<\/script>\n<!-- \/ Yoast SEO plugin. -->","yoast_head_json":{"title":"Mergulhador de 42 anos morre junto ao Cabo Espichel, Sesimbra - Portal Tela Portugal","robots":{"index":"index","follow":"follow","max-snippet":"max-snippet:-1","max-image-preview":"max-image-preview:large","max-video-preview":"max-video-preview:-1"},"og_locale":"pt_PT","og_type":"article","og_title":"Mergulhador de 42 anos morre junto ao Cabo Espichel, Sesimbra - Portal Tela Portugal","og_description":"Mergulhador de 42 anos morreu junto ao Cabo Espichel, em Sesimbra, no distrito de Set\u00fabal, este s\u00e1bado. Foi encontrado sem vida dentro de \u00e1gua ap\u00f3s um alerta de desaparecimento por volta das 11h00; as causas do incidente ainda n\u00e3o s\u00e3o conhecidas. Estiveram no local Bombeiros Volunt\u00e1rios de Sesimbra, a Pol\u00edcia Mar\u00edtima de Set\u00fabal e o grupo de mergulho forense e opera\u00e7\u00f5es subaqu\u00e1ticas da Pol\u00edcia Mar\u00edtima. O corpo foi transportado para o Instituto de Medicina Legal e Ci\u00eancias Forenses de Set\u00fabal, e o material de mergulho foi apreendido como medida cautelar, ap\u00f3s contacto com o Minist\u00e9rio P\u00fablico e a Pol\u00edcia Judici\u00e1ria. A Pol\u00edcia Mar\u00edtima prestou apoio psicol\u00f3gico aos familiares da v\u00edtima.","og_url":"https:\/\/portaltela.pt\/noticias\/2026\/03\/28\/mergulhador-de-42-anos-morre-junto-ao-cabo-espichel-sesimbra\/","og_site_name":"Portal Tela Portugal","article_published_time":"2026-03-28T18:28:00+00:00","author":"Telinha","twitter_card":"summary_large_image","twitter_misc":{"Escrito por":"Telinha","Tempo estimado de leitura":"1 minuto"},"schema":{"@context":"https:\/\/schema.org","@graph":[{"@type":"Article","@id":"https:\/\/portaltela.pt\/noticias\/2026\/03\/28\/mergulhador-de-42-anos-morre-junto-ao-cabo-espichel-sesimbra\/#article","isPartOf":{"@id":"https:\/\/portaltela.pt\/noticias\/2026\/03\/28\/mergulhador-de-42-anos-morre-junto-ao-cabo-espichel-sesimbra\/"},"author":{"name":"Telinha","@id":"https:\/\/portaltela.pt\/#\/schema\/person\/c4278d4a6028830caff9ee44b42d32ed"},"headline":"Mergulhador de 42 anos morre junto ao Cabo Espichel, Sesimbra","datePublished":"2026-03-28T18:28:00+00:00","mainEntityOfPage":{"@id":"https:\/\/portaltela.pt\/noticias\/2026\/03\/28\/mergulhador-de-42-anos-morre-junto-ao-cabo-espichel-sesimbra\/"},"wordCount":159,"image":{"@id":"https:\/\/portaltela.pt\/noticias\/2026\/03\/28\/mergulhador-de-42-anos-morre-junto-ao-cabo-espichel-sesimbra\/#primaryimage"},"thumbnailUrl":"https:\/\/portaltela.pt\/s.01k8rhncp4jt1\/2026\/03\/img_1500x1000uu2024-06-29-12-47-13-1691615.jpg","keywords":["acidente","bombeiros","Marinha","Salvamento Mar\u00edtimo","Sesimbra","Set\u00fabal"],"articleSection":["Desporto","Futebol"],"inLanguage":"pt-PT"},{"@type":"WebPage","@id":"https:\/\/portaltela.pt\/noticias\/2026\/03\/28\/mergulhador-de-42-anos-morre-junto-ao-cabo-espichel-sesimbra\/","url":"https:\/\/portaltela.pt\/noticias\/2026\/03\/28\/mergulhador-de-42-anos-morre-junto-ao-cabo-espichel-sesimbra\/","name":"Mergulhador de 42 anos morre junto ao Cabo Espichel, Sesimbra - Portal Tela Portugal","isPartOf":{"@id":"https:\/\/portaltela.pt\/#website"},"primaryImageOfPage":{"@id":"https:\/\/portaltela.pt\/noticias\/2026\/03\/28\/mergulhador-de-42-anos-morre-junto-ao-cabo-espichel-sesimbra\/#primaryimage"},"image":{"@id":"https:\/\/portaltela.pt\/noticias\/2026\/03\/28\/mergulhador-de-42-anos-morre-junto-ao-cabo-espichel-sesimbra\/#primaryimage"},"thumbnailUrl":"https:\/\/portaltela.pt\/s.01k8rhncp4jt1\/2026\/03\/img_1500x1000uu2024-06-29-12-47-13-1691615.jpg","datePublished":"2026-03-28T18:28:00+00:00","author":{"@id":"https:\/\/portaltela.pt\/#\/schema\/person\/c4278d4a6028830caff9ee44b42d32ed"},"breadcrumb":{"@id":"https:\/\/portaltela.pt\/noticias\/2026\/03\/28\/mergulhador-de-42-anos-morre-junto-ao-cabo-espichel-sesimbra\/#breadcrumb"},"inLanguage":"pt-PT","potentialAction":[{"@type":"ReadAction","target":["https:\/\/portaltela.pt\/noticias\/2026\/03\/28\/mergulhador-de-42-anos-morre-junto-ao-cabo-espichel-sesimbra\/"]}]},{"@type":"ImageObject","inLanguage":"pt-PT","@id":"https:\/\/portaltela.pt\/noticias\/2026\/03\/28\/mergulhador-de-42-anos-morre-junto-ao-cabo-espichel-sesimbra\/#primaryimage","url":"https:\/\/portaltela.pt\/s.01k8rhncp4jt1\/2026\/03\/img_1500x1000uu2024-06-29-12-47-13-1691615.jpg","contentUrl":"https:\/\/portaltela.pt\/s.01k8rhncp4jt1\/2026\/03\/img_1500x1000uu2024-06-29-12-47-13-1691615.jpg","width":796,"height":448,"caption":"Autoridade Mar\u00edtima"},{"@type":"BreadcrumbList","@id":"https:\/\/portaltela.pt\/noticias\/2026\/03\/28\/mergulhador-de-42-anos-morre-junto-ao-cabo-espichel-sesimbra\/#breadcrumb","itemListElement":[{"@type":"ListItem","position":1,"name":"In\u00edcio","item":"https:\/\/portaltela.pt\/"},{"@type":"ListItem","position":2,"name":"Mergulhador de 42 anos morre junto ao Cabo Espichel, Sesimbra"}]},{"@type":"WebSite","@id":"https:\/\/portaltela.pt\/#website","url":"https:\/\/portaltela.pt\/","name":"Portal Tela Portugal","description":"","potentialAction":[{"@type":"SearchAction","target":{"@type":"EntryPoint","urlTemplate":"https:\/\/portaltela.pt\/?s={search_term_string}"},"query-input":{"@type":"PropertyValueSpecification","valueRequired":true,"valueName":"search_term_string"}}],"inLanguage":"pt-PT"},{"@type":"Person","@id":"https:\/\/portaltela.pt\/#\/schema\/person\/c4278d4a6028830caff9ee44b42d32ed","name":"Telinha","image":{"@type":"ImageObject","inLanguage":"pt-PT","@id":"https:\/\/portaltela.pt\/s.01k8rhncp4jt1\/2025\/11\/talking-bot-125x125.png","url":"https:\/\/portaltela.pt\/s.01k8rhncp4jt1\/2025\/11\/talking-bot-125x125.png","contentUrl":"https:\/\/portaltela.pt\/s.01k8rhncp4jt1\/2025\/11\/talking-bot-125x125.png","caption":"Telinha"},"sameAs":["https:\/\/portaltela.pt\/"],"url":"https:\/\/portaltela.pt\/por\/367410592786\/"}]}},"_links":{"self":[{"href":"https:\/\/portaltela.pt\/api\/wp\/v2\/posts\/425234","targetHints":{"allow":["GET"]}}],"collection":[{"href":"https:\/\/portaltela.pt\/api\/wp\/v2\/posts"}],"about":[{"href":"https:\/\/portaltela.pt\/api\/wp\/v2\/types\/post"}],"author":[{"embeddable":true,"href":"https:\/\/portaltela.pt\/api\/wp\/v2\/users\/2"}],"replies":[{"embeddable":true,"href":"https:\/\/portaltela.pt\/api\/wp\/v2\/comments?post=425234"}],"version-history":[{"count":0,"href":"https:\/\/portaltela.pt\/api\/wp\/v2\/posts\/425234\/revisions"}],"wp:featuredmedia":[{"embeddable":true,"href":"https:\/\/portaltela.pt\/api\/wp\/v2\/media\/425235"}],"wp:attachment":[{"href":"https:\/\/portaltela.pt\/api\/wp\/v2\/media?parent=425234"}],"wp:term":[{"taxonomy":"category","embeddable":true,"href":"https:\/\/portaltela.pt\/api\/wp\/v2\/categories?post=425234"},{"taxonomy":"post_tag","embeddable":true,"href":"https:\/\/portaltela.pt\/api\/wp\/v2\/tags?post=425234"}],"curies":[{"name":"wp","href":"https:\/\/api.w.org\/{rel}","templated":true}]}}