{"id":425233,"date":"2026-03-28T15:21:00","date_gmt":"2026-03-28T18:21:00","guid":{"rendered":"https:\/\/portaltela.pt\/noticias\/2026\/03\/28\/a4-condicionada-na-maia-apos-despiste-de-carro-que-incendiou\/"},"modified":"2026-03-28T15:21:00","modified_gmt":"2026-03-28T18:21:00","slug":"a4-condicionada-na-maia-apos-despiste-de-carro-que-incendiou","status":"publish","type":"post","link":"https:\/\/portaltela.pt\/noticias\/2026\/03\/28\/a4-condicionada-na-maia-apos-despiste-de-carro-que-incendiou\/","title":{"rendered":"A4 condicionada na Maia ap\u00f3s despiste de carro que incendiou"},"content":{"rendered":"<p>A Autoestrada 4 (A4) est\u00e1 condicionada no sentido Bragan\u00e7a-Matosinhos ap\u00f3s um ve\u00edculo se despistar e incendiar-se na zona de \u00c1guas Santas, Maia, este s\u00e1bado. O incidente aconteceu por volta das 15:10.<\/p>\n<p>No local, o tr\u00e2nsito est\u00e1 a decorrer apenas numa via, com a outra condicionada. A circula\u00e7\u00e3o no sentido Amarante-Porto \u00e9 afetada pela interrup\u00e7\u00e3o causada pelo acidente.<\/p>\n<p>Segundo o Posto de Tr\u00e2nsito da GNR da Maia, uma pessoa foi assistida no local, sem confirma\u00e7\u00e3o de ferimentos graves. O Comando Sub-Regional de Emerg\u00eancia e Prote\u00e7\u00e3o Civil da \u00c1rea Metropolitana do Porto acompanha a situa\u00e7\u00e3o.<\/p>\n","protected":false},"excerpt":{"rendered":"<ul>\n<li>A4 condicionada no sentido Bragan\u00e7a &#8211; Matosinhos ap\u00f3s despiste e inc\u00eandio de ve\u00edculo em \u00c1guas Santas, Maia.<\/li>\n<li>O tr\u00e2nsito est\u00e1 a circular por apenas uma via, com a outra cortada entre Amarante e Porto.<\/li>\n<li>O alerta foi dado por volta das 15h10.<\/li>\n<li>Segundo o Comando Sub-Regional de Emerg\u00eancia e Prote\u00e7\u00e3o Civil da \u00c1rea Metropolitana do Porto, uma pessoa foi assistida no local.<\/li>\n<li>N\u00e3o s\u00e3o ainda avan\u00e7ados mais detalhes sobre ferimentos ou causas do inc\u00eandio.<\/li>\n<\/ul>\n","protected":false},"author":2,"featured_media":425237,"comment_status":"closed","ping_status":"closed","sticky":false,"template":"","format":"standard","meta":{"footnotes":""},"categories":[6849,1],"tags":[5487,4169,5771,1438,1743,1629],"class_list":["post-425233","post","type-post","status-publish","format-standard","has-post-thumbnail","hentry","category-acidentes","category-noticias","tag-acidente","tag-acidente-rodoviario","tag-aguas-santas","tag-incendio","tag-maia","tag-transito"],"yoast_head":"<!-- This site is optimized with the Yoast SEO plugin v27.2 - https:\/\/yoast.com\/product\/yoast-seo-wordpress\/ -->\n<title>A4 condicionada na Maia ap\u00f3s despiste de carro que incendiou - Portal Tela Portugal<\/title>\n<meta name=\"robots\" content=\"index, follow, max-snippet:-1, max-image-preview:large, max-video-preview:-1\" \/>\n<meta property=\"og:locale\" content=\"pt_PT\" \/>\n<meta property=\"og:type\" content=\"article\" \/>\n<meta property=\"og:title\" content=\"A4 condicionada na Maia ap\u00f3s despiste de carro que incendiou - Portal Tela Portugal\" \/>\n<meta property=\"og:description\" content=\"A4 condicionada no sentido Bragan\u00e7a - Matosinhos ap\u00f3s despiste e inc\u00eandio de ve\u00edculo em \u00c1guas Santas, Maia. O tr\u00e2nsito est\u00e1 a circular por apenas uma via, com a outra cortada entre Amarante e Porto. O alerta foi dado por volta das 15h10. Segundo o Comando Sub-Regional de Emerg\u00eancia e Prote\u00e7\u00e3o Civil da \u00c1rea Metropolitana do Porto, uma pessoa foi assistida no local. N\u00e3o s\u00e3o ainda avan\u00e7ados mais detalhes sobre ferimentos ou causas do inc\u00eandio.\" \/>\n<meta property=\"og:url\" content=\"https:\/\/portaltela.pt\/noticias\/2026\/03\/28\/a4-condicionada-na-maia-apos-despiste-de-carro-que-incendiou\/\" \/>\n<meta property=\"og:site_name\" content=\"Portal Tela Portugal\" \/>\n<meta property=\"article:published_time\" content=\"2026-03-28T18:21:00+00:00\" \/>\n<meta name=\"author\" content=\"Telinha\" \/>\n<meta name=\"twitter:card\" content=\"summary_large_image\" \/>\n<meta name=\"twitter:label1\" content=\"Escrito por\" \/>\n\t<meta name=\"twitter:data1\" content=\"Telinha\" \/>\n\t<meta name=\"twitter:label2\" content=\"Tempo estimado de leitura\" \/>\n\t<meta name=\"twitter:data2\" content=\"1 minuto\" \/>\n<script type=\"application\/ld+json\" class=\"yoast-schema-graph\">{\"@context\":\"https:\/\/schema.org\",\"@graph\":[{\"@type\":\"Article\",\"@id\":\"https:\/\/portaltela.pt\/noticias\/2026\/03\/28\/a4-condicionada-na-maia-apos-despiste-de-carro-que-incendiou\/#article\",\"isPartOf\":{\"@id\":\"https:\/\/portaltela.pt\/noticias\/2026\/03\/28\/a4-condicionada-na-maia-apos-despiste-de-carro-que-incendiou\/\"},\"author\":{\"name\":\"Telinha\",\"@id\":\"https:\/\/portaltela.pt\/#\/schema\/person\/c4278d4a6028830caff9ee44b42d32ed\"},\"headline\":\"A4 condicionada na Maia ap\u00f3s despiste de carro que incendiou\",\"datePublished\":\"2026-03-28T18:21:00+00:00\",\"mainEntityOfPage\":{\"@id\":\"https:\/\/portaltela.pt\/noticias\/2026\/03\/28\/a4-condicionada-na-maia-apos-despiste-de-carro-que-incendiou\/\"},\"wordCount\":113,\"image\":{\"@id\":\"https:\/\/portaltela.pt\/noticias\/2026\/03\/28\/a4-condicionada-na-maia-apos-despiste-de-carro-que-incendiou\/#primaryimage\"},\"thumbnailUrl\":\"https:\/\/portaltela.pt\/s.01k8rhncp4jt1\/2026\/03\/image-1691.jpg\",\"keywords\":[\"acidente\",\"acidente rodovi\u00e1rio\",\"\u00c1guas Santas\",\"inc\u00eandio\",\"Maia\",\"tr\u00e2nsito\"],\"articleSection\":[\"Acidentes\",\"Not\u00edcias\"],\"inLanguage\":\"pt-PT\"},{\"@type\":\"WebPage\",\"@id\":\"https:\/\/portaltela.pt\/noticias\/2026\/03\/28\/a4-condicionada-na-maia-apos-despiste-de-carro-que-incendiou\/\",\"url\":\"https:\/\/portaltela.pt\/noticias\/2026\/03\/28\/a4-condicionada-na-maia-apos-despiste-de-carro-que-incendiou\/\",\"name\":\"A4 condicionada na Maia ap\u00f3s despiste de carro que incendiou - Portal Tela Portugal\",\"isPartOf\":{\"@id\":\"https:\/\/portaltela.pt\/#website\"},\"primaryImageOfPage\":{\"@id\":\"https:\/\/portaltela.pt\/noticias\/2026\/03\/28\/a4-condicionada-na-maia-apos-despiste-de-carro-que-incendiou\/#primaryimage\"},\"image\":{\"@id\":\"https:\/\/portaltela.pt\/noticias\/2026\/03\/28\/a4-condicionada-na-maia-apos-despiste-de-carro-que-incendiou\/#primaryimage\"},\"thumbnailUrl\":\"https:\/\/portaltela.pt\/s.01k8rhncp4jt1\/2026\/03\/image-1691.jpg\",\"datePublished\":\"2026-03-28T18:21:00+00:00\",\"author\":{\"@id\":\"https:\/\/portaltela.pt\/#\/schema\/person\/c4278d4a6028830caff9ee44b42d32ed\"},\"breadcrumb\":{\"@id\":\"https:\/\/portaltela.pt\/noticias\/2026\/03\/28\/a4-condicionada-na-maia-apos-despiste-de-carro-que-incendiou\/#breadcrumb\"},\"inLanguage\":\"pt-PT\",\"potentialAction\":[{\"@type\":\"ReadAction\",\"target\":[\"https:\/\/portaltela.pt\/noticias\/2026\/03\/28\/a4-condicionada-na-maia-apos-despiste-de-carro-que-incendiou\/\"]}]},{\"@type\":\"ImageObject\",\"inLanguage\":\"pt-PT\",\"@id\":\"https:\/\/portaltela.pt\/noticias\/2026\/03\/28\/a4-condicionada-na-maia-apos-despiste-de-carro-que-incendiou\/#primaryimage\",\"url\":\"https:\/\/portaltela.pt\/s.01k8rhncp4jt1\/2026\/03\/image-1691.jpg\",\"contentUrl\":\"https:\/\/portaltela.pt\/s.01k8rhncp4jt1\/2026\/03\/image-1691.jpg\",\"width\":796,\"height\":448,\"caption\":\"Ve\u00edculo incendiou-se\"},{\"@type\":\"BreadcrumbList\",\"@id\":\"https:\/\/portaltela.pt\/noticias\/2026\/03\/28\/a4-condicionada-na-maia-apos-despiste-de-carro-que-incendiou\/#breadcrumb\",\"itemListElement\":[{\"@type\":\"ListItem\",\"position\":1,\"name\":\"In\u00edcio\",\"item\":\"https:\/\/portaltela.pt\/\"},{\"@type\":\"ListItem\",\"position\":2,\"name\":\"A4 condicionada na Maia ap\u00f3s despiste de carro que incendiou\"}]},{\"@type\":\"WebSite\",\"@id\":\"https:\/\/portaltela.pt\/#website\",\"url\":\"https:\/\/portaltela.pt\/\",\"name\":\"Portal Tela Portugal\",\"description\":\"\",\"potentialAction\":[{\"@type\":\"SearchAction\",\"target\":{\"@type\":\"EntryPoint\",\"urlTemplate\":\"https:\/\/portaltela.pt\/?s={search_term_string}\"},\"query-input\":{\"@type\":\"PropertyValueSpecification\",\"valueRequired\":true,\"valueName\":\"search_term_string\"}}],\"inLanguage\":\"pt-PT\"},{\"@type\":\"Person\",\"@id\":\"https:\/\/portaltela.pt\/#\/schema\/person\/c4278d4a6028830caff9ee44b42d32ed\",\"name\":\"Telinha\",\"image\":{\"@type\":\"ImageObject\",\"inLanguage\":\"pt-PT\",\"@id\":\"https:\/\/portaltela.pt\/s.01k8rhncp4jt1\/2025\/11\/talking-bot-125x125.png\",\"url\":\"https:\/\/portaltela.pt\/s.01k8rhncp4jt1\/2025\/11\/talking-bot-125x125.png\",\"contentUrl\":\"https:\/\/portaltela.pt\/s.01k8rhncp4jt1\/2025\/11\/talking-bot-125x125.png\",\"caption\":\"Telinha\"},\"sameAs\":[\"https:\/\/portaltela.pt\/\"],\"url\":\"https:\/\/portaltela.pt\/por\/367410592786\/\"}]}<\/script>\n<!-- \/ Yoast SEO plugin. -->","yoast_head_json":{"title":"A4 condicionada na Maia ap\u00f3s despiste de carro que incendiou - Portal Tela Portugal","robots":{"index":"index","follow":"follow","max-snippet":"max-snippet:-1","max-image-preview":"max-image-preview:large","max-video-preview":"max-video-preview:-1"},"og_locale":"pt_PT","og_type":"article","og_title":"A4 condicionada na Maia ap\u00f3s despiste de carro que incendiou - Portal Tela Portugal","og_description":"A4 condicionada no sentido Bragan\u00e7a - Matosinhos ap\u00f3s despiste e inc\u00eandio de ve\u00edculo em \u00c1guas Santas, Maia. O tr\u00e2nsito est\u00e1 a circular por apenas uma via, com a outra cortada entre Amarante e Porto. O alerta foi dado por volta das 15h10. Segundo o Comando Sub-Regional de Emerg\u00eancia e Prote\u00e7\u00e3o Civil da \u00c1rea Metropolitana do Porto, uma pessoa foi assistida no local. N\u00e3o s\u00e3o ainda avan\u00e7ados mais detalhes sobre ferimentos ou causas do inc\u00eandio.","og_url":"https:\/\/portaltela.pt\/noticias\/2026\/03\/28\/a4-condicionada-na-maia-apos-despiste-de-carro-que-incendiou\/","og_site_name":"Portal Tela Portugal","article_published_time":"2026-03-28T18:21:00+00:00","author":"Telinha","twitter_card":"summary_large_image","twitter_misc":{"Escrito por":"Telinha","Tempo estimado de leitura":"1 minuto"},"schema":{"@context":"https:\/\/schema.org","@graph":[{"@type":"Article","@id":"https:\/\/portaltela.pt\/noticias\/2026\/03\/28\/a4-condicionada-na-maia-apos-despiste-de-carro-que-incendiou\/#article","isPartOf":{"@id":"https:\/\/portaltela.pt\/noticias\/2026\/03\/28\/a4-condicionada-na-maia-apos-despiste-de-carro-que-incendiou\/"},"author":{"name":"Telinha","@id":"https:\/\/portaltela.pt\/#\/schema\/person\/c4278d4a6028830caff9ee44b42d32ed"},"headline":"A4 condicionada na Maia ap\u00f3s despiste de carro que incendiou","datePublished":"2026-03-28T18:21:00+00:00","mainEntityOfPage":{"@id":"https:\/\/portaltela.pt\/noticias\/2026\/03\/28\/a4-condicionada-na-maia-apos-despiste-de-carro-que-incendiou\/"},"wordCount":113,"image":{"@id":"https:\/\/portaltela.pt\/noticias\/2026\/03\/28\/a4-condicionada-na-maia-apos-despiste-de-carro-que-incendiou\/#primaryimage"},"thumbnailUrl":"https:\/\/portaltela.pt\/s.01k8rhncp4jt1\/2026\/03\/image-1691.jpg","keywords":["acidente","acidente rodovi\u00e1rio","\u00c1guas Santas","inc\u00eandio","Maia","tr\u00e2nsito"],"articleSection":["Acidentes","Not\u00edcias"],"inLanguage":"pt-PT"},{"@type":"WebPage","@id":"https:\/\/portaltela.pt\/noticias\/2026\/03\/28\/a4-condicionada-na-maia-apos-despiste-de-carro-que-incendiou\/","url":"https:\/\/portaltela.pt\/noticias\/2026\/03\/28\/a4-condicionada-na-maia-apos-despiste-de-carro-que-incendiou\/","name":"A4 condicionada na Maia ap\u00f3s despiste de carro que incendiou - Portal Tela Portugal","isPartOf":{"@id":"https:\/\/portaltela.pt\/#website"},"primaryImageOfPage":{"@id":"https:\/\/portaltela.pt\/noticias\/2026\/03\/28\/a4-condicionada-na-maia-apos-despiste-de-carro-que-incendiou\/#primaryimage"},"image":{"@id":"https:\/\/portaltela.pt\/noticias\/2026\/03\/28\/a4-condicionada-na-maia-apos-despiste-de-carro-que-incendiou\/#primaryimage"},"thumbnailUrl":"https:\/\/portaltela.pt\/s.01k8rhncp4jt1\/2026\/03\/image-1691.jpg","datePublished":"2026-03-28T18:21:00+00:00","author":{"@id":"https:\/\/portaltela.pt\/#\/schema\/person\/c4278d4a6028830caff9ee44b42d32ed"},"breadcrumb":{"@id":"https:\/\/portaltela.pt\/noticias\/2026\/03\/28\/a4-condicionada-na-maia-apos-despiste-de-carro-que-incendiou\/#breadcrumb"},"inLanguage":"pt-PT","potentialAction":[{"@type":"ReadAction","target":["https:\/\/portaltela.pt\/noticias\/2026\/03\/28\/a4-condicionada-na-maia-apos-despiste-de-carro-que-incendiou\/"]}]},{"@type":"ImageObject","inLanguage":"pt-PT","@id":"https:\/\/portaltela.pt\/noticias\/2026\/03\/28\/a4-condicionada-na-maia-apos-despiste-de-carro-que-incendiou\/#primaryimage","url":"https:\/\/portaltela.pt\/s.01k8rhncp4jt1\/2026\/03\/image-1691.jpg","contentUrl":"https:\/\/portaltela.pt\/s.01k8rhncp4jt1\/2026\/03\/image-1691.jpg","width":796,"height":448,"caption":"Ve\u00edculo incendiou-se"},{"@type":"BreadcrumbList","@id":"https:\/\/portaltela.pt\/noticias\/2026\/03\/28\/a4-condicionada-na-maia-apos-despiste-de-carro-que-incendiou\/#breadcrumb","itemListElement":[{"@type":"ListItem","position":1,"name":"In\u00edcio","item":"https:\/\/portaltela.pt\/"},{"@type":"ListItem","position":2,"name":"A4 condicionada na Maia ap\u00f3s despiste de carro que incendiou"}]},{"@type":"WebSite","@id":"https:\/\/portaltela.pt\/#website","url":"https:\/\/portaltela.pt\/","name":"Portal Tela Portugal","description":"","potentialAction":[{"@type":"SearchAction","target":{"@type":"EntryPoint","urlTemplate":"https:\/\/portaltela.pt\/?s={search_term_string}"},"query-input":{"@type":"PropertyValueSpecification","valueRequired":true,"valueName":"search_term_string"}}],"inLanguage":"pt-PT"},{"@type":"Person","@id":"https:\/\/portaltela.pt\/#\/schema\/person\/c4278d4a6028830caff9ee44b42d32ed","name":"Telinha","image":{"@type":"ImageObject","inLanguage":"pt-PT","@id":"https:\/\/portaltela.pt\/s.01k8rhncp4jt1\/2025\/11\/talking-bot-125x125.png","url":"https:\/\/portaltela.pt\/s.01k8rhncp4jt1\/2025\/11\/talking-bot-125x125.png","contentUrl":"https:\/\/portaltela.pt\/s.01k8rhncp4jt1\/2025\/11\/talking-bot-125x125.png","caption":"Telinha"},"sameAs":["https:\/\/portaltela.pt\/"],"url":"https:\/\/portaltela.pt\/por\/367410592786\/"}]}},"_links":{"self":[{"href":"https:\/\/portaltela.pt\/api\/wp\/v2\/posts\/425233","targetHints":{"allow":["GET"]}}],"collection":[{"href":"https:\/\/portaltela.pt\/api\/wp\/v2\/posts"}],"about":[{"href":"https:\/\/portaltela.pt\/api\/wp\/v2\/types\/post"}],"author":[{"embeddable":true,"href":"https:\/\/portaltela.pt\/api\/wp\/v2\/users\/2"}],"replies":[{"embeddable":true,"href":"https:\/\/portaltela.pt\/api\/wp\/v2\/comments?post=425233"}],"version-history":[{"count":0,"href":"https:\/\/portaltela.pt\/api\/wp\/v2\/posts\/425233\/revisions"}],"wp:featuredmedia":[{"embeddable":true,"href":"https:\/\/portaltela.pt\/api\/wp\/v2\/media\/425237"}],"wp:attachment":[{"href":"https:\/\/portaltela.pt\/api\/wp\/v2\/media?parent=425233"}],"wp:term":[{"taxonomy":"category","embeddable":true,"href":"https:\/\/portaltela.pt\/api\/wp\/v2\/categories?post=425233"},{"taxonomy":"post_tag","embeddable":true,"href":"https:\/\/portaltela.pt\/api\/wp\/v2\/tags?post=425233"}],"curies":[{"name":"wp","href":"https:\/\/api.w.org\/{rel}","templated":true}]}}