{"id":425226,"date":"2026-03-28T15:07:00","date_gmt":"2026-03-28T18:07:00","guid":{"rendered":"https:\/\/portaltela.pt\/noticias\/2026\/03\/28\/miguel-costa-matos-apela-a-postura-firme-e-ao-respeito-proprio\/"},"modified":"2026-03-28T15:07:00","modified_gmt":"2026-03-28T18:07:00","slug":"miguel-costa-matos-apela-a-postura-firme-e-ao-respeito-proprio","status":"publish","type":"post","link":"https:\/\/portaltela.pt\/noticias\/politica\/2026\/03\/28\/miguel-costa-matos-apela-a-postura-firme-e-ao-respeito-proprio\/","title":{"rendered":"Miguel Costa Matos apela a postura firme e ao respeito pr\u00f3prio"},"content":{"rendered":"<p>Miguel Costa Matos, deputado e antigo l\u00edder da JS, pediu uma postura mais firme do PS em rela\u00e7\u00e3o ao Governo, destacando a necessidade de respeito m\u00fatuo e de ouvir militantes e autarcas. A prioridade \u00e9 a clareza de posi\u00e7\u00e3o, n\u00e3o o elogio do passado.<\/p>\n<p>O militante apresentou uma mo\u00e7\u00e3o setorial que incita o PS a abandonar o limbo do \u201cnim\u201d. Segundo ele, este \u00e9 um momento raro, sem elei\u00e7\u00f5es a curto prazo, em que o partido pode refletir seriamente sobre o pr\u00f3prio futuro.<\/p>\n<p>Costa Matos afirmou que a responsabilidade da opini\u00e3o p\u00fablica n\u00e3o pode ficar apenas na cadeia de dirigentes. Para ter credibilidade, o PS precisa agir com coragem, evitando vers\u00f5es ligeiramente diferentes do que j\u00e1 existe.<\/p>\n<p>O antigo l\u00edder da Jota defendeu que o PS deve ser reformista e ouvir a sociedade, n\u00e3o apenas os seus quadros. Existem pessoas dentro e fora do PS que desejam propostas novas, inovadoras e mobilizadoras.<\/p>\n<p>Ainda em tom cr\u00edtico, avisou que a renova\u00e7\u00e3o n\u00e3o pode comprometer a coer\u00eancia com o Governo. O PS precisa de uma postura firme, dar-se ao respeito e afirmar com clareza a sua diferen\u00e7a, passando de \u201cvamos ver\u201d para \u201cvamos fazer\u201d.<\/p>\n","protected":false},"excerpt":{"rendered":"<ul>\n<li>Miguel Costa Matos, deputado e ex-l\u00edder da juventude, pediu ao PS para ter uma postura mais forte com o Governo e dar respeito na rela\u00e7\u00e3o institucional.<\/li>\n<li>Defendeu que o partido deve ouvir os militantes e valorizar os autarcas, sem que a opini\u00e3o de um militante precise de chegar a deputado ou dirigente para contar.<\/li>\n<li>Em mo\u00e7\u00e3o setorial, afirmou que este \u00e9 um momento raro, sem elei\u00e7\u00f5es pr\u00f3ximas, e que o partido deve pensar a s\u00e9rio sobre si pr\u00f3prio, n\u00e3o apenas reagir ao desgaste do advers\u00e1rio.<\/li>\n<li>Reclamou que a pol\u00edtica do costume gera os mesmos resultados e pediu uma renova\u00e7\u00e3o com ideias novas, fortes e que deem voz aos quadros do PS.<\/li>\n<li>Filiado defendeu coer\u00eancia entre renova\u00e7\u00e3o interna e a rela\u00e7\u00e3o com o Governo, destacando a necessidade de passar de \u201cvamos ver\u201d para \u201cvamos fazer\u201d e afirmar claramente a diferen\u00e7a do partido.<\/li>\n<\/ul>\n","protected":false},"author":2,"featured_media":425228,"comment_status":"closed","ping_status":"closed","sticky":false,"template":"","format":"standard","meta":{"footnotes":""},"categories":[1,5],"tags":[34,6802,3728,1249,2832,2144],"class_list":["post-425226","post","type-post","status-publish","format-standard","has-post-thumbnail","hentry","category-noticias","category-politica","tag-governo","tag-lideranca","tag-liderancas","tag-participacao","tag-politica","tag-ps"],"yoast_head":"<!-- This site is optimized with the Yoast SEO plugin v27.2 - https:\/\/yoast.com\/product\/yoast-seo-wordpress\/ -->\n<title>Miguel Costa Matos apela a postura firme e ao respeito pr\u00f3prio - Portal Tela Portugal<\/title>\n<meta name=\"robots\" content=\"index, follow, max-snippet:-1, max-image-preview:large, max-video-preview:-1\" \/>\n<meta property=\"og:locale\" content=\"pt_PT\" \/>\n<meta property=\"og:type\" content=\"article\" \/>\n<meta property=\"og:title\" content=\"Miguel Costa Matos apela a postura firme e ao respeito pr\u00f3prio - Portal Tela Portugal\" \/>\n<meta property=\"og:description\" content=\"Miguel Costa Matos, deputado e ex-l\u00edder da juventude, pediu ao PS para ter uma postura mais forte com o Governo e dar respeito na rela\u00e7\u00e3o institucional. Defendeu que o partido deve ouvir os militantes e valorizar os autarcas, sem que a opini\u00e3o de um militante precise de chegar a deputado ou dirigente para contar. Em mo\u00e7\u00e3o setorial, afirmou que este \u00e9 um momento raro, sem elei\u00e7\u00f5es pr\u00f3ximas, e que o partido deve pensar a s\u00e9rio sobre si pr\u00f3prio, n\u00e3o apenas reagir ao desgaste do advers\u00e1rio. Reclamou que a pol\u00edtica do costume gera os mesmos resultados e pediu uma renova\u00e7\u00e3o com ideias novas, fortes e que deem voz aos quadros do PS. Filiado defendeu coer\u00eancia entre renova\u00e7\u00e3o interna e a rela\u00e7\u00e3o com o Governo, destacando a necessidade de passar de \u201cvamos ver\u201d para \u201cvamos fazer\u201d e afirmar claramente a diferen\u00e7a do partido.\" \/>\n<meta property=\"og:url\" content=\"https:\/\/portaltela.pt\/noticias\/2026\/03\/28\/miguel-costa-matos-apela-a-postura-firme-e-ao-respeito-proprio\/\" \/>\n<meta property=\"og:site_name\" content=\"Portal Tela Portugal\" \/>\n<meta property=\"article:published_time\" content=\"2026-03-28T18:07:00+00:00\" \/>\n<meta name=\"author\" content=\"Telinha\" \/>\n<meta name=\"twitter:card\" content=\"summary_large_image\" \/>\n<meta name=\"twitter:label1\" content=\"Escrito por\" \/>\n\t<meta name=\"twitter:data1\" content=\"Telinha\" \/>\n\t<meta name=\"twitter:label2\" content=\"Tempo estimado de leitura\" \/>\n\t<meta name=\"twitter:data2\" content=\"1 minuto\" \/>\n<script type=\"application\/ld+json\" class=\"yoast-schema-graph\">{\"@context\":\"https:\/\/schema.org\",\"@graph\":[{\"@type\":\"Article\",\"@id\":\"https:\/\/portaltela.pt\/noticias\/2026\/03\/28\/miguel-costa-matos-apela-a-postura-firme-e-ao-respeito-proprio\/#article\",\"isPartOf\":{\"@id\":\"https:\/\/portaltela.pt\/noticias\/2026\/03\/28\/miguel-costa-matos-apela-a-postura-firme-e-ao-respeito-proprio\/\"},\"author\":{\"name\":\"Telinha\",\"@id\":\"https:\/\/portaltela.pt\/#\/schema\/person\/c4278d4a6028830caff9ee44b42d32ed\"},\"headline\":\"Miguel Costa Matos apela a postura firme e ao respeito pr\u00f3prio\",\"datePublished\":\"2026-03-28T18:07:00+00:00\",\"mainEntityOfPage\":{\"@id\":\"https:\/\/portaltela.pt\/noticias\/2026\/03\/28\/miguel-costa-matos-apela-a-postura-firme-e-ao-respeito-proprio\/\"},\"wordCount\":221,\"image\":{\"@id\":\"https:\/\/portaltela.pt\/noticias\/2026\/03\/28\/miguel-costa-matos-apela-a-postura-firme-e-ao-respeito-proprio\/#primaryimage\"},\"thumbnailUrl\":\"https:\/\/portaltela.pt\/s.01k8rhncp4jt1\/2026\/03\/7676e164-e04d-4ec6-a649-50d7c144523e_1200x675.jpg\",\"keywords\":[\"governo\",\"lideran\u00e7a\",\"lideran\u00e7as\",\"participa\u00e7\u00e3o\",\"pol\u00edtica\",\"PS\"],\"articleSection\":[\"Not\u00edcias\",\"Pol\u00edtica\"],\"inLanguage\":\"pt-PT\"},{\"@type\":\"WebPage\",\"@id\":\"https:\/\/portaltela.pt\/noticias\/2026\/03\/28\/miguel-costa-matos-apela-a-postura-firme-e-ao-respeito-proprio\/\",\"url\":\"https:\/\/portaltela.pt\/noticias\/2026\/03\/28\/miguel-costa-matos-apela-a-postura-firme-e-ao-respeito-proprio\/\",\"name\":\"Miguel Costa Matos apela a postura firme e ao respeito pr\u00f3prio - Portal Tela Portugal\",\"isPartOf\":{\"@id\":\"https:\/\/portaltela.pt\/#website\"},\"primaryImageOfPage\":{\"@id\":\"https:\/\/portaltela.pt\/noticias\/2026\/03\/28\/miguel-costa-matos-apela-a-postura-firme-e-ao-respeito-proprio\/#primaryimage\"},\"image\":{\"@id\":\"https:\/\/portaltela.pt\/noticias\/2026\/03\/28\/miguel-costa-matos-apela-a-postura-firme-e-ao-respeito-proprio\/#primaryimage\"},\"thumbnailUrl\":\"https:\/\/portaltela.pt\/s.01k8rhncp4jt1\/2026\/03\/7676e164-e04d-4ec6-a649-50d7c144523e_1200x675.jpg\",\"datePublished\":\"2026-03-28T18:07:00+00:00\",\"author\":{\"@id\":\"https:\/\/portaltela.pt\/#\/schema\/person\/c4278d4a6028830caff9ee44b42d32ed\"},\"breadcrumb\":{\"@id\":\"https:\/\/portaltela.pt\/noticias\/2026\/03\/28\/miguel-costa-matos-apela-a-postura-firme-e-ao-respeito-proprio\/#breadcrumb\"},\"inLanguage\":\"pt-PT\",\"potentialAction\":[{\"@type\":\"ReadAction\",\"target\":[\"https:\/\/portaltela.pt\/noticias\/2026\/03\/28\/miguel-costa-matos-apela-a-postura-firme-e-ao-respeito-proprio\/\"]}]},{\"@type\":\"ImageObject\",\"inLanguage\":\"pt-PT\",\"@id\":\"https:\/\/portaltela.pt\/noticias\/2026\/03\/28\/miguel-costa-matos-apela-a-postura-firme-e-ao-respeito-proprio\/#primaryimage\",\"url\":\"https:\/\/portaltela.pt\/s.01k8rhncp4jt1\/2026\/03\/7676e164-e04d-4ec6-a649-50d7c144523e_1200x675.jpg\",\"contentUrl\":\"https:\/\/portaltela.pt\/s.01k8rhncp4jt1\/2026\/03\/7676e164-e04d-4ec6-a649-50d7c144523e_1200x675.jpg\",\"width\":796,\"height\":448,\"caption\":\"Congresso do PS decorre em Viseu\"},{\"@type\":\"BreadcrumbList\",\"@id\":\"https:\/\/portaltela.pt\/noticias\/2026\/03\/28\/miguel-costa-matos-apela-a-postura-firme-e-ao-respeito-proprio\/#breadcrumb\",\"itemListElement\":[{\"@type\":\"ListItem\",\"position\":1,\"name\":\"In\u00edcio\",\"item\":\"https:\/\/portaltela.pt\/\"},{\"@type\":\"ListItem\",\"position\":2,\"name\":\"Miguel Costa Matos apela a postura firme e ao respeito pr\u00f3prio\"}]},{\"@type\":\"WebSite\",\"@id\":\"https:\/\/portaltela.pt\/#website\",\"url\":\"https:\/\/portaltela.pt\/\",\"name\":\"Portal Tela Portugal\",\"description\":\"\",\"potentialAction\":[{\"@type\":\"SearchAction\",\"target\":{\"@type\":\"EntryPoint\",\"urlTemplate\":\"https:\/\/portaltela.pt\/?s={search_term_string}\"},\"query-input\":{\"@type\":\"PropertyValueSpecification\",\"valueRequired\":true,\"valueName\":\"search_term_string\"}}],\"inLanguage\":\"pt-PT\"},{\"@type\":\"Person\",\"@id\":\"https:\/\/portaltela.pt\/#\/schema\/person\/c4278d4a6028830caff9ee44b42d32ed\",\"name\":\"Telinha\",\"image\":{\"@type\":\"ImageObject\",\"inLanguage\":\"pt-PT\",\"@id\":\"https:\/\/portaltela.pt\/s.01k8rhncp4jt1\/2025\/11\/talking-bot-125x125.png\",\"url\":\"https:\/\/portaltela.pt\/s.01k8rhncp4jt1\/2025\/11\/talking-bot-125x125.png\",\"contentUrl\":\"https:\/\/portaltela.pt\/s.01k8rhncp4jt1\/2025\/11\/talking-bot-125x125.png\",\"caption\":\"Telinha\"},\"sameAs\":[\"https:\/\/portaltela.pt\/\"],\"url\":\"https:\/\/portaltela.pt\/por\/367410592786\/\"}]}<\/script>\n<!-- \/ Yoast SEO plugin. -->","yoast_head_json":{"title":"Miguel Costa Matos apela a postura firme e ao respeito pr\u00f3prio - Portal Tela Portugal","robots":{"index":"index","follow":"follow","max-snippet":"max-snippet:-1","max-image-preview":"max-image-preview:large","max-video-preview":"max-video-preview:-1"},"og_locale":"pt_PT","og_type":"article","og_title":"Miguel Costa Matos apela a postura firme e ao respeito pr\u00f3prio - Portal Tela Portugal","og_description":"Miguel Costa Matos, deputado e ex-l\u00edder da juventude, pediu ao PS para ter uma postura mais forte com o Governo e dar respeito na rela\u00e7\u00e3o institucional. Defendeu que o partido deve ouvir os militantes e valorizar os autarcas, sem que a opini\u00e3o de um militante precise de chegar a deputado ou dirigente para contar. Em mo\u00e7\u00e3o setorial, afirmou que este \u00e9 um momento raro, sem elei\u00e7\u00f5es pr\u00f3ximas, e que o partido deve pensar a s\u00e9rio sobre si pr\u00f3prio, n\u00e3o apenas reagir ao desgaste do advers\u00e1rio. Reclamou que a pol\u00edtica do costume gera os mesmos resultados e pediu uma renova\u00e7\u00e3o com ideias novas, fortes e que deem voz aos quadros do PS. Filiado defendeu coer\u00eancia entre renova\u00e7\u00e3o interna e a rela\u00e7\u00e3o com o Governo, destacando a necessidade de passar de \u201cvamos ver\u201d para \u201cvamos fazer\u201d e afirmar claramente a diferen\u00e7a do partido.","og_url":"https:\/\/portaltela.pt\/noticias\/2026\/03\/28\/miguel-costa-matos-apela-a-postura-firme-e-ao-respeito-proprio\/","og_site_name":"Portal Tela Portugal","article_published_time":"2026-03-28T18:07:00+00:00","author":"Telinha","twitter_card":"summary_large_image","twitter_misc":{"Escrito por":"Telinha","Tempo estimado de leitura":"1 minuto"},"schema":{"@context":"https:\/\/schema.org","@graph":[{"@type":"Article","@id":"https:\/\/portaltela.pt\/noticias\/2026\/03\/28\/miguel-costa-matos-apela-a-postura-firme-e-ao-respeito-proprio\/#article","isPartOf":{"@id":"https:\/\/portaltela.pt\/noticias\/2026\/03\/28\/miguel-costa-matos-apela-a-postura-firme-e-ao-respeito-proprio\/"},"author":{"name":"Telinha","@id":"https:\/\/portaltela.pt\/#\/schema\/person\/c4278d4a6028830caff9ee44b42d32ed"},"headline":"Miguel Costa Matos apela a postura firme e ao respeito pr\u00f3prio","datePublished":"2026-03-28T18:07:00+00:00","mainEntityOfPage":{"@id":"https:\/\/portaltela.pt\/noticias\/2026\/03\/28\/miguel-costa-matos-apela-a-postura-firme-e-ao-respeito-proprio\/"},"wordCount":221,"image":{"@id":"https:\/\/portaltela.pt\/noticias\/2026\/03\/28\/miguel-costa-matos-apela-a-postura-firme-e-ao-respeito-proprio\/#primaryimage"},"thumbnailUrl":"https:\/\/portaltela.pt\/s.01k8rhncp4jt1\/2026\/03\/7676e164-e04d-4ec6-a649-50d7c144523e_1200x675.jpg","keywords":["governo","lideran\u00e7a","lideran\u00e7as","participa\u00e7\u00e3o","pol\u00edtica","PS"],"articleSection":["Not\u00edcias","Pol\u00edtica"],"inLanguage":"pt-PT"},{"@type":"WebPage","@id":"https:\/\/portaltela.pt\/noticias\/2026\/03\/28\/miguel-costa-matos-apela-a-postura-firme-e-ao-respeito-proprio\/","url":"https:\/\/portaltela.pt\/noticias\/2026\/03\/28\/miguel-costa-matos-apela-a-postura-firme-e-ao-respeito-proprio\/","name":"Miguel Costa Matos apela a postura firme e ao respeito pr\u00f3prio - Portal Tela Portugal","isPartOf":{"@id":"https:\/\/portaltela.pt\/#website"},"primaryImageOfPage":{"@id":"https:\/\/portaltela.pt\/noticias\/2026\/03\/28\/miguel-costa-matos-apela-a-postura-firme-e-ao-respeito-proprio\/#primaryimage"},"image":{"@id":"https:\/\/portaltela.pt\/noticias\/2026\/03\/28\/miguel-costa-matos-apela-a-postura-firme-e-ao-respeito-proprio\/#primaryimage"},"thumbnailUrl":"https:\/\/portaltela.pt\/s.01k8rhncp4jt1\/2026\/03\/7676e164-e04d-4ec6-a649-50d7c144523e_1200x675.jpg","datePublished":"2026-03-28T18:07:00+00:00","author":{"@id":"https:\/\/portaltela.pt\/#\/schema\/person\/c4278d4a6028830caff9ee44b42d32ed"},"breadcrumb":{"@id":"https:\/\/portaltela.pt\/noticias\/2026\/03\/28\/miguel-costa-matos-apela-a-postura-firme-e-ao-respeito-proprio\/#breadcrumb"},"inLanguage":"pt-PT","potentialAction":[{"@type":"ReadAction","target":["https:\/\/portaltela.pt\/noticias\/2026\/03\/28\/miguel-costa-matos-apela-a-postura-firme-e-ao-respeito-proprio\/"]}]},{"@type":"ImageObject","inLanguage":"pt-PT","@id":"https:\/\/portaltela.pt\/noticias\/2026\/03\/28\/miguel-costa-matos-apela-a-postura-firme-e-ao-respeito-proprio\/#primaryimage","url":"https:\/\/portaltela.pt\/s.01k8rhncp4jt1\/2026\/03\/7676e164-e04d-4ec6-a649-50d7c144523e_1200x675.jpg","contentUrl":"https:\/\/portaltela.pt\/s.01k8rhncp4jt1\/2026\/03\/7676e164-e04d-4ec6-a649-50d7c144523e_1200x675.jpg","width":796,"height":448,"caption":"Congresso do PS decorre em Viseu"},{"@type":"BreadcrumbList","@id":"https:\/\/portaltela.pt\/noticias\/2026\/03\/28\/miguel-costa-matos-apela-a-postura-firme-e-ao-respeito-proprio\/#breadcrumb","itemListElement":[{"@type":"ListItem","position":1,"name":"In\u00edcio","item":"https:\/\/portaltela.pt\/"},{"@type":"ListItem","position":2,"name":"Miguel Costa Matos apela a postura firme e ao respeito pr\u00f3prio"}]},{"@type":"WebSite","@id":"https:\/\/portaltela.pt\/#website","url":"https:\/\/portaltela.pt\/","name":"Portal Tela Portugal","description":"","potentialAction":[{"@type":"SearchAction","target":{"@type":"EntryPoint","urlTemplate":"https:\/\/portaltela.pt\/?s={search_term_string}"},"query-input":{"@type":"PropertyValueSpecification","valueRequired":true,"valueName":"search_term_string"}}],"inLanguage":"pt-PT"},{"@type":"Person","@id":"https:\/\/portaltela.pt\/#\/schema\/person\/c4278d4a6028830caff9ee44b42d32ed","name":"Telinha","image":{"@type":"ImageObject","inLanguage":"pt-PT","@id":"https:\/\/portaltela.pt\/s.01k8rhncp4jt1\/2025\/11\/talking-bot-125x125.png","url":"https:\/\/portaltela.pt\/s.01k8rhncp4jt1\/2025\/11\/talking-bot-125x125.png","contentUrl":"https:\/\/portaltela.pt\/s.01k8rhncp4jt1\/2025\/11\/talking-bot-125x125.png","caption":"Telinha"},"sameAs":["https:\/\/portaltela.pt\/"],"url":"https:\/\/portaltela.pt\/por\/367410592786\/"}]}},"_links":{"self":[{"href":"https:\/\/portaltela.pt\/api\/wp\/v2\/posts\/425226","targetHints":{"allow":["GET"]}}],"collection":[{"href":"https:\/\/portaltela.pt\/api\/wp\/v2\/posts"}],"about":[{"href":"https:\/\/portaltela.pt\/api\/wp\/v2\/types\/post"}],"author":[{"embeddable":true,"href":"https:\/\/portaltela.pt\/api\/wp\/v2\/users\/2"}],"replies":[{"embeddable":true,"href":"https:\/\/portaltela.pt\/api\/wp\/v2\/comments?post=425226"}],"version-history":[{"count":0,"href":"https:\/\/portaltela.pt\/api\/wp\/v2\/posts\/425226\/revisions"}],"wp:featuredmedia":[{"embeddable":true,"href":"https:\/\/portaltela.pt\/api\/wp\/v2\/media\/425228"}],"wp:attachment":[{"href":"https:\/\/portaltela.pt\/api\/wp\/v2\/media?parent=425226"}],"wp:term":[{"taxonomy":"category","embeddable":true,"href":"https:\/\/portaltela.pt\/api\/wp\/v2\/categories?post=425226"},{"taxonomy":"post_tag","embeddable":true,"href":"https:\/\/portaltela.pt\/api\/wp\/v2\/tags?post=425226"}],"curies":[{"name":"wp","href":"https:\/\/api.w.org\/{rel}","templated":true}]}}