{"id":425207,"date":"2026-03-28T14:53:00","date_gmt":"2026-03-28T17:53:00","guid":{"rendered":"https:\/\/portaltela.pt\/noticias\/2026\/03\/28\/mulher-ligada-a-branqueamento-de-capitais-e-sequestrada-apos-ficar-com-dinheiro\/"},"modified":"2026-03-28T14:53:00","modified_gmt":"2026-03-28T17:53:00","slug":"mulher-ligada-a-branqueamento-de-capitais-e-sequestrada-apos-ficar-com-dinheiro","status":"publish","type":"post","link":"https:\/\/portaltela.pt\/policia\/2026\/03\/28\/mulher-ligada-a-branqueamento-de-capitais-e-sequestrada-apos-ficar-com-dinheiro\/","title":{"rendered":"Mulher ligada a branqueamento de capitais \u00e9 sequestrada ap\u00f3s ficar com dinheiro"},"content":{"rendered":"<p>A Pol\u00edcia Judici\u00e1ria deteve na sexta-feira dois homens suspeitos de sequestrar, roubar e extorquir uma mulher na Covilh\u00e3, num caso ligado a um alegado esquema de branqueamento de capitais. A v\u00edtima ter\u00e1 fornecido quatro contas banc\u00e1rias aos suspeitos para dissiparem dinheiro proveniente de crimes de tr\u00e1fico de estupefacientes e burlas inform\u00e1ticas. O objetivo era facilitar a circula\u00e7\u00e3o dos montantes il\u00edcitos.<\/p>\n<p>Segundo a PJ, a mulher ter\u00e1 atuado em coniv\u00eancia com os suspeitos, apoderando-se de uma quantia elevada de dinheiro que n\u00e3o devolveu, o que motivou o crime. O sequestro e o roubo de equipamentos eletr\u00f3nicos ocorreram na resid\u00eancia da v\u00edtima, no seguimento da investiga\u00e7\u00e3o.<\/p>\n<p>A investiga\u00e7\u00e3o, conduzida pelo Departamento de Investiga\u00e7\u00e3o Criminal da Guarda em articula\u00e7\u00e3o com o Departamento de Investiga\u00e7\u00e3o e A\u00e7\u00e3o Penal de Castelo Branco, envolveu vigil\u00e2ncias que permitiram identificar os suspeitos. Foi cumprido um mandado de deten\u00e7\u00e3o, com uma segunda deten\u00e7\u00e3o em flagrante, e realizada uma busca domicili\u00e1ria resultando em um relevante acervo de prova.<\/p>\n<h3>Detidos e pr\u00f3ximo passo judicial<\/h3>\n<p>Os detidos v\u00e3o ser ouvidos no Tribunal do Fund\u00e3o para o primeiro interrogat\u00f3rio judicial e aplica\u00e7\u00e3o de medidas de coa\u00e7\u00e3o. A Pol\u00edcia Judici\u00e1ria n\u00e3o comenta detalhes adicionais, preservando a natureza do inqu\u00e9rito.<\/p>\n","protected":false},"excerpt":{"rendered":"<ul>\n<li>A Pol\u00edcia Judici\u00e1ria deteve, na Covilh\u00e3, dois homens suspeitos de sequestrar, roubar e extorquir uma mulher, no \u00e2mbito de um alegado esquema de branqueamento de capitais.<\/li>\n<li>A v\u00edtima ter\u00e1 fornecido quatro contas banc\u00e1rias aos suspeitos para dissiparem dinheiro obtido com tr\u00e1fico de estupefacientes e burlas inform\u00e1ticas, atuando como intermedi\u00e1ria na circula\u00e7\u00e3o dos montantes il\u00edcitos.<\/li>\n<li>Em determinado momento, a v\u00edtima, em coniv\u00eancia com os suspeitos, apoderou-se de uma quantia consider\u00e1vel de dinheiro que n\u00e3o devolveu, o que ter\u00e1 motivado o crime.<\/li>\n<li>Seguiu-se o sequestro e o roubo de equipamentos eletr\u00f3nicos na resid\u00eancia da v\u00edtima; a vigil\u00e2ncia policial permitiu identificar os suspeitos.<\/li>\n<li>Os detidos ser\u00e3o ouvidos no Tribunal do Fund\u00e3o para o primeiro interrogat\u00f3rio judicial e aplica\u00e7\u00e3o de medidas de coa\u00e7\u00e3o, ap\u00f3s uma busca domicili\u00e1ria que resultou na apreens\u00e3o de provas relevantes.<\/li>\n<\/ul>\n","protected":false},"author":2,"featured_media":425214,"comment_status":"closed","ping_status":"closed","sticky":false,"template":"","format":"standard","meta":{"footnotes":""},"categories":[6907,6781],"tags":[147,4068,769,203,1170,1442],"class_list":["post-425207","post","type-post","status-publish","format-standard","has-post-thumbnail","hentry","category-crime","category-policia","tag-crime","tag-extorsao","tag-lavagem-de-capitais","tag-roubo","tag-sequestro","tag-trafico-de-estupefacientes"],"yoast_head":"<!-- This site is optimized with the Yoast SEO plugin v27.2 - https:\/\/yoast.com\/product\/yoast-seo-wordpress\/ -->\n<title>Mulher ligada a branqueamento de capitais \u00e9 sequestrada ap\u00f3s ficar com dinheiro - Portal Tela Portugal<\/title>\n<meta name=\"robots\" content=\"index, follow, max-snippet:-1, max-image-preview:large, max-video-preview:-1\" \/>\n<meta property=\"og:locale\" content=\"pt_PT\" \/>\n<meta property=\"og:type\" content=\"article\" \/>\n<meta property=\"og:title\" content=\"Mulher ligada a branqueamento de capitais \u00e9 sequestrada ap\u00f3s ficar com dinheiro - Portal Tela Portugal\" \/>\n<meta property=\"og:description\" content=\"A Pol\u00edcia Judici\u00e1ria deteve, na Covilh\u00e3, dois homens suspeitos de sequestrar, roubar e extorquir uma mulher, no \u00e2mbito de um alegado esquema de branqueamento de capitais. A v\u00edtima ter\u00e1 fornecido quatro contas banc\u00e1rias aos suspeitos para dissiparem dinheiro obtido com tr\u00e1fico de estupefacientes e burlas inform\u00e1ticas, atuando como intermedi\u00e1ria na circula\u00e7\u00e3o dos montantes il\u00edcitos. Em determinado momento, a v\u00edtima, em coniv\u00eancia com os suspeitos, apoderou-se de uma quantia consider\u00e1vel de dinheiro que n\u00e3o devolveu, o que ter\u00e1 motivado o crime. Seguiu-se o sequestro e o roubo de equipamentos eletr\u00f3nicos na resid\u00eancia da v\u00edtima; a vigil\u00e2ncia policial permitiu identificar os suspeitos. Os detidos ser\u00e3o ouvidos no Tribunal do Fund\u00e3o para o primeiro interrogat\u00f3rio judicial e aplica\u00e7\u00e3o de medidas de coa\u00e7\u00e3o, ap\u00f3s uma busca domicili\u00e1ria que resultou na apreens\u00e3o de provas relevantes.\" \/>\n<meta property=\"og:url\" content=\"https:\/\/portaltela.pt\/noticias\/2026\/03\/28\/mulher-ligada-a-branqueamento-de-capitais-e-sequestrada-apos-ficar-com-dinheiro\/\" \/>\n<meta property=\"og:site_name\" content=\"Portal Tela Portugal\" \/>\n<meta property=\"article:published_time\" content=\"2026-03-28T17:53:00+00:00\" \/>\n<meta name=\"author\" content=\"Telinha\" \/>\n<meta name=\"twitter:card\" content=\"summary_large_image\" \/>\n<meta name=\"twitter:label1\" content=\"Escrito por\" \/>\n\t<meta name=\"twitter:data1\" content=\"Telinha\" \/>\n\t<meta name=\"twitter:label2\" content=\"Tempo estimado de leitura\" \/>\n\t<meta name=\"twitter:data2\" content=\"1 minuto\" \/>\n<script type=\"application\/ld+json\" class=\"yoast-schema-graph\">{\"@context\":\"https:\/\/schema.org\",\"@graph\":[{\"@type\":\"Article\",\"@id\":\"https:\/\/portaltela.pt\/noticias\/2026\/03\/28\/mulher-ligada-a-branqueamento-de-capitais-e-sequestrada-apos-ficar-com-dinheiro\/#article\",\"isPartOf\":{\"@id\":\"https:\/\/portaltela.pt\/noticias\/2026\/03\/28\/mulher-ligada-a-branqueamento-de-capitais-e-sequestrada-apos-ficar-com-dinheiro\/\"},\"author\":{\"name\":\"Telinha\",\"@id\":\"https:\/\/portaltela.pt\/#\/schema\/person\/c4278d4a6028830caff9ee44b42d32ed\"},\"headline\":\"Mulher ligada a branqueamento de capitais \u00e9 sequestrada ap\u00f3s ficar com dinheiro\",\"datePublished\":\"2026-03-28T17:53:00+00:00\",\"mainEntityOfPage\":{\"@id\":\"https:\/\/portaltela.pt\/noticias\/2026\/03\/28\/mulher-ligada-a-branqueamento-de-capitais-e-sequestrada-apos-ficar-com-dinheiro\/\"},\"wordCount\":240,\"image\":{\"@id\":\"https:\/\/portaltela.pt\/noticias\/2026\/03\/28\/mulher-ligada-a-branqueamento-de-capitais-e-sequestrada-apos-ficar-com-dinheiro\/#primaryimage\"},\"thumbnailUrl\":\"https:\/\/portaltela.pt\/s.01k8rhncp4jt1\/2026\/03\/image-1689.jpg\",\"keywords\":[\"crime\",\"extors\u00e3o\",\"lavagem de capitais\",\"roubo\",\"sequestro\",\"tr\u00e1fico de estupefacientes\"],\"articleSection\":[\"Crime\",\"Pol\u00edcia\"],\"inLanguage\":\"pt-PT\"},{\"@type\":\"WebPage\",\"@id\":\"https:\/\/portaltela.pt\/noticias\/2026\/03\/28\/mulher-ligada-a-branqueamento-de-capitais-e-sequestrada-apos-ficar-com-dinheiro\/\",\"url\":\"https:\/\/portaltela.pt\/noticias\/2026\/03\/28\/mulher-ligada-a-branqueamento-de-capitais-e-sequestrada-apos-ficar-com-dinheiro\/\",\"name\":\"Mulher ligada a branqueamento de capitais \u00e9 sequestrada ap\u00f3s ficar com dinheiro - Portal Tela Portugal\",\"isPartOf\":{\"@id\":\"https:\/\/portaltela.pt\/#website\"},\"primaryImageOfPage\":{\"@id\":\"https:\/\/portaltela.pt\/noticias\/2026\/03\/28\/mulher-ligada-a-branqueamento-de-capitais-e-sequestrada-apos-ficar-com-dinheiro\/#primaryimage\"},\"image\":{\"@id\":\"https:\/\/portaltela.pt\/noticias\/2026\/03\/28\/mulher-ligada-a-branqueamento-de-capitais-e-sequestrada-apos-ficar-com-dinheiro\/#primaryimage\"},\"thumbnailUrl\":\"https:\/\/portaltela.pt\/s.01k8rhncp4jt1\/2026\/03\/image-1689.jpg\",\"datePublished\":\"2026-03-28T17:53:00+00:00\",\"author\":{\"@id\":\"https:\/\/portaltela.pt\/#\/schema\/person\/c4278d4a6028830caff9ee44b42d32ed\"},\"breadcrumb\":{\"@id\":\"https:\/\/portaltela.pt\/noticias\/2026\/03\/28\/mulher-ligada-a-branqueamento-de-capitais-e-sequestrada-apos-ficar-com-dinheiro\/#breadcrumb\"},\"inLanguage\":\"pt-PT\",\"potentialAction\":[{\"@type\":\"ReadAction\",\"target\":[\"https:\/\/portaltela.pt\/noticias\/2026\/03\/28\/mulher-ligada-a-branqueamento-de-capitais-e-sequestrada-apos-ficar-com-dinheiro\/\"]}]},{\"@type\":\"ImageObject\",\"inLanguage\":\"pt-PT\",\"@id\":\"https:\/\/portaltela.pt\/noticias\/2026\/03\/28\/mulher-ligada-a-branqueamento-de-capitais-e-sequestrada-apos-ficar-com-dinheiro\/#primaryimage\",\"url\":\"https:\/\/portaltela.pt\/s.01k8rhncp4jt1\/2026\/03\/image-1689.jpg\",\"contentUrl\":\"https:\/\/portaltela.pt\/s.01k8rhncp4jt1\/2026\/03\/image-1689.jpg\",\"width\":796,\"height\":448,\"caption\":\"Judici\u00e1ria deteve dois homens, suspeitos de sequestro, na Covilh\u00e3\"},{\"@type\":\"BreadcrumbList\",\"@id\":\"https:\/\/portaltela.pt\/noticias\/2026\/03\/28\/mulher-ligada-a-branqueamento-de-capitais-e-sequestrada-apos-ficar-com-dinheiro\/#breadcrumb\",\"itemListElement\":[{\"@type\":\"ListItem\",\"position\":1,\"name\":\"In\u00edcio\",\"item\":\"https:\/\/portaltela.pt\/\"},{\"@type\":\"ListItem\",\"position\":2,\"name\":\"Mulher ligada a branqueamento de capitais \u00e9 sequestrada ap\u00f3s ficar com dinheiro\"}]},{\"@type\":\"WebSite\",\"@id\":\"https:\/\/portaltela.pt\/#website\",\"url\":\"https:\/\/portaltela.pt\/\",\"name\":\"Portal Tela Portugal\",\"description\":\"\",\"potentialAction\":[{\"@type\":\"SearchAction\",\"target\":{\"@type\":\"EntryPoint\",\"urlTemplate\":\"https:\/\/portaltela.pt\/?s={search_term_string}\"},\"query-input\":{\"@type\":\"PropertyValueSpecification\",\"valueRequired\":true,\"valueName\":\"search_term_string\"}}],\"inLanguage\":\"pt-PT\"},{\"@type\":\"Person\",\"@id\":\"https:\/\/portaltela.pt\/#\/schema\/person\/c4278d4a6028830caff9ee44b42d32ed\",\"name\":\"Telinha\",\"image\":{\"@type\":\"ImageObject\",\"inLanguage\":\"pt-PT\",\"@id\":\"https:\/\/portaltela.pt\/s.01k8rhncp4jt1\/2025\/11\/talking-bot-125x125.png\",\"url\":\"https:\/\/portaltela.pt\/s.01k8rhncp4jt1\/2025\/11\/talking-bot-125x125.png\",\"contentUrl\":\"https:\/\/portaltela.pt\/s.01k8rhncp4jt1\/2025\/11\/talking-bot-125x125.png\",\"caption\":\"Telinha\"},\"sameAs\":[\"https:\/\/portaltela.pt\/\"],\"url\":\"https:\/\/portaltela.pt\/por\/367410592786\/\"}]}<\/script>\n<!-- \/ Yoast SEO plugin. -->","yoast_head_json":{"title":"Mulher ligada a branqueamento de capitais \u00e9 sequestrada ap\u00f3s ficar com dinheiro - Portal Tela Portugal","robots":{"index":"index","follow":"follow","max-snippet":"max-snippet:-1","max-image-preview":"max-image-preview:large","max-video-preview":"max-video-preview:-1"},"og_locale":"pt_PT","og_type":"article","og_title":"Mulher ligada a branqueamento de capitais \u00e9 sequestrada ap\u00f3s ficar com dinheiro - Portal Tela Portugal","og_description":"A Pol\u00edcia Judici\u00e1ria deteve, na Covilh\u00e3, dois homens suspeitos de sequestrar, roubar e extorquir uma mulher, no \u00e2mbito de um alegado esquema de branqueamento de capitais. A v\u00edtima ter\u00e1 fornecido quatro contas banc\u00e1rias aos suspeitos para dissiparem dinheiro obtido com tr\u00e1fico de estupefacientes e burlas inform\u00e1ticas, atuando como intermedi\u00e1ria na circula\u00e7\u00e3o dos montantes il\u00edcitos. Em determinado momento, a v\u00edtima, em coniv\u00eancia com os suspeitos, apoderou-se de uma quantia consider\u00e1vel de dinheiro que n\u00e3o devolveu, o que ter\u00e1 motivado o crime. Seguiu-se o sequestro e o roubo de equipamentos eletr\u00f3nicos na resid\u00eancia da v\u00edtima; a vigil\u00e2ncia policial permitiu identificar os suspeitos. Os detidos ser\u00e3o ouvidos no Tribunal do Fund\u00e3o para o primeiro interrogat\u00f3rio judicial e aplica\u00e7\u00e3o de medidas de coa\u00e7\u00e3o, ap\u00f3s uma busca domicili\u00e1ria que resultou na apreens\u00e3o de provas relevantes.","og_url":"https:\/\/portaltela.pt\/noticias\/2026\/03\/28\/mulher-ligada-a-branqueamento-de-capitais-e-sequestrada-apos-ficar-com-dinheiro\/","og_site_name":"Portal Tela Portugal","article_published_time":"2026-03-28T17:53:00+00:00","author":"Telinha","twitter_card":"summary_large_image","twitter_misc":{"Escrito por":"Telinha","Tempo estimado de leitura":"1 minuto"},"schema":{"@context":"https:\/\/schema.org","@graph":[{"@type":"Article","@id":"https:\/\/portaltela.pt\/noticias\/2026\/03\/28\/mulher-ligada-a-branqueamento-de-capitais-e-sequestrada-apos-ficar-com-dinheiro\/#article","isPartOf":{"@id":"https:\/\/portaltela.pt\/noticias\/2026\/03\/28\/mulher-ligada-a-branqueamento-de-capitais-e-sequestrada-apos-ficar-com-dinheiro\/"},"author":{"name":"Telinha","@id":"https:\/\/portaltela.pt\/#\/schema\/person\/c4278d4a6028830caff9ee44b42d32ed"},"headline":"Mulher ligada a branqueamento de capitais \u00e9 sequestrada ap\u00f3s ficar com dinheiro","datePublished":"2026-03-28T17:53:00+00:00","mainEntityOfPage":{"@id":"https:\/\/portaltela.pt\/noticias\/2026\/03\/28\/mulher-ligada-a-branqueamento-de-capitais-e-sequestrada-apos-ficar-com-dinheiro\/"},"wordCount":240,"image":{"@id":"https:\/\/portaltela.pt\/noticias\/2026\/03\/28\/mulher-ligada-a-branqueamento-de-capitais-e-sequestrada-apos-ficar-com-dinheiro\/#primaryimage"},"thumbnailUrl":"https:\/\/portaltela.pt\/s.01k8rhncp4jt1\/2026\/03\/image-1689.jpg","keywords":["crime","extors\u00e3o","lavagem de capitais","roubo","sequestro","tr\u00e1fico de estupefacientes"],"articleSection":["Crime","Pol\u00edcia"],"inLanguage":"pt-PT"},{"@type":"WebPage","@id":"https:\/\/portaltela.pt\/noticias\/2026\/03\/28\/mulher-ligada-a-branqueamento-de-capitais-e-sequestrada-apos-ficar-com-dinheiro\/","url":"https:\/\/portaltela.pt\/noticias\/2026\/03\/28\/mulher-ligada-a-branqueamento-de-capitais-e-sequestrada-apos-ficar-com-dinheiro\/","name":"Mulher ligada a branqueamento de capitais \u00e9 sequestrada ap\u00f3s ficar com dinheiro - Portal Tela Portugal","isPartOf":{"@id":"https:\/\/portaltela.pt\/#website"},"primaryImageOfPage":{"@id":"https:\/\/portaltela.pt\/noticias\/2026\/03\/28\/mulher-ligada-a-branqueamento-de-capitais-e-sequestrada-apos-ficar-com-dinheiro\/#primaryimage"},"image":{"@id":"https:\/\/portaltela.pt\/noticias\/2026\/03\/28\/mulher-ligada-a-branqueamento-de-capitais-e-sequestrada-apos-ficar-com-dinheiro\/#primaryimage"},"thumbnailUrl":"https:\/\/portaltela.pt\/s.01k8rhncp4jt1\/2026\/03\/image-1689.jpg","datePublished":"2026-03-28T17:53:00+00:00","author":{"@id":"https:\/\/portaltela.pt\/#\/schema\/person\/c4278d4a6028830caff9ee44b42d32ed"},"breadcrumb":{"@id":"https:\/\/portaltela.pt\/noticias\/2026\/03\/28\/mulher-ligada-a-branqueamento-de-capitais-e-sequestrada-apos-ficar-com-dinheiro\/#breadcrumb"},"inLanguage":"pt-PT","potentialAction":[{"@type":"ReadAction","target":["https:\/\/portaltela.pt\/noticias\/2026\/03\/28\/mulher-ligada-a-branqueamento-de-capitais-e-sequestrada-apos-ficar-com-dinheiro\/"]}]},{"@type":"ImageObject","inLanguage":"pt-PT","@id":"https:\/\/portaltela.pt\/noticias\/2026\/03\/28\/mulher-ligada-a-branqueamento-de-capitais-e-sequestrada-apos-ficar-com-dinheiro\/#primaryimage","url":"https:\/\/portaltela.pt\/s.01k8rhncp4jt1\/2026\/03\/image-1689.jpg","contentUrl":"https:\/\/portaltela.pt\/s.01k8rhncp4jt1\/2026\/03\/image-1689.jpg","width":796,"height":448,"caption":"Judici\u00e1ria deteve dois homens, suspeitos de sequestro, na Covilh\u00e3"},{"@type":"BreadcrumbList","@id":"https:\/\/portaltela.pt\/noticias\/2026\/03\/28\/mulher-ligada-a-branqueamento-de-capitais-e-sequestrada-apos-ficar-com-dinheiro\/#breadcrumb","itemListElement":[{"@type":"ListItem","position":1,"name":"In\u00edcio","item":"https:\/\/portaltela.pt\/"},{"@type":"ListItem","position":2,"name":"Mulher ligada a branqueamento de capitais \u00e9 sequestrada ap\u00f3s ficar com dinheiro"}]},{"@type":"WebSite","@id":"https:\/\/portaltela.pt\/#website","url":"https:\/\/portaltela.pt\/","name":"Portal Tela Portugal","description":"","potentialAction":[{"@type":"SearchAction","target":{"@type":"EntryPoint","urlTemplate":"https:\/\/portaltela.pt\/?s={search_term_string}"},"query-input":{"@type":"PropertyValueSpecification","valueRequired":true,"valueName":"search_term_string"}}],"inLanguage":"pt-PT"},{"@type":"Person","@id":"https:\/\/portaltela.pt\/#\/schema\/person\/c4278d4a6028830caff9ee44b42d32ed","name":"Telinha","image":{"@type":"ImageObject","inLanguage":"pt-PT","@id":"https:\/\/portaltela.pt\/s.01k8rhncp4jt1\/2025\/11\/talking-bot-125x125.png","url":"https:\/\/portaltela.pt\/s.01k8rhncp4jt1\/2025\/11\/talking-bot-125x125.png","contentUrl":"https:\/\/portaltela.pt\/s.01k8rhncp4jt1\/2025\/11\/talking-bot-125x125.png","caption":"Telinha"},"sameAs":["https:\/\/portaltela.pt\/"],"url":"https:\/\/portaltela.pt\/por\/367410592786\/"}]}},"_links":{"self":[{"href":"https:\/\/portaltela.pt\/api\/wp\/v2\/posts\/425207","targetHints":{"allow":["GET"]}}],"collection":[{"href":"https:\/\/portaltela.pt\/api\/wp\/v2\/posts"}],"about":[{"href":"https:\/\/portaltela.pt\/api\/wp\/v2\/types\/post"}],"author":[{"embeddable":true,"href":"https:\/\/portaltela.pt\/api\/wp\/v2\/users\/2"}],"replies":[{"embeddable":true,"href":"https:\/\/portaltela.pt\/api\/wp\/v2\/comments?post=425207"}],"version-history":[{"count":0,"href":"https:\/\/portaltela.pt\/api\/wp\/v2\/posts\/425207\/revisions"}],"wp:featuredmedia":[{"embeddable":true,"href":"https:\/\/portaltela.pt\/api\/wp\/v2\/media\/425214"}],"wp:attachment":[{"href":"https:\/\/portaltela.pt\/api\/wp\/v2\/media?parent=425207"}],"wp:term":[{"taxonomy":"category","embeddable":true,"href":"https:\/\/portaltela.pt\/api\/wp\/v2\/categories?post=425207"},{"taxonomy":"post_tag","embeddable":true,"href":"https:\/\/portaltela.pt\/api\/wp\/v2\/tags?post=425207"}],"curies":[{"name":"wp","href":"https:\/\/api.w.org\/{rel}","templated":true}]}}