{"id":425202,"date":"2026-03-28T14:48:00","date_gmt":"2026-03-28T17:48:00","guid":{"rendered":"https:\/\/portaltela.pt\/noticias\/2026\/03\/28\/miguel-oliveira-conquista-primeiro-podio-nas-superbikes-em-casa\/"},"modified":"2026-03-28T14:48:00","modified_gmt":"2026-03-28T17:48:00","slug":"miguel-oliveira-conquista-primeiro-podio-nas-superbikes-em-casa","status":"publish","type":"post","link":"https:\/\/portaltela.pt\/desporto\/futebol\/2026\/03\/28\/miguel-oliveira-conquista-primeiro-podio-nas-superbikes-em-casa\/","title":{"rendered":"Miguel Oliveira conquista primeiro p\u00f3dio nas Superbikes em casa"},"content":{"rendered":"<p>Miguel Oliveira afirmou que o seu primeiro p\u00f3dio nas Superbikes \u00e9 especial por ter acontecido em casa.<\/p>\n<p>A not\u00edcia divulgada indica que o feito veio com a participa\u00e7\u00e3o do piloto e a relev\u00e2ncia \u00e9 ligada ao contexto dom\u00e9stico.<\/p>\n<p>O conte\u00fado completo da mat\u00e9ria encontra-se dispon\u00edvel apenas para subscritores, limitando detalhes adicionais.<\/p>\n","protected":false},"excerpt":{"rendered":"<ul>\n<li>Miguel Oliveira disse que o primeiro p\u00f3dio nas Superbikes \u00e9 especial por ter acontecido em casa.<\/li>\n<li>A declara\u00e7\u00e3o destaca o factor emocional de obter o resultado em territ\u00f3rio nacional.<\/li>\n<li>O texto n\u00e3o fornece detalhes adicionais sobre a corrida ou posi\u00e7\u00e3o exata.<\/li>\n<li>A not\u00edcia indica apenas que o conte\u00fado completo est\u00e1 dispon\u00edvel apenas para subscritores.<\/li>\n<\/ul>\n","protected":false},"author":2,"featured_media":425206,"comment_status":"closed","ping_status":"closed","sticky":false,"template":"","format":"standard","meta":{"footnotes":""},"categories":[21,24],"tags":[152,5060,7589,1014],"class_list":["post-425202","post","type-post","status-publish","format-standard","has-post-thumbnail","hentry","category-desporto","category-futebol","tag-desporto","tag-desporto-motorizados","tag-podios","tag-portugal"],"yoast_head":"<!-- This site is optimized with the Yoast SEO plugin v27.2 - https:\/\/yoast.com\/product\/yoast-seo-wordpress\/ -->\n<title>Miguel Oliveira conquista primeiro p\u00f3dio nas Superbikes em casa - Portal Tela Portugal<\/title>\n<meta name=\"robots\" content=\"index, follow, max-snippet:-1, max-image-preview:large, max-video-preview:-1\" \/>\n<meta property=\"og:locale\" content=\"pt_PT\" \/>\n<meta property=\"og:type\" content=\"article\" \/>\n<meta property=\"og:title\" content=\"Miguel Oliveira conquista primeiro p\u00f3dio nas Superbikes em casa - Portal Tela Portugal\" \/>\n<meta property=\"og:description\" content=\"Miguel Oliveira disse que o primeiro p\u00f3dio nas Superbikes \u00e9 especial por ter acontecido em casa. A declara\u00e7\u00e3o destaca o factor emocional de obter o resultado em territ\u00f3rio nacional. O texto n\u00e3o fornece detalhes adicionais sobre a corrida ou posi\u00e7\u00e3o exata. A not\u00edcia indica apenas que o conte\u00fado completo est\u00e1 dispon\u00edvel apenas para subscritores.\" \/>\n<meta property=\"og:url\" content=\"https:\/\/portaltela.pt\/noticias\/2026\/03\/28\/miguel-oliveira-conquista-primeiro-podio-nas-superbikes-em-casa\/\" \/>\n<meta property=\"og:site_name\" content=\"Portal Tela Portugal\" \/>\n<meta property=\"article:published_time\" content=\"2026-03-28T17:48:00+00:00\" \/>\n<meta name=\"author\" content=\"Telinha\" \/>\n<meta name=\"twitter:card\" content=\"summary_large_image\" \/>\n<meta name=\"twitter:label1\" content=\"Escrito por\" \/>\n\t<meta name=\"twitter:data1\" content=\"Telinha\" \/>\n<script type=\"application\/ld+json\" class=\"yoast-schema-graph\">{\"@context\":\"https:\/\/schema.org\",\"@graph\":[{\"@type\":\"Article\",\"@id\":\"https:\/\/portaltela.pt\/noticias\/2026\/03\/28\/miguel-oliveira-conquista-primeiro-podio-nas-superbikes-em-casa\/#article\",\"isPartOf\":{\"@id\":\"https:\/\/portaltela.pt\/noticias\/2026\/03\/28\/miguel-oliveira-conquista-primeiro-podio-nas-superbikes-em-casa\/\"},\"author\":{\"name\":\"Telinha\",\"@id\":\"https:\/\/portaltela.pt\/#\/schema\/person\/c4278d4a6028830caff9ee44b42d32ed\"},\"headline\":\"Miguel Oliveira conquista primeiro p\u00f3dio nas Superbikes em casa\",\"datePublished\":\"2026-03-28T17:48:00+00:00\",\"mainEntityOfPage\":{\"@id\":\"https:\/\/portaltela.pt\/noticias\/2026\/03\/28\/miguel-oliveira-conquista-primeiro-podio-nas-superbikes-em-casa\/\"},\"wordCount\":67,\"image\":{\"@id\":\"https:\/\/portaltela.pt\/noticias\/2026\/03\/28\/miguel-oliveira-conquista-primeiro-podio-nas-superbikes-em-casa\/#primaryimage\"},\"thumbnailUrl\":\"https:\/\/portaltela.pt\/s.01k8rhncp4jt1\/2026\/03\/CACHE_780X1200_ANALOG_WATERMARKED_46842795_5395876_28032026054136.jpg\",\"keywords\":[\"desporto\",\"Desporto Motorizados\",\"p\u00f3dios\",\"Portugal\"],\"articleSection\":[\"Desporto\",\"Futebol\"],\"inLanguage\":\"pt-PT\"},{\"@type\":\"WebPage\",\"@id\":\"https:\/\/portaltela.pt\/noticias\/2026\/03\/28\/miguel-oliveira-conquista-primeiro-podio-nas-superbikes-em-casa\/\",\"url\":\"https:\/\/portaltela.pt\/noticias\/2026\/03\/28\/miguel-oliveira-conquista-primeiro-podio-nas-superbikes-em-casa\/\",\"name\":\"Miguel Oliveira conquista primeiro p\u00f3dio nas Superbikes em casa - Portal Tela Portugal\",\"isPartOf\":{\"@id\":\"https:\/\/portaltela.pt\/#website\"},\"primaryImageOfPage\":{\"@id\":\"https:\/\/portaltela.pt\/noticias\/2026\/03\/28\/miguel-oliveira-conquista-primeiro-podio-nas-superbikes-em-casa\/#primaryimage\"},\"image\":{\"@id\":\"https:\/\/portaltela.pt\/noticias\/2026\/03\/28\/miguel-oliveira-conquista-primeiro-podio-nas-superbikes-em-casa\/#primaryimage\"},\"thumbnailUrl\":\"https:\/\/portaltela.pt\/s.01k8rhncp4jt1\/2026\/03\/CACHE_780X1200_ANALOG_WATERMARKED_46842795_5395876_28032026054136.jpg\",\"datePublished\":\"2026-03-28T17:48:00+00:00\",\"author\":{\"@id\":\"https:\/\/portaltela.pt\/#\/schema\/person\/c4278d4a6028830caff9ee44b42d32ed\"},\"breadcrumb\":{\"@id\":\"https:\/\/portaltela.pt\/noticias\/2026\/03\/28\/miguel-oliveira-conquista-primeiro-podio-nas-superbikes-em-casa\/#breadcrumb\"},\"inLanguage\":\"pt-PT\",\"potentialAction\":[{\"@type\":\"ReadAction\",\"target\":[\"https:\/\/portaltela.pt\/noticias\/2026\/03\/28\/miguel-oliveira-conquista-primeiro-podio-nas-superbikes-em-casa\/\"]}]},{\"@type\":\"ImageObject\",\"inLanguage\":\"pt-PT\",\"@id\":\"https:\/\/portaltela.pt\/noticias\/2026\/03\/28\/miguel-oliveira-conquista-primeiro-podio-nas-superbikes-em-casa\/#primaryimage\",\"url\":\"https:\/\/portaltela.pt\/s.01k8rhncp4jt1\/2026\/03\/CACHE_780X1200_ANALOG_WATERMARKED_46842795_5395876_28032026054136.jpg\",\"contentUrl\":\"https:\/\/portaltela.pt\/s.01k8rhncp4jt1\/2026\/03\/CACHE_780X1200_ANALOG_WATERMARKED_46842795_5395876_28032026054136.jpg\",\"width\":796,\"height\":448,\"caption\":\"Miguel Oliveira diz que primeiro p\u00f3dio nas Superbikes \u00e9 especial por ser em casa\"},{\"@type\":\"BreadcrumbList\",\"@id\":\"https:\/\/portaltela.pt\/noticias\/2026\/03\/28\/miguel-oliveira-conquista-primeiro-podio-nas-superbikes-em-casa\/#breadcrumb\",\"itemListElement\":[{\"@type\":\"ListItem\",\"position\":1,\"name\":\"In\u00edcio\",\"item\":\"https:\/\/portaltela.pt\/\"},{\"@type\":\"ListItem\",\"position\":2,\"name\":\"Miguel Oliveira conquista primeiro p\u00f3dio nas Superbikes em casa\"}]},{\"@type\":\"WebSite\",\"@id\":\"https:\/\/portaltela.pt\/#website\",\"url\":\"https:\/\/portaltela.pt\/\",\"name\":\"Portal Tela Portugal\",\"description\":\"\",\"potentialAction\":[{\"@type\":\"SearchAction\",\"target\":{\"@type\":\"EntryPoint\",\"urlTemplate\":\"https:\/\/portaltela.pt\/?s={search_term_string}\"},\"query-input\":{\"@type\":\"PropertyValueSpecification\",\"valueRequired\":true,\"valueName\":\"search_term_string\"}}],\"inLanguage\":\"pt-PT\"},{\"@type\":\"Person\",\"@id\":\"https:\/\/portaltela.pt\/#\/schema\/person\/c4278d4a6028830caff9ee44b42d32ed\",\"name\":\"Telinha\",\"image\":{\"@type\":\"ImageObject\",\"inLanguage\":\"pt-PT\",\"@id\":\"https:\/\/portaltela.pt\/s.01k8rhncp4jt1\/2025\/11\/talking-bot-125x125.png\",\"url\":\"https:\/\/portaltela.pt\/s.01k8rhncp4jt1\/2025\/11\/talking-bot-125x125.png\",\"contentUrl\":\"https:\/\/portaltela.pt\/s.01k8rhncp4jt1\/2025\/11\/talking-bot-125x125.png\",\"caption\":\"Telinha\"},\"sameAs\":[\"https:\/\/portaltela.pt\/\"],\"url\":\"https:\/\/portaltela.pt\/por\/367410592786\/\"}]}<\/script>\n<!-- \/ Yoast SEO plugin. -->","yoast_head_json":{"title":"Miguel Oliveira conquista primeiro p\u00f3dio nas Superbikes em casa - Portal Tela Portugal","robots":{"index":"index","follow":"follow","max-snippet":"max-snippet:-1","max-image-preview":"max-image-preview:large","max-video-preview":"max-video-preview:-1"},"og_locale":"pt_PT","og_type":"article","og_title":"Miguel Oliveira conquista primeiro p\u00f3dio nas Superbikes em casa - Portal Tela Portugal","og_description":"Miguel Oliveira disse que o primeiro p\u00f3dio nas Superbikes \u00e9 especial por ter acontecido em casa. A declara\u00e7\u00e3o destaca o factor emocional de obter o resultado em territ\u00f3rio nacional. O texto n\u00e3o fornece detalhes adicionais sobre a corrida ou posi\u00e7\u00e3o exata. A not\u00edcia indica apenas que o conte\u00fado completo est\u00e1 dispon\u00edvel apenas para subscritores.","og_url":"https:\/\/portaltela.pt\/noticias\/2026\/03\/28\/miguel-oliveira-conquista-primeiro-podio-nas-superbikes-em-casa\/","og_site_name":"Portal Tela Portugal","article_published_time":"2026-03-28T17:48:00+00:00","author":"Telinha","twitter_card":"summary_large_image","twitter_misc":{"Escrito por":"Telinha"},"schema":{"@context":"https:\/\/schema.org","@graph":[{"@type":"Article","@id":"https:\/\/portaltela.pt\/noticias\/2026\/03\/28\/miguel-oliveira-conquista-primeiro-podio-nas-superbikes-em-casa\/#article","isPartOf":{"@id":"https:\/\/portaltela.pt\/noticias\/2026\/03\/28\/miguel-oliveira-conquista-primeiro-podio-nas-superbikes-em-casa\/"},"author":{"name":"Telinha","@id":"https:\/\/portaltela.pt\/#\/schema\/person\/c4278d4a6028830caff9ee44b42d32ed"},"headline":"Miguel Oliveira conquista primeiro p\u00f3dio nas Superbikes em casa","datePublished":"2026-03-28T17:48:00+00:00","mainEntityOfPage":{"@id":"https:\/\/portaltela.pt\/noticias\/2026\/03\/28\/miguel-oliveira-conquista-primeiro-podio-nas-superbikes-em-casa\/"},"wordCount":67,"image":{"@id":"https:\/\/portaltela.pt\/noticias\/2026\/03\/28\/miguel-oliveira-conquista-primeiro-podio-nas-superbikes-em-casa\/#primaryimage"},"thumbnailUrl":"https:\/\/portaltela.pt\/s.01k8rhncp4jt1\/2026\/03\/CACHE_780X1200_ANALOG_WATERMARKED_46842795_5395876_28032026054136.jpg","keywords":["desporto","Desporto Motorizados","p\u00f3dios","Portugal"],"articleSection":["Desporto","Futebol"],"inLanguage":"pt-PT"},{"@type":"WebPage","@id":"https:\/\/portaltela.pt\/noticias\/2026\/03\/28\/miguel-oliveira-conquista-primeiro-podio-nas-superbikes-em-casa\/","url":"https:\/\/portaltela.pt\/noticias\/2026\/03\/28\/miguel-oliveira-conquista-primeiro-podio-nas-superbikes-em-casa\/","name":"Miguel Oliveira conquista primeiro p\u00f3dio nas Superbikes em casa - Portal Tela Portugal","isPartOf":{"@id":"https:\/\/portaltela.pt\/#website"},"primaryImageOfPage":{"@id":"https:\/\/portaltela.pt\/noticias\/2026\/03\/28\/miguel-oliveira-conquista-primeiro-podio-nas-superbikes-em-casa\/#primaryimage"},"image":{"@id":"https:\/\/portaltela.pt\/noticias\/2026\/03\/28\/miguel-oliveira-conquista-primeiro-podio-nas-superbikes-em-casa\/#primaryimage"},"thumbnailUrl":"https:\/\/portaltela.pt\/s.01k8rhncp4jt1\/2026\/03\/CACHE_780X1200_ANALOG_WATERMARKED_46842795_5395876_28032026054136.jpg","datePublished":"2026-03-28T17:48:00+00:00","author":{"@id":"https:\/\/portaltela.pt\/#\/schema\/person\/c4278d4a6028830caff9ee44b42d32ed"},"breadcrumb":{"@id":"https:\/\/portaltela.pt\/noticias\/2026\/03\/28\/miguel-oliveira-conquista-primeiro-podio-nas-superbikes-em-casa\/#breadcrumb"},"inLanguage":"pt-PT","potentialAction":[{"@type":"ReadAction","target":["https:\/\/portaltela.pt\/noticias\/2026\/03\/28\/miguel-oliveira-conquista-primeiro-podio-nas-superbikes-em-casa\/"]}]},{"@type":"ImageObject","inLanguage":"pt-PT","@id":"https:\/\/portaltela.pt\/noticias\/2026\/03\/28\/miguel-oliveira-conquista-primeiro-podio-nas-superbikes-em-casa\/#primaryimage","url":"https:\/\/portaltela.pt\/s.01k8rhncp4jt1\/2026\/03\/CACHE_780X1200_ANALOG_WATERMARKED_46842795_5395876_28032026054136.jpg","contentUrl":"https:\/\/portaltela.pt\/s.01k8rhncp4jt1\/2026\/03\/CACHE_780X1200_ANALOG_WATERMARKED_46842795_5395876_28032026054136.jpg","width":796,"height":448,"caption":"Miguel Oliveira diz que primeiro p\u00f3dio nas Superbikes \u00e9 especial por ser em casa"},{"@type":"BreadcrumbList","@id":"https:\/\/portaltela.pt\/noticias\/2026\/03\/28\/miguel-oliveira-conquista-primeiro-podio-nas-superbikes-em-casa\/#breadcrumb","itemListElement":[{"@type":"ListItem","position":1,"name":"In\u00edcio","item":"https:\/\/portaltela.pt\/"},{"@type":"ListItem","position":2,"name":"Miguel Oliveira conquista primeiro p\u00f3dio nas Superbikes em casa"}]},{"@type":"WebSite","@id":"https:\/\/portaltela.pt\/#website","url":"https:\/\/portaltela.pt\/","name":"Portal Tela Portugal","description":"","potentialAction":[{"@type":"SearchAction","target":{"@type":"EntryPoint","urlTemplate":"https:\/\/portaltela.pt\/?s={search_term_string}"},"query-input":{"@type":"PropertyValueSpecification","valueRequired":true,"valueName":"search_term_string"}}],"inLanguage":"pt-PT"},{"@type":"Person","@id":"https:\/\/portaltela.pt\/#\/schema\/person\/c4278d4a6028830caff9ee44b42d32ed","name":"Telinha","image":{"@type":"ImageObject","inLanguage":"pt-PT","@id":"https:\/\/portaltela.pt\/s.01k8rhncp4jt1\/2025\/11\/talking-bot-125x125.png","url":"https:\/\/portaltela.pt\/s.01k8rhncp4jt1\/2025\/11\/talking-bot-125x125.png","contentUrl":"https:\/\/portaltela.pt\/s.01k8rhncp4jt1\/2025\/11\/talking-bot-125x125.png","caption":"Telinha"},"sameAs":["https:\/\/portaltela.pt\/"],"url":"https:\/\/portaltela.pt\/por\/367410592786\/"}]}},"_links":{"self":[{"href":"https:\/\/portaltela.pt\/api\/wp\/v2\/posts\/425202","targetHints":{"allow":["GET"]}}],"collection":[{"href":"https:\/\/portaltela.pt\/api\/wp\/v2\/posts"}],"about":[{"href":"https:\/\/portaltela.pt\/api\/wp\/v2\/types\/post"}],"author":[{"embeddable":true,"href":"https:\/\/portaltela.pt\/api\/wp\/v2\/users\/2"}],"replies":[{"embeddable":true,"href":"https:\/\/portaltela.pt\/api\/wp\/v2\/comments?post=425202"}],"version-history":[{"count":0,"href":"https:\/\/portaltela.pt\/api\/wp\/v2\/posts\/425202\/revisions"}],"wp:featuredmedia":[{"embeddable":true,"href":"https:\/\/portaltela.pt\/api\/wp\/v2\/media\/425206"}],"wp:attachment":[{"href":"https:\/\/portaltela.pt\/api\/wp\/v2\/media?parent=425202"}],"wp:term":[{"taxonomy":"category","embeddable":true,"href":"https:\/\/portaltela.pt\/api\/wp\/v2\/categories?post=425202"},{"taxonomy":"post_tag","embeddable":true,"href":"https:\/\/portaltela.pt\/api\/wp\/v2\/tags?post=425202"}],"curies":[{"name":"wp","href":"https:\/\/api.w.org\/{rel}","templated":true}]}}