{"id":425191,"date":"2026-03-28T14:40:00","date_gmt":"2026-03-28T17:40:00","guid":{"rendered":"https:\/\/portaltela.pt\/noticias\/2026\/03\/28\/jogadores-do-sporting-assistidos-apos-odor-no-balneario-do-pavilhao-do-fc-porto\/"},"modified":"2026-03-28T14:40:00","modified_gmt":"2026-03-28T17:40:00","slug":"jogadores-do-sporting-assistidos-apos-odor-no-balneario-do-pavilhao-do-fc-porto","status":"publish","type":"post","link":"https:\/\/portaltela.pt\/desporto\/futebol\/2026\/03\/28\/jogadores-do-sporting-assistidos-apos-odor-no-balneario-do-pavilhao-do-fc-porto\/","title":{"rendered":"Jogadores do Sporting assistidos ap\u00f3s odor no balne\u00e1rio do Pavilh\u00e3o do FC Porto"},"content":{"rendered":"<p>No Drag\u00e3o Arena, no contexto de uma partida entre FC Porto e Sporting, em 28 de mar\u00e7o de 2026, v\u00e1rios jogadores da equipa de andebol do Sporting sentiram-se mal e receberam assist\u00eancia no local. A situa\u00e7\u00e3o foi tratada pela equipa m\u00e9dica presente.<\/p>\n<p>Segundo o Correio da Manh\u00e3, o epis\u00f3dio foi registado com indica\u00e7\u00e3o de um cheiro intenso no balne\u00e1rio do pavilh\u00e3o do FC Porto, que pode ter estado na origem do mal-estar entre atletas e staff.<\/p>\n<p>Entre os afetados, de acordo com a mesma fonte, esteve um atleta e o treinador, que foram transportados para o hospital para avalia\u00e7\u00e3o. O estado de sa\u00fade n\u00e3o foi oficialmente detalhado.<\/p>\n<p>As autoridades competentes e os clubes ainda n\u00e3o divulgaram, publicamente, informa\u00e7\u00f5es sobre a poss\u00edvel causa ou desfecho do incidente. O caso est\u00e1 a ser acompanhado pelas respetivas medidas de seguran\u00e7a.<\/p>\n<p>Fonte: Correio da Manh\u00e3.<\/p>\n","protected":false},"excerpt":{"rendered":"<ul>\n<li>V\u00e1rios membros da equipa de andebol do Sporting sentiram-se mal no Drag\u00e3o Arena durante o jogo frente ao FC Porto.<\/li>\n<li>Foram assistidos no local pelos servi\u00e7os de emerg\u00eancia.<\/li>\n<li>Um atleta e o treinador foram transportados ao hospital.<\/li>\n<li>A not\u00edcia foi apurada pelo Correio da Manh\u00e3.<\/li>\n<\/ul>\n","protected":false},"author":2,"featured_media":425196,"comment_status":"closed","ping_status":"closed","sticky":false,"template":"","format":"standard","meta":{"footnotes":""},"categories":[21,24],"tags":[180,5764,4946,2028,7239,1652],"class_list":["post-425191","post","type-post","status-publish","format-standard","has-post-thumbnail","hentry","category-desporto","category-futebol","tag-andebol","tag-assistencia-de-saude","tag-balnearios","tag-fc-porto","tag-hospitalizacoes","tag-sporting"],"yoast_head":"<!-- This site is optimized with the Yoast SEO plugin v27.2 - https:\/\/yoast.com\/product\/yoast-seo-wordpress\/ -->\n<title>Jogadores do Sporting assistidos ap\u00f3s odor no balne\u00e1rio do Pavilh\u00e3o do FC Porto - Portal Tela Portugal<\/title>\n<meta name=\"robots\" content=\"index, follow, max-snippet:-1, max-image-preview:large, max-video-preview:-1\" \/>\n<meta property=\"og:locale\" content=\"pt_PT\" \/>\n<meta property=\"og:type\" content=\"article\" \/>\n<meta property=\"og:title\" content=\"Jogadores do Sporting assistidos ap\u00f3s odor no balne\u00e1rio do Pavilh\u00e3o do FC Porto - Portal Tela Portugal\" \/>\n<meta property=\"og:description\" content=\"V\u00e1rios membros da equipa de andebol do Sporting sentiram-se mal no Drag\u00e3o Arena durante o jogo frente ao FC Porto. Foram assistidos no local pelos servi\u00e7os de emerg\u00eancia. Um atleta e o treinador foram transportados ao hospital. A not\u00edcia foi apurada pelo Correio da Manh\u00e3.\" \/>\n<meta property=\"og:url\" content=\"https:\/\/portaltela.pt\/noticias\/2026\/03\/28\/jogadores-do-sporting-assistidos-apos-odor-no-balneario-do-pavilhao-do-fc-porto\/\" \/>\n<meta property=\"og:site_name\" content=\"Portal Tela Portugal\" \/>\n<meta property=\"article:published_time\" content=\"2026-03-28T17:40:00+00:00\" \/>\n<meta name=\"author\" content=\"Telinha\" \/>\n<meta name=\"twitter:card\" content=\"summary_large_image\" \/>\n<meta name=\"twitter:label1\" content=\"Escrito por\" \/>\n\t<meta name=\"twitter:data1\" content=\"Telinha\" \/>\n\t<meta name=\"twitter:label2\" content=\"Tempo estimado de leitura\" \/>\n\t<meta name=\"twitter:data2\" content=\"1 minuto\" \/>\n<script type=\"application\/ld+json\" class=\"yoast-schema-graph\">{\"@context\":\"https:\/\/schema.org\",\"@graph\":[{\"@type\":\"Article\",\"@id\":\"https:\/\/portaltela.pt\/noticias\/2026\/03\/28\/jogadores-do-sporting-assistidos-apos-odor-no-balneario-do-pavilhao-do-fc-porto\/#article\",\"isPartOf\":{\"@id\":\"https:\/\/portaltela.pt\/noticias\/2026\/03\/28\/jogadores-do-sporting-assistidos-apos-odor-no-balneario-do-pavilhao-do-fc-porto\/\"},\"author\":{\"name\":\"Telinha\",\"@id\":\"https:\/\/portaltela.pt\/#\/schema\/person\/c4278d4a6028830caff9ee44b42d32ed\"},\"headline\":\"Jogadores do Sporting assistidos ap\u00f3s odor no balne\u00e1rio do Pavilh\u00e3o do FC Porto\",\"datePublished\":\"2026-03-28T17:40:00+00:00\",\"mainEntityOfPage\":{\"@id\":\"https:\/\/portaltela.pt\/noticias\/2026\/03\/28\/jogadores-do-sporting-assistidos-apos-odor-no-balneario-do-pavilhao-do-fc-porto\/\"},\"wordCount\":172,\"image\":{\"@id\":\"https:\/\/portaltela.pt\/noticias\/2026\/03\/28\/jogadores-do-sporting-assistidos-apos-odor-no-balneario-do-pavilhao-do-fc-porto\/#primaryimage\"},\"thumbnailUrl\":\"https:\/\/portaltela.pt\/s.01k8rhncp4jt1\/2026\/03\/img_1200x721uu2026-03-28-17-39-54-2429877-im-639103166226892716.jpg\",\"keywords\":[\"andebol\",\"assist\u00eancia de sa\u00fade\",\"balne\u00e1rios\",\"FC Porto\",\"hospitaliza\u00e7\u00f5es\",\"Sporting\"],\"articleSection\":[\"Desporto\",\"Futebol\"],\"inLanguage\":\"pt-PT\"},{\"@type\":\"WebPage\",\"@id\":\"https:\/\/portaltela.pt\/noticias\/2026\/03\/28\/jogadores-do-sporting-assistidos-apos-odor-no-balneario-do-pavilhao-do-fc-porto\/\",\"url\":\"https:\/\/portaltela.pt\/noticias\/2026\/03\/28\/jogadores-do-sporting-assistidos-apos-odor-no-balneario-do-pavilhao-do-fc-porto\/\",\"name\":\"Jogadores do Sporting assistidos ap\u00f3s odor no balne\u00e1rio do Pavilh\u00e3o do FC Porto - Portal Tela Portugal\",\"isPartOf\":{\"@id\":\"https:\/\/portaltela.pt\/#website\"},\"primaryImageOfPage\":{\"@id\":\"https:\/\/portaltela.pt\/noticias\/2026\/03\/28\/jogadores-do-sporting-assistidos-apos-odor-no-balneario-do-pavilhao-do-fc-porto\/#primaryimage\"},\"image\":{\"@id\":\"https:\/\/portaltela.pt\/noticias\/2026\/03\/28\/jogadores-do-sporting-assistidos-apos-odor-no-balneario-do-pavilhao-do-fc-porto\/#primaryimage\"},\"thumbnailUrl\":\"https:\/\/portaltela.pt\/s.01k8rhncp4jt1\/2026\/03\/img_1200x721uu2026-03-28-17-39-54-2429877-im-639103166226892716.jpg\",\"datePublished\":\"2026-03-28T17:40:00+00:00\",\"author\":{\"@id\":\"https:\/\/portaltela.pt\/#\/schema\/person\/c4278d4a6028830caff9ee44b42d32ed\"},\"breadcrumb\":{\"@id\":\"https:\/\/portaltela.pt\/noticias\/2026\/03\/28\/jogadores-do-sporting-assistidos-apos-odor-no-balneario-do-pavilhao-do-fc-porto\/#breadcrumb\"},\"inLanguage\":\"pt-PT\",\"potentialAction\":[{\"@type\":\"ReadAction\",\"target\":[\"https:\/\/portaltela.pt\/noticias\/2026\/03\/28\/jogadores-do-sporting-assistidos-apos-odor-no-balneario-do-pavilhao-do-fc-porto\/\"]}]},{\"@type\":\"ImageObject\",\"inLanguage\":\"pt-PT\",\"@id\":\"https:\/\/portaltela.pt\/noticias\/2026\/03\/28\/jogadores-do-sporting-assistidos-apos-odor-no-balneario-do-pavilhao-do-fc-porto\/#primaryimage\",\"url\":\"https:\/\/portaltela.pt\/s.01k8rhncp4jt1\/2026\/03\/img_1200x721uu2026-03-28-17-39-54-2429877-im-639103166226892716.jpg\",\"contentUrl\":\"https:\/\/portaltela.pt\/s.01k8rhncp4jt1\/2026\/03\/img_1200x721uu2026-03-28-17-39-54-2429877-im-639103166226892716.jpg\",\"width\":796,\"height\":448,\"caption\":\"Jogadores de andebol do Sporting assistidos ap\u00f3s \\\"cheiro intenso\\\" no balne\u00e1rio do pavilh\u00e3o do FC Porto\"},{\"@type\":\"BreadcrumbList\",\"@id\":\"https:\/\/portaltela.pt\/noticias\/2026\/03\/28\/jogadores-do-sporting-assistidos-apos-odor-no-balneario-do-pavilhao-do-fc-porto\/#breadcrumb\",\"itemListElement\":[{\"@type\":\"ListItem\",\"position\":1,\"name\":\"In\u00edcio\",\"item\":\"https:\/\/portaltela.pt\/\"},{\"@type\":\"ListItem\",\"position\":2,\"name\":\"Jogadores do Sporting assistidos ap\u00f3s odor no balne\u00e1rio do Pavilh\u00e3o do FC Porto\"}]},{\"@type\":\"WebSite\",\"@id\":\"https:\/\/portaltela.pt\/#website\",\"url\":\"https:\/\/portaltela.pt\/\",\"name\":\"Portal Tela Portugal\",\"description\":\"\",\"potentialAction\":[{\"@type\":\"SearchAction\",\"target\":{\"@type\":\"EntryPoint\",\"urlTemplate\":\"https:\/\/portaltela.pt\/?s={search_term_string}\"},\"query-input\":{\"@type\":\"PropertyValueSpecification\",\"valueRequired\":true,\"valueName\":\"search_term_string\"}}],\"inLanguage\":\"pt-PT\"},{\"@type\":\"Person\",\"@id\":\"https:\/\/portaltela.pt\/#\/schema\/person\/c4278d4a6028830caff9ee44b42d32ed\",\"name\":\"Telinha\",\"image\":{\"@type\":\"ImageObject\",\"inLanguage\":\"pt-PT\",\"@id\":\"https:\/\/portaltela.pt\/s.01k8rhncp4jt1\/2025\/11\/talking-bot-125x125.png\",\"url\":\"https:\/\/portaltela.pt\/s.01k8rhncp4jt1\/2025\/11\/talking-bot-125x125.png\",\"contentUrl\":\"https:\/\/portaltela.pt\/s.01k8rhncp4jt1\/2025\/11\/talking-bot-125x125.png\",\"caption\":\"Telinha\"},\"sameAs\":[\"https:\/\/portaltela.pt\/\"],\"url\":\"https:\/\/portaltela.pt\/por\/367410592786\/\"}]}<\/script>\n<!-- \/ Yoast SEO plugin. -->","yoast_head_json":{"title":"Jogadores do Sporting assistidos ap\u00f3s odor no balne\u00e1rio do Pavilh\u00e3o do FC Porto - Portal Tela Portugal","robots":{"index":"index","follow":"follow","max-snippet":"max-snippet:-1","max-image-preview":"max-image-preview:large","max-video-preview":"max-video-preview:-1"},"og_locale":"pt_PT","og_type":"article","og_title":"Jogadores do Sporting assistidos ap\u00f3s odor no balne\u00e1rio do Pavilh\u00e3o do FC Porto - Portal Tela Portugal","og_description":"V\u00e1rios membros da equipa de andebol do Sporting sentiram-se mal no Drag\u00e3o Arena durante o jogo frente ao FC Porto. Foram assistidos no local pelos servi\u00e7os de emerg\u00eancia. Um atleta e o treinador foram transportados ao hospital. A not\u00edcia foi apurada pelo Correio da Manh\u00e3.","og_url":"https:\/\/portaltela.pt\/noticias\/2026\/03\/28\/jogadores-do-sporting-assistidos-apos-odor-no-balneario-do-pavilhao-do-fc-porto\/","og_site_name":"Portal Tela Portugal","article_published_time":"2026-03-28T17:40:00+00:00","author":"Telinha","twitter_card":"summary_large_image","twitter_misc":{"Escrito por":"Telinha","Tempo estimado de leitura":"1 minuto"},"schema":{"@context":"https:\/\/schema.org","@graph":[{"@type":"Article","@id":"https:\/\/portaltela.pt\/noticias\/2026\/03\/28\/jogadores-do-sporting-assistidos-apos-odor-no-balneario-do-pavilhao-do-fc-porto\/#article","isPartOf":{"@id":"https:\/\/portaltela.pt\/noticias\/2026\/03\/28\/jogadores-do-sporting-assistidos-apos-odor-no-balneario-do-pavilhao-do-fc-porto\/"},"author":{"name":"Telinha","@id":"https:\/\/portaltela.pt\/#\/schema\/person\/c4278d4a6028830caff9ee44b42d32ed"},"headline":"Jogadores do Sporting assistidos ap\u00f3s odor no balne\u00e1rio do Pavilh\u00e3o do FC Porto","datePublished":"2026-03-28T17:40:00+00:00","mainEntityOfPage":{"@id":"https:\/\/portaltela.pt\/noticias\/2026\/03\/28\/jogadores-do-sporting-assistidos-apos-odor-no-balneario-do-pavilhao-do-fc-porto\/"},"wordCount":172,"image":{"@id":"https:\/\/portaltela.pt\/noticias\/2026\/03\/28\/jogadores-do-sporting-assistidos-apos-odor-no-balneario-do-pavilhao-do-fc-porto\/#primaryimage"},"thumbnailUrl":"https:\/\/portaltela.pt\/s.01k8rhncp4jt1\/2026\/03\/img_1200x721uu2026-03-28-17-39-54-2429877-im-639103166226892716.jpg","keywords":["andebol","assist\u00eancia de sa\u00fade","balne\u00e1rios","FC Porto","hospitaliza\u00e7\u00f5es","Sporting"],"articleSection":["Desporto","Futebol"],"inLanguage":"pt-PT"},{"@type":"WebPage","@id":"https:\/\/portaltela.pt\/noticias\/2026\/03\/28\/jogadores-do-sporting-assistidos-apos-odor-no-balneario-do-pavilhao-do-fc-porto\/","url":"https:\/\/portaltela.pt\/noticias\/2026\/03\/28\/jogadores-do-sporting-assistidos-apos-odor-no-balneario-do-pavilhao-do-fc-porto\/","name":"Jogadores do Sporting assistidos ap\u00f3s odor no balne\u00e1rio do Pavilh\u00e3o do FC Porto - Portal Tela Portugal","isPartOf":{"@id":"https:\/\/portaltela.pt\/#website"},"primaryImageOfPage":{"@id":"https:\/\/portaltela.pt\/noticias\/2026\/03\/28\/jogadores-do-sporting-assistidos-apos-odor-no-balneario-do-pavilhao-do-fc-porto\/#primaryimage"},"image":{"@id":"https:\/\/portaltela.pt\/noticias\/2026\/03\/28\/jogadores-do-sporting-assistidos-apos-odor-no-balneario-do-pavilhao-do-fc-porto\/#primaryimage"},"thumbnailUrl":"https:\/\/portaltela.pt\/s.01k8rhncp4jt1\/2026\/03\/img_1200x721uu2026-03-28-17-39-54-2429877-im-639103166226892716.jpg","datePublished":"2026-03-28T17:40:00+00:00","author":{"@id":"https:\/\/portaltela.pt\/#\/schema\/person\/c4278d4a6028830caff9ee44b42d32ed"},"breadcrumb":{"@id":"https:\/\/portaltela.pt\/noticias\/2026\/03\/28\/jogadores-do-sporting-assistidos-apos-odor-no-balneario-do-pavilhao-do-fc-porto\/#breadcrumb"},"inLanguage":"pt-PT","potentialAction":[{"@type":"ReadAction","target":["https:\/\/portaltela.pt\/noticias\/2026\/03\/28\/jogadores-do-sporting-assistidos-apos-odor-no-balneario-do-pavilhao-do-fc-porto\/"]}]},{"@type":"ImageObject","inLanguage":"pt-PT","@id":"https:\/\/portaltela.pt\/noticias\/2026\/03\/28\/jogadores-do-sporting-assistidos-apos-odor-no-balneario-do-pavilhao-do-fc-porto\/#primaryimage","url":"https:\/\/portaltela.pt\/s.01k8rhncp4jt1\/2026\/03\/img_1200x721uu2026-03-28-17-39-54-2429877-im-639103166226892716.jpg","contentUrl":"https:\/\/portaltela.pt\/s.01k8rhncp4jt1\/2026\/03\/img_1200x721uu2026-03-28-17-39-54-2429877-im-639103166226892716.jpg","width":796,"height":448,"caption":"Jogadores de andebol do Sporting assistidos ap\u00f3s \"cheiro intenso\" no balne\u00e1rio do pavilh\u00e3o do FC Porto"},{"@type":"BreadcrumbList","@id":"https:\/\/portaltela.pt\/noticias\/2026\/03\/28\/jogadores-do-sporting-assistidos-apos-odor-no-balneario-do-pavilhao-do-fc-porto\/#breadcrumb","itemListElement":[{"@type":"ListItem","position":1,"name":"In\u00edcio","item":"https:\/\/portaltela.pt\/"},{"@type":"ListItem","position":2,"name":"Jogadores do Sporting assistidos ap\u00f3s odor no balne\u00e1rio do Pavilh\u00e3o do FC Porto"}]},{"@type":"WebSite","@id":"https:\/\/portaltela.pt\/#website","url":"https:\/\/portaltela.pt\/","name":"Portal Tela Portugal","description":"","potentialAction":[{"@type":"SearchAction","target":{"@type":"EntryPoint","urlTemplate":"https:\/\/portaltela.pt\/?s={search_term_string}"},"query-input":{"@type":"PropertyValueSpecification","valueRequired":true,"valueName":"search_term_string"}}],"inLanguage":"pt-PT"},{"@type":"Person","@id":"https:\/\/portaltela.pt\/#\/schema\/person\/c4278d4a6028830caff9ee44b42d32ed","name":"Telinha","image":{"@type":"ImageObject","inLanguage":"pt-PT","@id":"https:\/\/portaltela.pt\/s.01k8rhncp4jt1\/2025\/11\/talking-bot-125x125.png","url":"https:\/\/portaltela.pt\/s.01k8rhncp4jt1\/2025\/11\/talking-bot-125x125.png","contentUrl":"https:\/\/portaltela.pt\/s.01k8rhncp4jt1\/2025\/11\/talking-bot-125x125.png","caption":"Telinha"},"sameAs":["https:\/\/portaltela.pt\/"],"url":"https:\/\/portaltela.pt\/por\/367410592786\/"}]}},"_links":{"self":[{"href":"https:\/\/portaltela.pt\/api\/wp\/v2\/posts\/425191","targetHints":{"allow":["GET"]}}],"collection":[{"href":"https:\/\/portaltela.pt\/api\/wp\/v2\/posts"}],"about":[{"href":"https:\/\/portaltela.pt\/api\/wp\/v2\/types\/post"}],"author":[{"embeddable":true,"href":"https:\/\/portaltela.pt\/api\/wp\/v2\/users\/2"}],"replies":[{"embeddable":true,"href":"https:\/\/portaltela.pt\/api\/wp\/v2\/comments?post=425191"}],"version-history":[{"count":0,"href":"https:\/\/portaltela.pt\/api\/wp\/v2\/posts\/425191\/revisions"}],"wp:featuredmedia":[{"embeddable":true,"href":"https:\/\/portaltela.pt\/api\/wp\/v2\/media\/425196"}],"wp:attachment":[{"href":"https:\/\/portaltela.pt\/api\/wp\/v2\/media?parent=425191"}],"wp:term":[{"taxonomy":"category","embeddable":true,"href":"https:\/\/portaltela.pt\/api\/wp\/v2\/categories?post=425191"},{"taxonomy":"post_tag","embeddable":true,"href":"https:\/\/portaltela.pt\/api\/wp\/v2\/tags?post=425191"}],"curies":[{"name":"wp","href":"https:\/\/api.w.org\/{rel}","templated":true}]}}