{"id":425185,"date":"2026-03-28T14:26:00","date_gmt":"2026-03-28T17:26:00","guid":{"rendered":"https:\/\/portaltela.pt\/noticias\/2026\/03\/28\/dragagens-no-porto-da-povoa-iniciam-se-na-proxima-semana\/"},"modified":"2026-03-28T14:26:00","modified_gmt":"2026-03-28T17:26:00","slug":"dragagens-no-porto-da-povoa-iniciam-se-na-proxima-semana","status":"publish","type":"post","link":"https:\/\/portaltela.pt\/meio-ambiente\/2026\/03\/28\/dragagens-no-porto-da-povoa-iniciam-se-na-proxima-semana\/","title":{"rendered":"Dragagens no porto da P\u00f3voa iniciam-se na pr\u00f3xima semana"},"content":{"rendered":"<p>O porto de pesca da P\u00f3voa de Varzim vai iniciar as dragagens j\u00e1 na pr\u00f3xima semana. A anunciada opera\u00e7\u00e3o visa desassorear as barras do norte para melhorar as condi\u00e7\u00f5es de navega\u00e7\u00e3o.<\/p>\n<p>O an\u00fancio foi feito pelo secret\u00e1rio de Estado das Pescas, Salvador Malheiro, neste s\u00e1bado, durante o 19.\u00ba anivers\u00e1rio da Associa\u00e7\u00e3o Pr\u00f3-Mior Seguran\u00e7a dos Homens do Mar (APMSHM). O evento contou com a participa\u00e7\u00e3o de dirigentes da associa\u00e7\u00e3o.<\/p>\n<p>Quem apoia a iniciativa destaca a necessidade de refor\u00e7ar a seguran\u00e7a e a atividade econ\u00f3mica da popula\u00e7\u00e3o piscat\u00f3ria, apelando a uma r\u00e1pida implementa\u00e7\u00e3o do desassoreamento.<\/p>\n<h3>Detalhes do an\u00fancio<\/h3>\n<p>Jo\u00e3o Leite, presidente da APMSHM, sublinhou que \u00e9 urgente avan\u00e7ar com as obras para minorar riscos e facilitar o acesso aos bi\u00f3topos de pesca da regi\u00e3o. A data exata de in\u00edcio ser\u00e1 anunciada pela autoridade competente nas pr\u00f3ximas horas.<\/p>\n","protected":false},"excerpt":{"rendered":"<ul>\n<li>O secret\u00e1rio de Estado das Pescas, Salvador Malheiro, garantiu que as dragagens no porto de pesca da P\u00f3voa de Varzim v\u00e3o come\u00e7ar j\u00e1 na pr\u00f3xima semana.<\/li>\n<li>O an\u00fancio foi feito no 19\u00ba anivers\u00e1rio da Associa\u00e7\u00e3o Pr\u00f3-Maior Seguran\u00e7a dos Homens do Mar (APMSHM).<\/li>\n<li>Os pescadores pediram mais aten\u00e7\u00e3o para o setor.<\/li>\n<li>O presidente da APMSHM, Jo\u00e3o Leite, afirmou que \u00e9 urgente avan\u00e7ar com o desassoreamento das barras do norte.<\/li>\n<li>N\u00e3o foram divulgados detalhes adicionais sobre o cronograma.<\/li>\n<\/ul>\n","protected":false},"author":2,"featured_media":425186,"comment_status":"closed","ping_status":"closed","sticky":false,"template":"","format":"standard","meta":{"footnotes":""},"categories":[6725],"tags":[6831,5093,5013,3343,4536],"class_list":["post-425185","post","type-post","status-publish","format-standard","has-post-thumbnail","hentry","category-meio-ambiente","tag-dragagens","tag-pesca","tag-portos","tag-povoa-de-varzim","tag-seguranca"],"yoast_head":"<!-- This site is optimized with the Yoast SEO plugin v27.2 - https:\/\/yoast.com\/product\/yoast-seo-wordpress\/ -->\n<title>Dragagens no porto da P\u00f3voa iniciam-se na pr\u00f3xima semana - Portal Tela Portugal<\/title>\n<meta name=\"robots\" content=\"index, follow, max-snippet:-1, max-image-preview:large, max-video-preview:-1\" \/>\n<meta property=\"og:locale\" content=\"pt_PT\" \/>\n<meta property=\"og:type\" content=\"article\" \/>\n<meta property=\"og:title\" content=\"Dragagens no porto da P\u00f3voa iniciam-se na pr\u00f3xima semana - Portal Tela Portugal\" \/>\n<meta property=\"og:description\" content=\"O secret\u00e1rio de Estado das Pescas, Salvador Malheiro, garantiu que as dragagens no porto de pesca da P\u00f3voa de Varzim v\u00e3o come\u00e7ar j\u00e1 na pr\u00f3xima semana. O an\u00fancio foi feito no 19\u00ba anivers\u00e1rio da Associa\u00e7\u00e3o Pr\u00f3-Maior Seguran\u00e7a dos Homens do Mar (APMSHM). Os pescadores pediram mais aten\u00e7\u00e3o para o setor. O presidente da APMSHM, Jo\u00e3o Leite, afirmou que \u00e9 urgente avan\u00e7ar com o desassoreamento das barras do norte. N\u00e3o foram divulgados detalhes adicionais sobre o cronograma.\" \/>\n<meta property=\"og:url\" content=\"https:\/\/portaltela.pt\/noticias\/2026\/03\/28\/dragagens-no-porto-da-povoa-iniciam-se-na-proxima-semana\/\" \/>\n<meta property=\"og:site_name\" content=\"Portal Tela Portugal\" \/>\n<meta property=\"article:published_time\" content=\"2026-03-28T17:26:00+00:00\" \/>\n<meta name=\"author\" content=\"Telinha\" \/>\n<meta name=\"twitter:card\" content=\"summary_large_image\" \/>\n<meta name=\"twitter:label1\" content=\"Escrito por\" \/>\n\t<meta name=\"twitter:data1\" content=\"Telinha\" \/>\n\t<meta name=\"twitter:label2\" content=\"Tempo estimado de leitura\" \/>\n\t<meta name=\"twitter:data2\" content=\"1 minuto\" \/>\n<script type=\"application\/ld+json\" class=\"yoast-schema-graph\">{\"@context\":\"https:\/\/schema.org\",\"@graph\":[{\"@type\":\"Article\",\"@id\":\"https:\/\/portaltela.pt\/noticias\/2026\/03\/28\/dragagens-no-porto-da-povoa-iniciam-se-na-proxima-semana\/#article\",\"isPartOf\":{\"@id\":\"https:\/\/portaltela.pt\/noticias\/2026\/03\/28\/dragagens-no-porto-da-povoa-iniciam-se-na-proxima-semana\/\"},\"author\":{\"name\":\"Telinha\",\"@id\":\"https:\/\/portaltela.pt\/#\/schema\/person\/c4278d4a6028830caff9ee44b42d32ed\"},\"headline\":\"Dragagens no porto da P\u00f3voa iniciam-se na pr\u00f3xima semana\",\"datePublished\":\"2026-03-28T17:26:00+00:00\",\"mainEntityOfPage\":{\"@id\":\"https:\/\/portaltela.pt\/noticias\/2026\/03\/28\/dragagens-no-porto-da-povoa-iniciam-se-na-proxima-semana\/\"},\"wordCount\":172,\"image\":{\"@id\":\"https:\/\/portaltela.pt\/noticias\/2026\/03\/28\/dragagens-no-porto-da-povoa-iniciam-se-na-proxima-semana\/#primaryimage\"},\"thumbnailUrl\":\"https:\/\/portaltela.pt\/s.01k8rhncp4jt1\/2026\/03\/image-1686.jpg\",\"keywords\":[\"dragagens\",\"pesca\",\"Portos\",\"P\u00f3voa de Varzim\",\"seguran\u00e7a\"],\"articleSection\":[\"Meio Ambiente\"],\"inLanguage\":\"pt-PT\"},{\"@type\":\"WebPage\",\"@id\":\"https:\/\/portaltela.pt\/noticias\/2026\/03\/28\/dragagens-no-porto-da-povoa-iniciam-se-na-proxima-semana\/\",\"url\":\"https:\/\/portaltela.pt\/noticias\/2026\/03\/28\/dragagens-no-porto-da-povoa-iniciam-se-na-proxima-semana\/\",\"name\":\"Dragagens no porto da P\u00f3voa iniciam-se na pr\u00f3xima semana - Portal Tela Portugal\",\"isPartOf\":{\"@id\":\"https:\/\/portaltela.pt\/#website\"},\"primaryImageOfPage\":{\"@id\":\"https:\/\/portaltela.pt\/noticias\/2026\/03\/28\/dragagens-no-porto-da-povoa-iniciam-se-na-proxima-semana\/#primaryimage\"},\"image\":{\"@id\":\"https:\/\/portaltela.pt\/noticias\/2026\/03\/28\/dragagens-no-porto-da-povoa-iniciam-se-na-proxima-semana\/#primaryimage\"},\"thumbnailUrl\":\"https:\/\/portaltela.pt\/s.01k8rhncp4jt1\/2026\/03\/image-1686.jpg\",\"datePublished\":\"2026-03-28T17:26:00+00:00\",\"author\":{\"@id\":\"https:\/\/portaltela.pt\/#\/schema\/person\/c4278d4a6028830caff9ee44b42d32ed\"},\"breadcrumb\":{\"@id\":\"https:\/\/portaltela.pt\/noticias\/2026\/03\/28\/dragagens-no-porto-da-povoa-iniciam-se-na-proxima-semana\/#breadcrumb\"},\"inLanguage\":\"pt-PT\",\"potentialAction\":[{\"@type\":\"ReadAction\",\"target\":[\"https:\/\/portaltela.pt\/noticias\/2026\/03\/28\/dragagens-no-porto-da-povoa-iniciam-se-na-proxima-semana\/\"]}]},{\"@type\":\"ImageObject\",\"inLanguage\":\"pt-PT\",\"@id\":\"https:\/\/portaltela.pt\/noticias\/2026\/03\/28\/dragagens-no-porto-da-povoa-iniciam-se-na-proxima-semana\/#primaryimage\",\"url\":\"https:\/\/portaltela.pt\/s.01k8rhncp4jt1\/2026\/03\/image-1686.jpg\",\"contentUrl\":\"https:\/\/portaltela.pt\/s.01k8rhncp4jt1\/2026\/03\/image-1686.jpg\",\"width\":796,\"height\":448,\"caption\":\"Associa\u00e7\u00e3o Pr\u00f3-Maior Seguran\u00e7a dos Homens do Mar comemorou 19 anos\"},{\"@type\":\"BreadcrumbList\",\"@id\":\"https:\/\/portaltela.pt\/noticias\/2026\/03\/28\/dragagens-no-porto-da-povoa-iniciam-se-na-proxima-semana\/#breadcrumb\",\"itemListElement\":[{\"@type\":\"ListItem\",\"position\":1,\"name\":\"In\u00edcio\",\"item\":\"https:\/\/portaltela.pt\/\"},{\"@type\":\"ListItem\",\"position\":2,\"name\":\"Dragagens no porto da P\u00f3voa iniciam-se na pr\u00f3xima semana\"}]},{\"@type\":\"WebSite\",\"@id\":\"https:\/\/portaltela.pt\/#website\",\"url\":\"https:\/\/portaltela.pt\/\",\"name\":\"Portal Tela Portugal\",\"description\":\"\",\"potentialAction\":[{\"@type\":\"SearchAction\",\"target\":{\"@type\":\"EntryPoint\",\"urlTemplate\":\"https:\/\/portaltela.pt\/?s={search_term_string}\"},\"query-input\":{\"@type\":\"PropertyValueSpecification\",\"valueRequired\":true,\"valueName\":\"search_term_string\"}}],\"inLanguage\":\"pt-PT\"},{\"@type\":\"Person\",\"@id\":\"https:\/\/portaltela.pt\/#\/schema\/person\/c4278d4a6028830caff9ee44b42d32ed\",\"name\":\"Telinha\",\"image\":{\"@type\":\"ImageObject\",\"inLanguage\":\"pt-PT\",\"@id\":\"https:\/\/portaltela.pt\/s.01k8rhncp4jt1\/2025\/11\/talking-bot-125x125.png\",\"url\":\"https:\/\/portaltela.pt\/s.01k8rhncp4jt1\/2025\/11\/talking-bot-125x125.png\",\"contentUrl\":\"https:\/\/portaltela.pt\/s.01k8rhncp4jt1\/2025\/11\/talking-bot-125x125.png\",\"caption\":\"Telinha\"},\"sameAs\":[\"https:\/\/portaltela.pt\/\"],\"url\":\"https:\/\/portaltela.pt\/por\/367410592786\/\"}]}<\/script>\n<!-- \/ Yoast SEO plugin. -->","yoast_head_json":{"title":"Dragagens no porto da P\u00f3voa iniciam-se na pr\u00f3xima semana - Portal Tela Portugal","robots":{"index":"index","follow":"follow","max-snippet":"max-snippet:-1","max-image-preview":"max-image-preview:large","max-video-preview":"max-video-preview:-1"},"og_locale":"pt_PT","og_type":"article","og_title":"Dragagens no porto da P\u00f3voa iniciam-se na pr\u00f3xima semana - Portal Tela Portugal","og_description":"O secret\u00e1rio de Estado das Pescas, Salvador Malheiro, garantiu que as dragagens no porto de pesca da P\u00f3voa de Varzim v\u00e3o come\u00e7ar j\u00e1 na pr\u00f3xima semana. O an\u00fancio foi feito no 19\u00ba anivers\u00e1rio da Associa\u00e7\u00e3o Pr\u00f3-Maior Seguran\u00e7a dos Homens do Mar (APMSHM). Os pescadores pediram mais aten\u00e7\u00e3o para o setor. O presidente da APMSHM, Jo\u00e3o Leite, afirmou que \u00e9 urgente avan\u00e7ar com o desassoreamento das barras do norte. N\u00e3o foram divulgados detalhes adicionais sobre o cronograma.","og_url":"https:\/\/portaltela.pt\/noticias\/2026\/03\/28\/dragagens-no-porto-da-povoa-iniciam-se-na-proxima-semana\/","og_site_name":"Portal Tela Portugal","article_published_time":"2026-03-28T17:26:00+00:00","author":"Telinha","twitter_card":"summary_large_image","twitter_misc":{"Escrito por":"Telinha","Tempo estimado de leitura":"1 minuto"},"schema":{"@context":"https:\/\/schema.org","@graph":[{"@type":"Article","@id":"https:\/\/portaltela.pt\/noticias\/2026\/03\/28\/dragagens-no-porto-da-povoa-iniciam-se-na-proxima-semana\/#article","isPartOf":{"@id":"https:\/\/portaltela.pt\/noticias\/2026\/03\/28\/dragagens-no-porto-da-povoa-iniciam-se-na-proxima-semana\/"},"author":{"name":"Telinha","@id":"https:\/\/portaltela.pt\/#\/schema\/person\/c4278d4a6028830caff9ee44b42d32ed"},"headline":"Dragagens no porto da P\u00f3voa iniciam-se na pr\u00f3xima semana","datePublished":"2026-03-28T17:26:00+00:00","mainEntityOfPage":{"@id":"https:\/\/portaltela.pt\/noticias\/2026\/03\/28\/dragagens-no-porto-da-povoa-iniciam-se-na-proxima-semana\/"},"wordCount":172,"image":{"@id":"https:\/\/portaltela.pt\/noticias\/2026\/03\/28\/dragagens-no-porto-da-povoa-iniciam-se-na-proxima-semana\/#primaryimage"},"thumbnailUrl":"https:\/\/portaltela.pt\/s.01k8rhncp4jt1\/2026\/03\/image-1686.jpg","keywords":["dragagens","pesca","Portos","P\u00f3voa de Varzim","seguran\u00e7a"],"articleSection":["Meio Ambiente"],"inLanguage":"pt-PT"},{"@type":"WebPage","@id":"https:\/\/portaltela.pt\/noticias\/2026\/03\/28\/dragagens-no-porto-da-povoa-iniciam-se-na-proxima-semana\/","url":"https:\/\/portaltela.pt\/noticias\/2026\/03\/28\/dragagens-no-porto-da-povoa-iniciam-se-na-proxima-semana\/","name":"Dragagens no porto da P\u00f3voa iniciam-se na pr\u00f3xima semana - Portal Tela Portugal","isPartOf":{"@id":"https:\/\/portaltela.pt\/#website"},"primaryImageOfPage":{"@id":"https:\/\/portaltela.pt\/noticias\/2026\/03\/28\/dragagens-no-porto-da-povoa-iniciam-se-na-proxima-semana\/#primaryimage"},"image":{"@id":"https:\/\/portaltela.pt\/noticias\/2026\/03\/28\/dragagens-no-porto-da-povoa-iniciam-se-na-proxima-semana\/#primaryimage"},"thumbnailUrl":"https:\/\/portaltela.pt\/s.01k8rhncp4jt1\/2026\/03\/image-1686.jpg","datePublished":"2026-03-28T17:26:00+00:00","author":{"@id":"https:\/\/portaltela.pt\/#\/schema\/person\/c4278d4a6028830caff9ee44b42d32ed"},"breadcrumb":{"@id":"https:\/\/portaltela.pt\/noticias\/2026\/03\/28\/dragagens-no-porto-da-povoa-iniciam-se-na-proxima-semana\/#breadcrumb"},"inLanguage":"pt-PT","potentialAction":[{"@type":"ReadAction","target":["https:\/\/portaltela.pt\/noticias\/2026\/03\/28\/dragagens-no-porto-da-povoa-iniciam-se-na-proxima-semana\/"]}]},{"@type":"ImageObject","inLanguage":"pt-PT","@id":"https:\/\/portaltela.pt\/noticias\/2026\/03\/28\/dragagens-no-porto-da-povoa-iniciam-se-na-proxima-semana\/#primaryimage","url":"https:\/\/portaltela.pt\/s.01k8rhncp4jt1\/2026\/03\/image-1686.jpg","contentUrl":"https:\/\/portaltela.pt\/s.01k8rhncp4jt1\/2026\/03\/image-1686.jpg","width":796,"height":448,"caption":"Associa\u00e7\u00e3o Pr\u00f3-Maior Seguran\u00e7a dos Homens do Mar comemorou 19 anos"},{"@type":"BreadcrumbList","@id":"https:\/\/portaltela.pt\/noticias\/2026\/03\/28\/dragagens-no-porto-da-povoa-iniciam-se-na-proxima-semana\/#breadcrumb","itemListElement":[{"@type":"ListItem","position":1,"name":"In\u00edcio","item":"https:\/\/portaltela.pt\/"},{"@type":"ListItem","position":2,"name":"Dragagens no porto da P\u00f3voa iniciam-se na pr\u00f3xima semana"}]},{"@type":"WebSite","@id":"https:\/\/portaltela.pt\/#website","url":"https:\/\/portaltela.pt\/","name":"Portal Tela Portugal","description":"","potentialAction":[{"@type":"SearchAction","target":{"@type":"EntryPoint","urlTemplate":"https:\/\/portaltela.pt\/?s={search_term_string}"},"query-input":{"@type":"PropertyValueSpecification","valueRequired":true,"valueName":"search_term_string"}}],"inLanguage":"pt-PT"},{"@type":"Person","@id":"https:\/\/portaltela.pt\/#\/schema\/person\/c4278d4a6028830caff9ee44b42d32ed","name":"Telinha","image":{"@type":"ImageObject","inLanguage":"pt-PT","@id":"https:\/\/portaltela.pt\/s.01k8rhncp4jt1\/2025\/11\/talking-bot-125x125.png","url":"https:\/\/portaltela.pt\/s.01k8rhncp4jt1\/2025\/11\/talking-bot-125x125.png","contentUrl":"https:\/\/portaltela.pt\/s.01k8rhncp4jt1\/2025\/11\/talking-bot-125x125.png","caption":"Telinha"},"sameAs":["https:\/\/portaltela.pt\/"],"url":"https:\/\/portaltela.pt\/por\/367410592786\/"}]}},"_links":{"self":[{"href":"https:\/\/portaltela.pt\/api\/wp\/v2\/posts\/425185","targetHints":{"allow":["GET"]}}],"collection":[{"href":"https:\/\/portaltela.pt\/api\/wp\/v2\/posts"}],"about":[{"href":"https:\/\/portaltela.pt\/api\/wp\/v2\/types\/post"}],"author":[{"embeddable":true,"href":"https:\/\/portaltela.pt\/api\/wp\/v2\/users\/2"}],"replies":[{"embeddable":true,"href":"https:\/\/portaltela.pt\/api\/wp\/v2\/comments?post=425185"}],"version-history":[{"count":0,"href":"https:\/\/portaltela.pt\/api\/wp\/v2\/posts\/425185\/revisions"}],"wp:featuredmedia":[{"embeddable":true,"href":"https:\/\/portaltela.pt\/api\/wp\/v2\/media\/425186"}],"wp:attachment":[{"href":"https:\/\/portaltela.pt\/api\/wp\/v2\/media?parent=425185"}],"wp:term":[{"taxonomy":"category","embeddable":true,"href":"https:\/\/portaltela.pt\/api\/wp\/v2\/categories?post=425185"},{"taxonomy":"post_tag","embeddable":true,"href":"https:\/\/portaltela.pt\/api\/wp\/v2\/tags?post=425185"}],"curies":[{"name":"wp","href":"https:\/\/api.w.org\/{rel}","templated":true}]}}