{"id":425175,"date":"2026-03-28T14:15:29","date_gmt":"2026-03-28T17:15:29","guid":{"rendered":"https:\/\/portaltela.pt\/noticias\/2026\/03\/28\/noruega-ve-schjelderup-como-sinal-de-forca-apos-vitoria\/"},"modified":"2026-03-28T14:15:29","modified_gmt":"2026-03-28T17:15:29","slug":"noruega-ve-schjelderup-como-sinal-de-forca-apos-vitoria","status":"publish","type":"post","link":"https:\/\/portaltela.pt\/desporto\/futebol\/2026\/03\/28\/noruega-ve-schjelderup-como-sinal-de-forca-apos-vitoria\/","title":{"rendered":"Noruega v\u00ea Schjelderup como sinal de for\u00e7a ap\u00f3s vit\u00f3ria"},"content":{"rendered":"<p>Andreas Schjelderup assumiu lugar no onze da sele\u00e7\u00e3o da Noruega para o encontro de prepara\u00e7\u00e3o frente \u00e0 Holanda, disputado ontem em Amesterd\u00e3o. O jogo terminou 2-1 a favor dos holandeses, num resultado que manteve o foco na avalia\u00e7\u00e3o de jovens talentos para o futuro.<\/p>\n<p>Schjelderup foi titular, abriu o marcador aos 24 minutos e saiu aos 64, com Nusa a entrar no seu lugar. O extremo do Benfica foi alvo de reconhecimento pela sua performance, apesar da derrota da equipa norueguesa.<\/p>\n<p>Sorloth elogiou o jogador, destacando a coragem e a qualidade no confronto com um advers\u00e1rio de topo. Nyland refor\u00e7ou a ideia de que Schjelderup tem mostrado consist\u00eancia ap\u00f3s recentes controv\u00e9rsias, sublinhando o impacto positivo no Benfica e na equipa.<\/p>\n<p>O selecionador da Noruega fez uma leitura prudente, insistindo que as escolhas dependem do conjunto de jogos no clube. O pr\u00f3ximo teste envolve a Su\u00ed\u00e7a, na ter\u00e7a-feira, quando Schjelderup pode manter o seu lugar ou continuar a observar outros concorrentes, como Nusa.<\/p>\n<h3>Desempenho de Schjelderup e pr\u00f3ximos encontros<\/h3>\n<p>A forma\u00e7\u00e3o titular da Noruega destacou o desempenho no ataque, com Schjelderup a demonstrar capacidade de desequilibrar. A equipa volta a reunir-se em contexto de qualifica\u00e7\u00e3o, procurando manter o foco em evolu\u00e7\u00e3o de jogadores jovens.<\/p>\n","protected":false},"excerpt":{"rendered":"<ul>\n<li>Andreas Schjelderup conquistou lugar no onze da sele\u00e7\u00e3o da Noruega e marcou aos 24 minutos no triunfo de prepara\u00e7\u00e3o da Holanda, em Amesterd\u00e3o, mas a Noruega perdeu 1-2.<\/li>\n<li>O Benfica destacou o extremo, com elogios de Alexander Sorloth, que disse que Schjelderup \u00e9 extremamente forte e um jogador fant\u00e1stico.<\/li>\n<li>O guarda-redes Orjan Nyland elogiou a recupera\u00e7\u00e3o do jogador ap\u00f3s quest\u00f5es judiciais, dizendo que \u00e9 um sinal de for\u00e7a render no Benfica jogo ap\u00f3s jogo.<\/li>\n<li>O selecionador noruegu\u00eas avisou que os pr\u00f3ximos jogos, contra a Su\u00ed\u00e7a, servem para observar op\u00e7\u00f5es, destacando que os jogadores v\u00e3o ter mais jogos pelos clubes antes de voltarem a reunir-se.<\/li>\n<li>Schjelderup saiu aos 64 minutos, com Nusa a entrar durante o encontro.<\/li>\n<\/ul>\n","protected":false},"author":2,"featured_media":425183,"comment_status":"closed","ping_status":"closed","sticky":false,"template":"","format":"standard","meta":{"footnotes":""},"categories":[21,24],"tags":[1946,32,3338,2125,5654,2057],"class_list":["post-425175","post","type-post","status-publish","format-standard","has-post-thumbnail","hentry","category-desporto","category-futebol","tag-benfica","tag-futebol","tag-futebol-internacional","tag-noruega","tag-schjelderup","tag-selecao-nacional"],"yoast_head":"<!-- This site is optimized with the Yoast SEO plugin v27.2 - https:\/\/yoast.com\/product\/yoast-seo-wordpress\/ -->\n<title>Noruega v\u00ea Schjelderup como sinal de for\u00e7a ap\u00f3s vit\u00f3ria - Portal Tela Portugal<\/title>\n<meta name=\"robots\" content=\"index, follow, max-snippet:-1, max-image-preview:large, max-video-preview:-1\" \/>\n<meta property=\"og:locale\" content=\"pt_PT\" \/>\n<meta property=\"og:type\" content=\"article\" \/>\n<meta property=\"og:title\" content=\"Noruega v\u00ea Schjelderup como sinal de for\u00e7a ap\u00f3s vit\u00f3ria - Portal Tela Portugal\" \/>\n<meta property=\"og:description\" content=\"Andreas Schjelderup conquistou lugar no onze da sele\u00e7\u00e3o da Noruega e marcou aos 24 minutos no triunfo de prepara\u00e7\u00e3o da Holanda, em Amesterd\u00e3o, mas a Noruega perdeu 1-2. O Benfica destacou o extremo, com elogios de Alexander Sorloth, que disse que Schjelderup \u00e9 extremamente forte e um jogador fant\u00e1stico. O guarda-redes Orjan Nyland elogiou a recupera\u00e7\u00e3o do jogador ap\u00f3s quest\u00f5es judiciais, dizendo que \u00e9 um sinal de for\u00e7a render no Benfica jogo ap\u00f3s jogo. O selecionador noruegu\u00eas avisou que os pr\u00f3ximos jogos, contra a Su\u00ed\u00e7a, servem para observar op\u00e7\u00f5es, destacando que os jogadores v\u00e3o ter mais jogos pelos clubes antes de voltarem a reunir-se. Schjelderup saiu aos 64 minutos, com Nusa a entrar durante o encontro.\" \/>\n<meta property=\"og:url\" content=\"https:\/\/portaltela.pt\/noticias\/2026\/03\/28\/noruega-ve-schjelderup-como-sinal-de-forca-apos-vitoria\/\" \/>\n<meta property=\"og:site_name\" content=\"Portal Tela Portugal\" \/>\n<meta property=\"article:published_time\" content=\"2026-03-28T17:15:29+00:00\" \/>\n<meta name=\"author\" content=\"Telinha\" \/>\n<meta name=\"twitter:card\" content=\"summary_large_image\" \/>\n<meta name=\"twitter:label1\" content=\"Escrito por\" \/>\n\t<meta name=\"twitter:data1\" content=\"Telinha\" \/>\n\t<meta name=\"twitter:label2\" content=\"Tempo estimado de leitura\" \/>\n\t<meta name=\"twitter:data2\" content=\"1 minuto\" \/>\n<script type=\"application\/ld+json\" class=\"yoast-schema-graph\">{\"@context\":\"https:\/\/schema.org\",\"@graph\":[{\"@type\":\"Article\",\"@id\":\"https:\/\/portaltela.pt\/noticias\/2026\/03\/28\/noruega-ve-schjelderup-como-sinal-de-forca-apos-vitoria\/#article\",\"isPartOf\":{\"@id\":\"https:\/\/portaltela.pt\/noticias\/2026\/03\/28\/noruega-ve-schjelderup-como-sinal-de-forca-apos-vitoria\/\"},\"author\":{\"name\":\"Telinha\",\"@id\":\"https:\/\/portaltela.pt\/#\/schema\/person\/c4278d4a6028830caff9ee44b42d32ed\"},\"headline\":\"Noruega v\u00ea Schjelderup como sinal de for\u00e7a ap\u00f3s vit\u00f3ria\",\"datePublished\":\"2026-03-28T17:15:29+00:00\",\"mainEntityOfPage\":{\"@id\":\"https:\/\/portaltela.pt\/noticias\/2026\/03\/28\/noruega-ve-schjelderup-como-sinal-de-forca-apos-vitoria\/\"},\"wordCount\":228,\"image\":{\"@id\":\"https:\/\/portaltela.pt\/noticias\/2026\/03\/28\/noruega-ve-schjelderup-como-sinal-de-forca-apos-vitoria\/#primaryimage\"},\"thumbnailUrl\":\"https:\/\/portaltela.pt\/s.01k8rhncp4jt1\/2026\/03\/img_920x518uu2026-03-28-17-13-05-2429872.jpg\",\"keywords\":[\"Benfica\",\"futebol\",\"futebol internacional\",\"Noruega\",\"Schjelderup\",\"Sele\u00e7\u00e3o Nacional\"],\"articleSection\":[\"Desporto\",\"Futebol\"],\"inLanguage\":\"pt-PT\"},{\"@type\":\"WebPage\",\"@id\":\"https:\/\/portaltela.pt\/noticias\/2026\/03\/28\/noruega-ve-schjelderup-como-sinal-de-forca-apos-vitoria\/\",\"url\":\"https:\/\/portaltela.pt\/noticias\/2026\/03\/28\/noruega-ve-schjelderup-como-sinal-de-forca-apos-vitoria\/\",\"name\":\"Noruega v\u00ea Schjelderup como sinal de for\u00e7a ap\u00f3s vit\u00f3ria - Portal Tela Portugal\",\"isPartOf\":{\"@id\":\"https:\/\/portaltela.pt\/#website\"},\"primaryImageOfPage\":{\"@id\":\"https:\/\/portaltela.pt\/noticias\/2026\/03\/28\/noruega-ve-schjelderup-como-sinal-de-forca-apos-vitoria\/#primaryimage\"},\"image\":{\"@id\":\"https:\/\/portaltela.pt\/noticias\/2026\/03\/28\/noruega-ve-schjelderup-como-sinal-de-forca-apos-vitoria\/#primaryimage\"},\"thumbnailUrl\":\"https:\/\/portaltela.pt\/s.01k8rhncp4jt1\/2026\/03\/img_920x518uu2026-03-28-17-13-05-2429872.jpg\",\"datePublished\":\"2026-03-28T17:15:29+00:00\",\"author\":{\"@id\":\"https:\/\/portaltela.pt\/#\/schema\/person\/c4278d4a6028830caff9ee44b42d32ed\"},\"breadcrumb\":{\"@id\":\"https:\/\/portaltela.pt\/noticias\/2026\/03\/28\/noruega-ve-schjelderup-como-sinal-de-forca-apos-vitoria\/#breadcrumb\"},\"inLanguage\":\"pt-PT\",\"potentialAction\":[{\"@type\":\"ReadAction\",\"target\":[\"https:\/\/portaltela.pt\/noticias\/2026\/03\/28\/noruega-ve-schjelderup-como-sinal-de-forca-apos-vitoria\/\"]}]},{\"@type\":\"ImageObject\",\"inLanguage\":\"pt-PT\",\"@id\":\"https:\/\/portaltela.pt\/noticias\/2026\/03\/28\/noruega-ve-schjelderup-como-sinal-de-forca-apos-vitoria\/#primaryimage\",\"url\":\"https:\/\/portaltela.pt\/s.01k8rhncp4jt1\/2026\/03\/img_920x518uu2026-03-28-17-13-05-2429872.jpg\",\"contentUrl\":\"https:\/\/portaltela.pt\/s.01k8rhncp4jt1\/2026\/03\/img_920x518uu2026-03-28-17-13-05-2429872.jpg\",\"width\":796,\"height\":448,\"caption\":\"Schjelderup brilhou pela Noruega\"},{\"@type\":\"BreadcrumbList\",\"@id\":\"https:\/\/portaltela.pt\/noticias\/2026\/03\/28\/noruega-ve-schjelderup-como-sinal-de-forca-apos-vitoria\/#breadcrumb\",\"itemListElement\":[{\"@type\":\"ListItem\",\"position\":1,\"name\":\"In\u00edcio\",\"item\":\"https:\/\/portaltela.pt\/\"},{\"@type\":\"ListItem\",\"position\":2,\"name\":\"Noruega v\u00ea Schjelderup como sinal de for\u00e7a ap\u00f3s vit\u00f3ria\"}]},{\"@type\":\"WebSite\",\"@id\":\"https:\/\/portaltela.pt\/#website\",\"url\":\"https:\/\/portaltela.pt\/\",\"name\":\"Portal Tela Portugal\",\"description\":\"\",\"potentialAction\":[{\"@type\":\"SearchAction\",\"target\":{\"@type\":\"EntryPoint\",\"urlTemplate\":\"https:\/\/portaltela.pt\/?s={search_term_string}\"},\"query-input\":{\"@type\":\"PropertyValueSpecification\",\"valueRequired\":true,\"valueName\":\"search_term_string\"}}],\"inLanguage\":\"pt-PT\"},{\"@type\":\"Person\",\"@id\":\"https:\/\/portaltela.pt\/#\/schema\/person\/c4278d4a6028830caff9ee44b42d32ed\",\"name\":\"Telinha\",\"image\":{\"@type\":\"ImageObject\",\"inLanguage\":\"pt-PT\",\"@id\":\"https:\/\/portaltela.pt\/s.01k8rhncp4jt1\/2025\/11\/talking-bot-125x125.png\",\"url\":\"https:\/\/portaltela.pt\/s.01k8rhncp4jt1\/2025\/11\/talking-bot-125x125.png\",\"contentUrl\":\"https:\/\/portaltela.pt\/s.01k8rhncp4jt1\/2025\/11\/talking-bot-125x125.png\",\"caption\":\"Telinha\"},\"sameAs\":[\"https:\/\/portaltela.pt\/\"],\"url\":\"https:\/\/portaltela.pt\/por\/367410592786\/\"}]}<\/script>\n<!-- \/ Yoast SEO plugin. -->","yoast_head_json":{"title":"Noruega v\u00ea Schjelderup como sinal de for\u00e7a ap\u00f3s vit\u00f3ria - Portal Tela Portugal","robots":{"index":"index","follow":"follow","max-snippet":"max-snippet:-1","max-image-preview":"max-image-preview:large","max-video-preview":"max-video-preview:-1"},"og_locale":"pt_PT","og_type":"article","og_title":"Noruega v\u00ea Schjelderup como sinal de for\u00e7a ap\u00f3s vit\u00f3ria - Portal Tela Portugal","og_description":"Andreas Schjelderup conquistou lugar no onze da sele\u00e7\u00e3o da Noruega e marcou aos 24 minutos no triunfo de prepara\u00e7\u00e3o da Holanda, em Amesterd\u00e3o, mas a Noruega perdeu 1-2. O Benfica destacou o extremo, com elogios de Alexander Sorloth, que disse que Schjelderup \u00e9 extremamente forte e um jogador fant\u00e1stico. O guarda-redes Orjan Nyland elogiou a recupera\u00e7\u00e3o do jogador ap\u00f3s quest\u00f5es judiciais, dizendo que \u00e9 um sinal de for\u00e7a render no Benfica jogo ap\u00f3s jogo. O selecionador noruegu\u00eas avisou que os pr\u00f3ximos jogos, contra a Su\u00ed\u00e7a, servem para observar op\u00e7\u00f5es, destacando que os jogadores v\u00e3o ter mais jogos pelos clubes antes de voltarem a reunir-se. Schjelderup saiu aos 64 minutos, com Nusa a entrar durante o encontro.","og_url":"https:\/\/portaltela.pt\/noticias\/2026\/03\/28\/noruega-ve-schjelderup-como-sinal-de-forca-apos-vitoria\/","og_site_name":"Portal Tela Portugal","article_published_time":"2026-03-28T17:15:29+00:00","author":"Telinha","twitter_card":"summary_large_image","twitter_misc":{"Escrito por":"Telinha","Tempo estimado de leitura":"1 minuto"},"schema":{"@context":"https:\/\/schema.org","@graph":[{"@type":"Article","@id":"https:\/\/portaltela.pt\/noticias\/2026\/03\/28\/noruega-ve-schjelderup-como-sinal-de-forca-apos-vitoria\/#article","isPartOf":{"@id":"https:\/\/portaltela.pt\/noticias\/2026\/03\/28\/noruega-ve-schjelderup-como-sinal-de-forca-apos-vitoria\/"},"author":{"name":"Telinha","@id":"https:\/\/portaltela.pt\/#\/schema\/person\/c4278d4a6028830caff9ee44b42d32ed"},"headline":"Noruega v\u00ea Schjelderup como sinal de for\u00e7a ap\u00f3s vit\u00f3ria","datePublished":"2026-03-28T17:15:29+00:00","mainEntityOfPage":{"@id":"https:\/\/portaltela.pt\/noticias\/2026\/03\/28\/noruega-ve-schjelderup-como-sinal-de-forca-apos-vitoria\/"},"wordCount":228,"image":{"@id":"https:\/\/portaltela.pt\/noticias\/2026\/03\/28\/noruega-ve-schjelderup-como-sinal-de-forca-apos-vitoria\/#primaryimage"},"thumbnailUrl":"https:\/\/portaltela.pt\/s.01k8rhncp4jt1\/2026\/03\/img_920x518uu2026-03-28-17-13-05-2429872.jpg","keywords":["Benfica","futebol","futebol internacional","Noruega","Schjelderup","Sele\u00e7\u00e3o Nacional"],"articleSection":["Desporto","Futebol"],"inLanguage":"pt-PT"},{"@type":"WebPage","@id":"https:\/\/portaltela.pt\/noticias\/2026\/03\/28\/noruega-ve-schjelderup-como-sinal-de-forca-apos-vitoria\/","url":"https:\/\/portaltela.pt\/noticias\/2026\/03\/28\/noruega-ve-schjelderup-como-sinal-de-forca-apos-vitoria\/","name":"Noruega v\u00ea Schjelderup como sinal de for\u00e7a ap\u00f3s vit\u00f3ria - Portal Tela Portugal","isPartOf":{"@id":"https:\/\/portaltela.pt\/#website"},"primaryImageOfPage":{"@id":"https:\/\/portaltela.pt\/noticias\/2026\/03\/28\/noruega-ve-schjelderup-como-sinal-de-forca-apos-vitoria\/#primaryimage"},"image":{"@id":"https:\/\/portaltela.pt\/noticias\/2026\/03\/28\/noruega-ve-schjelderup-como-sinal-de-forca-apos-vitoria\/#primaryimage"},"thumbnailUrl":"https:\/\/portaltela.pt\/s.01k8rhncp4jt1\/2026\/03\/img_920x518uu2026-03-28-17-13-05-2429872.jpg","datePublished":"2026-03-28T17:15:29+00:00","author":{"@id":"https:\/\/portaltela.pt\/#\/schema\/person\/c4278d4a6028830caff9ee44b42d32ed"},"breadcrumb":{"@id":"https:\/\/portaltela.pt\/noticias\/2026\/03\/28\/noruega-ve-schjelderup-como-sinal-de-forca-apos-vitoria\/#breadcrumb"},"inLanguage":"pt-PT","potentialAction":[{"@type":"ReadAction","target":["https:\/\/portaltela.pt\/noticias\/2026\/03\/28\/noruega-ve-schjelderup-como-sinal-de-forca-apos-vitoria\/"]}]},{"@type":"ImageObject","inLanguage":"pt-PT","@id":"https:\/\/portaltela.pt\/noticias\/2026\/03\/28\/noruega-ve-schjelderup-como-sinal-de-forca-apos-vitoria\/#primaryimage","url":"https:\/\/portaltela.pt\/s.01k8rhncp4jt1\/2026\/03\/img_920x518uu2026-03-28-17-13-05-2429872.jpg","contentUrl":"https:\/\/portaltela.pt\/s.01k8rhncp4jt1\/2026\/03\/img_920x518uu2026-03-28-17-13-05-2429872.jpg","width":796,"height":448,"caption":"Schjelderup brilhou pela Noruega"},{"@type":"BreadcrumbList","@id":"https:\/\/portaltela.pt\/noticias\/2026\/03\/28\/noruega-ve-schjelderup-como-sinal-de-forca-apos-vitoria\/#breadcrumb","itemListElement":[{"@type":"ListItem","position":1,"name":"In\u00edcio","item":"https:\/\/portaltela.pt\/"},{"@type":"ListItem","position":2,"name":"Noruega v\u00ea Schjelderup como sinal de for\u00e7a ap\u00f3s vit\u00f3ria"}]},{"@type":"WebSite","@id":"https:\/\/portaltela.pt\/#website","url":"https:\/\/portaltela.pt\/","name":"Portal Tela Portugal","description":"","potentialAction":[{"@type":"SearchAction","target":{"@type":"EntryPoint","urlTemplate":"https:\/\/portaltela.pt\/?s={search_term_string}"},"query-input":{"@type":"PropertyValueSpecification","valueRequired":true,"valueName":"search_term_string"}}],"inLanguage":"pt-PT"},{"@type":"Person","@id":"https:\/\/portaltela.pt\/#\/schema\/person\/c4278d4a6028830caff9ee44b42d32ed","name":"Telinha","image":{"@type":"ImageObject","inLanguage":"pt-PT","@id":"https:\/\/portaltela.pt\/s.01k8rhncp4jt1\/2025\/11\/talking-bot-125x125.png","url":"https:\/\/portaltela.pt\/s.01k8rhncp4jt1\/2025\/11\/talking-bot-125x125.png","contentUrl":"https:\/\/portaltela.pt\/s.01k8rhncp4jt1\/2025\/11\/talking-bot-125x125.png","caption":"Telinha"},"sameAs":["https:\/\/portaltela.pt\/"],"url":"https:\/\/portaltela.pt\/por\/367410592786\/"}]}},"_links":{"self":[{"href":"https:\/\/portaltela.pt\/api\/wp\/v2\/posts\/425175","targetHints":{"allow":["GET"]}}],"collection":[{"href":"https:\/\/portaltela.pt\/api\/wp\/v2\/posts"}],"about":[{"href":"https:\/\/portaltela.pt\/api\/wp\/v2\/types\/post"}],"author":[{"embeddable":true,"href":"https:\/\/portaltela.pt\/api\/wp\/v2\/users\/2"}],"replies":[{"embeddable":true,"href":"https:\/\/portaltela.pt\/api\/wp\/v2\/comments?post=425175"}],"version-history":[{"count":0,"href":"https:\/\/portaltela.pt\/api\/wp\/v2\/posts\/425175\/revisions"}],"wp:featuredmedia":[{"embeddable":true,"href":"https:\/\/portaltela.pt\/api\/wp\/v2\/media\/425183"}],"wp:attachment":[{"href":"https:\/\/portaltela.pt\/api\/wp\/v2\/media?parent=425175"}],"wp:term":[{"taxonomy":"category","embeddable":true,"href":"https:\/\/portaltela.pt\/api\/wp\/v2\/categories?post=425175"},{"taxonomy":"post_tag","embeddable":true,"href":"https:\/\/portaltela.pt\/api\/wp\/v2\/tags?post=425175"}],"curies":[{"name":"wp","href":"https:\/\/api.w.org\/{rel}","templated":true}]}}