{"id":425150,"date":"2026-03-28T13:53:00","date_gmt":"2026-03-28T16:53:00","guid":{"rendered":"https:\/\/portaltela.pt\/noticias\/2026\/03\/28\/pelo-menos-12-mortos-em-desabamento-na-republica-democratica-do-congo\/"},"modified":"2026-03-28T13:53:00","modified_gmt":"2026-03-28T16:53:00","slug":"pelo-menos-12-mortos-em-desabamento-na-republica-democratica-do-congo","status":"publish","type":"post","link":"https:\/\/portaltela.pt\/conflitos\/2026\/03\/28\/pelo-menos-12-mortos-em-desabamento-na-republica-democratica-do-congo\/","title":{"rendered":"Pelo menos 12 mortos em desabamento na Rep\u00fablica Democr\u00e1tica do Congo"},"content":{"rendered":"<p>Pelo menos 12 mortos num desabamento ocorreu na zona mineira de Rubaya, no nordeste da RDC, na aldeia Gasasa. O deslizamento teve lugar na sexta-feira, ap\u00f3s chuvas intensas que tornaram o terreno inst\u00e1vel. Trabalhadores desciam \u00e0s minas quando o solo cedeu, indicando causas associadas \u00e0s condi\u00e7\u00f5es meteorol\u00f3gicas e \u00e0 atividade mineira.<\/p>\n<p>Voltaire Sadiki, secret\u00e1rio de coordena\u00e7\u00e3o da sociedade civil de Masisi, informou que Gasasa voltou a ser atingida pela chuva, agravando a fragilidade do terreno. Afirmou ainda que foram repetidamente solicitadas paragens de atividade mineira, sem resposta, o que resultou em novas perdas humanas.<\/p>\n<p>Entre Rubaya e Gasasa, o fen\u00f3meno j\u00e1 deixou v\u00e1rias v\u00edtimas este m\u00eas, com pelo menos 300 mortos num desmoronamento na mina de Gakombe. Em janeiro, outro deslizamento matou cerca de 460 pessoas, segundo a sociedade civil de Masisi; o Governo Congo contabilizou 200 v\u00edtimas.<\/p>\n<h3>Contexto regional<\/h3>\n<p>O governo da RDC denunciou um \u201csistema organizado de saque e explora\u00e7\u00e3o ilegal\u201d de recursos por parte do M23. As autoridades impuseram a proibi\u00e7\u00e3o de atividades de explora\u00e7\u00e3o na regi\u00e3o antes de os rebeldes assumirem controlo do territ\u00f3rio.<\/p>\n<h3>Situa\u00e7\u00e3o de seguran\u00e7a no leste<\/h3>\n<p>O conflito no leste do pa\u00eds agravou-se no final de janeiro de 2025, quando o M23 tomou Goma, capital de Kivu do Norte, e, semanas depois, Bukavu, capital de Kivu do Sul. A \u00e1rea \u00e9 rica em minerais usados na ind\u00fastria tecnol\u00f3gica, o que aumenta o interesse de grupos armados na explora\u00e7\u00e3o.<\/p>\n","protected":false},"excerpt":{"rendered":"<ul>\n<li>Pelo menos 12 mortos num desabamento na zona mineira de Rubaya, nordeste da Rep\u00fablica Democr\u00e1tica do Congo, ap\u00f3s chuvas terem deixado o terreno mais inst\u00e1vel na aldeia de Gasasa.<\/li>\n<li>O deslizamento ocorreu enquanto trabalhadores se preparavam para descer \u00e0s minas; autoridades locais dizem que houve repetidos apelos para parar as opera\u00e7\u00f5es em Gasasa, sem ouvir.<\/li>\n<li>Real\u00e7am-se incidentes semelhantes em Rubaya este m\u00eas, com centenas de \u00f3bitos noutras minas, incluindo Gakombe; em janeiro foram cerca de 460 mortos segundo a sociedade civil, mas o Governo contabilizou 200.<\/li>\n<li>O Governo da RDC denunciou um \u201csistema organizado de saque e explora\u00e7\u00e3o ilegal\u201d de recursos naturais pelo grupo M23 e imp\u00f4s a proibi\u00e7\u00e3o de toda a atividade de explora\u00e7\u00e3o na zona por motivos de seguran\u00e7a.<\/li>\n<li>A regi\u00e3o continua marcada por viol\u00eancia e explora\u00e7\u00e3o mineira artesanal sem regulamenta\u00e7\u00e3o; o M23 ganhou controlo de Goma e, semanas depois, de Bukavu, agravando o conflito no leste do pa\u00eds.<\/li>\n<\/ul>\n","protected":false},"author":2,"featured_media":425154,"comment_status":"closed","ping_status":"closed","sticky":false,"template":"","format":"standard","meta":{"footnotes":""},"categories":[6790],"tags":[5227,254,5956,5528,4930,250],"class_list":["post-425150","post","type-post","status-publish","format-standard","has-post-thumbnail","hentry","category-conflitos","tag-africa","tag-conflito","tag-desabamento","tag-exploracao","tag-mineracao-artesanal","tag-seguranca-publica"],"yoast_head":"<!-- This site is optimized with the Yoast SEO plugin v27.2 - https:\/\/yoast.com\/product\/yoast-seo-wordpress\/ -->\n<title>Pelo menos 12 mortos em desabamento na Rep\u00fablica Democr\u00e1tica do Congo - Portal Tela Portugal<\/title>\n<meta name=\"robots\" content=\"index, follow, max-snippet:-1, max-image-preview:large, max-video-preview:-1\" \/>\n<meta property=\"og:locale\" content=\"pt_PT\" \/>\n<meta property=\"og:type\" content=\"article\" \/>\n<meta property=\"og:title\" content=\"Pelo menos 12 mortos em desabamento na Rep\u00fablica Democr\u00e1tica do Congo - Portal Tela Portugal\" \/>\n<meta property=\"og:description\" content=\"Pelo menos 12 mortos num desabamento na zona mineira de Rubaya, nordeste da Rep\u00fablica Democr\u00e1tica do Congo, ap\u00f3s chuvas terem deixado o terreno mais inst\u00e1vel na aldeia de Gasasa. O deslizamento ocorreu enquanto trabalhadores se preparavam para descer \u00e0s minas; autoridades locais dizem que houve repetidos apelos para parar as opera\u00e7\u00f5es em Gasasa, sem ouvir. Real\u00e7am-se incidentes semelhantes em Rubaya este m\u00eas, com centenas de \u00f3bitos noutras minas, incluindo Gakombe; em janeiro foram cerca de 460 mortos segundo a sociedade civil, mas o Governo contabilizou 200. O Governo da RDC denunciou um \u201csistema organizado de saque e explora\u00e7\u00e3o ilegal\u201d de recursos naturais pelo grupo M23 e imp\u00f4s a proibi\u00e7\u00e3o de toda a atividade de explora\u00e7\u00e3o na zona por motivos de seguran\u00e7a. A regi\u00e3o continua marcada por viol\u00eancia e explora\u00e7\u00e3o mineira artesanal sem regulamenta\u00e7\u00e3o; o M23 ganhou controlo de Goma e, semanas depois, de Bukavu, agravando o conflito no leste do pa\u00eds.\" \/>\n<meta property=\"og:url\" content=\"https:\/\/portaltela.pt\/noticias\/2026\/03\/28\/pelo-menos-12-mortos-em-desabamento-na-republica-democratica-do-congo\/\" \/>\n<meta property=\"og:site_name\" content=\"Portal Tela Portugal\" \/>\n<meta property=\"article:published_time\" content=\"2026-03-28T16:53:00+00:00\" \/>\n<meta name=\"author\" content=\"Telinha\" \/>\n<meta name=\"twitter:card\" content=\"summary_large_image\" \/>\n<meta name=\"twitter:label1\" content=\"Escrito por\" \/>\n\t<meta name=\"twitter:data1\" content=\"Telinha\" \/>\n\t<meta name=\"twitter:label2\" content=\"Tempo estimado de leitura\" \/>\n\t<meta name=\"twitter:data2\" content=\"1 minuto\" \/>\n<script type=\"application\/ld+json\" class=\"yoast-schema-graph\">{\"@context\":\"https:\/\/schema.org\",\"@graph\":[{\"@type\":\"Article\",\"@id\":\"https:\/\/portaltela.pt\/noticias\/2026\/03\/28\/pelo-menos-12-mortos-em-desabamento-na-republica-democratica-do-congo\/#article\",\"isPartOf\":{\"@id\":\"https:\/\/portaltela.pt\/noticias\/2026\/03\/28\/pelo-menos-12-mortos-em-desabamento-na-republica-democratica-do-congo\/\"},\"author\":{\"name\":\"Telinha\",\"@id\":\"https:\/\/portaltela.pt\/#\/schema\/person\/c4278d4a6028830caff9ee44b42d32ed\"},\"headline\":\"Pelo menos 12 mortos em desabamento na Rep\u00fablica Democr\u00e1tica do Congo\",\"datePublished\":\"2026-03-28T16:53:00+00:00\",\"mainEntityOfPage\":{\"@id\":\"https:\/\/portaltela.pt\/noticias\/2026\/03\/28\/pelo-menos-12-mortos-em-desabamento-na-republica-democratica-do-congo\/\"},\"wordCount\":262,\"image\":{\"@id\":\"https:\/\/portaltela.pt\/noticias\/2026\/03\/28\/pelo-menos-12-mortos-em-desabamento-na-republica-democratica-do-congo\/#primaryimage\"},\"thumbnailUrl\":\"https:\/\/portaltela.pt\/s.01k8rhncp4jt1\/2026\/03\/2077657.jpg\",\"keywords\":[\"\u00c1frica\",\"conflito\",\"desabamento\",\"explora\u00e7\u00e3o\",\"minera\u00e7\u00e3o artesanal\",\"seguran\u00e7a p\u00fablica\"],\"articleSection\":[\"Conflitos\"],\"inLanguage\":\"pt-PT\"},{\"@type\":\"WebPage\",\"@id\":\"https:\/\/portaltela.pt\/noticias\/2026\/03\/28\/pelo-menos-12-mortos-em-desabamento-na-republica-democratica-do-congo\/\",\"url\":\"https:\/\/portaltela.pt\/noticias\/2026\/03\/28\/pelo-menos-12-mortos-em-desabamento-na-republica-democratica-do-congo\/\",\"name\":\"Pelo menos 12 mortos em desabamento na Rep\u00fablica Democr\u00e1tica do Congo - Portal Tela Portugal\",\"isPartOf\":{\"@id\":\"https:\/\/portaltela.pt\/#website\"},\"primaryImageOfPage\":{\"@id\":\"https:\/\/portaltela.pt\/noticias\/2026\/03\/28\/pelo-menos-12-mortos-em-desabamento-na-republica-democratica-do-congo\/#primaryimage\"},\"image\":{\"@id\":\"https:\/\/portaltela.pt\/noticias\/2026\/03\/28\/pelo-menos-12-mortos-em-desabamento-na-republica-democratica-do-congo\/#primaryimage\"},\"thumbnailUrl\":\"https:\/\/portaltela.pt\/s.01k8rhncp4jt1\/2026\/03\/2077657.jpg\",\"datePublished\":\"2026-03-28T16:53:00+00:00\",\"author\":{\"@id\":\"https:\/\/portaltela.pt\/#\/schema\/person\/c4278d4a6028830caff9ee44b42d32ed\"},\"breadcrumb\":{\"@id\":\"https:\/\/portaltela.pt\/noticias\/2026\/03\/28\/pelo-menos-12-mortos-em-desabamento-na-republica-democratica-do-congo\/#breadcrumb\"},\"inLanguage\":\"pt-PT\",\"potentialAction\":[{\"@type\":\"ReadAction\",\"target\":[\"https:\/\/portaltela.pt\/noticias\/2026\/03\/28\/pelo-menos-12-mortos-em-desabamento-na-republica-democratica-do-congo\/\"]}]},{\"@type\":\"ImageObject\",\"inLanguage\":\"pt-PT\",\"@id\":\"https:\/\/portaltela.pt\/noticias\/2026\/03\/28\/pelo-menos-12-mortos-em-desabamento-na-republica-democratica-do-congo\/#primaryimage\",\"url\":\"https:\/\/portaltela.pt\/s.01k8rhncp4jt1\/2026\/03\/2077657.jpg\",\"contentUrl\":\"https:\/\/portaltela.pt\/s.01k8rhncp4jt1\/2026\/03\/2077657.jpg\",\"width\":796,\"height\":448,\"caption\":\"Homem trabalha numa mina perto de Rubaya, no leste da Rep\u00fablica Democr\u00e1tica do Congo\"},{\"@type\":\"BreadcrumbList\",\"@id\":\"https:\/\/portaltela.pt\/noticias\/2026\/03\/28\/pelo-menos-12-mortos-em-desabamento-na-republica-democratica-do-congo\/#breadcrumb\",\"itemListElement\":[{\"@type\":\"ListItem\",\"position\":1,\"name\":\"In\u00edcio\",\"item\":\"https:\/\/portaltela.pt\/\"},{\"@type\":\"ListItem\",\"position\":2,\"name\":\"Pelo menos 12 mortos em desabamento na Rep\u00fablica Democr\u00e1tica do Congo\"}]},{\"@type\":\"WebSite\",\"@id\":\"https:\/\/portaltela.pt\/#website\",\"url\":\"https:\/\/portaltela.pt\/\",\"name\":\"Portal Tela Portugal\",\"description\":\"\",\"potentialAction\":[{\"@type\":\"SearchAction\",\"target\":{\"@type\":\"EntryPoint\",\"urlTemplate\":\"https:\/\/portaltela.pt\/?s={search_term_string}\"},\"query-input\":{\"@type\":\"PropertyValueSpecification\",\"valueRequired\":true,\"valueName\":\"search_term_string\"}}],\"inLanguage\":\"pt-PT\"},{\"@type\":\"Person\",\"@id\":\"https:\/\/portaltela.pt\/#\/schema\/person\/c4278d4a6028830caff9ee44b42d32ed\",\"name\":\"Telinha\",\"image\":{\"@type\":\"ImageObject\",\"inLanguage\":\"pt-PT\",\"@id\":\"https:\/\/portaltela.pt\/s.01k8rhncp4jt1\/2025\/11\/talking-bot-125x125.png\",\"url\":\"https:\/\/portaltela.pt\/s.01k8rhncp4jt1\/2025\/11\/talking-bot-125x125.png\",\"contentUrl\":\"https:\/\/portaltela.pt\/s.01k8rhncp4jt1\/2025\/11\/talking-bot-125x125.png\",\"caption\":\"Telinha\"},\"sameAs\":[\"https:\/\/portaltela.pt\/\"],\"url\":\"https:\/\/portaltela.pt\/por\/367410592786\/\"}]}<\/script>\n<!-- \/ Yoast SEO plugin. -->","yoast_head_json":{"title":"Pelo menos 12 mortos em desabamento na Rep\u00fablica Democr\u00e1tica do Congo - Portal Tela Portugal","robots":{"index":"index","follow":"follow","max-snippet":"max-snippet:-1","max-image-preview":"max-image-preview:large","max-video-preview":"max-video-preview:-1"},"og_locale":"pt_PT","og_type":"article","og_title":"Pelo menos 12 mortos em desabamento na Rep\u00fablica Democr\u00e1tica do Congo - Portal Tela Portugal","og_description":"Pelo menos 12 mortos num desabamento na zona mineira de Rubaya, nordeste da Rep\u00fablica Democr\u00e1tica do Congo, ap\u00f3s chuvas terem deixado o terreno mais inst\u00e1vel na aldeia de Gasasa. O deslizamento ocorreu enquanto trabalhadores se preparavam para descer \u00e0s minas; autoridades locais dizem que houve repetidos apelos para parar as opera\u00e7\u00f5es em Gasasa, sem ouvir. Real\u00e7am-se incidentes semelhantes em Rubaya este m\u00eas, com centenas de \u00f3bitos noutras minas, incluindo Gakombe; em janeiro foram cerca de 460 mortos segundo a sociedade civil, mas o Governo contabilizou 200. O Governo da RDC denunciou um \u201csistema organizado de saque e explora\u00e7\u00e3o ilegal\u201d de recursos naturais pelo grupo M23 e imp\u00f4s a proibi\u00e7\u00e3o de toda a atividade de explora\u00e7\u00e3o na zona por motivos de seguran\u00e7a. A regi\u00e3o continua marcada por viol\u00eancia e explora\u00e7\u00e3o mineira artesanal sem regulamenta\u00e7\u00e3o; o M23 ganhou controlo de Goma e, semanas depois, de Bukavu, agravando o conflito no leste do pa\u00eds.","og_url":"https:\/\/portaltela.pt\/noticias\/2026\/03\/28\/pelo-menos-12-mortos-em-desabamento-na-republica-democratica-do-congo\/","og_site_name":"Portal Tela Portugal","article_published_time":"2026-03-28T16:53:00+00:00","author":"Telinha","twitter_card":"summary_large_image","twitter_misc":{"Escrito por":"Telinha","Tempo estimado de leitura":"1 minuto"},"schema":{"@context":"https:\/\/schema.org","@graph":[{"@type":"Article","@id":"https:\/\/portaltela.pt\/noticias\/2026\/03\/28\/pelo-menos-12-mortos-em-desabamento-na-republica-democratica-do-congo\/#article","isPartOf":{"@id":"https:\/\/portaltela.pt\/noticias\/2026\/03\/28\/pelo-menos-12-mortos-em-desabamento-na-republica-democratica-do-congo\/"},"author":{"name":"Telinha","@id":"https:\/\/portaltela.pt\/#\/schema\/person\/c4278d4a6028830caff9ee44b42d32ed"},"headline":"Pelo menos 12 mortos em desabamento na Rep\u00fablica Democr\u00e1tica do Congo","datePublished":"2026-03-28T16:53:00+00:00","mainEntityOfPage":{"@id":"https:\/\/portaltela.pt\/noticias\/2026\/03\/28\/pelo-menos-12-mortos-em-desabamento-na-republica-democratica-do-congo\/"},"wordCount":262,"image":{"@id":"https:\/\/portaltela.pt\/noticias\/2026\/03\/28\/pelo-menos-12-mortos-em-desabamento-na-republica-democratica-do-congo\/#primaryimage"},"thumbnailUrl":"https:\/\/portaltela.pt\/s.01k8rhncp4jt1\/2026\/03\/2077657.jpg","keywords":["\u00c1frica","conflito","desabamento","explora\u00e7\u00e3o","minera\u00e7\u00e3o artesanal","seguran\u00e7a p\u00fablica"],"articleSection":["Conflitos"],"inLanguage":"pt-PT"},{"@type":"WebPage","@id":"https:\/\/portaltela.pt\/noticias\/2026\/03\/28\/pelo-menos-12-mortos-em-desabamento-na-republica-democratica-do-congo\/","url":"https:\/\/portaltela.pt\/noticias\/2026\/03\/28\/pelo-menos-12-mortos-em-desabamento-na-republica-democratica-do-congo\/","name":"Pelo menos 12 mortos em desabamento na Rep\u00fablica Democr\u00e1tica do Congo - Portal Tela Portugal","isPartOf":{"@id":"https:\/\/portaltela.pt\/#website"},"primaryImageOfPage":{"@id":"https:\/\/portaltela.pt\/noticias\/2026\/03\/28\/pelo-menos-12-mortos-em-desabamento-na-republica-democratica-do-congo\/#primaryimage"},"image":{"@id":"https:\/\/portaltela.pt\/noticias\/2026\/03\/28\/pelo-menos-12-mortos-em-desabamento-na-republica-democratica-do-congo\/#primaryimage"},"thumbnailUrl":"https:\/\/portaltela.pt\/s.01k8rhncp4jt1\/2026\/03\/2077657.jpg","datePublished":"2026-03-28T16:53:00+00:00","author":{"@id":"https:\/\/portaltela.pt\/#\/schema\/person\/c4278d4a6028830caff9ee44b42d32ed"},"breadcrumb":{"@id":"https:\/\/portaltela.pt\/noticias\/2026\/03\/28\/pelo-menos-12-mortos-em-desabamento-na-republica-democratica-do-congo\/#breadcrumb"},"inLanguage":"pt-PT","potentialAction":[{"@type":"ReadAction","target":["https:\/\/portaltela.pt\/noticias\/2026\/03\/28\/pelo-menos-12-mortos-em-desabamento-na-republica-democratica-do-congo\/"]}]},{"@type":"ImageObject","inLanguage":"pt-PT","@id":"https:\/\/portaltela.pt\/noticias\/2026\/03\/28\/pelo-menos-12-mortos-em-desabamento-na-republica-democratica-do-congo\/#primaryimage","url":"https:\/\/portaltela.pt\/s.01k8rhncp4jt1\/2026\/03\/2077657.jpg","contentUrl":"https:\/\/portaltela.pt\/s.01k8rhncp4jt1\/2026\/03\/2077657.jpg","width":796,"height":448,"caption":"Homem trabalha numa mina perto de Rubaya, no leste da Rep\u00fablica Democr\u00e1tica do Congo"},{"@type":"BreadcrumbList","@id":"https:\/\/portaltela.pt\/noticias\/2026\/03\/28\/pelo-menos-12-mortos-em-desabamento-na-republica-democratica-do-congo\/#breadcrumb","itemListElement":[{"@type":"ListItem","position":1,"name":"In\u00edcio","item":"https:\/\/portaltela.pt\/"},{"@type":"ListItem","position":2,"name":"Pelo menos 12 mortos em desabamento na Rep\u00fablica Democr\u00e1tica do Congo"}]},{"@type":"WebSite","@id":"https:\/\/portaltela.pt\/#website","url":"https:\/\/portaltela.pt\/","name":"Portal Tela Portugal","description":"","potentialAction":[{"@type":"SearchAction","target":{"@type":"EntryPoint","urlTemplate":"https:\/\/portaltela.pt\/?s={search_term_string}"},"query-input":{"@type":"PropertyValueSpecification","valueRequired":true,"valueName":"search_term_string"}}],"inLanguage":"pt-PT"},{"@type":"Person","@id":"https:\/\/portaltela.pt\/#\/schema\/person\/c4278d4a6028830caff9ee44b42d32ed","name":"Telinha","image":{"@type":"ImageObject","inLanguage":"pt-PT","@id":"https:\/\/portaltela.pt\/s.01k8rhncp4jt1\/2025\/11\/talking-bot-125x125.png","url":"https:\/\/portaltela.pt\/s.01k8rhncp4jt1\/2025\/11\/talking-bot-125x125.png","contentUrl":"https:\/\/portaltela.pt\/s.01k8rhncp4jt1\/2025\/11\/talking-bot-125x125.png","caption":"Telinha"},"sameAs":["https:\/\/portaltela.pt\/"],"url":"https:\/\/portaltela.pt\/por\/367410592786\/"}]}},"_links":{"self":[{"href":"https:\/\/portaltela.pt\/api\/wp\/v2\/posts\/425150","targetHints":{"allow":["GET"]}}],"collection":[{"href":"https:\/\/portaltela.pt\/api\/wp\/v2\/posts"}],"about":[{"href":"https:\/\/portaltela.pt\/api\/wp\/v2\/types\/post"}],"author":[{"embeddable":true,"href":"https:\/\/portaltela.pt\/api\/wp\/v2\/users\/2"}],"replies":[{"embeddable":true,"href":"https:\/\/portaltela.pt\/api\/wp\/v2\/comments?post=425150"}],"version-history":[{"count":0,"href":"https:\/\/portaltela.pt\/api\/wp\/v2\/posts\/425150\/revisions"}],"wp:featuredmedia":[{"embeddable":true,"href":"https:\/\/portaltela.pt\/api\/wp\/v2\/media\/425154"}],"wp:attachment":[{"href":"https:\/\/portaltela.pt\/api\/wp\/v2\/media?parent=425150"}],"wp:term":[{"taxonomy":"category","embeddable":true,"href":"https:\/\/portaltela.pt\/api\/wp\/v2\/categories?post=425150"},{"taxonomy":"post_tag","embeddable":true,"href":"https:\/\/portaltela.pt\/api\/wp\/v2\/tags?post=425150"}],"curies":[{"name":"wp","href":"https:\/\/api.w.org\/{rel}","templated":true}]}}