{"id":425138,"date":"2026-03-28T13:58:24","date_gmt":"2026-03-28T16:58:24","guid":{"rendered":"https:\/\/portaltela.pt\/noticias\/2026\/03\/28\/tiago-pereira-vence-final-de-pares-em-alicante\/"},"modified":"2026-03-28T13:58:24","modified_gmt":"2026-03-28T16:58:24","slug":"tiago-pereira-vence-final-de-pares-em-alicante","status":"publish","type":"post","link":"https:\/\/portaltela.pt\/desporto\/futebol\/2026\/03\/28\/tiago-pereira-vence-final-de-pares-em-alicante\/","title":{"rendered":"Tiago Pereira vence final de pares em Alicante"},"content":{"rendered":"<p>Tiago Pereira, ao lado do polaco Szymon Kielan, venceu a final de pares do Challenger de Alicante, Espanha, neste s\u00e1bado. O duo derrotou Nicolas Barrientos e Ariel Behar por 4-6, 6-3 e 15-13, em 1h30 de jogo.<\/p>\n<p>Os portugueses salvaram cinco pontos de break no encontro decisivo, que ficou marcado pela resist\u00eancia dos advers\u00e1rios, apesar da derrota no primeiro set.<\/p>\n<p>Pereira, 21 anos, soma j\u00e1 quatro t\u00edtulos em pares no circuito Challenger, o terceiro em 2026. Kielan \u00e9 o seu parceiro habitual, com rank 131.\u00ba e o compatriota 157.\u00ba no quadro de pares.<\/p>\n<p>A vit\u00f3ria permite a Tiago Pereira entrar pela primeira vez no top-150 de pares, aproximando-se do 141.\u00ba posto. O portugu\u00eas j\u00e1 conquistou t\u00edtulos em Hersonissos e Tenerife este ano, e em 2025 venceu em Maia.<\/p>\n<p>No panorama anterior, Pereira tinha chegado a duas finais perdidas: Barletta (It\u00e1lia) em 2025 e Seg\u00f3via (Espanha) em 2024, antes deste t\u00edtulo em Alicante.<\/p>\n","protected":false},"excerpt":{"rendered":"<ul>\n<li>O tenista portugu\u00eas Tiago Pereira, ao lado do polaco Szymon Kielan, venceu a final de pares do challenger de Alicante, Espanha.<\/li>\n<li>O duo derrotou Nicolas Barrientos e Ariel Behar com o placar de 4-6, 6-3 e 15-13, em uma hora e 30 minutos.<\/li>\n<li>Com a vit\u00f3ria, Pereira sobe ao top-150 de pares pela primeira vez, estimando-se no 141.\u00ba posto.<\/li>\n<li>Pereira, de 21 anos, soma quatro triunfos em pares no circuito challenger, incluindo este ano em Hersonissos e Tenerife.<\/li>\n<li>O algarvio j\u00e1 tinha perdido finais em Barletta, em 2025, e Seg\u00f3via, em 2024.<\/li>\n<\/ul>\n","protected":false},"author":2,"featured_media":425141,"comment_status":"closed","ping_status":"closed","sticky":false,"template":"","format":"standard","meta":{"footnotes":""},"categories":[21,24],"tags":[5885,2189,1014,94,7232],"class_list":["post-425138","post","type-post","status-publish","format-standard","has-post-thumbnail","hentry","category-desporto","category-futebol","tag-duplas","tag-espana","tag-portugal","tag-tenis","tag-tenistas-internacionais"],"yoast_head":"<!-- This site is optimized with the Yoast SEO plugin v27.2 - https:\/\/yoast.com\/product\/yoast-seo-wordpress\/ -->\n<title>Tiago Pereira vence final de pares em Alicante - Portal Tela Portugal<\/title>\n<meta name=\"robots\" content=\"index, follow, max-snippet:-1, max-image-preview:large, max-video-preview:-1\" \/>\n<meta property=\"og:locale\" content=\"pt_PT\" \/>\n<meta property=\"og:type\" content=\"article\" \/>\n<meta property=\"og:title\" content=\"Tiago Pereira vence final de pares em Alicante - Portal Tela Portugal\" \/>\n<meta property=\"og:description\" content=\"O tenista portugu\u00eas Tiago Pereira, ao lado do polaco Szymon Kielan, venceu a final de pares do challenger de Alicante, Espanha. O duo derrotou Nicolas Barrientos e Ariel Behar com o placar de 4-6, 6-3 e 15-13, em uma hora e 30 minutos. Com a vit\u00f3ria, Pereira sobe ao top-150 de pares pela primeira vez, estimando-se no 141.\u00ba posto. Pereira, de 21 anos, soma quatro triunfos em pares no circuito challenger, incluindo este ano em Hersonissos e Tenerife. O algarvio j\u00e1 tinha perdido finais em Barletta, em 2025, e Seg\u00f3via, em 2024.\" \/>\n<meta property=\"og:url\" content=\"https:\/\/portaltela.pt\/noticias\/2026\/03\/28\/tiago-pereira-vence-final-de-pares-em-alicante\/\" \/>\n<meta property=\"og:site_name\" content=\"Portal Tela Portugal\" \/>\n<meta property=\"article:published_time\" content=\"2026-03-28T16:58:24+00:00\" \/>\n<meta name=\"author\" content=\"Telinha\" \/>\n<meta name=\"twitter:card\" content=\"summary_large_image\" \/>\n<meta name=\"twitter:label1\" content=\"Escrito por\" \/>\n\t<meta name=\"twitter:data1\" content=\"Telinha\" \/>\n\t<meta name=\"twitter:label2\" content=\"Tempo estimado de leitura\" \/>\n\t<meta name=\"twitter:data2\" content=\"1 minuto\" \/>\n<script type=\"application\/ld+json\" class=\"yoast-schema-graph\">{\"@context\":\"https:\/\/schema.org\",\"@graph\":[{\"@type\":\"Article\",\"@id\":\"https:\/\/portaltela.pt\/noticias\/2026\/03\/28\/tiago-pereira-vence-final-de-pares-em-alicante\/#article\",\"isPartOf\":{\"@id\":\"https:\/\/portaltela.pt\/noticias\/2026\/03\/28\/tiago-pereira-vence-final-de-pares-em-alicante\/\"},\"author\":{\"name\":\"Telinha\",\"@id\":\"https:\/\/portaltela.pt\/#\/schema\/person\/c4278d4a6028830caff9ee44b42d32ed\"},\"headline\":\"Tiago Pereira vence final de pares em Alicante\",\"datePublished\":\"2026-03-28T16:58:24+00:00\",\"mainEntityOfPage\":{\"@id\":\"https:\/\/portaltela.pt\/noticias\/2026\/03\/28\/tiago-pereira-vence-final-de-pares-em-alicante\/\"},\"wordCount\":161,\"image\":{\"@id\":\"https:\/\/portaltela.pt\/noticias\/2026\/03\/28\/tiago-pereira-vence-final-de-pares-em-alicante\/#primaryimage\"},\"thumbnailUrl\":\"https:\/\/portaltela.pt\/s.01k8rhncp4jt1\/2026\/03\/img_1500x1000uu2026-03-28-16-58-10-2275270.png\",\"keywords\":[\"duplas\",\"Espa\u00f1a\",\"Portugal\",\"t\u00eanis\",\"tenistas internacionais\"],\"articleSection\":[\"Desporto\",\"Futebol\"],\"inLanguage\":\"pt-PT\"},{\"@type\":\"WebPage\",\"@id\":\"https:\/\/portaltela.pt\/noticias\/2026\/03\/28\/tiago-pereira-vence-final-de-pares-em-alicante\/\",\"url\":\"https:\/\/portaltela.pt\/noticias\/2026\/03\/28\/tiago-pereira-vence-final-de-pares-em-alicante\/\",\"name\":\"Tiago Pereira vence final de pares em Alicante - Portal Tela Portugal\",\"isPartOf\":{\"@id\":\"https:\/\/portaltela.pt\/#website\"},\"primaryImageOfPage\":{\"@id\":\"https:\/\/portaltela.pt\/noticias\/2026\/03\/28\/tiago-pereira-vence-final-de-pares-em-alicante\/#primaryimage\"},\"image\":{\"@id\":\"https:\/\/portaltela.pt\/noticias\/2026\/03\/28\/tiago-pereira-vence-final-de-pares-em-alicante\/#primaryimage\"},\"thumbnailUrl\":\"https:\/\/portaltela.pt\/s.01k8rhncp4jt1\/2026\/03\/img_1500x1000uu2026-03-28-16-58-10-2275270.png\",\"datePublished\":\"2026-03-28T16:58:24+00:00\",\"author\":{\"@id\":\"https:\/\/portaltela.pt\/#\/schema\/person\/c4278d4a6028830caff9ee44b42d32ed\"},\"breadcrumb\":{\"@id\":\"https:\/\/portaltela.pt\/noticias\/2026\/03\/28\/tiago-pereira-vence-final-de-pares-em-alicante\/#breadcrumb\"},\"inLanguage\":\"pt-PT\",\"potentialAction\":[{\"@type\":\"ReadAction\",\"target\":[\"https:\/\/portaltela.pt\/noticias\/2026\/03\/28\/tiago-pereira-vence-final-de-pares-em-alicante\/\"]}]},{\"@type\":\"ImageObject\",\"inLanguage\":\"pt-PT\",\"@id\":\"https:\/\/portaltela.pt\/noticias\/2026\/03\/28\/tiago-pereira-vence-final-de-pares-em-alicante\/#primaryimage\",\"url\":\"https:\/\/portaltela.pt\/s.01k8rhncp4jt1\/2026\/03\/img_1500x1000uu2026-03-28-16-58-10-2275270.png\",\"contentUrl\":\"https:\/\/portaltela.pt\/s.01k8rhncp4jt1\/2026\/03\/img_1500x1000uu2026-03-28-16-58-10-2275270.png\",\"width\":1500,\"height\":1000,\"caption\":\"Tiago Pereira\"},{\"@type\":\"BreadcrumbList\",\"@id\":\"https:\/\/portaltela.pt\/noticias\/2026\/03\/28\/tiago-pereira-vence-final-de-pares-em-alicante\/#breadcrumb\",\"itemListElement\":[{\"@type\":\"ListItem\",\"position\":1,\"name\":\"In\u00edcio\",\"item\":\"https:\/\/portaltela.pt\/\"},{\"@type\":\"ListItem\",\"position\":2,\"name\":\"Tiago Pereira vence final de pares em Alicante\"}]},{\"@type\":\"WebSite\",\"@id\":\"https:\/\/portaltela.pt\/#website\",\"url\":\"https:\/\/portaltela.pt\/\",\"name\":\"Portal Tela Portugal\",\"description\":\"\",\"potentialAction\":[{\"@type\":\"SearchAction\",\"target\":{\"@type\":\"EntryPoint\",\"urlTemplate\":\"https:\/\/portaltela.pt\/?s={search_term_string}\"},\"query-input\":{\"@type\":\"PropertyValueSpecification\",\"valueRequired\":true,\"valueName\":\"search_term_string\"}}],\"inLanguage\":\"pt-PT\"},{\"@type\":\"Person\",\"@id\":\"https:\/\/portaltela.pt\/#\/schema\/person\/c4278d4a6028830caff9ee44b42d32ed\",\"name\":\"Telinha\",\"image\":{\"@type\":\"ImageObject\",\"inLanguage\":\"pt-PT\",\"@id\":\"https:\/\/portaltela.pt\/s.01k8rhncp4jt1\/2025\/11\/talking-bot-125x125.png\",\"url\":\"https:\/\/portaltela.pt\/s.01k8rhncp4jt1\/2025\/11\/talking-bot-125x125.png\",\"contentUrl\":\"https:\/\/portaltela.pt\/s.01k8rhncp4jt1\/2025\/11\/talking-bot-125x125.png\",\"caption\":\"Telinha\"},\"sameAs\":[\"https:\/\/portaltela.pt\/\"],\"url\":\"https:\/\/portaltela.pt\/por\/367410592786\/\"}]}<\/script>\n<!-- \/ Yoast SEO plugin. -->","yoast_head_json":{"title":"Tiago Pereira vence final de pares em Alicante - Portal Tela Portugal","robots":{"index":"index","follow":"follow","max-snippet":"max-snippet:-1","max-image-preview":"max-image-preview:large","max-video-preview":"max-video-preview:-1"},"og_locale":"pt_PT","og_type":"article","og_title":"Tiago Pereira vence final de pares em Alicante - Portal Tela Portugal","og_description":"O tenista portugu\u00eas Tiago Pereira, ao lado do polaco Szymon Kielan, venceu a final de pares do challenger de Alicante, Espanha. O duo derrotou Nicolas Barrientos e Ariel Behar com o placar de 4-6, 6-3 e 15-13, em uma hora e 30 minutos. Com a vit\u00f3ria, Pereira sobe ao top-150 de pares pela primeira vez, estimando-se no 141.\u00ba posto. Pereira, de 21 anos, soma quatro triunfos em pares no circuito challenger, incluindo este ano em Hersonissos e Tenerife. O algarvio j\u00e1 tinha perdido finais em Barletta, em 2025, e Seg\u00f3via, em 2024.","og_url":"https:\/\/portaltela.pt\/noticias\/2026\/03\/28\/tiago-pereira-vence-final-de-pares-em-alicante\/","og_site_name":"Portal Tela Portugal","article_published_time":"2026-03-28T16:58:24+00:00","author":"Telinha","twitter_card":"summary_large_image","twitter_misc":{"Escrito por":"Telinha","Tempo estimado de leitura":"1 minuto"},"schema":{"@context":"https:\/\/schema.org","@graph":[{"@type":"Article","@id":"https:\/\/portaltela.pt\/noticias\/2026\/03\/28\/tiago-pereira-vence-final-de-pares-em-alicante\/#article","isPartOf":{"@id":"https:\/\/portaltela.pt\/noticias\/2026\/03\/28\/tiago-pereira-vence-final-de-pares-em-alicante\/"},"author":{"name":"Telinha","@id":"https:\/\/portaltela.pt\/#\/schema\/person\/c4278d4a6028830caff9ee44b42d32ed"},"headline":"Tiago Pereira vence final de pares em Alicante","datePublished":"2026-03-28T16:58:24+00:00","mainEntityOfPage":{"@id":"https:\/\/portaltela.pt\/noticias\/2026\/03\/28\/tiago-pereira-vence-final-de-pares-em-alicante\/"},"wordCount":161,"image":{"@id":"https:\/\/portaltela.pt\/noticias\/2026\/03\/28\/tiago-pereira-vence-final-de-pares-em-alicante\/#primaryimage"},"thumbnailUrl":"https:\/\/portaltela.pt\/s.01k8rhncp4jt1\/2026\/03\/img_1500x1000uu2026-03-28-16-58-10-2275270.png","keywords":["duplas","Espa\u00f1a","Portugal","t\u00eanis","tenistas internacionais"],"articleSection":["Desporto","Futebol"],"inLanguage":"pt-PT"},{"@type":"WebPage","@id":"https:\/\/portaltela.pt\/noticias\/2026\/03\/28\/tiago-pereira-vence-final-de-pares-em-alicante\/","url":"https:\/\/portaltela.pt\/noticias\/2026\/03\/28\/tiago-pereira-vence-final-de-pares-em-alicante\/","name":"Tiago Pereira vence final de pares em Alicante - Portal Tela Portugal","isPartOf":{"@id":"https:\/\/portaltela.pt\/#website"},"primaryImageOfPage":{"@id":"https:\/\/portaltela.pt\/noticias\/2026\/03\/28\/tiago-pereira-vence-final-de-pares-em-alicante\/#primaryimage"},"image":{"@id":"https:\/\/portaltela.pt\/noticias\/2026\/03\/28\/tiago-pereira-vence-final-de-pares-em-alicante\/#primaryimage"},"thumbnailUrl":"https:\/\/portaltela.pt\/s.01k8rhncp4jt1\/2026\/03\/img_1500x1000uu2026-03-28-16-58-10-2275270.png","datePublished":"2026-03-28T16:58:24+00:00","author":{"@id":"https:\/\/portaltela.pt\/#\/schema\/person\/c4278d4a6028830caff9ee44b42d32ed"},"breadcrumb":{"@id":"https:\/\/portaltela.pt\/noticias\/2026\/03\/28\/tiago-pereira-vence-final-de-pares-em-alicante\/#breadcrumb"},"inLanguage":"pt-PT","potentialAction":[{"@type":"ReadAction","target":["https:\/\/portaltela.pt\/noticias\/2026\/03\/28\/tiago-pereira-vence-final-de-pares-em-alicante\/"]}]},{"@type":"ImageObject","inLanguage":"pt-PT","@id":"https:\/\/portaltela.pt\/noticias\/2026\/03\/28\/tiago-pereira-vence-final-de-pares-em-alicante\/#primaryimage","url":"https:\/\/portaltela.pt\/s.01k8rhncp4jt1\/2026\/03\/img_1500x1000uu2026-03-28-16-58-10-2275270.png","contentUrl":"https:\/\/portaltela.pt\/s.01k8rhncp4jt1\/2026\/03\/img_1500x1000uu2026-03-28-16-58-10-2275270.png","width":1500,"height":1000,"caption":"Tiago Pereira"},{"@type":"BreadcrumbList","@id":"https:\/\/portaltela.pt\/noticias\/2026\/03\/28\/tiago-pereira-vence-final-de-pares-em-alicante\/#breadcrumb","itemListElement":[{"@type":"ListItem","position":1,"name":"In\u00edcio","item":"https:\/\/portaltela.pt\/"},{"@type":"ListItem","position":2,"name":"Tiago Pereira vence final de pares em Alicante"}]},{"@type":"WebSite","@id":"https:\/\/portaltela.pt\/#website","url":"https:\/\/portaltela.pt\/","name":"Portal Tela Portugal","description":"","potentialAction":[{"@type":"SearchAction","target":{"@type":"EntryPoint","urlTemplate":"https:\/\/portaltela.pt\/?s={search_term_string}"},"query-input":{"@type":"PropertyValueSpecification","valueRequired":true,"valueName":"search_term_string"}}],"inLanguage":"pt-PT"},{"@type":"Person","@id":"https:\/\/portaltela.pt\/#\/schema\/person\/c4278d4a6028830caff9ee44b42d32ed","name":"Telinha","image":{"@type":"ImageObject","inLanguage":"pt-PT","@id":"https:\/\/portaltela.pt\/s.01k8rhncp4jt1\/2025\/11\/talking-bot-125x125.png","url":"https:\/\/portaltela.pt\/s.01k8rhncp4jt1\/2025\/11\/talking-bot-125x125.png","contentUrl":"https:\/\/portaltela.pt\/s.01k8rhncp4jt1\/2025\/11\/talking-bot-125x125.png","caption":"Telinha"},"sameAs":["https:\/\/portaltela.pt\/"],"url":"https:\/\/portaltela.pt\/por\/367410592786\/"}]}},"_links":{"self":[{"href":"https:\/\/portaltela.pt\/api\/wp\/v2\/posts\/425138","targetHints":{"allow":["GET"]}}],"collection":[{"href":"https:\/\/portaltela.pt\/api\/wp\/v2\/posts"}],"about":[{"href":"https:\/\/portaltela.pt\/api\/wp\/v2\/types\/post"}],"author":[{"embeddable":true,"href":"https:\/\/portaltela.pt\/api\/wp\/v2\/users\/2"}],"replies":[{"embeddable":true,"href":"https:\/\/portaltela.pt\/api\/wp\/v2\/comments?post=425138"}],"version-history":[{"count":0,"href":"https:\/\/portaltela.pt\/api\/wp\/v2\/posts\/425138\/revisions"}],"wp:featuredmedia":[{"embeddable":true,"href":"https:\/\/portaltela.pt\/api\/wp\/v2\/media\/425141"}],"wp:attachment":[{"href":"https:\/\/portaltela.pt\/api\/wp\/v2\/media?parent=425138"}],"wp:term":[{"taxonomy":"category","embeddable":true,"href":"https:\/\/portaltela.pt\/api\/wp\/v2\/categories?post=425138"},{"taxonomy":"post_tag","embeddable":true,"href":"https:\/\/portaltela.pt\/api\/wp\/v2\/tags?post=425138"}],"curies":[{"name":"wp","href":"https:\/\/api.w.org\/{rel}","templated":true}]}}