{"id":425126,"date":"2026-03-28T14:02:18","date_gmt":"2026-03-28T17:02:18","guid":{"rendered":"https:\/\/portaltela.pt\/noticias\/2026\/03\/28\/zelensky-chega-ao-qatar-para-digressao-no-golfo-e-novas-parcerias-com-a-ucrania\/"},"modified":"2026-03-28T14:02:18","modified_gmt":"2026-03-28T17:02:18","slug":"zelensky-chega-ao-qatar-para-digressao-no-golfo-e-novas-parcerias-com-a-ucrania","status":"publish","type":"post","link":"https:\/\/portaltela.pt\/noticias\/internacional\/2026\/03\/28\/zelensky-chega-ao-qatar-para-digressao-no-golfo-e-novas-parcerias-com-a-ucrania\/","title":{"rendered":"Zelensky chega ao Qatar para digress\u00e3o no Golfo e novas parcerias com a Ucr\u00e2nia"},"content":{"rendered":"<p>Volodymyr Zelenskyy chegou a Doha, no Qatar, na manh\u00e3 de s\u00e1bado, como parte de uma digress\u00e3o pelo Golfo. O objetivo \u00e9 discutir apoio de Kiev na luta contra drones iranianos e estabelecer novas parcerias, com especialistas ucranianos em defesa a trabalhar na regi\u00e3o. A desloca\u00e7\u00e3o ocorre um m\u00eas ap\u00f3s o in\u00edcio do conflito com a R\u00fassia.<\/p>\n<p>O presidente ucraniano j\u00e1 tinha visitado Ar\u00e1bia Saudita na quinta-feira e os Emirados \u00c1rabes Unidos na sexta-feira, segundo a ag\u00eancia de not\u00edcias do Qatar. A comitiva foi recebida pela delega\u00e7\u00e3o oficial do Qatar na aterragem em Doha.<\/p>\n<p>O chefe de Estado j\u00e1 avan\u00e7ou que pa\u00edses do Golfo, entre eles Qatar, Ar\u00e1bia Saudita, Emirados, Bahrein, Jord\u00e2nia e Kuwait, manifestaram interesse em coopera\u00e7\u00e3o com a Ucr\u00e2nia no dom\u00ednio de controlo de drones. Kiev enviou mais de 200 especialistas para a regi\u00e3o, com cerca de 30 a dirigirem-se para Jord\u00e2nia e Kuwait.<\/p>\n<h3>Parcerias e coopera\u00e7\u00e3o<\/h3>\n<p>Zelenskyy reuniu-se recentemente com o presidente dos Emirados \u00c1rabes Unidos, sem indicar o local exato do encontro. Ap\u00f3s a reuni\u00e3o, afirmou que o terror n\u00e3o deve prevalecer e que a prote\u00e7\u00e3o global exige coordena\u00e7\u00e3o entre regi\u00f5es, sugerindo uma coopera\u00e7\u00e3o estruturada para refor\u00e7ar defesa a\u00e9rea.<\/p>\n<p>A Ucr\u00e2nia tem enfatizado a necessidade de defesa contra m\u00edsseis bal\u00edsticos russos, oferecendo em contrapartida partilha de conhecimentos sobre drones, baseando-se na experi\u00eancia acumulada ao longo de quatro anos de guerra. Os ataques com drones tem sido um tema central da ajuda regional.<\/p>\n<h3>Contexto regional<\/h3>\n<p>Na sequ\u00eancia, as autoridades destacam que a coopera\u00e7\u00e3o pode incluir solu\u00e7\u00f5es para proteger espa\u00e7os a\u00e9reos e infraestruturas cr\u00edticas, j\u00e1 testadas com sucesso por equipas ucranianas destacadas no Golfo. N\u00e3o foi confirmada a assinatura de novos acordos de defesa durante esta ronda de visitas.<\/p>\n<p>O Qatar desempenha um papel relevante de mediador humanit\u00e1rio no conflito, tendo facilitado o regresso de crian\u00e7as ucranianas deportadas pela R\u00fassia e de prisioneiros de guerra. O envolvimento regional visa fortalecer a prote\u00e7\u00e3o de civis e infraestruturas, bem como facilitar vias de coopera\u00e7\u00e3o t\u00e9cnica.<\/p>\n","protected":false},"excerpt":{"rendered":"<ul>\n<li>Zelenskyy chegou a Doha, no Qatar, durante a digress\u00e3o do Golfo, para discutir coopera\u00e7\u00e3o em controlo de drones iranianos e estabelecer novas parcerias com a Ucr\u00e2nia.<\/li>\n<li>O presidente ucraniano j\u00e1 visitou a Ar\u00e1bia Saudita e os Emirados \u00c1rabes Unidos, e o Qatar confirmou a presen\u00e7a de pedidos oficiais de coopera\u00e7\u00e3o na \u00e1rea de drones.<\/li>\n<li>A Ucr\u00e2nia j\u00e1 enviou mais de duzentos especialistas em controlo de drones; cerca de trinta est\u00e3o a caminho da Jord\u00e2nia e do Kuwait.<\/li>\n<li>Em Abu Dhabi, Zelenskyy disse que, para a Ucr\u00e2nia, a defesa a\u00e9rea \u00e9 fundamental e que o trabalho conjunto pode refor\u00e7ar a prote\u00e7\u00e3o de cidades e infraestruturas cr\u00edticas.<\/li>\n<li>O Qatar \u00e9 visto como mediador humanit\u00e1rio relevante, facilitando o regresso de crian\u00e7as ucranianas deportadas pela R\u00fassia e a liberta\u00e7\u00e3o de prisioneiros de guerra, entre outros apoios.<\/li>\n<\/ul>\n","protected":false},"author":2,"featured_media":425132,"comment_status":"closed","ping_status":"closed","sticky":false,"template":"","format":"standard","meta":{"footnotes":""},"categories":[6814,4],"tags":[6384,1016,256,6574,7400,5209],"class_list":["post-425126","post","type-post","status-publish","format-standard","has-post-thumbnail","hentry","category-geopolitica","category-internacional","tag-a-ucrania","tag-arabia-saudita","tag-cooperacao-internacional","tag-defesa","tag-drones","tag-qatar"],"yoast_head":"<!-- This site is optimized with the Yoast SEO plugin v27.2 - https:\/\/yoast.com\/product\/yoast-seo-wordpress\/ -->\n<title>Zelensky chega ao Qatar para digress\u00e3o no Golfo e novas parcerias com a Ucr\u00e2nia - Portal Tela Portugal<\/title>\n<meta name=\"robots\" content=\"index, follow, max-snippet:-1, max-image-preview:large, max-video-preview:-1\" \/>\n<meta property=\"og:locale\" content=\"pt_PT\" \/>\n<meta property=\"og:type\" content=\"article\" \/>\n<meta property=\"og:title\" content=\"Zelensky chega ao Qatar para digress\u00e3o no Golfo e novas parcerias com a Ucr\u00e2nia - Portal Tela Portugal\" \/>\n<meta property=\"og:description\" content=\"Zelenskyy chegou a Doha, no Qatar, durante a digress\u00e3o do Golfo, para discutir coopera\u00e7\u00e3o em controlo de drones iranianos e estabelecer novas parcerias com a Ucr\u00e2nia. O presidente ucraniano j\u00e1 visitou a Ar\u00e1bia Saudita e os Emirados \u00c1rabes Unidos, e o Qatar confirmou a presen\u00e7a de pedidos oficiais de coopera\u00e7\u00e3o na \u00e1rea de drones. A Ucr\u00e2nia j\u00e1 enviou mais de duzentos especialistas em controlo de drones; cerca de trinta est\u00e3o a caminho da Jord\u00e2nia e do Kuwait. Em Abu Dhabi, Zelenskyy disse que, para a Ucr\u00e2nia, a defesa a\u00e9rea \u00e9 fundamental e que o trabalho conjunto pode refor\u00e7ar a prote\u00e7\u00e3o de cidades e infraestruturas cr\u00edticas. O Qatar \u00e9 visto como mediador humanit\u00e1rio relevante, facilitando o regresso de crian\u00e7as ucranianas deportadas pela R\u00fassia e a liberta\u00e7\u00e3o de prisioneiros de guerra, entre outros apoios.\" \/>\n<meta property=\"og:url\" content=\"https:\/\/portaltela.pt\/noticias\/2026\/03\/28\/zelensky-chega-ao-qatar-para-digressao-no-golfo-e-novas-parcerias-com-a-ucrania\/\" \/>\n<meta property=\"og:site_name\" content=\"Portal Tela Portugal\" \/>\n<meta property=\"article:published_time\" content=\"2026-03-28T17:02:18+00:00\" \/>\n<meta name=\"author\" content=\"Telinha\" \/>\n<meta name=\"twitter:card\" content=\"summary_large_image\" \/>\n<meta name=\"twitter:label1\" content=\"Escrito por\" \/>\n\t<meta name=\"twitter:data1\" content=\"Telinha\" \/>\n\t<meta name=\"twitter:label2\" content=\"Tempo estimado de leitura\" \/>\n\t<meta name=\"twitter:data2\" content=\"2 minutos\" \/>\n<script type=\"application\/ld+json\" class=\"yoast-schema-graph\">{\"@context\":\"https:\/\/schema.org\",\"@graph\":[{\"@type\":\"Article\",\"@id\":\"https:\/\/portaltela.pt\/noticias\/2026\/03\/28\/zelensky-chega-ao-qatar-para-digressao-no-golfo-e-novas-parcerias-com-a-ucrania\/#article\",\"isPartOf\":{\"@id\":\"https:\/\/portaltela.pt\/noticias\/2026\/03\/28\/zelensky-chega-ao-qatar-para-digressao-no-golfo-e-novas-parcerias-com-a-ucrania\/\"},\"author\":{\"name\":\"Telinha\",\"@id\":\"https:\/\/portaltela.pt\/#\/schema\/person\/c4278d4a6028830caff9ee44b42d32ed\"},\"headline\":\"Zelensky chega ao Qatar para digress\u00e3o no Golfo e novas parcerias com a Ucr\u00e2nia\",\"datePublished\":\"2026-03-28T17:02:18+00:00\",\"mainEntityOfPage\":{\"@id\":\"https:\/\/portaltela.pt\/noticias\/2026\/03\/28\/zelensky-chega-ao-qatar-para-digressao-no-golfo-e-novas-parcerias-com-a-ucrania\/\"},\"wordCount\":385,\"image\":{\"@id\":\"https:\/\/portaltela.pt\/noticias\/2026\/03\/28\/zelensky-chega-ao-qatar-para-digressao-no-golfo-e-novas-parcerias-com-a-ucrania\/#primaryimage\"},\"thumbnailUrl\":\"https:\/\/portaltela.pt\/s.01k8rhncp4jt1\/2026\/03\/1536x864_cmsv2_93520338-f635-5c9b-bf46-77085d8386bc-9702252.jpg\",\"keywords\":[\"a Ucr\u00e2nia\",\"Ar\u00e1bia Saudita\",\"coopera\u00e7\u00e3o internacional\",\"defesa\",\"drones\",\"Qatar\"],\"articleSection\":[\"Geopol\u00edtica\",\"Internacional\"],\"inLanguage\":\"pt-PT\"},{\"@type\":\"WebPage\",\"@id\":\"https:\/\/portaltela.pt\/noticias\/2026\/03\/28\/zelensky-chega-ao-qatar-para-digressao-no-golfo-e-novas-parcerias-com-a-ucrania\/\",\"url\":\"https:\/\/portaltela.pt\/noticias\/2026\/03\/28\/zelensky-chega-ao-qatar-para-digressao-no-golfo-e-novas-parcerias-com-a-ucrania\/\",\"name\":\"Zelensky chega ao Qatar para digress\u00e3o no Golfo e novas parcerias com a Ucr\u00e2nia - Portal Tela Portugal\",\"isPartOf\":{\"@id\":\"https:\/\/portaltela.pt\/#website\"},\"primaryImageOfPage\":{\"@id\":\"https:\/\/portaltela.pt\/noticias\/2026\/03\/28\/zelensky-chega-ao-qatar-para-digressao-no-golfo-e-novas-parcerias-com-a-ucrania\/#primaryimage\"},\"image\":{\"@id\":\"https:\/\/portaltela.pt\/noticias\/2026\/03\/28\/zelensky-chega-ao-qatar-para-digressao-no-golfo-e-novas-parcerias-com-a-ucrania\/#primaryimage\"},\"thumbnailUrl\":\"https:\/\/portaltela.pt\/s.01k8rhncp4jt1\/2026\/03\/1536x864_cmsv2_93520338-f635-5c9b-bf46-77085d8386bc-9702252.jpg\",\"datePublished\":\"2026-03-28T17:02:18+00:00\",\"author\":{\"@id\":\"https:\/\/portaltela.pt\/#\/schema\/person\/c4278d4a6028830caff9ee44b42d32ed\"},\"breadcrumb\":{\"@id\":\"https:\/\/portaltela.pt\/noticias\/2026\/03\/28\/zelensky-chega-ao-qatar-para-digressao-no-golfo-e-novas-parcerias-com-a-ucrania\/#breadcrumb\"},\"inLanguage\":\"pt-PT\",\"potentialAction\":[{\"@type\":\"ReadAction\",\"target\":[\"https:\/\/portaltela.pt\/noticias\/2026\/03\/28\/zelensky-chega-ao-qatar-para-digressao-no-golfo-e-novas-parcerias-com-a-ucrania\/\"]}]},{\"@type\":\"ImageObject\",\"inLanguage\":\"pt-PT\",\"@id\":\"https:\/\/portaltela.pt\/noticias\/2026\/03\/28\/zelensky-chega-ao-qatar-para-digressao-no-golfo-e-novas-parcerias-com-a-ucrania\/#primaryimage\",\"url\":\"https:\/\/portaltela.pt\/s.01k8rhncp4jt1\/2026\/03\/1536x864_cmsv2_93520338-f635-5c9b-bf46-77085d8386bc-9702252.jpg\",\"contentUrl\":\"https:\/\/portaltela.pt\/s.01k8rhncp4jt1\/2026\/03\/1536x864_cmsv2_93520338-f635-5c9b-bf46-77085d8386bc-9702252.jpg\",\"width\":796,\"height\":448,\"caption\":\"Chegada do Presidente ucraniano Volodymyr Zelenskyy a Doha, Qatar, 28 de mar\u00e7o de 2026\"},{\"@type\":\"BreadcrumbList\",\"@id\":\"https:\/\/portaltela.pt\/noticias\/2026\/03\/28\/zelensky-chega-ao-qatar-para-digressao-no-golfo-e-novas-parcerias-com-a-ucrania\/#breadcrumb\",\"itemListElement\":[{\"@type\":\"ListItem\",\"position\":1,\"name\":\"In\u00edcio\",\"item\":\"https:\/\/portaltela.pt\/\"},{\"@type\":\"ListItem\",\"position\":2,\"name\":\"Zelensky chega ao Qatar para digress\u00e3o no Golfo e novas parcerias com a Ucr\u00e2nia\"}]},{\"@type\":\"WebSite\",\"@id\":\"https:\/\/portaltela.pt\/#website\",\"url\":\"https:\/\/portaltela.pt\/\",\"name\":\"Portal Tela Portugal\",\"description\":\"\",\"potentialAction\":[{\"@type\":\"SearchAction\",\"target\":{\"@type\":\"EntryPoint\",\"urlTemplate\":\"https:\/\/portaltela.pt\/?s={search_term_string}\"},\"query-input\":{\"@type\":\"PropertyValueSpecification\",\"valueRequired\":true,\"valueName\":\"search_term_string\"}}],\"inLanguage\":\"pt-PT\"},{\"@type\":\"Person\",\"@id\":\"https:\/\/portaltela.pt\/#\/schema\/person\/c4278d4a6028830caff9ee44b42d32ed\",\"name\":\"Telinha\",\"image\":{\"@type\":\"ImageObject\",\"inLanguage\":\"pt-PT\",\"@id\":\"https:\/\/portaltela.pt\/s.01k8rhncp4jt1\/2025\/11\/talking-bot-125x125.png\",\"url\":\"https:\/\/portaltela.pt\/s.01k8rhncp4jt1\/2025\/11\/talking-bot-125x125.png\",\"contentUrl\":\"https:\/\/portaltela.pt\/s.01k8rhncp4jt1\/2025\/11\/talking-bot-125x125.png\",\"caption\":\"Telinha\"},\"sameAs\":[\"https:\/\/portaltela.pt\/\"],\"url\":\"https:\/\/portaltela.pt\/por\/367410592786\/\"}]}<\/script>\n<!-- \/ Yoast SEO plugin. -->","yoast_head_json":{"title":"Zelensky chega ao Qatar para digress\u00e3o no Golfo e novas parcerias com a Ucr\u00e2nia - Portal Tela Portugal","robots":{"index":"index","follow":"follow","max-snippet":"max-snippet:-1","max-image-preview":"max-image-preview:large","max-video-preview":"max-video-preview:-1"},"og_locale":"pt_PT","og_type":"article","og_title":"Zelensky chega ao Qatar para digress\u00e3o no Golfo e novas parcerias com a Ucr\u00e2nia - Portal Tela Portugal","og_description":"Zelenskyy chegou a Doha, no Qatar, durante a digress\u00e3o do Golfo, para discutir coopera\u00e7\u00e3o em controlo de drones iranianos e estabelecer novas parcerias com a Ucr\u00e2nia. O presidente ucraniano j\u00e1 visitou a Ar\u00e1bia Saudita e os Emirados \u00c1rabes Unidos, e o Qatar confirmou a presen\u00e7a de pedidos oficiais de coopera\u00e7\u00e3o na \u00e1rea de drones. A Ucr\u00e2nia j\u00e1 enviou mais de duzentos especialistas em controlo de drones; cerca de trinta est\u00e3o a caminho da Jord\u00e2nia e do Kuwait. Em Abu Dhabi, Zelenskyy disse que, para a Ucr\u00e2nia, a defesa a\u00e9rea \u00e9 fundamental e que o trabalho conjunto pode refor\u00e7ar a prote\u00e7\u00e3o de cidades e infraestruturas cr\u00edticas. O Qatar \u00e9 visto como mediador humanit\u00e1rio relevante, facilitando o regresso de crian\u00e7as ucranianas deportadas pela R\u00fassia e a liberta\u00e7\u00e3o de prisioneiros de guerra, entre outros apoios.","og_url":"https:\/\/portaltela.pt\/noticias\/2026\/03\/28\/zelensky-chega-ao-qatar-para-digressao-no-golfo-e-novas-parcerias-com-a-ucrania\/","og_site_name":"Portal Tela Portugal","article_published_time":"2026-03-28T17:02:18+00:00","author":"Telinha","twitter_card":"summary_large_image","twitter_misc":{"Escrito por":"Telinha","Tempo estimado de leitura":"2 minutos"},"schema":{"@context":"https:\/\/schema.org","@graph":[{"@type":"Article","@id":"https:\/\/portaltela.pt\/noticias\/2026\/03\/28\/zelensky-chega-ao-qatar-para-digressao-no-golfo-e-novas-parcerias-com-a-ucrania\/#article","isPartOf":{"@id":"https:\/\/portaltela.pt\/noticias\/2026\/03\/28\/zelensky-chega-ao-qatar-para-digressao-no-golfo-e-novas-parcerias-com-a-ucrania\/"},"author":{"name":"Telinha","@id":"https:\/\/portaltela.pt\/#\/schema\/person\/c4278d4a6028830caff9ee44b42d32ed"},"headline":"Zelensky chega ao Qatar para digress\u00e3o no Golfo e novas parcerias com a Ucr\u00e2nia","datePublished":"2026-03-28T17:02:18+00:00","mainEntityOfPage":{"@id":"https:\/\/portaltela.pt\/noticias\/2026\/03\/28\/zelensky-chega-ao-qatar-para-digressao-no-golfo-e-novas-parcerias-com-a-ucrania\/"},"wordCount":385,"image":{"@id":"https:\/\/portaltela.pt\/noticias\/2026\/03\/28\/zelensky-chega-ao-qatar-para-digressao-no-golfo-e-novas-parcerias-com-a-ucrania\/#primaryimage"},"thumbnailUrl":"https:\/\/portaltela.pt\/s.01k8rhncp4jt1\/2026\/03\/1536x864_cmsv2_93520338-f635-5c9b-bf46-77085d8386bc-9702252.jpg","keywords":["a Ucr\u00e2nia","Ar\u00e1bia Saudita","coopera\u00e7\u00e3o internacional","defesa","drones","Qatar"],"articleSection":["Geopol\u00edtica","Internacional"],"inLanguage":"pt-PT"},{"@type":"WebPage","@id":"https:\/\/portaltela.pt\/noticias\/2026\/03\/28\/zelensky-chega-ao-qatar-para-digressao-no-golfo-e-novas-parcerias-com-a-ucrania\/","url":"https:\/\/portaltela.pt\/noticias\/2026\/03\/28\/zelensky-chega-ao-qatar-para-digressao-no-golfo-e-novas-parcerias-com-a-ucrania\/","name":"Zelensky chega ao Qatar para digress\u00e3o no Golfo e novas parcerias com a Ucr\u00e2nia - Portal Tela Portugal","isPartOf":{"@id":"https:\/\/portaltela.pt\/#website"},"primaryImageOfPage":{"@id":"https:\/\/portaltela.pt\/noticias\/2026\/03\/28\/zelensky-chega-ao-qatar-para-digressao-no-golfo-e-novas-parcerias-com-a-ucrania\/#primaryimage"},"image":{"@id":"https:\/\/portaltela.pt\/noticias\/2026\/03\/28\/zelensky-chega-ao-qatar-para-digressao-no-golfo-e-novas-parcerias-com-a-ucrania\/#primaryimage"},"thumbnailUrl":"https:\/\/portaltela.pt\/s.01k8rhncp4jt1\/2026\/03\/1536x864_cmsv2_93520338-f635-5c9b-bf46-77085d8386bc-9702252.jpg","datePublished":"2026-03-28T17:02:18+00:00","author":{"@id":"https:\/\/portaltela.pt\/#\/schema\/person\/c4278d4a6028830caff9ee44b42d32ed"},"breadcrumb":{"@id":"https:\/\/portaltela.pt\/noticias\/2026\/03\/28\/zelensky-chega-ao-qatar-para-digressao-no-golfo-e-novas-parcerias-com-a-ucrania\/#breadcrumb"},"inLanguage":"pt-PT","potentialAction":[{"@type":"ReadAction","target":["https:\/\/portaltela.pt\/noticias\/2026\/03\/28\/zelensky-chega-ao-qatar-para-digressao-no-golfo-e-novas-parcerias-com-a-ucrania\/"]}]},{"@type":"ImageObject","inLanguage":"pt-PT","@id":"https:\/\/portaltela.pt\/noticias\/2026\/03\/28\/zelensky-chega-ao-qatar-para-digressao-no-golfo-e-novas-parcerias-com-a-ucrania\/#primaryimage","url":"https:\/\/portaltela.pt\/s.01k8rhncp4jt1\/2026\/03\/1536x864_cmsv2_93520338-f635-5c9b-bf46-77085d8386bc-9702252.jpg","contentUrl":"https:\/\/portaltela.pt\/s.01k8rhncp4jt1\/2026\/03\/1536x864_cmsv2_93520338-f635-5c9b-bf46-77085d8386bc-9702252.jpg","width":796,"height":448,"caption":"Chegada do Presidente ucraniano Volodymyr Zelenskyy a Doha, Qatar, 28 de mar\u00e7o de 2026"},{"@type":"BreadcrumbList","@id":"https:\/\/portaltela.pt\/noticias\/2026\/03\/28\/zelensky-chega-ao-qatar-para-digressao-no-golfo-e-novas-parcerias-com-a-ucrania\/#breadcrumb","itemListElement":[{"@type":"ListItem","position":1,"name":"In\u00edcio","item":"https:\/\/portaltela.pt\/"},{"@type":"ListItem","position":2,"name":"Zelensky chega ao Qatar para digress\u00e3o no Golfo e novas parcerias com a Ucr\u00e2nia"}]},{"@type":"WebSite","@id":"https:\/\/portaltela.pt\/#website","url":"https:\/\/portaltela.pt\/","name":"Portal Tela Portugal","description":"","potentialAction":[{"@type":"SearchAction","target":{"@type":"EntryPoint","urlTemplate":"https:\/\/portaltela.pt\/?s={search_term_string}"},"query-input":{"@type":"PropertyValueSpecification","valueRequired":true,"valueName":"search_term_string"}}],"inLanguage":"pt-PT"},{"@type":"Person","@id":"https:\/\/portaltela.pt\/#\/schema\/person\/c4278d4a6028830caff9ee44b42d32ed","name":"Telinha","image":{"@type":"ImageObject","inLanguage":"pt-PT","@id":"https:\/\/portaltela.pt\/s.01k8rhncp4jt1\/2025\/11\/talking-bot-125x125.png","url":"https:\/\/portaltela.pt\/s.01k8rhncp4jt1\/2025\/11\/talking-bot-125x125.png","contentUrl":"https:\/\/portaltela.pt\/s.01k8rhncp4jt1\/2025\/11\/talking-bot-125x125.png","caption":"Telinha"},"sameAs":["https:\/\/portaltela.pt\/"],"url":"https:\/\/portaltela.pt\/por\/367410592786\/"}]}},"_links":{"self":[{"href":"https:\/\/portaltela.pt\/api\/wp\/v2\/posts\/425126","targetHints":{"allow":["GET"]}}],"collection":[{"href":"https:\/\/portaltela.pt\/api\/wp\/v2\/posts"}],"about":[{"href":"https:\/\/portaltela.pt\/api\/wp\/v2\/types\/post"}],"author":[{"embeddable":true,"href":"https:\/\/portaltela.pt\/api\/wp\/v2\/users\/2"}],"replies":[{"embeddable":true,"href":"https:\/\/portaltela.pt\/api\/wp\/v2\/comments?post=425126"}],"version-history":[{"count":0,"href":"https:\/\/portaltela.pt\/api\/wp\/v2\/posts\/425126\/revisions"}],"wp:featuredmedia":[{"embeddable":true,"href":"https:\/\/portaltela.pt\/api\/wp\/v2\/media\/425132"}],"wp:attachment":[{"href":"https:\/\/portaltela.pt\/api\/wp\/v2\/media?parent=425126"}],"wp:term":[{"taxonomy":"category","embeddable":true,"href":"https:\/\/portaltela.pt\/api\/wp\/v2\/categories?post=425126"},{"taxonomy":"post_tag","embeddable":true,"href":"https:\/\/portaltela.pt\/api\/wp\/v2\/tags?post=425126"}],"curies":[{"name":"wp","href":"https:\/\/api.w.org\/{rel}","templated":true}]}}