{"id":425122,"date":"2026-03-28T14:02:15","date_gmt":"2026-03-28T17:02:15","guid":{"rendered":"https:\/\/portaltela.pt\/noticias\/2026\/03\/28\/houthis-do-iemen-dizem-ter-realizado-a-primeira-operacao-militar-contra-israel\/"},"modified":"2026-03-28T14:02:15","modified_gmt":"2026-03-28T17:02:15","slug":"houthis-do-iemen-dizem-ter-realizado-a-primeira-operacao-militar-contra-israel","status":"publish","type":"post","link":"https:\/\/portaltela.pt\/guerra\/2026\/03\/28\/houthis-do-iemen-dizem-ter-realizado-a-primeira-operacao-militar-contra-israel\/","title":{"rendered":"Houthis do I\u00e9men dizem ter realizado a primeira opera\u00e7\u00e3o militar contra Israel"},"content":{"rendered":"<p>Os rebeldes Houthi do I\u00e9men afirmaram ter levado a cabo a primeira opera\u00e7\u00e3o militar contra Israel, disparando uma barragem de m\u00edsseis bal\u00edsticos. A declara\u00e7\u00e3o foi divulgada numa transmiss\u00e3o em v\u00eddeo na rede X, na madrugada de s\u00e1bado. Os Houthis dizem agir em apoio \u00e0 resist\u00eancia de Ir\u00e3o, L\u00edbano, Iraque e Palestina.<\/p>\n<p>Segundo o porta-voz Yahya Saree, as a\u00e7\u00f5es visaram posi\u00e7\u00f5es militares sens\u00edveis em territ\u00f3rio israelita. A mensagem afirma que a opera\u00e7\u00e3o foi bem-sucedida e que continuar\u00e1 at\u00e9 cessar a agress\u00e3o em todas as frentes. O an\u00fancio descreve as a\u00e7\u00f5es como parte de um esfor\u00e7o conjunto com o Ir\u00e3o.<\/p>\n<p>As autoridades israelitas indicaram ter intercetado um m\u00edssel vindo do I\u00e9men durante a noite, o que marca o primeiro ataque desta natureza desde o in\u00edcio do conflito, h\u00e1 um m\u00eas. Sirenes foram ouvidas em Beer Sheva e na \u00e1rea pr\u00f3xima ao principal centro de investiga\u00e7\u00e3o nuclear de Israel.<\/p>\n<p>O conflito regional agrava as tens\u00f5es na regi\u00e3o, com o Ir\u00e3o e o Hezbollah a intensificarem os ataques contra Israel. Analistas destacam o risco de uma escalada que envolva com\u00e9rcio mar\u00edtimo no Mar Vermelho, incluindo poss\u00edveis impactos na navega\u00e7\u00e3o.<\/p>\n<p>Horas mais tarde, Israel lan\u00e7ou ataques coordenados contra instala\u00e7\u00f5es nucleares iranianas, alegadamente em resposta \u00e0s a\u00e7\u00f5es de Teer\u00e3o. O regime iraniano prometeu retalia\u00e7\u00e3o, afirmando que ir\u00e1 exigir um pre\u00e7o elevado pelos ataques. N\u00e3o houve registo de v\u00edtimas imediatas.<\/p>\n<p>Entre os alvos iranianos, as autoridades apontaram o Complexo de \u00c1gua Pesada de Arak e a f\u00e1brica de Ardakan, ambos sem v\u00edtimas e sem risco de contamina\u00e7\u00e3o. O Ir\u00e3o acusa Israel de responsabilidade pela escalada, numa opera\u00e7\u00e3o que tamb\u00e9m envolveu ataques a\u00e9reos sobre \u00e1reas estrat\u00e9gicas no Ir\u00e3o.<\/p>\n<p>O Repouso do Pre\u00e7o do petr\u00f3leo acompanhou o ritmo de tens\u00e3o regional, com o Brent a situar-se pr\u00f3ximo de 107 d\u00f3lares por barril, refletindo interrup\u00e7\u00f5es no Estreito de Ormuz. O estreito continua crucial para o fluxo global de petr\u00f3leo, enfrentando restri\u00e7\u00f5es associadas ao conflito.<\/p>\n<p>No terreno, testemunhas no leste de Teer\u00e3o reportaram cortes de luz ap\u00f3s os ataques a\u00e9reos, enquanto em Telavive explos\u00f5es foram ouvidas. O ministro da Defesa de Israel afirmou que o Ir\u00e3o pagar\u00e1 um pre\u00e7o elevado pela escalada. As a\u00e7\u00f5es seguem sem indica\u00e7\u00e3o de cessar hostilidades a curto prazo.<\/p>\n","protected":false},"excerpt":{"rendered":"<ul>\n<li>Os rebeldes houthis do I\u00e9men, apoiados pelo Ir\u00e3o, afirmam ter lan\u00e7ado m\u00edsseis contra posi\u00e7\u00f5es militares israelitas, numa primeira \u201copera\u00e7\u00e3o militar\u201d contra Israel em apoio \u00e0 resist\u00eancia regional.<\/li>\n<li>Yahya Saree, porta-voz militar dos houthis, disse que a opera\u00e7\u00e3o visou posi\u00e7\u00f5es militares sens\u00edveis e que foi bem-sucedida; garantem que v\u00e3o continuar at\u00e9 atingir todos os objetivos.<\/li>\n<li>O Ex\u00e9rcito de Israel afirmou ter interceptado um m\u00edssil vindo do I\u00e9men; houve sirenes em Beer Sheva e perto do centro de investiga\u00e7\u00e3o nuclear, elevando as preocupa\u00e7\u00f5es sobre a escalada na regi\u00e3o.<\/li>\n<li>Pa\u00edses envolvidos anunciaram ataques rec\u00edprocos: Israel afirmou ter alvoado instala\u00e7\u00f5es iranianas e o Ir\u00e3o respondeu com ataques a alvos no Golfo, incluindo uma base na Ar\u00e1bia Saudita, com cr\u00edticas a Washington.<\/li>\n<li>O pre\u00e7o do petr\u00f3leo subiu, com o Brent a rondar os 107 d\u00f3lares por barril, ap\u00f3s o estreito de Ormuz sofrer restri\u00e7\u00f5es de tr\u00e1fego; o Kuwait relatou danos em portos ligados a projetos chineses na regi\u00e3o.<\/li>\n<\/ul>\n","protected":false},"author":2,"featured_media":425125,"comment_status":"closed","ping_status":"closed","sticky":false,"template":"","format":"standard","meta":{"footnotes":""},"categories":[6790,6804],"tags":[2198,62,6509,3153,3708,6539],"class_list":["post-425122","post","type-post","status-publish","format-standard","has-post-thumbnail","hentry","category-conflitos","category-guerra","tag-conflitos-internacionais","tag-guerra","tag-iemen","tag-ira","tag-israel","tag-missil-balisticos"],"yoast_head":"<!-- This site is optimized with the Yoast SEO plugin v27.2 - https:\/\/yoast.com\/product\/yoast-seo-wordpress\/ -->\n<title>Houthis do I\u00e9men dizem ter realizado a primeira opera\u00e7\u00e3o militar contra Israel - Portal Tela Portugal<\/title>\n<meta name=\"robots\" content=\"index, follow, max-snippet:-1, max-image-preview:large, max-video-preview:-1\" \/>\n<meta property=\"og:locale\" content=\"pt_PT\" \/>\n<meta property=\"og:type\" content=\"article\" \/>\n<meta property=\"og:title\" content=\"Houthis do I\u00e9men dizem ter realizado a primeira opera\u00e7\u00e3o militar contra Israel - Portal Tela Portugal\" \/>\n<meta property=\"og:description\" content=\"Os rebeldes houthis do I\u00e9men, apoiados pelo Ir\u00e3o, afirmam ter lan\u00e7ado m\u00edsseis contra posi\u00e7\u00f5es militares israelitas, numa primeira \u201copera\u00e7\u00e3o militar\u201d contra Israel em apoio \u00e0 resist\u00eancia regional. Yahya Saree, porta-voz militar dos houthis, disse que a opera\u00e7\u00e3o visou posi\u00e7\u00f5es militares sens\u00edveis e que foi bem-sucedida; garantem que v\u00e3o continuar at\u00e9 atingir todos os objetivos. O Ex\u00e9rcito de Israel afirmou ter interceptado um m\u00edssil vindo do I\u00e9men; houve sirenes em Beer Sheva e perto do centro de investiga\u00e7\u00e3o nuclear, elevando as preocupa\u00e7\u00f5es sobre a escalada na regi\u00e3o. Pa\u00edses envolvidos anunciaram ataques rec\u00edprocos: Israel afirmou ter alvoado instala\u00e7\u00f5es iranianas e o Ir\u00e3o respondeu com ataques a alvos no Golfo, incluindo uma base na Ar\u00e1bia Saudita, com cr\u00edticas a Washington. O pre\u00e7o do petr\u00f3leo subiu, com o Brent a rondar os 107 d\u00f3lares por barril, ap\u00f3s o estreito de Ormuz sofrer restri\u00e7\u00f5es de tr\u00e1fego; o Kuwait relatou danos em portos ligados a projetos chineses na regi\u00e3o.\" \/>\n<meta property=\"og:url\" content=\"https:\/\/portaltela.pt\/noticias\/2026\/03\/28\/houthis-do-iemen-dizem-ter-realizado-a-primeira-operacao-militar-contra-israel\/\" \/>\n<meta property=\"og:site_name\" content=\"Portal Tela Portugal\" \/>\n<meta property=\"article:published_time\" content=\"2026-03-28T17:02:15+00:00\" \/>\n<meta name=\"author\" content=\"Telinha\" \/>\n<meta name=\"twitter:card\" content=\"summary_large_image\" \/>\n<meta name=\"twitter:label1\" content=\"Escrito por\" \/>\n\t<meta name=\"twitter:data1\" content=\"Telinha\" \/>\n\t<meta name=\"twitter:label2\" content=\"Tempo estimado de leitura\" \/>\n\t<meta name=\"twitter:data2\" content=\"2 minutos\" \/>\n<script type=\"application\/ld+json\" class=\"yoast-schema-graph\">{\"@context\":\"https:\/\/schema.org\",\"@graph\":[{\"@type\":\"Article\",\"@id\":\"https:\/\/portaltela.pt\/noticias\/2026\/03\/28\/houthis-do-iemen-dizem-ter-realizado-a-primeira-operacao-militar-contra-israel\/#article\",\"isPartOf\":{\"@id\":\"https:\/\/portaltela.pt\/noticias\/2026\/03\/28\/houthis-do-iemen-dizem-ter-realizado-a-primeira-operacao-militar-contra-israel\/\"},\"author\":{\"name\":\"Telinha\",\"@id\":\"https:\/\/portaltela.pt\/#\/schema\/person\/c4278d4a6028830caff9ee44b42d32ed\"},\"headline\":\"Houthis do I\u00e9men dizem ter realizado a primeira opera\u00e7\u00e3o militar contra Israel\",\"datePublished\":\"2026-03-28T17:02:15+00:00\",\"mainEntityOfPage\":{\"@id\":\"https:\/\/portaltela.pt\/noticias\/2026\/03\/28\/houthis-do-iemen-dizem-ter-realizado-a-primeira-operacao-militar-contra-israel\/\"},\"wordCount\":441,\"image\":{\"@id\":\"https:\/\/portaltela.pt\/noticias\/2026\/03\/28\/houthis-do-iemen-dizem-ter-realizado-a-primeira-operacao-militar-contra-israel\/#primaryimage\"},\"thumbnailUrl\":\"https:\/\/portaltela.pt\/s.01k8rhncp4jt1\/2026\/03\/1536x864_cmsv2_c5722132-fc08-5edf-bd66-407459e38d76-9702076.jpg\",\"keywords\":[\"conflitos internacionais\",\"guerra\",\"I\u00e9men\",\"Ir\u00e3\",\"Israel\",\"m\u00edssil bal\u00edsticos\"],\"articleSection\":[\"Conflitos\",\"Guerra\"],\"inLanguage\":\"pt-PT\"},{\"@type\":\"WebPage\",\"@id\":\"https:\/\/portaltela.pt\/noticias\/2026\/03\/28\/houthis-do-iemen-dizem-ter-realizado-a-primeira-operacao-militar-contra-israel\/\",\"url\":\"https:\/\/portaltela.pt\/noticias\/2026\/03\/28\/houthis-do-iemen-dizem-ter-realizado-a-primeira-operacao-militar-contra-israel\/\",\"name\":\"Houthis do I\u00e9men dizem ter realizado a primeira opera\u00e7\u00e3o militar contra Israel - Portal Tela Portugal\",\"isPartOf\":{\"@id\":\"https:\/\/portaltela.pt\/#website\"},\"primaryImageOfPage\":{\"@id\":\"https:\/\/portaltela.pt\/noticias\/2026\/03\/28\/houthis-do-iemen-dizem-ter-realizado-a-primeira-operacao-militar-contra-israel\/#primaryimage\"},\"image\":{\"@id\":\"https:\/\/portaltela.pt\/noticias\/2026\/03\/28\/houthis-do-iemen-dizem-ter-realizado-a-primeira-operacao-militar-contra-israel\/#primaryimage\"},\"thumbnailUrl\":\"https:\/\/portaltela.pt\/s.01k8rhncp4jt1\/2026\/03\/1536x864_cmsv2_c5722132-fc08-5edf-bd66-407459e38d76-9702076.jpg\",\"datePublished\":\"2026-03-28T17:02:15+00:00\",\"author\":{\"@id\":\"https:\/\/portaltela.pt\/#\/schema\/person\/c4278d4a6028830caff9ee44b42d32ed\"},\"breadcrumb\":{\"@id\":\"https:\/\/portaltela.pt\/noticias\/2026\/03\/28\/houthis-do-iemen-dizem-ter-realizado-a-primeira-operacao-militar-contra-israel\/#breadcrumb\"},\"inLanguage\":\"pt-PT\",\"potentialAction\":[{\"@type\":\"ReadAction\",\"target\":[\"https:\/\/portaltela.pt\/noticias\/2026\/03\/28\/houthis-do-iemen-dizem-ter-realizado-a-primeira-operacao-militar-contra-israel\/\"]}]},{\"@type\":\"ImageObject\",\"inLanguage\":\"pt-PT\",\"@id\":\"https:\/\/portaltela.pt\/noticias\/2026\/03\/28\/houthis-do-iemen-dizem-ter-realizado-a-primeira-operacao-militar-contra-israel\/#primaryimage\",\"url\":\"https:\/\/portaltela.pt\/s.01k8rhncp4jt1\/2026\/03\/1536x864_cmsv2_c5722132-fc08-5edf-bd66-407459e38d76-9702076.jpg\",\"contentUrl\":\"https:\/\/portaltela.pt\/s.01k8rhncp4jt1\/2026\/03\/1536x864_cmsv2_c5722132-fc08-5edf-bd66-407459e38d76-9702076.jpg\",\"width\":796,\"height\":448,\"caption\":\"Moradores carregam pertences pessoais enquanto saem de um edif\u00edcio danificado por um ataque de m\u00edssil em Tel Aviv, Israel, na madrugada de s\u00e1bado, 28 de mar\u00e7o de 2026\"},{\"@type\":\"BreadcrumbList\",\"@id\":\"https:\/\/portaltela.pt\/noticias\/2026\/03\/28\/houthis-do-iemen-dizem-ter-realizado-a-primeira-operacao-militar-contra-israel\/#breadcrumb\",\"itemListElement\":[{\"@type\":\"ListItem\",\"position\":1,\"name\":\"In\u00edcio\",\"item\":\"https:\/\/portaltela.pt\/\"},{\"@type\":\"ListItem\",\"position\":2,\"name\":\"Houthis do I\u00e9men dizem ter realizado a primeira opera\u00e7\u00e3o militar contra Israel\"}]},{\"@type\":\"WebSite\",\"@id\":\"https:\/\/portaltela.pt\/#website\",\"url\":\"https:\/\/portaltela.pt\/\",\"name\":\"Portal Tela Portugal\",\"description\":\"\",\"potentialAction\":[{\"@type\":\"SearchAction\",\"target\":{\"@type\":\"EntryPoint\",\"urlTemplate\":\"https:\/\/portaltela.pt\/?s={search_term_string}\"},\"query-input\":{\"@type\":\"PropertyValueSpecification\",\"valueRequired\":true,\"valueName\":\"search_term_string\"}}],\"inLanguage\":\"pt-PT\"},{\"@type\":\"Person\",\"@id\":\"https:\/\/portaltela.pt\/#\/schema\/person\/c4278d4a6028830caff9ee44b42d32ed\",\"name\":\"Telinha\",\"image\":{\"@type\":\"ImageObject\",\"inLanguage\":\"pt-PT\",\"@id\":\"https:\/\/portaltela.pt\/s.01k8rhncp4jt1\/2025\/11\/talking-bot-125x125.png\",\"url\":\"https:\/\/portaltela.pt\/s.01k8rhncp4jt1\/2025\/11\/talking-bot-125x125.png\",\"contentUrl\":\"https:\/\/portaltela.pt\/s.01k8rhncp4jt1\/2025\/11\/talking-bot-125x125.png\",\"caption\":\"Telinha\"},\"sameAs\":[\"https:\/\/portaltela.pt\/\"],\"url\":\"https:\/\/portaltela.pt\/por\/367410592786\/\"}]}<\/script>\n<!-- \/ Yoast SEO plugin. -->","yoast_head_json":{"title":"Houthis do I\u00e9men dizem ter realizado a primeira opera\u00e7\u00e3o militar contra Israel - Portal Tela Portugal","robots":{"index":"index","follow":"follow","max-snippet":"max-snippet:-1","max-image-preview":"max-image-preview:large","max-video-preview":"max-video-preview:-1"},"og_locale":"pt_PT","og_type":"article","og_title":"Houthis do I\u00e9men dizem ter realizado a primeira opera\u00e7\u00e3o militar contra Israel - Portal Tela Portugal","og_description":"Os rebeldes houthis do I\u00e9men, apoiados pelo Ir\u00e3o, afirmam ter lan\u00e7ado m\u00edsseis contra posi\u00e7\u00f5es militares israelitas, numa primeira \u201copera\u00e7\u00e3o militar\u201d contra Israel em apoio \u00e0 resist\u00eancia regional. Yahya Saree, porta-voz militar dos houthis, disse que a opera\u00e7\u00e3o visou posi\u00e7\u00f5es militares sens\u00edveis e que foi bem-sucedida; garantem que v\u00e3o continuar at\u00e9 atingir todos os objetivos. O Ex\u00e9rcito de Israel afirmou ter interceptado um m\u00edssil vindo do I\u00e9men; houve sirenes em Beer Sheva e perto do centro de investiga\u00e7\u00e3o nuclear, elevando as preocupa\u00e7\u00f5es sobre a escalada na regi\u00e3o. Pa\u00edses envolvidos anunciaram ataques rec\u00edprocos: Israel afirmou ter alvoado instala\u00e7\u00f5es iranianas e o Ir\u00e3o respondeu com ataques a alvos no Golfo, incluindo uma base na Ar\u00e1bia Saudita, com cr\u00edticas a Washington. O pre\u00e7o do petr\u00f3leo subiu, com o Brent a rondar os 107 d\u00f3lares por barril, ap\u00f3s o estreito de Ormuz sofrer restri\u00e7\u00f5es de tr\u00e1fego; o Kuwait relatou danos em portos ligados a projetos chineses na regi\u00e3o.","og_url":"https:\/\/portaltela.pt\/noticias\/2026\/03\/28\/houthis-do-iemen-dizem-ter-realizado-a-primeira-operacao-militar-contra-israel\/","og_site_name":"Portal Tela Portugal","article_published_time":"2026-03-28T17:02:15+00:00","author":"Telinha","twitter_card":"summary_large_image","twitter_misc":{"Escrito por":"Telinha","Tempo estimado de leitura":"2 minutos"},"schema":{"@context":"https:\/\/schema.org","@graph":[{"@type":"Article","@id":"https:\/\/portaltela.pt\/noticias\/2026\/03\/28\/houthis-do-iemen-dizem-ter-realizado-a-primeira-operacao-militar-contra-israel\/#article","isPartOf":{"@id":"https:\/\/portaltela.pt\/noticias\/2026\/03\/28\/houthis-do-iemen-dizem-ter-realizado-a-primeira-operacao-militar-contra-israel\/"},"author":{"name":"Telinha","@id":"https:\/\/portaltela.pt\/#\/schema\/person\/c4278d4a6028830caff9ee44b42d32ed"},"headline":"Houthis do I\u00e9men dizem ter realizado a primeira opera\u00e7\u00e3o militar contra Israel","datePublished":"2026-03-28T17:02:15+00:00","mainEntityOfPage":{"@id":"https:\/\/portaltela.pt\/noticias\/2026\/03\/28\/houthis-do-iemen-dizem-ter-realizado-a-primeira-operacao-militar-contra-israel\/"},"wordCount":441,"image":{"@id":"https:\/\/portaltela.pt\/noticias\/2026\/03\/28\/houthis-do-iemen-dizem-ter-realizado-a-primeira-operacao-militar-contra-israel\/#primaryimage"},"thumbnailUrl":"https:\/\/portaltela.pt\/s.01k8rhncp4jt1\/2026\/03\/1536x864_cmsv2_c5722132-fc08-5edf-bd66-407459e38d76-9702076.jpg","keywords":["conflitos internacionais","guerra","I\u00e9men","Ir\u00e3","Israel","m\u00edssil bal\u00edsticos"],"articleSection":["Conflitos","Guerra"],"inLanguage":"pt-PT"},{"@type":"WebPage","@id":"https:\/\/portaltela.pt\/noticias\/2026\/03\/28\/houthis-do-iemen-dizem-ter-realizado-a-primeira-operacao-militar-contra-israel\/","url":"https:\/\/portaltela.pt\/noticias\/2026\/03\/28\/houthis-do-iemen-dizem-ter-realizado-a-primeira-operacao-militar-contra-israel\/","name":"Houthis do I\u00e9men dizem ter realizado a primeira opera\u00e7\u00e3o militar contra Israel - Portal Tela Portugal","isPartOf":{"@id":"https:\/\/portaltela.pt\/#website"},"primaryImageOfPage":{"@id":"https:\/\/portaltela.pt\/noticias\/2026\/03\/28\/houthis-do-iemen-dizem-ter-realizado-a-primeira-operacao-militar-contra-israel\/#primaryimage"},"image":{"@id":"https:\/\/portaltela.pt\/noticias\/2026\/03\/28\/houthis-do-iemen-dizem-ter-realizado-a-primeira-operacao-militar-contra-israel\/#primaryimage"},"thumbnailUrl":"https:\/\/portaltela.pt\/s.01k8rhncp4jt1\/2026\/03\/1536x864_cmsv2_c5722132-fc08-5edf-bd66-407459e38d76-9702076.jpg","datePublished":"2026-03-28T17:02:15+00:00","author":{"@id":"https:\/\/portaltela.pt\/#\/schema\/person\/c4278d4a6028830caff9ee44b42d32ed"},"breadcrumb":{"@id":"https:\/\/portaltela.pt\/noticias\/2026\/03\/28\/houthis-do-iemen-dizem-ter-realizado-a-primeira-operacao-militar-contra-israel\/#breadcrumb"},"inLanguage":"pt-PT","potentialAction":[{"@type":"ReadAction","target":["https:\/\/portaltela.pt\/noticias\/2026\/03\/28\/houthis-do-iemen-dizem-ter-realizado-a-primeira-operacao-militar-contra-israel\/"]}]},{"@type":"ImageObject","inLanguage":"pt-PT","@id":"https:\/\/portaltela.pt\/noticias\/2026\/03\/28\/houthis-do-iemen-dizem-ter-realizado-a-primeira-operacao-militar-contra-israel\/#primaryimage","url":"https:\/\/portaltela.pt\/s.01k8rhncp4jt1\/2026\/03\/1536x864_cmsv2_c5722132-fc08-5edf-bd66-407459e38d76-9702076.jpg","contentUrl":"https:\/\/portaltela.pt\/s.01k8rhncp4jt1\/2026\/03\/1536x864_cmsv2_c5722132-fc08-5edf-bd66-407459e38d76-9702076.jpg","width":796,"height":448,"caption":"Moradores carregam pertences pessoais enquanto saem de um edif\u00edcio danificado por um ataque de m\u00edssil em Tel Aviv, Israel, na madrugada de s\u00e1bado, 28 de mar\u00e7o de 2026"},{"@type":"BreadcrumbList","@id":"https:\/\/portaltela.pt\/noticias\/2026\/03\/28\/houthis-do-iemen-dizem-ter-realizado-a-primeira-operacao-militar-contra-israel\/#breadcrumb","itemListElement":[{"@type":"ListItem","position":1,"name":"In\u00edcio","item":"https:\/\/portaltela.pt\/"},{"@type":"ListItem","position":2,"name":"Houthis do I\u00e9men dizem ter realizado a primeira opera\u00e7\u00e3o militar contra Israel"}]},{"@type":"WebSite","@id":"https:\/\/portaltela.pt\/#website","url":"https:\/\/portaltela.pt\/","name":"Portal Tela Portugal","description":"","potentialAction":[{"@type":"SearchAction","target":{"@type":"EntryPoint","urlTemplate":"https:\/\/portaltela.pt\/?s={search_term_string}"},"query-input":{"@type":"PropertyValueSpecification","valueRequired":true,"valueName":"search_term_string"}}],"inLanguage":"pt-PT"},{"@type":"Person","@id":"https:\/\/portaltela.pt\/#\/schema\/person\/c4278d4a6028830caff9ee44b42d32ed","name":"Telinha","image":{"@type":"ImageObject","inLanguage":"pt-PT","@id":"https:\/\/portaltela.pt\/s.01k8rhncp4jt1\/2025\/11\/talking-bot-125x125.png","url":"https:\/\/portaltela.pt\/s.01k8rhncp4jt1\/2025\/11\/talking-bot-125x125.png","contentUrl":"https:\/\/portaltela.pt\/s.01k8rhncp4jt1\/2025\/11\/talking-bot-125x125.png","caption":"Telinha"},"sameAs":["https:\/\/portaltela.pt\/"],"url":"https:\/\/portaltela.pt\/por\/367410592786\/"}]}},"_links":{"self":[{"href":"https:\/\/portaltela.pt\/api\/wp\/v2\/posts\/425122","targetHints":{"allow":["GET"]}}],"collection":[{"href":"https:\/\/portaltela.pt\/api\/wp\/v2\/posts"}],"about":[{"href":"https:\/\/portaltela.pt\/api\/wp\/v2\/types\/post"}],"author":[{"embeddable":true,"href":"https:\/\/portaltela.pt\/api\/wp\/v2\/users\/2"}],"replies":[{"embeddable":true,"href":"https:\/\/portaltela.pt\/api\/wp\/v2\/comments?post=425122"}],"version-history":[{"count":0,"href":"https:\/\/portaltela.pt\/api\/wp\/v2\/posts\/425122\/revisions"}],"wp:featuredmedia":[{"embeddable":true,"href":"https:\/\/portaltela.pt\/api\/wp\/v2\/media\/425125"}],"wp:attachment":[{"href":"https:\/\/portaltela.pt\/api\/wp\/v2\/media?parent=425122"}],"wp:term":[{"taxonomy":"category","embeddable":true,"href":"https:\/\/portaltela.pt\/api\/wp\/v2\/categories?post=425122"},{"taxonomy":"post_tag","embeddable":true,"href":"https:\/\/portaltela.pt\/api\/wp\/v2\/tags?post=425122"}],"curies":[{"name":"wp","href":"https:\/\/api.w.org\/{rel}","templated":true}]}}