{"id":425121,"date":"2026-03-28T13:45:00","date_gmt":"2026-03-28T16:45:00","guid":{"rendered":"https:\/\/portaltela.pt\/noticias\/2026\/03\/28\/maria-tome-conquista-medalha-de-prata-na-taca-da-europa-de-quarteira\/"},"modified":"2026-03-28T13:45:00","modified_gmt":"2026-03-28T16:45:00","slug":"maria-tome-conquista-medalha-de-prata-na-taca-da-europa-de-quarteira","status":"publish","type":"post","link":"https:\/\/portaltela.pt\/desporto\/futebol\/2026\/03\/28\/maria-tome-conquista-medalha-de-prata-na-taca-da-europa-de-quarteira\/","title":{"rendered":"Maria Tom\u00e9 conquista medalha de prata na Ta\u00e7a da Europa de Quarteira"},"content":{"rendered":"<p>A portuguesa Maria Tom\u00e9 assegurou a medalha de prata na prova de elite feminina da Ta\u00e7a da Europa de Triatlo em Quarteira, com dist\u00e2ncia ol\u00edmpica, realizada este s\u00e1bado. A vit\u00f3ria ficou a cargo da belga Jolien Vermeylen, campe\u00e3 europeia.<\/p>\n<p>Tom\u00e9, 24 anos e 22.\u00aa do ranking mundial, alcan\u00e7ou o melhor resultado da carreira na prova disputada em Quarteira, no concelho de Loul\u00e9, no distrito de Faro. No ano passado tinha sido terceira, em 2022 quarta e em 2021 quinta.<\/p>\n<p>Na nata\u00e7\u00e3o de 1.500 metros, a jogadora entrou bem na frente e seguiu integrada no grupo que formou a dianteira. Seguiu-se o ciclismo de 40 quil\u00f3metros, com a atleta a manter-se numa frente coesa at\u00e9 \u00e0 transi\u00e7\u00e3o para a corrida.<\/p>\n<p>Na passagem para os 10 quil\u00f3metros de running, Maria Tom\u00e9 manteve o ritmo at\u00e9 \u00e0 terceira volta, quando n\u00e3o conseguiu acompanhar o avan\u00e7o de Vermeylen na zona do cal\u00e7ad\u00e3o junto \u00e0 beira-mar. A brit\u00e2nica Ilona Hadhoum completou o p\u00f3dio em terceiro.<\/p>\n<p>Vermeylen concluiu a prova em 1:56.57 horas, com Tom\u00e9 a 19 segundos e Hadhoum a 1,35 minutos. A atleta portuguesa treinou em casa, sem press\u00e3o, e descreveu o resultado como um passo valioso para a qualifica\u00e7\u00e3o ol\u00edmpica.<\/p>\n<p>A pr\u00f3xima competi\u00e7\u00e3o de Tom\u00e9 \u00e9 a etapa do Mundial de Triatlo em Samarcanda, Uzbequist\u00e3o, no dia 25 de abril. A partir de maio, a atleta pretende consolidar o arranque da qualifica\u00e7\u00e3o para os Jogos de Los Angeles 2028.<\/p>\n<p>Mariana Vargem foi quinta classificada, a 2.07 minutos de Vermeylen, e fechou a melhor presta\u00e7\u00e3o entre as portuguesas na corrida. A publica\u00e7\u00e3o destacou o apoio do p\u00fablico.<\/p>\n<p>Entre as portuguesas que terminaram a prova estiveram Madalena Almeida (18.\u00aa), Matilde Santos (27.\u00aa) e Cassilda Carvalho (30.\u00aa). In\u00eas Rico desistiu. A prova de elites masculinos completou-se ainda hoje, com Vasco Vila\u00e7a entre os favoritos.<\/p>\n<p>A etapa de Quarteira da Ta\u00e7a da Europa reuniu no Algarve cerca de 250 triatletas de mais de 20 nacionalidades, com provas de elites e juniores a decorrerem no fim de semana.<\/p>\n","protected":false},"excerpt":{"rendered":"<ul>\n<li>Maria Tom\u00e9 conquistou a medalha de prata na Ta\u00e7a da Europa de Quarteira, prova de elite feminina em dist\u00e2ncia ol\u00edmpica, a 19 segundos da campe\u00e3 Jolien Vermeylen.<\/li>\n<li>A vencedora foi Jolien Vermeylen (belga); Ilona Hadhoum (Fran\u00e7a) ficou em terceiro, a 1,35 minutos da vencedora.<\/li>\n<li>Tom\u00e9, de 24 anos, fez o melhor resultado da carreira na prova realizada em Quarteira, ap\u00f3s ter ficado em 3.\u00ba em 2023, 4.\u00ba em 2022 e 5.\u00ba em 2021.<\/li>\n<li>Entre as portuguesas, Mariana Vargem foi 5.\u00aa, In\u00eas Rico retirou-se; Madalena Almeida ficou 18.\u00aa, Matilde Santos 27.\u00aa e Cassilda Carvalho 30.\u00aa.<\/li>\n<li>A pr\u00f3xima prova \u00e9 a etapa do Mundial de triatlo em Samarcanda, Uzbequist\u00e3o, no dia 25 de abril, antes do in\u00edcio da qualifica\u00e7\u00e3o ol\u00edmpica para Los Angeles 2028.<\/li>\n<\/ul>\n","protected":false},"author":2,"featured_media":425124,"comment_status":"closed","ping_status":"closed","sticky":false,"template":"","format":"standard","meta":{"footnotes":""},"categories":[21,24],"tags":[928,152,1242,81,2302,1014],"class_list":["post-425121","post","type-post","status-publish","format-standard","has-post-thumbnail","hentry","category-desporto","category-futebol","tag-algarve","tag-desporto","tag-feminino","tag-internacionais","tag-loule","tag-portugal"],"yoast_head":"<!-- This site is optimized with the Yoast SEO plugin v27.2 - https:\/\/yoast.com\/product\/yoast-seo-wordpress\/ -->\n<title>Maria Tom\u00e9 conquista medalha de prata na Ta\u00e7a da Europa de Quarteira - Portal Tela Portugal<\/title>\n<meta name=\"robots\" content=\"index, follow, max-snippet:-1, max-image-preview:large, max-video-preview:-1\" \/>\n<meta property=\"og:locale\" content=\"pt_PT\" \/>\n<meta property=\"og:type\" content=\"article\" \/>\n<meta property=\"og:title\" content=\"Maria Tom\u00e9 conquista medalha de prata na Ta\u00e7a da Europa de Quarteira - Portal Tela Portugal\" \/>\n<meta property=\"og:description\" content=\"Maria Tom\u00e9 conquistou a medalha de prata na Ta\u00e7a da Europa de Quarteira, prova de elite feminina em dist\u00e2ncia ol\u00edmpica, a 19 segundos da campe\u00e3 Jolien Vermeylen. A vencedora foi Jolien Vermeylen (belga); Ilona Hadhoum (Fran\u00e7a) ficou em terceiro, a 1,35 minutos da vencedora. Tom\u00e9, de 24 anos, fez o melhor resultado da carreira na prova realizada em Quarteira, ap\u00f3s ter ficado em 3.\u00ba em 2023, 4.\u00ba em 2022 e 5.\u00ba em 2021. Entre as portuguesas, Mariana Vargem foi 5.\u00aa, In\u00eas Rico retirou-se; Madalena Almeida ficou 18.\u00aa, Matilde Santos 27.\u00aa e Cassilda Carvalho 30.\u00aa. A pr\u00f3xima prova \u00e9 a etapa do Mundial de triatlo em Samarcanda, Uzbequist\u00e3o, no dia 25 de abril, antes do in\u00edcio da qualifica\u00e7\u00e3o ol\u00edmpica para Los Angeles 2028.\" \/>\n<meta property=\"og:url\" content=\"https:\/\/portaltela.pt\/noticias\/2026\/03\/28\/maria-tome-conquista-medalha-de-prata-na-taca-da-europa-de-quarteira\/\" \/>\n<meta property=\"og:site_name\" content=\"Portal Tela Portugal\" \/>\n<meta property=\"article:published_time\" content=\"2026-03-28T16:45:00+00:00\" \/>\n<meta name=\"author\" content=\"Telinha\" \/>\n<meta name=\"twitter:card\" content=\"summary_large_image\" \/>\n<meta name=\"twitter:label1\" content=\"Escrito por\" \/>\n\t<meta name=\"twitter:data1\" content=\"Telinha\" \/>\n\t<meta name=\"twitter:label2\" content=\"Tempo estimado de leitura\" \/>\n\t<meta name=\"twitter:data2\" content=\"2 minutos\" \/>\n<script type=\"application\/ld+json\" class=\"yoast-schema-graph\">{\"@context\":\"https:\/\/schema.org\",\"@graph\":[{\"@type\":\"Article\",\"@id\":\"https:\/\/portaltela.pt\/noticias\/2026\/03\/28\/maria-tome-conquista-medalha-de-prata-na-taca-da-europa-de-quarteira\/#article\",\"isPartOf\":{\"@id\":\"https:\/\/portaltela.pt\/noticias\/2026\/03\/28\/maria-tome-conquista-medalha-de-prata-na-taca-da-europa-de-quarteira\/\"},\"author\":{\"name\":\"Telinha\",\"@id\":\"https:\/\/portaltela.pt\/#\/schema\/person\/c4278d4a6028830caff9ee44b42d32ed\"},\"headline\":\"Maria Tom\u00e9 conquista medalha de prata na Ta\u00e7a da Europa de Quarteira\",\"datePublished\":\"2026-03-28T16:45:00+00:00\",\"mainEntityOfPage\":{\"@id\":\"https:\/\/portaltela.pt\/noticias\/2026\/03\/28\/maria-tome-conquista-medalha-de-prata-na-taca-da-europa-de-quarteira\/\"},\"wordCount\":350,\"image\":{\"@id\":\"https:\/\/portaltela.pt\/noticias\/2026\/03\/28\/maria-tome-conquista-medalha-de-prata-na-taca-da-europa-de-quarteira\/#primaryimage\"},\"thumbnailUrl\":\"https:\/\/portaltela.pt\/s.01k8rhncp4jt1\/2026\/03\/img_920x518uu2026-03-28-16-45-06-2429866.jpg\",\"keywords\":[\"Algarve\",\"desporto\",\"feminino\",\"internacionais\",\"Loul\u00e9\",\"Portugal\"],\"articleSection\":[\"Desporto\",\"Futebol\"],\"inLanguage\":\"pt-PT\"},{\"@type\":\"WebPage\",\"@id\":\"https:\/\/portaltela.pt\/noticias\/2026\/03\/28\/maria-tome-conquista-medalha-de-prata-na-taca-da-europa-de-quarteira\/\",\"url\":\"https:\/\/portaltela.pt\/noticias\/2026\/03\/28\/maria-tome-conquista-medalha-de-prata-na-taca-da-europa-de-quarteira\/\",\"name\":\"Maria Tom\u00e9 conquista medalha de prata na Ta\u00e7a da Europa de Quarteira - Portal Tela Portugal\",\"isPartOf\":{\"@id\":\"https:\/\/portaltela.pt\/#website\"},\"primaryImageOfPage\":{\"@id\":\"https:\/\/portaltela.pt\/noticias\/2026\/03\/28\/maria-tome-conquista-medalha-de-prata-na-taca-da-europa-de-quarteira\/#primaryimage\"},\"image\":{\"@id\":\"https:\/\/portaltela.pt\/noticias\/2026\/03\/28\/maria-tome-conquista-medalha-de-prata-na-taca-da-europa-de-quarteira\/#primaryimage\"},\"thumbnailUrl\":\"https:\/\/portaltela.pt\/s.01k8rhncp4jt1\/2026\/03\/img_920x518uu2026-03-28-16-45-06-2429866.jpg\",\"datePublished\":\"2026-03-28T16:45:00+00:00\",\"author\":{\"@id\":\"https:\/\/portaltela.pt\/#\/schema\/person\/c4278d4a6028830caff9ee44b42d32ed\"},\"breadcrumb\":{\"@id\":\"https:\/\/portaltela.pt\/noticias\/2026\/03\/28\/maria-tome-conquista-medalha-de-prata-na-taca-da-europa-de-quarteira\/#breadcrumb\"},\"inLanguage\":\"pt-PT\",\"potentialAction\":[{\"@type\":\"ReadAction\",\"target\":[\"https:\/\/portaltela.pt\/noticias\/2026\/03\/28\/maria-tome-conquista-medalha-de-prata-na-taca-da-europa-de-quarteira\/\"]}]},{\"@type\":\"ImageObject\",\"inLanguage\":\"pt-PT\",\"@id\":\"https:\/\/portaltela.pt\/noticias\/2026\/03\/28\/maria-tome-conquista-medalha-de-prata-na-taca-da-europa-de-quarteira\/#primaryimage\",\"url\":\"https:\/\/portaltela.pt\/s.01k8rhncp4jt1\/2026\/03\/img_920x518uu2026-03-28-16-45-06-2429866.jpg\",\"contentUrl\":\"https:\/\/portaltela.pt\/s.01k8rhncp4jt1\/2026\/03\/img_920x518uu2026-03-28-16-45-06-2429866.jpg\",\"width\":796,\"height\":448,\"caption\":\"Photo\"},{\"@type\":\"BreadcrumbList\",\"@id\":\"https:\/\/portaltela.pt\/noticias\/2026\/03\/28\/maria-tome-conquista-medalha-de-prata-na-taca-da-europa-de-quarteira\/#breadcrumb\",\"itemListElement\":[{\"@type\":\"ListItem\",\"position\":1,\"name\":\"In\u00edcio\",\"item\":\"https:\/\/portaltela.pt\/\"},{\"@type\":\"ListItem\",\"position\":2,\"name\":\"Maria Tom\u00e9 conquista medalha de prata na Ta\u00e7a da Europa de Quarteira\"}]},{\"@type\":\"WebSite\",\"@id\":\"https:\/\/portaltela.pt\/#website\",\"url\":\"https:\/\/portaltela.pt\/\",\"name\":\"Portal Tela Portugal\",\"description\":\"\",\"potentialAction\":[{\"@type\":\"SearchAction\",\"target\":{\"@type\":\"EntryPoint\",\"urlTemplate\":\"https:\/\/portaltela.pt\/?s={search_term_string}\"},\"query-input\":{\"@type\":\"PropertyValueSpecification\",\"valueRequired\":true,\"valueName\":\"search_term_string\"}}],\"inLanguage\":\"pt-PT\"},{\"@type\":\"Person\",\"@id\":\"https:\/\/portaltela.pt\/#\/schema\/person\/c4278d4a6028830caff9ee44b42d32ed\",\"name\":\"Telinha\",\"image\":{\"@type\":\"ImageObject\",\"inLanguage\":\"pt-PT\",\"@id\":\"https:\/\/portaltela.pt\/s.01k8rhncp4jt1\/2025\/11\/talking-bot-125x125.png\",\"url\":\"https:\/\/portaltela.pt\/s.01k8rhncp4jt1\/2025\/11\/talking-bot-125x125.png\",\"contentUrl\":\"https:\/\/portaltela.pt\/s.01k8rhncp4jt1\/2025\/11\/talking-bot-125x125.png\",\"caption\":\"Telinha\"},\"sameAs\":[\"https:\/\/portaltela.pt\/\"],\"url\":\"https:\/\/portaltela.pt\/por\/367410592786\/\"}]}<\/script>\n<!-- \/ Yoast SEO plugin. -->","yoast_head_json":{"title":"Maria Tom\u00e9 conquista medalha de prata na Ta\u00e7a da Europa de Quarteira - Portal Tela Portugal","robots":{"index":"index","follow":"follow","max-snippet":"max-snippet:-1","max-image-preview":"max-image-preview:large","max-video-preview":"max-video-preview:-1"},"og_locale":"pt_PT","og_type":"article","og_title":"Maria Tom\u00e9 conquista medalha de prata na Ta\u00e7a da Europa de Quarteira - Portal Tela Portugal","og_description":"Maria Tom\u00e9 conquistou a medalha de prata na Ta\u00e7a da Europa de Quarteira, prova de elite feminina em dist\u00e2ncia ol\u00edmpica, a 19 segundos da campe\u00e3 Jolien Vermeylen. A vencedora foi Jolien Vermeylen (belga); Ilona Hadhoum (Fran\u00e7a) ficou em terceiro, a 1,35 minutos da vencedora. Tom\u00e9, de 24 anos, fez o melhor resultado da carreira na prova realizada em Quarteira, ap\u00f3s ter ficado em 3.\u00ba em 2023, 4.\u00ba em 2022 e 5.\u00ba em 2021. Entre as portuguesas, Mariana Vargem foi 5.\u00aa, In\u00eas Rico retirou-se; Madalena Almeida ficou 18.\u00aa, Matilde Santos 27.\u00aa e Cassilda Carvalho 30.\u00aa. A pr\u00f3xima prova \u00e9 a etapa do Mundial de triatlo em Samarcanda, Uzbequist\u00e3o, no dia 25 de abril, antes do in\u00edcio da qualifica\u00e7\u00e3o ol\u00edmpica para Los Angeles 2028.","og_url":"https:\/\/portaltela.pt\/noticias\/2026\/03\/28\/maria-tome-conquista-medalha-de-prata-na-taca-da-europa-de-quarteira\/","og_site_name":"Portal Tela Portugal","article_published_time":"2026-03-28T16:45:00+00:00","author":"Telinha","twitter_card":"summary_large_image","twitter_misc":{"Escrito por":"Telinha","Tempo estimado de leitura":"2 minutos"},"schema":{"@context":"https:\/\/schema.org","@graph":[{"@type":"Article","@id":"https:\/\/portaltela.pt\/noticias\/2026\/03\/28\/maria-tome-conquista-medalha-de-prata-na-taca-da-europa-de-quarteira\/#article","isPartOf":{"@id":"https:\/\/portaltela.pt\/noticias\/2026\/03\/28\/maria-tome-conquista-medalha-de-prata-na-taca-da-europa-de-quarteira\/"},"author":{"name":"Telinha","@id":"https:\/\/portaltela.pt\/#\/schema\/person\/c4278d4a6028830caff9ee44b42d32ed"},"headline":"Maria Tom\u00e9 conquista medalha de prata na Ta\u00e7a da Europa de Quarteira","datePublished":"2026-03-28T16:45:00+00:00","mainEntityOfPage":{"@id":"https:\/\/portaltela.pt\/noticias\/2026\/03\/28\/maria-tome-conquista-medalha-de-prata-na-taca-da-europa-de-quarteira\/"},"wordCount":350,"image":{"@id":"https:\/\/portaltela.pt\/noticias\/2026\/03\/28\/maria-tome-conquista-medalha-de-prata-na-taca-da-europa-de-quarteira\/#primaryimage"},"thumbnailUrl":"https:\/\/portaltela.pt\/s.01k8rhncp4jt1\/2026\/03\/img_920x518uu2026-03-28-16-45-06-2429866.jpg","keywords":["Algarve","desporto","feminino","internacionais","Loul\u00e9","Portugal"],"articleSection":["Desporto","Futebol"],"inLanguage":"pt-PT"},{"@type":"WebPage","@id":"https:\/\/portaltela.pt\/noticias\/2026\/03\/28\/maria-tome-conquista-medalha-de-prata-na-taca-da-europa-de-quarteira\/","url":"https:\/\/portaltela.pt\/noticias\/2026\/03\/28\/maria-tome-conquista-medalha-de-prata-na-taca-da-europa-de-quarteira\/","name":"Maria Tom\u00e9 conquista medalha de prata na Ta\u00e7a da Europa de Quarteira - Portal Tela Portugal","isPartOf":{"@id":"https:\/\/portaltela.pt\/#website"},"primaryImageOfPage":{"@id":"https:\/\/portaltela.pt\/noticias\/2026\/03\/28\/maria-tome-conquista-medalha-de-prata-na-taca-da-europa-de-quarteira\/#primaryimage"},"image":{"@id":"https:\/\/portaltela.pt\/noticias\/2026\/03\/28\/maria-tome-conquista-medalha-de-prata-na-taca-da-europa-de-quarteira\/#primaryimage"},"thumbnailUrl":"https:\/\/portaltela.pt\/s.01k8rhncp4jt1\/2026\/03\/img_920x518uu2026-03-28-16-45-06-2429866.jpg","datePublished":"2026-03-28T16:45:00+00:00","author":{"@id":"https:\/\/portaltela.pt\/#\/schema\/person\/c4278d4a6028830caff9ee44b42d32ed"},"breadcrumb":{"@id":"https:\/\/portaltela.pt\/noticias\/2026\/03\/28\/maria-tome-conquista-medalha-de-prata-na-taca-da-europa-de-quarteira\/#breadcrumb"},"inLanguage":"pt-PT","potentialAction":[{"@type":"ReadAction","target":["https:\/\/portaltela.pt\/noticias\/2026\/03\/28\/maria-tome-conquista-medalha-de-prata-na-taca-da-europa-de-quarteira\/"]}]},{"@type":"ImageObject","inLanguage":"pt-PT","@id":"https:\/\/portaltela.pt\/noticias\/2026\/03\/28\/maria-tome-conquista-medalha-de-prata-na-taca-da-europa-de-quarteira\/#primaryimage","url":"https:\/\/portaltela.pt\/s.01k8rhncp4jt1\/2026\/03\/img_920x518uu2026-03-28-16-45-06-2429866.jpg","contentUrl":"https:\/\/portaltela.pt\/s.01k8rhncp4jt1\/2026\/03\/img_920x518uu2026-03-28-16-45-06-2429866.jpg","width":796,"height":448,"caption":"Photo"},{"@type":"BreadcrumbList","@id":"https:\/\/portaltela.pt\/noticias\/2026\/03\/28\/maria-tome-conquista-medalha-de-prata-na-taca-da-europa-de-quarteira\/#breadcrumb","itemListElement":[{"@type":"ListItem","position":1,"name":"In\u00edcio","item":"https:\/\/portaltela.pt\/"},{"@type":"ListItem","position":2,"name":"Maria Tom\u00e9 conquista medalha de prata na Ta\u00e7a da Europa de Quarteira"}]},{"@type":"WebSite","@id":"https:\/\/portaltela.pt\/#website","url":"https:\/\/portaltela.pt\/","name":"Portal Tela Portugal","description":"","potentialAction":[{"@type":"SearchAction","target":{"@type":"EntryPoint","urlTemplate":"https:\/\/portaltela.pt\/?s={search_term_string}"},"query-input":{"@type":"PropertyValueSpecification","valueRequired":true,"valueName":"search_term_string"}}],"inLanguage":"pt-PT"},{"@type":"Person","@id":"https:\/\/portaltela.pt\/#\/schema\/person\/c4278d4a6028830caff9ee44b42d32ed","name":"Telinha","image":{"@type":"ImageObject","inLanguage":"pt-PT","@id":"https:\/\/portaltela.pt\/s.01k8rhncp4jt1\/2025\/11\/talking-bot-125x125.png","url":"https:\/\/portaltela.pt\/s.01k8rhncp4jt1\/2025\/11\/talking-bot-125x125.png","contentUrl":"https:\/\/portaltela.pt\/s.01k8rhncp4jt1\/2025\/11\/talking-bot-125x125.png","caption":"Telinha"},"sameAs":["https:\/\/portaltela.pt\/"],"url":"https:\/\/portaltela.pt\/por\/367410592786\/"}]}},"_links":{"self":[{"href":"https:\/\/portaltela.pt\/api\/wp\/v2\/posts\/425121","targetHints":{"allow":["GET"]}}],"collection":[{"href":"https:\/\/portaltela.pt\/api\/wp\/v2\/posts"}],"about":[{"href":"https:\/\/portaltela.pt\/api\/wp\/v2\/types\/post"}],"author":[{"embeddable":true,"href":"https:\/\/portaltela.pt\/api\/wp\/v2\/users\/2"}],"replies":[{"embeddable":true,"href":"https:\/\/portaltela.pt\/api\/wp\/v2\/comments?post=425121"}],"version-history":[{"count":0,"href":"https:\/\/portaltela.pt\/api\/wp\/v2\/posts\/425121\/revisions"}],"wp:featuredmedia":[{"embeddable":true,"href":"https:\/\/portaltela.pt\/api\/wp\/v2\/media\/425124"}],"wp:attachment":[{"href":"https:\/\/portaltela.pt\/api\/wp\/v2\/media?parent=425121"}],"wp:term":[{"taxonomy":"category","embeddable":true,"href":"https:\/\/portaltela.pt\/api\/wp\/v2\/categories?post=425121"},{"taxonomy":"post_tag","embeddable":true,"href":"https:\/\/portaltela.pt\/api\/wp\/v2\/tags?post=425121"}],"curies":[{"name":"wp","href":"https:\/\/api.w.org\/{rel}","templated":true}]}}