{"id":425103,"date":"2026-03-28T13:36:55","date_gmt":"2026-03-28T16:36:55","guid":{"rendered":"https:\/\/portaltela.pt\/noticias\/2026\/03\/28\/emeric-guerillot-ganha-slalom-em-chamrousse\/"},"modified":"2026-03-28T13:36:55","modified_gmt":"2026-03-28T16:36:55","slug":"emeric-guerillot-ganha-slalom-em-chamrousse","status":"publish","type":"post","link":"https:\/\/portaltela.pt\/desporto\/copa-do-mundo\/2026\/03\/28\/emeric-guerillot-ganha-slalom-em-chamrousse\/","title":{"rendered":"Emeric Guerillot ganha slalom em Chamrousse"},"content":{"rendered":"<p>Emeric Guerillot garantiu a vit\u00f3ria na prova de slalom de Chamrousse, em Fran\u00e7a, neste s\u00e1bado. O esquiador portugu\u00eas, que participou nos Jogos Ol\u00edmpicos de Inverno Mil\u00e3o-Cortina2026, fechou a competi\u00e7\u00e3o com o tempo total de 1.28,52 minutos.<\/p>\n<p>Guerillot cumpriu as duas mangas com 43,45 segundos na primeira e 45,07 na segunda. A diferen\u00e7a para o segundo classificado foi de 24 segundos, registando-se ainda a terceira posi\u00e7\u00e3o de Sacha Boissy, a 60 segundos do vencedor.<\/p>\n<h3>Desempenho ol\u00edmpico e contexto<\/h3>\n<p>O jovem portugu\u00eas, de 18 anos, estreou-se nos Jogos Ol\u00edmpicos este ano. Em Mil\u00e3o-Cortina2026, conseguiu o 32.\u00ba no Super-G e o 38.\u00ba no slalom gigante, n\u00e3o terminando a prova de slalom.<\/p>\n","protected":false},"excerpt":{"rendered":"<ul>\n<li>Emeric Guerillot, esquiador portugu\u00eas, venceu a prova de slalom em Chamrousse, Fran\u00e7a.<\/li>\n<li>Gastou um total de 1,28,52 minutos para as duas mangas.<\/li>\n<li>Fez 43,45 segundos na primeira manga e 45,07 segundos na segunda.<\/li>\n<li>Nathan Tchibozo, do Benim, foi segundo classificado a 24 segundos; Sacha Boissy, da Fran\u00e7a, ficou em terceiro a 60 segundos do vencedor.<\/li>\n<li>O atleta de dezoito anos estreou-se nos Jogos Ol\u00edmpicos de Inverno Mil\u00e3o-Cortina 2026, com 32.\u00ba lugar no Super-G e 38.\u00ba no slalom gigante, n\u00e3o terminando o slalom em Mil\u00e3o-Cortina.<\/li>\n<\/ul>\n","protected":false},"author":2,"featured_media":425107,"comment_status":"closed","ping_status":"closed","sticky":false,"template":"","format":"standard","meta":{"footnotes":""},"categories":[6695,21],"tags":[252,152,1856,84,1014],"class_list":["post-425103","post","type-post","status-publish","format-standard","has-post-thumbnail","hentry","category-copa-do-mundo","category-desporto","tag-atletas","tag-desporto","tag-franca","tag-olimpiadas","tag-portugal"],"yoast_head":"<!-- This site is optimized with the Yoast SEO plugin v27.2 - https:\/\/yoast.com\/product\/yoast-seo-wordpress\/ -->\n<title>Emeric Guerillot ganha slalom em Chamrousse - Portal Tela Portugal<\/title>\n<meta name=\"robots\" content=\"index, follow, max-snippet:-1, max-image-preview:large, max-video-preview:-1\" \/>\n<meta property=\"og:locale\" content=\"pt_PT\" \/>\n<meta property=\"og:type\" content=\"article\" \/>\n<meta property=\"og:title\" content=\"Emeric Guerillot ganha slalom em Chamrousse - Portal Tela Portugal\" \/>\n<meta property=\"og:description\" content=\"Emeric Guerillot, esquiador portugu\u00eas, venceu a prova de slalom em Chamrousse, Fran\u00e7a. Gastou um total de 1,28,52 minutos para as duas mangas. Fez 43,45 segundos na primeira manga e 45,07 segundos na segunda. Nathan Tchibozo, do Benim, foi segundo classificado a 24 segundos; Sacha Boissy, da Fran\u00e7a, ficou em terceiro a 60 segundos do vencedor. O atleta de dezoito anos estreou-se nos Jogos Ol\u00edmpicos de Inverno Mil\u00e3o-Cortina 2026, com 32.\u00ba lugar no Super-G e 38.\u00ba no slalom gigante, n\u00e3o terminando o slalom em Mil\u00e3o-Cortina.\" \/>\n<meta property=\"og:url\" content=\"https:\/\/portaltela.pt\/noticias\/2026\/03\/28\/emeric-guerillot-ganha-slalom-em-chamrousse\/\" \/>\n<meta property=\"og:site_name\" content=\"Portal Tela Portugal\" \/>\n<meta property=\"article:published_time\" content=\"2026-03-28T16:36:55+00:00\" \/>\n<meta name=\"author\" content=\"Telinha\" \/>\n<meta name=\"twitter:card\" content=\"summary_large_image\" \/>\n<meta name=\"twitter:label1\" content=\"Escrito por\" \/>\n\t<meta name=\"twitter:data1\" content=\"Telinha\" \/>\n\t<meta name=\"twitter:label2\" content=\"Tempo estimado de leitura\" \/>\n\t<meta name=\"twitter:data2\" content=\"1 minuto\" \/>\n<script type=\"application\/ld+json\" class=\"yoast-schema-graph\">{\"@context\":\"https:\/\/schema.org\",\"@graph\":[{\"@type\":\"Article\",\"@id\":\"https:\/\/portaltela.pt\/noticias\/2026\/03\/28\/emeric-guerillot-ganha-slalom-em-chamrousse\/#article\",\"isPartOf\":{\"@id\":\"https:\/\/portaltela.pt\/noticias\/2026\/03\/28\/emeric-guerillot-ganha-slalom-em-chamrousse\/\"},\"author\":{\"name\":\"Telinha\",\"@id\":\"https:\/\/portaltela.pt\/#\/schema\/person\/c4278d4a6028830caff9ee44b42d32ed\"},\"headline\":\"Emeric Guerillot ganha slalom em Chamrousse\",\"datePublished\":\"2026-03-28T16:36:55+00:00\",\"mainEntityOfPage\":{\"@id\":\"https:\/\/portaltela.pt\/noticias\/2026\/03\/28\/emeric-guerillot-ganha-slalom-em-chamrousse\/\"},\"wordCount\":120,\"image\":{\"@id\":\"https:\/\/portaltela.pt\/noticias\/2026\/03\/28\/emeric-guerillot-ganha-slalom-em-chamrousse\/#primaryimage\"},\"thumbnailUrl\":\"https:\/\/portaltela.pt\/s.01k8rhncp4jt1\/2026\/03\/img_920x518uu2026-02-16-12-38-27-2421946.jpg\",\"keywords\":[\"atletas\",\"desporto\",\"Fran\u00e7a\",\"olimp\u00edadas\",\"Portugal\"],\"articleSection\":[\"Copa do Mundo\",\"Desporto\"],\"inLanguage\":\"pt-PT\"},{\"@type\":\"WebPage\",\"@id\":\"https:\/\/portaltela.pt\/noticias\/2026\/03\/28\/emeric-guerillot-ganha-slalom-em-chamrousse\/\",\"url\":\"https:\/\/portaltela.pt\/noticias\/2026\/03\/28\/emeric-guerillot-ganha-slalom-em-chamrousse\/\",\"name\":\"Emeric Guerillot ganha slalom em Chamrousse - Portal Tela Portugal\",\"isPartOf\":{\"@id\":\"https:\/\/portaltela.pt\/#website\"},\"primaryImageOfPage\":{\"@id\":\"https:\/\/portaltela.pt\/noticias\/2026\/03\/28\/emeric-guerillot-ganha-slalom-em-chamrousse\/#primaryimage\"},\"image\":{\"@id\":\"https:\/\/portaltela.pt\/noticias\/2026\/03\/28\/emeric-guerillot-ganha-slalom-em-chamrousse\/#primaryimage\"},\"thumbnailUrl\":\"https:\/\/portaltela.pt\/s.01k8rhncp4jt1\/2026\/03\/img_920x518uu2026-02-16-12-38-27-2421946.jpg\",\"datePublished\":\"2026-03-28T16:36:55+00:00\",\"author\":{\"@id\":\"https:\/\/portaltela.pt\/#\/schema\/person\/c4278d4a6028830caff9ee44b42d32ed\"},\"breadcrumb\":{\"@id\":\"https:\/\/portaltela.pt\/noticias\/2026\/03\/28\/emeric-guerillot-ganha-slalom-em-chamrousse\/#breadcrumb\"},\"inLanguage\":\"pt-PT\",\"potentialAction\":[{\"@type\":\"ReadAction\",\"target\":[\"https:\/\/portaltela.pt\/noticias\/2026\/03\/28\/emeric-guerillot-ganha-slalom-em-chamrousse\/\"]}]},{\"@type\":\"ImageObject\",\"inLanguage\":\"pt-PT\",\"@id\":\"https:\/\/portaltela.pt\/noticias\/2026\/03\/28\/emeric-guerillot-ganha-slalom-em-chamrousse\/#primaryimage\",\"url\":\"https:\/\/portaltela.pt\/s.01k8rhncp4jt1\/2026\/03\/img_920x518uu2026-02-16-12-38-27-2421946.jpg\",\"contentUrl\":\"https:\/\/portaltela.pt\/s.01k8rhncp4jt1\/2026\/03\/img_920x518uu2026-02-16-12-38-27-2421946.jpg\",\"width\":796,\"height\":448,\"caption\":\"Emeric Guerillot desqualificado em prova de slalom em Stelvio, It\u00e1lia.\"},{\"@type\":\"BreadcrumbList\",\"@id\":\"https:\/\/portaltela.pt\/noticias\/2026\/03\/28\/emeric-guerillot-ganha-slalom-em-chamrousse\/#breadcrumb\",\"itemListElement\":[{\"@type\":\"ListItem\",\"position\":1,\"name\":\"In\u00edcio\",\"item\":\"https:\/\/portaltela.pt\/\"},{\"@type\":\"ListItem\",\"position\":2,\"name\":\"Emeric Guerillot ganha slalom em Chamrousse\"}]},{\"@type\":\"WebSite\",\"@id\":\"https:\/\/portaltela.pt\/#website\",\"url\":\"https:\/\/portaltela.pt\/\",\"name\":\"Portal Tela Portugal\",\"description\":\"\",\"potentialAction\":[{\"@type\":\"SearchAction\",\"target\":{\"@type\":\"EntryPoint\",\"urlTemplate\":\"https:\/\/portaltela.pt\/?s={search_term_string}\"},\"query-input\":{\"@type\":\"PropertyValueSpecification\",\"valueRequired\":true,\"valueName\":\"search_term_string\"}}],\"inLanguage\":\"pt-PT\"},{\"@type\":\"Person\",\"@id\":\"https:\/\/portaltela.pt\/#\/schema\/person\/c4278d4a6028830caff9ee44b42d32ed\",\"name\":\"Telinha\",\"image\":{\"@type\":\"ImageObject\",\"inLanguage\":\"pt-PT\",\"@id\":\"https:\/\/portaltela.pt\/s.01k8rhncp4jt1\/2025\/11\/talking-bot-125x125.png\",\"url\":\"https:\/\/portaltela.pt\/s.01k8rhncp4jt1\/2025\/11\/talking-bot-125x125.png\",\"contentUrl\":\"https:\/\/portaltela.pt\/s.01k8rhncp4jt1\/2025\/11\/talking-bot-125x125.png\",\"caption\":\"Telinha\"},\"sameAs\":[\"https:\/\/portaltela.pt\/\"],\"url\":\"https:\/\/portaltela.pt\/por\/367410592786\/\"}]}<\/script>\n<!-- \/ Yoast SEO plugin. -->","yoast_head_json":{"title":"Emeric Guerillot ganha slalom em Chamrousse - Portal Tela Portugal","robots":{"index":"index","follow":"follow","max-snippet":"max-snippet:-1","max-image-preview":"max-image-preview:large","max-video-preview":"max-video-preview:-1"},"og_locale":"pt_PT","og_type":"article","og_title":"Emeric Guerillot ganha slalom em Chamrousse - Portal Tela Portugal","og_description":"Emeric Guerillot, esquiador portugu\u00eas, venceu a prova de slalom em Chamrousse, Fran\u00e7a. Gastou um total de 1,28,52 minutos para as duas mangas. Fez 43,45 segundos na primeira manga e 45,07 segundos na segunda. Nathan Tchibozo, do Benim, foi segundo classificado a 24 segundos; Sacha Boissy, da Fran\u00e7a, ficou em terceiro a 60 segundos do vencedor. O atleta de dezoito anos estreou-se nos Jogos Ol\u00edmpicos de Inverno Mil\u00e3o-Cortina 2026, com 32.\u00ba lugar no Super-G e 38.\u00ba no slalom gigante, n\u00e3o terminando o slalom em Mil\u00e3o-Cortina.","og_url":"https:\/\/portaltela.pt\/noticias\/2026\/03\/28\/emeric-guerillot-ganha-slalom-em-chamrousse\/","og_site_name":"Portal Tela Portugal","article_published_time":"2026-03-28T16:36:55+00:00","author":"Telinha","twitter_card":"summary_large_image","twitter_misc":{"Escrito por":"Telinha","Tempo estimado de leitura":"1 minuto"},"schema":{"@context":"https:\/\/schema.org","@graph":[{"@type":"Article","@id":"https:\/\/portaltela.pt\/noticias\/2026\/03\/28\/emeric-guerillot-ganha-slalom-em-chamrousse\/#article","isPartOf":{"@id":"https:\/\/portaltela.pt\/noticias\/2026\/03\/28\/emeric-guerillot-ganha-slalom-em-chamrousse\/"},"author":{"name":"Telinha","@id":"https:\/\/portaltela.pt\/#\/schema\/person\/c4278d4a6028830caff9ee44b42d32ed"},"headline":"Emeric Guerillot ganha slalom em Chamrousse","datePublished":"2026-03-28T16:36:55+00:00","mainEntityOfPage":{"@id":"https:\/\/portaltela.pt\/noticias\/2026\/03\/28\/emeric-guerillot-ganha-slalom-em-chamrousse\/"},"wordCount":120,"image":{"@id":"https:\/\/portaltela.pt\/noticias\/2026\/03\/28\/emeric-guerillot-ganha-slalom-em-chamrousse\/#primaryimage"},"thumbnailUrl":"https:\/\/portaltela.pt\/s.01k8rhncp4jt1\/2026\/03\/img_920x518uu2026-02-16-12-38-27-2421946.jpg","keywords":["atletas","desporto","Fran\u00e7a","olimp\u00edadas","Portugal"],"articleSection":["Copa do Mundo","Desporto"],"inLanguage":"pt-PT"},{"@type":"WebPage","@id":"https:\/\/portaltela.pt\/noticias\/2026\/03\/28\/emeric-guerillot-ganha-slalom-em-chamrousse\/","url":"https:\/\/portaltela.pt\/noticias\/2026\/03\/28\/emeric-guerillot-ganha-slalom-em-chamrousse\/","name":"Emeric Guerillot ganha slalom em Chamrousse - Portal Tela Portugal","isPartOf":{"@id":"https:\/\/portaltela.pt\/#website"},"primaryImageOfPage":{"@id":"https:\/\/portaltela.pt\/noticias\/2026\/03\/28\/emeric-guerillot-ganha-slalom-em-chamrousse\/#primaryimage"},"image":{"@id":"https:\/\/portaltela.pt\/noticias\/2026\/03\/28\/emeric-guerillot-ganha-slalom-em-chamrousse\/#primaryimage"},"thumbnailUrl":"https:\/\/portaltela.pt\/s.01k8rhncp4jt1\/2026\/03\/img_920x518uu2026-02-16-12-38-27-2421946.jpg","datePublished":"2026-03-28T16:36:55+00:00","author":{"@id":"https:\/\/portaltela.pt\/#\/schema\/person\/c4278d4a6028830caff9ee44b42d32ed"},"breadcrumb":{"@id":"https:\/\/portaltela.pt\/noticias\/2026\/03\/28\/emeric-guerillot-ganha-slalom-em-chamrousse\/#breadcrumb"},"inLanguage":"pt-PT","potentialAction":[{"@type":"ReadAction","target":["https:\/\/portaltela.pt\/noticias\/2026\/03\/28\/emeric-guerillot-ganha-slalom-em-chamrousse\/"]}]},{"@type":"ImageObject","inLanguage":"pt-PT","@id":"https:\/\/portaltela.pt\/noticias\/2026\/03\/28\/emeric-guerillot-ganha-slalom-em-chamrousse\/#primaryimage","url":"https:\/\/portaltela.pt\/s.01k8rhncp4jt1\/2026\/03\/img_920x518uu2026-02-16-12-38-27-2421946.jpg","contentUrl":"https:\/\/portaltela.pt\/s.01k8rhncp4jt1\/2026\/03\/img_920x518uu2026-02-16-12-38-27-2421946.jpg","width":796,"height":448,"caption":"Emeric Guerillot desqualificado em prova de slalom em Stelvio, It\u00e1lia."},{"@type":"BreadcrumbList","@id":"https:\/\/portaltela.pt\/noticias\/2026\/03\/28\/emeric-guerillot-ganha-slalom-em-chamrousse\/#breadcrumb","itemListElement":[{"@type":"ListItem","position":1,"name":"In\u00edcio","item":"https:\/\/portaltela.pt\/"},{"@type":"ListItem","position":2,"name":"Emeric Guerillot ganha slalom em Chamrousse"}]},{"@type":"WebSite","@id":"https:\/\/portaltela.pt\/#website","url":"https:\/\/portaltela.pt\/","name":"Portal Tela Portugal","description":"","potentialAction":[{"@type":"SearchAction","target":{"@type":"EntryPoint","urlTemplate":"https:\/\/portaltela.pt\/?s={search_term_string}"},"query-input":{"@type":"PropertyValueSpecification","valueRequired":true,"valueName":"search_term_string"}}],"inLanguage":"pt-PT"},{"@type":"Person","@id":"https:\/\/portaltela.pt\/#\/schema\/person\/c4278d4a6028830caff9ee44b42d32ed","name":"Telinha","image":{"@type":"ImageObject","inLanguage":"pt-PT","@id":"https:\/\/portaltela.pt\/s.01k8rhncp4jt1\/2025\/11\/talking-bot-125x125.png","url":"https:\/\/portaltela.pt\/s.01k8rhncp4jt1\/2025\/11\/talking-bot-125x125.png","contentUrl":"https:\/\/portaltela.pt\/s.01k8rhncp4jt1\/2025\/11\/talking-bot-125x125.png","caption":"Telinha"},"sameAs":["https:\/\/portaltela.pt\/"],"url":"https:\/\/portaltela.pt\/por\/367410592786\/"}]}},"_links":{"self":[{"href":"https:\/\/portaltela.pt\/api\/wp\/v2\/posts\/425103","targetHints":{"allow":["GET"]}}],"collection":[{"href":"https:\/\/portaltela.pt\/api\/wp\/v2\/posts"}],"about":[{"href":"https:\/\/portaltela.pt\/api\/wp\/v2\/types\/post"}],"author":[{"embeddable":true,"href":"https:\/\/portaltela.pt\/api\/wp\/v2\/users\/2"}],"replies":[{"embeddable":true,"href":"https:\/\/portaltela.pt\/api\/wp\/v2\/comments?post=425103"}],"version-history":[{"count":0,"href":"https:\/\/portaltela.pt\/api\/wp\/v2\/posts\/425103\/revisions"}],"wp:featuredmedia":[{"embeddable":true,"href":"https:\/\/portaltela.pt\/api\/wp\/v2\/media\/425107"}],"wp:attachment":[{"href":"https:\/\/portaltela.pt\/api\/wp\/v2\/media?parent=425103"}],"wp:term":[{"taxonomy":"category","embeddable":true,"href":"https:\/\/portaltela.pt\/api\/wp\/v2\/categories?post=425103"},{"taxonomy":"post_tag","embeddable":true,"href":"https:\/\/portaltela.pt\/api\/wp\/v2\/tags?post=425103"}],"curies":[{"name":"wp","href":"https:\/\/api.w.org\/{rel}","templated":true}]}}