{"id":425095,"date":"2026-03-28T13:27:43","date_gmt":"2026-03-28T16:27:43","guid":{"rendered":"https:\/\/portaltela.pt\/noticias\/2026\/03\/28\/papa-leao-xiv-encerra-visita-ao-monaco-alertando-para-a-idolatria-da-riqueza\/"},"modified":"2026-03-28T13:27:43","modified_gmt":"2026-03-28T16:27:43","slug":"papa-leao-xiv-encerra-visita-ao-monaco-alertando-para-a-idolatria-da-riqueza","status":"publish","type":"post","link":"https:\/\/portaltela.pt\/sociedade\/2026\/03\/28\/papa-leao-xiv-encerra-visita-ao-monaco-alertando-para-a-idolatria-da-riqueza\/","title":{"rendered":"Papa Le\u00e3o XIV encerra visita ao M\u00f3naco alertando para a idolatria da riqueza"},"content":{"rendered":"<p>O Papa Le\u00e3o XIV encerrou a sua visita ao M\u00f3naco com um apelo \u00e0 conten\u00e7\u00e3o da idolatria do dinheiro e do poder, durante a missa realizada no Est\u00e1dio Lu\u00eds II, em Monte Carlo. A cerim\u00f3nia, que contou com cerca de 15 mil fi\u00e9is, ocorreu no contexto das celebra\u00e7\u00f5es da visita papal ao principado.<\/p>\n<p>O Pont\u00edfice dirigiu uma homilia em franc\u00eas, sublinhando o papel da Igreja como espa\u00e7o de acolhimento, dignidade para os pobres e desenvolvimento inclusivo. O objetivo foi alertar para as guerras como consequ\u00eancias da gan\u00e2ncia e do confronto entre interesses.<\/p>\n<p>No meio pol\u00edtico local, o Pr\u00edncipe Alberto II e a Princesa Charlene assistiram \u00e0 missa de branco, acompanhados pelos filhos Jacques e Gabriella, com as irm\u00e3s Caroline e Stephanie entre os presentes. A fam\u00edlia Grimaldi ocupou lugares de destaque na assist\u00eancia.<\/p>\n<h3>Contexto e mensagens da madrugada<\/h3>\n<p>O Papa pediu que se enfrente a a viol\u00eancia, insistindo na responsabilidade pela vida humana desde a conce\u00e7\u00e3o at\u00e9 \u00e0 velhice. Refor\u00e7ou a ideia de que a paz nasce de cora\u00e7\u00f5es purificados, n\u00e3o de mera for\u00e7a. Abordou tamb\u00e9m a cultura da miseric\u00f3rdia frente \u00e0 cultura do descarte.<\/p>\n<p>Le\u00e3o XIV reuniu-se ainda com jovens e catec\u00famenos na pra\u00e7a da Igreja de Santa Devota, antes de participar na celebra\u00e7\u00e3o lit\u00fargica. Durante o encontro, o Papa incentivou momentos de sil\u00eancio para refletir sobre a autenticidade das rela\u00e7\u00f5es e evitar influ\u00eancias digitais desvirtuadas.<\/p>\n<p>A visita incluiu uma passagem pelo Pal\u00e1cio do Pr\u00edncipe, onde o Pont\u00edfice foi recebido com honras. No conjunto da agenda, destacou-se a reuni\u00e3o com a comunidade cat\u00f3lica da Catedral da Imaculada Concei\u00e7\u00e3o e o encontro com jovens junto \u00e0 igreja mencionada.<\/p>\n","protected":false},"excerpt":{"rendered":"<ul>\n<li>O Papa Le\u00e3o XIV encerrou a visita ao M\u00f3naco com uma missa no Est\u00e1dio Lu\u00eds II, diante de cerca de 15 mil pessoas.<\/li>\n<li>Na homilia, denunciou guerras como fruto da idolatria do poder e do dinheiro e pediu \u00e0 Igreja que seja lugar de acolhimento e dignidade para os pequenos e os pobres.<\/li>\n<li>Reiterou o apelo pela paz, dizendo que n\u00e3o basta um equil\u00edbrio de poder e que a paz depende de cora\u00e7\u00f5es puros que veem o outro como irm\u00e3o.<\/li>\n<li>Foi recebido pelo pr\u00edncipe Alberto II e pela princesa Charlene, com a fam\u00edlia Grimaldi presente, e reuniu-se com jovens na Pra\u00e7a Santa Devota ap\u00f3s uma visita ao Pal\u00e1cio.<\/li>\n<li>O Papa incentivou momentos de sil\u00eancio para os jovens e destacou a miseric\u00f3rdia como caminho de solidez da vida; Alberto II recusou, em novembro de 2025, uma lei de aborto no Principado.<\/li>\n<\/ul>\n","protected":false},"author":2,"featured_media":425099,"comment_status":"closed","ping_status":"closed","sticky":false,"template":"","format":"standard","meta":{"footnotes":""},"categories":[1,6871],"tags":[6339,145,102,2844,1770,104],"class_list":["post-425095","post","type-post","status-publish","format-standard","has-post-thumbnail","hentry","category-noticias","category-sociedade","tag-catolicos","tag-cultura","tag-igreja","tag-jovens","tag-monaco","tag-religiao"],"yoast_head":"<!-- This site is optimized with the Yoast SEO plugin v27.2 - https:\/\/yoast.com\/product\/yoast-seo-wordpress\/ -->\n<title>Papa Le\u00e3o XIV encerra visita ao M\u00f3naco alertando para a idolatria da riqueza - Portal Tela Portugal<\/title>\n<meta name=\"robots\" content=\"index, follow, max-snippet:-1, max-image-preview:large, max-video-preview:-1\" \/>\n<meta property=\"og:locale\" content=\"pt_PT\" \/>\n<meta property=\"og:type\" content=\"article\" \/>\n<meta property=\"og:title\" content=\"Papa Le\u00e3o XIV encerra visita ao M\u00f3naco alertando para a idolatria da riqueza - Portal Tela Portugal\" \/>\n<meta property=\"og:description\" content=\"O Papa Le\u00e3o XIV encerrou a visita ao M\u00f3naco com uma missa no Est\u00e1dio Lu\u00eds II, diante de cerca de 15 mil pessoas. Na homilia, denunciou guerras como fruto da idolatria do poder e do dinheiro e pediu \u00e0 Igreja que seja lugar de acolhimento e dignidade para os pequenos e os pobres. Reiterou o apelo pela paz, dizendo que n\u00e3o basta um equil\u00edbrio de poder e que a paz depende de cora\u00e7\u00f5es puros que veem o outro como irm\u00e3o. Foi recebido pelo pr\u00edncipe Alberto II e pela princesa Charlene, com a fam\u00edlia Grimaldi presente, e reuniu-se com jovens na Pra\u00e7a Santa Devota ap\u00f3s uma visita ao Pal\u00e1cio. O Papa incentivou momentos de sil\u00eancio para os jovens e destacou a miseric\u00f3rdia como caminho de solidez da vida; Alberto II recusou, em novembro de 2025, uma lei de aborto no Principado.\" \/>\n<meta property=\"og:url\" content=\"https:\/\/portaltela.pt\/noticias\/2026\/03\/28\/papa-leao-xiv-encerra-visita-ao-monaco-alertando-para-a-idolatria-da-riqueza\/\" \/>\n<meta property=\"og:site_name\" content=\"Portal Tela Portugal\" \/>\n<meta property=\"article:published_time\" content=\"2026-03-28T16:27:43+00:00\" \/>\n<meta name=\"author\" content=\"Telinha\" \/>\n<meta name=\"twitter:card\" content=\"summary_large_image\" \/>\n<meta name=\"twitter:label1\" content=\"Escrito por\" \/>\n\t<meta name=\"twitter:data1\" content=\"Telinha\" \/>\n\t<meta name=\"twitter:label2\" content=\"Tempo estimado de leitura\" \/>\n\t<meta name=\"twitter:data2\" content=\"2 minutos\" \/>\n<script type=\"application\/ld+json\" class=\"yoast-schema-graph\">{\"@context\":\"https:\/\/schema.org\",\"@graph\":[{\"@type\":\"Article\",\"@id\":\"https:\/\/portaltela.pt\/noticias\/2026\/03\/28\/papa-leao-xiv-encerra-visita-ao-monaco-alertando-para-a-idolatria-da-riqueza\/#article\",\"isPartOf\":{\"@id\":\"https:\/\/portaltela.pt\/noticias\/2026\/03\/28\/papa-leao-xiv-encerra-visita-ao-monaco-alertando-para-a-idolatria-da-riqueza\/\"},\"author\":{\"name\":\"Telinha\",\"@id\":\"https:\/\/portaltela.pt\/#\/schema\/person\/c4278d4a6028830caff9ee44b42d32ed\"},\"headline\":\"Papa Le\u00e3o XIV encerra visita ao M\u00f3naco alertando para a idolatria da riqueza\",\"datePublished\":\"2026-03-28T16:27:43+00:00\",\"mainEntityOfPage\":{\"@id\":\"https:\/\/portaltela.pt\/noticias\/2026\/03\/28\/papa-leao-xiv-encerra-visita-ao-monaco-alertando-para-a-idolatria-da-riqueza\/\"},\"wordCount\":317,\"image\":{\"@id\":\"https:\/\/portaltela.pt\/noticias\/2026\/03\/28\/papa-leao-xiv-encerra-visita-ao-monaco-alertando-para-a-idolatria-da-riqueza\/#primaryimage\"},\"thumbnailUrl\":\"https:\/\/portaltela.pt\/s.01k8rhncp4jt1\/2026\/03\/img_1280x721uu2026-03-08-19-02-17-2271147.jpg\",\"keywords\":[\"cat\u00f3licos\",\"cultura\",\"igreja\",\"jovens\",\"Monaco\",\"religi\u00e3o\"],\"articleSection\":[\"Not\u00edcias\",\"Sociedade\"],\"inLanguage\":\"pt-PT\"},{\"@type\":\"WebPage\",\"@id\":\"https:\/\/portaltela.pt\/noticias\/2026\/03\/28\/papa-leao-xiv-encerra-visita-ao-monaco-alertando-para-a-idolatria-da-riqueza\/\",\"url\":\"https:\/\/portaltela.pt\/noticias\/2026\/03\/28\/papa-leao-xiv-encerra-visita-ao-monaco-alertando-para-a-idolatria-da-riqueza\/\",\"name\":\"Papa Le\u00e3o XIV encerra visita ao M\u00f3naco alertando para a idolatria da riqueza - Portal Tela Portugal\",\"isPartOf\":{\"@id\":\"https:\/\/portaltela.pt\/#website\"},\"primaryImageOfPage\":{\"@id\":\"https:\/\/portaltela.pt\/noticias\/2026\/03\/28\/papa-leao-xiv-encerra-visita-ao-monaco-alertando-para-a-idolatria-da-riqueza\/#primaryimage\"},\"image\":{\"@id\":\"https:\/\/portaltela.pt\/noticias\/2026\/03\/28\/papa-leao-xiv-encerra-visita-ao-monaco-alertando-para-a-idolatria-da-riqueza\/#primaryimage\"},\"thumbnailUrl\":\"https:\/\/portaltela.pt\/s.01k8rhncp4jt1\/2026\/03\/img_1280x721uu2026-03-08-19-02-17-2271147.jpg\",\"datePublished\":\"2026-03-28T16:27:43+00:00\",\"author\":{\"@id\":\"https:\/\/portaltela.pt\/#\/schema\/person\/c4278d4a6028830caff9ee44b42d32ed\"},\"breadcrumb\":{\"@id\":\"https:\/\/portaltela.pt\/noticias\/2026\/03\/28\/papa-leao-xiv-encerra-visita-ao-monaco-alertando-para-a-idolatria-da-riqueza\/#breadcrumb\"},\"inLanguage\":\"pt-PT\",\"potentialAction\":[{\"@type\":\"ReadAction\",\"target\":[\"https:\/\/portaltela.pt\/noticias\/2026\/03\/28\/papa-leao-xiv-encerra-visita-ao-monaco-alertando-para-a-idolatria-da-riqueza\/\"]}]},{\"@type\":\"ImageObject\",\"inLanguage\":\"pt-PT\",\"@id\":\"https:\/\/portaltela.pt\/noticias\/2026\/03\/28\/papa-leao-xiv-encerra-visita-ao-monaco-alertando-para-a-idolatria-da-riqueza\/#primaryimage\",\"url\":\"https:\/\/portaltela.pt\/s.01k8rhncp4jt1\/2026\/03\/img_1280x721uu2026-03-08-19-02-17-2271147.jpg\",\"contentUrl\":\"https:\/\/portaltela.pt\/s.01k8rhncp4jt1\/2026\/03\/img_1280x721uu2026-03-08-19-02-17-2271147.jpg\",\"width\":796,\"height\":448,\"caption\":\"Photo\"},{\"@type\":\"BreadcrumbList\",\"@id\":\"https:\/\/portaltela.pt\/noticias\/2026\/03\/28\/papa-leao-xiv-encerra-visita-ao-monaco-alertando-para-a-idolatria-da-riqueza\/#breadcrumb\",\"itemListElement\":[{\"@type\":\"ListItem\",\"position\":1,\"name\":\"In\u00edcio\",\"item\":\"https:\/\/portaltela.pt\/\"},{\"@type\":\"ListItem\",\"position\":2,\"name\":\"Papa Le\u00e3o XIV encerra visita ao M\u00f3naco alertando para a idolatria da riqueza\"}]},{\"@type\":\"WebSite\",\"@id\":\"https:\/\/portaltela.pt\/#website\",\"url\":\"https:\/\/portaltela.pt\/\",\"name\":\"Portal Tela Portugal\",\"description\":\"\",\"potentialAction\":[{\"@type\":\"SearchAction\",\"target\":{\"@type\":\"EntryPoint\",\"urlTemplate\":\"https:\/\/portaltela.pt\/?s={search_term_string}\"},\"query-input\":{\"@type\":\"PropertyValueSpecification\",\"valueRequired\":true,\"valueName\":\"search_term_string\"}}],\"inLanguage\":\"pt-PT\"},{\"@type\":\"Person\",\"@id\":\"https:\/\/portaltela.pt\/#\/schema\/person\/c4278d4a6028830caff9ee44b42d32ed\",\"name\":\"Telinha\",\"image\":{\"@type\":\"ImageObject\",\"inLanguage\":\"pt-PT\",\"@id\":\"https:\/\/portaltela.pt\/s.01k8rhncp4jt1\/2025\/11\/talking-bot-125x125.png\",\"url\":\"https:\/\/portaltela.pt\/s.01k8rhncp4jt1\/2025\/11\/talking-bot-125x125.png\",\"contentUrl\":\"https:\/\/portaltela.pt\/s.01k8rhncp4jt1\/2025\/11\/talking-bot-125x125.png\",\"caption\":\"Telinha\"},\"sameAs\":[\"https:\/\/portaltela.pt\/\"],\"url\":\"https:\/\/portaltela.pt\/por\/367410592786\/\"}]}<\/script>\n<!-- \/ Yoast SEO plugin. -->","yoast_head_json":{"title":"Papa Le\u00e3o XIV encerra visita ao M\u00f3naco alertando para a idolatria da riqueza - Portal Tela Portugal","robots":{"index":"index","follow":"follow","max-snippet":"max-snippet:-1","max-image-preview":"max-image-preview:large","max-video-preview":"max-video-preview:-1"},"og_locale":"pt_PT","og_type":"article","og_title":"Papa Le\u00e3o XIV encerra visita ao M\u00f3naco alertando para a idolatria da riqueza - Portal Tela Portugal","og_description":"O Papa Le\u00e3o XIV encerrou a visita ao M\u00f3naco com uma missa no Est\u00e1dio Lu\u00eds II, diante de cerca de 15 mil pessoas. Na homilia, denunciou guerras como fruto da idolatria do poder e do dinheiro e pediu \u00e0 Igreja que seja lugar de acolhimento e dignidade para os pequenos e os pobres. Reiterou o apelo pela paz, dizendo que n\u00e3o basta um equil\u00edbrio de poder e que a paz depende de cora\u00e7\u00f5es puros que veem o outro como irm\u00e3o. Foi recebido pelo pr\u00edncipe Alberto II e pela princesa Charlene, com a fam\u00edlia Grimaldi presente, e reuniu-se com jovens na Pra\u00e7a Santa Devota ap\u00f3s uma visita ao Pal\u00e1cio. O Papa incentivou momentos de sil\u00eancio para os jovens e destacou a miseric\u00f3rdia como caminho de solidez da vida; Alberto II recusou, em novembro de 2025, uma lei de aborto no Principado.","og_url":"https:\/\/portaltela.pt\/noticias\/2026\/03\/28\/papa-leao-xiv-encerra-visita-ao-monaco-alertando-para-a-idolatria-da-riqueza\/","og_site_name":"Portal Tela Portugal","article_published_time":"2026-03-28T16:27:43+00:00","author":"Telinha","twitter_card":"summary_large_image","twitter_misc":{"Escrito por":"Telinha","Tempo estimado de leitura":"2 minutos"},"schema":{"@context":"https:\/\/schema.org","@graph":[{"@type":"Article","@id":"https:\/\/portaltela.pt\/noticias\/2026\/03\/28\/papa-leao-xiv-encerra-visita-ao-monaco-alertando-para-a-idolatria-da-riqueza\/#article","isPartOf":{"@id":"https:\/\/portaltela.pt\/noticias\/2026\/03\/28\/papa-leao-xiv-encerra-visita-ao-monaco-alertando-para-a-idolatria-da-riqueza\/"},"author":{"name":"Telinha","@id":"https:\/\/portaltela.pt\/#\/schema\/person\/c4278d4a6028830caff9ee44b42d32ed"},"headline":"Papa Le\u00e3o XIV encerra visita ao M\u00f3naco alertando para a idolatria da riqueza","datePublished":"2026-03-28T16:27:43+00:00","mainEntityOfPage":{"@id":"https:\/\/portaltela.pt\/noticias\/2026\/03\/28\/papa-leao-xiv-encerra-visita-ao-monaco-alertando-para-a-idolatria-da-riqueza\/"},"wordCount":317,"image":{"@id":"https:\/\/portaltela.pt\/noticias\/2026\/03\/28\/papa-leao-xiv-encerra-visita-ao-monaco-alertando-para-a-idolatria-da-riqueza\/#primaryimage"},"thumbnailUrl":"https:\/\/portaltela.pt\/s.01k8rhncp4jt1\/2026\/03\/img_1280x721uu2026-03-08-19-02-17-2271147.jpg","keywords":["cat\u00f3licos","cultura","igreja","jovens","Monaco","religi\u00e3o"],"articleSection":["Not\u00edcias","Sociedade"],"inLanguage":"pt-PT"},{"@type":"WebPage","@id":"https:\/\/portaltela.pt\/noticias\/2026\/03\/28\/papa-leao-xiv-encerra-visita-ao-monaco-alertando-para-a-idolatria-da-riqueza\/","url":"https:\/\/portaltela.pt\/noticias\/2026\/03\/28\/papa-leao-xiv-encerra-visita-ao-monaco-alertando-para-a-idolatria-da-riqueza\/","name":"Papa Le\u00e3o XIV encerra visita ao M\u00f3naco alertando para a idolatria da riqueza - Portal Tela Portugal","isPartOf":{"@id":"https:\/\/portaltela.pt\/#website"},"primaryImageOfPage":{"@id":"https:\/\/portaltela.pt\/noticias\/2026\/03\/28\/papa-leao-xiv-encerra-visita-ao-monaco-alertando-para-a-idolatria-da-riqueza\/#primaryimage"},"image":{"@id":"https:\/\/portaltela.pt\/noticias\/2026\/03\/28\/papa-leao-xiv-encerra-visita-ao-monaco-alertando-para-a-idolatria-da-riqueza\/#primaryimage"},"thumbnailUrl":"https:\/\/portaltela.pt\/s.01k8rhncp4jt1\/2026\/03\/img_1280x721uu2026-03-08-19-02-17-2271147.jpg","datePublished":"2026-03-28T16:27:43+00:00","author":{"@id":"https:\/\/portaltela.pt\/#\/schema\/person\/c4278d4a6028830caff9ee44b42d32ed"},"breadcrumb":{"@id":"https:\/\/portaltela.pt\/noticias\/2026\/03\/28\/papa-leao-xiv-encerra-visita-ao-monaco-alertando-para-a-idolatria-da-riqueza\/#breadcrumb"},"inLanguage":"pt-PT","potentialAction":[{"@type":"ReadAction","target":["https:\/\/portaltela.pt\/noticias\/2026\/03\/28\/papa-leao-xiv-encerra-visita-ao-monaco-alertando-para-a-idolatria-da-riqueza\/"]}]},{"@type":"ImageObject","inLanguage":"pt-PT","@id":"https:\/\/portaltela.pt\/noticias\/2026\/03\/28\/papa-leao-xiv-encerra-visita-ao-monaco-alertando-para-a-idolatria-da-riqueza\/#primaryimage","url":"https:\/\/portaltela.pt\/s.01k8rhncp4jt1\/2026\/03\/img_1280x721uu2026-03-08-19-02-17-2271147.jpg","contentUrl":"https:\/\/portaltela.pt\/s.01k8rhncp4jt1\/2026\/03\/img_1280x721uu2026-03-08-19-02-17-2271147.jpg","width":796,"height":448,"caption":"Photo"},{"@type":"BreadcrumbList","@id":"https:\/\/portaltela.pt\/noticias\/2026\/03\/28\/papa-leao-xiv-encerra-visita-ao-monaco-alertando-para-a-idolatria-da-riqueza\/#breadcrumb","itemListElement":[{"@type":"ListItem","position":1,"name":"In\u00edcio","item":"https:\/\/portaltela.pt\/"},{"@type":"ListItem","position":2,"name":"Papa Le\u00e3o XIV encerra visita ao M\u00f3naco alertando para a idolatria da riqueza"}]},{"@type":"WebSite","@id":"https:\/\/portaltela.pt\/#website","url":"https:\/\/portaltela.pt\/","name":"Portal Tela Portugal","description":"","potentialAction":[{"@type":"SearchAction","target":{"@type":"EntryPoint","urlTemplate":"https:\/\/portaltela.pt\/?s={search_term_string}"},"query-input":{"@type":"PropertyValueSpecification","valueRequired":true,"valueName":"search_term_string"}}],"inLanguage":"pt-PT"},{"@type":"Person","@id":"https:\/\/portaltela.pt\/#\/schema\/person\/c4278d4a6028830caff9ee44b42d32ed","name":"Telinha","image":{"@type":"ImageObject","inLanguage":"pt-PT","@id":"https:\/\/portaltela.pt\/s.01k8rhncp4jt1\/2025\/11\/talking-bot-125x125.png","url":"https:\/\/portaltela.pt\/s.01k8rhncp4jt1\/2025\/11\/talking-bot-125x125.png","contentUrl":"https:\/\/portaltela.pt\/s.01k8rhncp4jt1\/2025\/11\/talking-bot-125x125.png","caption":"Telinha"},"sameAs":["https:\/\/portaltela.pt\/"],"url":"https:\/\/portaltela.pt\/por\/367410592786\/"}]}},"_links":{"self":[{"href":"https:\/\/portaltela.pt\/api\/wp\/v2\/posts\/425095","targetHints":{"allow":["GET"]}}],"collection":[{"href":"https:\/\/portaltela.pt\/api\/wp\/v2\/posts"}],"about":[{"href":"https:\/\/portaltela.pt\/api\/wp\/v2\/types\/post"}],"author":[{"embeddable":true,"href":"https:\/\/portaltela.pt\/api\/wp\/v2\/users\/2"}],"replies":[{"embeddable":true,"href":"https:\/\/portaltela.pt\/api\/wp\/v2\/comments?post=425095"}],"version-history":[{"count":0,"href":"https:\/\/portaltela.pt\/api\/wp\/v2\/posts\/425095\/revisions"}],"wp:featuredmedia":[{"embeddable":true,"href":"https:\/\/portaltela.pt\/api\/wp\/v2\/media\/425099"}],"wp:attachment":[{"href":"https:\/\/portaltela.pt\/api\/wp\/v2\/media?parent=425095"}],"wp:term":[{"taxonomy":"category","embeddable":true,"href":"https:\/\/portaltela.pt\/api\/wp\/v2\/categories?post=425095"},{"taxonomy":"post_tag","embeddable":true,"href":"https:\/\/portaltela.pt\/api\/wp\/v2\/tags?post=425095"}],"curies":[{"name":"wp","href":"https:\/\/api.w.org\/{rel}","templated":true}]}}