{"id":425071,"date":"2026-03-28T13:03:00","date_gmt":"2026-03-28T16:03:00","guid":{"rendered":"https:\/\/portaltela.pt\/noticias\/2026\/03\/28\/ex-portimonense-regressa-aos-relvados-apos-luta-contra-a-depressao\/"},"modified":"2026-03-28T13:03:00","modified_gmt":"2026-03-28T16:03:00","slug":"ex-portimonense-regressa-aos-relvados-apos-luta-contra-a-depressao","status":"publish","type":"post","link":"https:\/\/portaltela.pt\/desporto\/futebol\/2026\/03\/28\/ex-portimonense-regressa-aos-relvados-apos-luta-contra-a-depressao\/","title":{"rendered":"Ex-Portimonense regressa aos relvados ap\u00f3s luta contra a depress\u00e3o"},"content":{"rendered":"<p>Mazola, avan\u00e7ado de 36 anos, regressou aos relvados ao servi\u00e7o do Nacional-SP, em S\u00e3o Paulo, depois de mais de um ano afastado. A estreia ou retorno aconteceu durante a presente temporada na 4.\u00aa divis\u00e3o estadual.<\/p>\n<p>A hist\u00f3ria do jogador, que j\u00e1 teve uma passagem pelo Portimonense em 2013\/14, ficou marcada por longos per\u00edodos de afastamento. Motivos pessoais levaram-no a ficar longe dos campos desde 2024.<\/p>\n<p>Mazola contou, em entrevista a uma r\u00e1dio brasileira, que a inf\u00e2ncia foi marcada pela pobreza e pela morte do pai aos 36 anos, tamb\u00e9m jogador de futebol. A fam\u00edlia vivia com recursos muito limitados.<\/p>\n<p>Mais tarde, chegou ao S\u00e3o Paulo, que o lan\u00e7ou para o profissionalismo, e atuou no exterior, com passagens pela China e pelo Jap\u00e3o. Nestes pa\u00edses, ganhou bem, mas enfrentou solid\u00e3o e depress\u00e3o.<\/p>\n<p>A n\u00edvel desportivo, este regresso refor\u00e7a a recupera\u00e7\u00e3o do jogador, que afirma ter encontrado novamente motiva\u00e7\u00e3o e estabilidade para competir regularmente com o Nacional-SP.<\/p>\n","protected":false},"excerpt":{"rendered":"<ul>\n<li>Mazola, avan\u00e7ado de 36 anos, regressa aos relvados ao assinar pelo Nacional-SP, da 4.\u00aa divis\u00e3o estadual de S\u00e3o Paulo.<\/li>\n<li>O jogador esteve afastado dos campos em 2024, devido a depress\u00e3o e a problemas com \u00e1lcool e drogas, mas voltou a jogar em 2026.<\/li>\n<li>Em Portimonense, a passagem em 2013\/14 foi de 7 jogos e 2 golos.<\/li>\n<li>Em entrevista, Mazola relata uma inf\u00e2ncia dif\u00edcil, marcada pela morte do pai aos 36 anos, e pela vida de instabilidade econ\u00f3mica anterior \u00e0 carreira profissional.<\/li>\n<li>Refere tamb\u00e9m que, fora do Brasil, no Jap\u00e3o e na China, ganhou bastante dinheiro, mas sentiu solid\u00e3o e agravou a depress\u00e3o, recorrendo \u00e0 cannabis para \u201cesquecer o vazio\u201d.<\/li>\n<\/ul>\n","protected":false},"author":2,"featured_media":425073,"comment_status":"closed","ping_status":"closed","sticky":false,"template":"","format":"standard","meta":{"footnotes":""},"categories":[21,24],"tags":[2547,2557,152,32,6693,242],"class_list":["post-425071","post","type-post","status-publish","format-standard","has-post-thumbnail","hentry","category-desporto","category-futebol","tag-brasil","tag-depressao","tag-desporto","tag-futebol","tag-futebol-brasileiro","tag-jogadores"],"yoast_head":"<!-- This site is optimized with the Yoast SEO plugin v27.2 - https:\/\/yoast.com\/product\/yoast-seo-wordpress\/ -->\n<title>Ex-Portimonense regressa aos relvados ap\u00f3s luta contra a depress\u00e3o - Portal Tela Portugal<\/title>\n<meta name=\"robots\" content=\"index, follow, max-snippet:-1, max-image-preview:large, max-video-preview:-1\" \/>\n<meta property=\"og:locale\" content=\"pt_PT\" \/>\n<meta property=\"og:type\" content=\"article\" \/>\n<meta property=\"og:title\" content=\"Ex-Portimonense regressa aos relvados ap\u00f3s luta contra a depress\u00e3o - Portal Tela Portugal\" \/>\n<meta property=\"og:description\" content=\"Mazola, avan\u00e7ado de 36 anos, regressa aos relvados ao assinar pelo Nacional-SP, da 4.\u00aa divis\u00e3o estadual de S\u00e3o Paulo. O jogador esteve afastado dos campos em 2024, devido a depress\u00e3o e a problemas com \u00e1lcool e drogas, mas voltou a jogar em 2026. Em Portimonense, a passagem em 2013\/14 foi de 7 jogos e 2 golos. Em entrevista, Mazola relata uma inf\u00e2ncia dif\u00edcil, marcada pela morte do pai aos 36 anos, e pela vida de instabilidade econ\u00f3mica anterior \u00e0 carreira profissional. Refere tamb\u00e9m que, fora do Brasil, no Jap\u00e3o e na China, ganhou bastante dinheiro, mas sentiu solid\u00e3o e agravou a depress\u00e3o, recorrendo \u00e0 cannabis para \u201cesquecer o vazio\u201d.\" \/>\n<meta property=\"og:url\" content=\"https:\/\/portaltela.pt\/noticias\/2026\/03\/28\/ex-portimonense-regressa-aos-relvados-apos-luta-contra-a-depressao\/\" \/>\n<meta property=\"og:site_name\" content=\"Portal Tela Portugal\" \/>\n<meta property=\"article:published_time\" content=\"2026-03-28T16:03:00+00:00\" \/>\n<meta name=\"author\" content=\"Telinha\" \/>\n<meta name=\"twitter:card\" content=\"summary_large_image\" \/>\n<meta name=\"twitter:label1\" content=\"Escrito por\" \/>\n\t<meta name=\"twitter:data1\" content=\"Telinha\" \/>\n\t<meta name=\"twitter:label2\" content=\"Tempo estimado de leitura\" \/>\n\t<meta name=\"twitter:data2\" content=\"1 minuto\" \/>\n<script type=\"application\/ld+json\" class=\"yoast-schema-graph\">{\"@context\":\"https:\/\/schema.org\",\"@graph\":[{\"@type\":\"Article\",\"@id\":\"https:\/\/portaltela.pt\/noticias\/2026\/03\/28\/ex-portimonense-regressa-aos-relvados-apos-luta-contra-a-depressao\/#article\",\"isPartOf\":{\"@id\":\"https:\/\/portaltela.pt\/noticias\/2026\/03\/28\/ex-portimonense-regressa-aos-relvados-apos-luta-contra-a-depressao\/\"},\"author\":{\"name\":\"Telinha\",\"@id\":\"https:\/\/portaltela.pt\/#\/schema\/person\/c4278d4a6028830caff9ee44b42d32ed\"},\"headline\":\"Ex-Portimonense regressa aos relvados ap\u00f3s luta contra a depress\u00e3o\",\"datePublished\":\"2026-03-28T16:03:00+00:00\",\"mainEntityOfPage\":{\"@id\":\"https:\/\/portaltela.pt\/noticias\/2026\/03\/28\/ex-portimonense-regressa-aos-relvados-apos-luta-contra-a-depressao\/\"},\"wordCount\":181,\"image\":{\"@id\":\"https:\/\/portaltela.pt\/noticias\/2026\/03\/28\/ex-portimonense-regressa-aos-relvados-apos-luta-contra-a-depressao\/#primaryimage\"},\"thumbnailUrl\":\"https:\/\/portaltela.pt\/s.01k8rhncp4jt1\/2026\/03\/img_920x518uu2026-03-28-16-02-51-2429860.jpg\",\"keywords\":[\"Brasil\",\"depress\u00e3o\",\"desporto\",\"futebol\",\"futebol brasileiro\",\"jogadores\"],\"articleSection\":[\"Desporto\",\"Futebol\"],\"inLanguage\":\"pt-PT\"},{\"@type\":\"WebPage\",\"@id\":\"https:\/\/portaltela.pt\/noticias\/2026\/03\/28\/ex-portimonense-regressa-aos-relvados-apos-luta-contra-a-depressao\/\",\"url\":\"https:\/\/portaltela.pt\/noticias\/2026\/03\/28\/ex-portimonense-regressa-aos-relvados-apos-luta-contra-a-depressao\/\",\"name\":\"Ex-Portimonense regressa aos relvados ap\u00f3s luta contra a depress\u00e3o - Portal Tela Portugal\",\"isPartOf\":{\"@id\":\"https:\/\/portaltela.pt\/#website\"},\"primaryImageOfPage\":{\"@id\":\"https:\/\/portaltela.pt\/noticias\/2026\/03\/28\/ex-portimonense-regressa-aos-relvados-apos-luta-contra-a-depressao\/#primaryimage\"},\"image\":{\"@id\":\"https:\/\/portaltela.pt\/noticias\/2026\/03\/28\/ex-portimonense-regressa-aos-relvados-apos-luta-contra-a-depressao\/#primaryimage\"},\"thumbnailUrl\":\"https:\/\/portaltela.pt\/s.01k8rhncp4jt1\/2026\/03\/img_920x518uu2026-03-28-16-02-51-2429860.jpg\",\"datePublished\":\"2026-03-28T16:03:00+00:00\",\"author\":{\"@id\":\"https:\/\/portaltela.pt\/#\/schema\/person\/c4278d4a6028830caff9ee44b42d32ed\"},\"breadcrumb\":{\"@id\":\"https:\/\/portaltela.pt\/noticias\/2026\/03\/28\/ex-portimonense-regressa-aos-relvados-apos-luta-contra-a-depressao\/#breadcrumb\"},\"inLanguage\":\"pt-PT\",\"potentialAction\":[{\"@type\":\"ReadAction\",\"target\":[\"https:\/\/portaltela.pt\/noticias\/2026\/03\/28\/ex-portimonense-regressa-aos-relvados-apos-luta-contra-a-depressao\/\"]}]},{\"@type\":\"ImageObject\",\"inLanguage\":\"pt-PT\",\"@id\":\"https:\/\/portaltela.pt\/noticias\/2026\/03\/28\/ex-portimonense-regressa-aos-relvados-apos-luta-contra-a-depressao\/#primaryimage\",\"url\":\"https:\/\/portaltela.pt\/s.01k8rhncp4jt1\/2026\/03\/img_920x518uu2026-03-28-16-02-51-2429860.jpg\",\"contentUrl\":\"https:\/\/portaltela.pt\/s.01k8rhncp4jt1\/2026\/03\/img_920x518uu2026-03-28-16-02-51-2429860.jpg\",\"width\":796,\"height\":448,\"caption\":\"Mazola ao servi\u00e7o do Portimonense\"},{\"@type\":\"BreadcrumbList\",\"@id\":\"https:\/\/portaltela.pt\/noticias\/2026\/03\/28\/ex-portimonense-regressa-aos-relvados-apos-luta-contra-a-depressao\/#breadcrumb\",\"itemListElement\":[{\"@type\":\"ListItem\",\"position\":1,\"name\":\"In\u00edcio\",\"item\":\"https:\/\/portaltela.pt\/\"},{\"@type\":\"ListItem\",\"position\":2,\"name\":\"Ex-Portimonense regressa aos relvados ap\u00f3s luta contra a depress\u00e3o\"}]},{\"@type\":\"WebSite\",\"@id\":\"https:\/\/portaltela.pt\/#website\",\"url\":\"https:\/\/portaltela.pt\/\",\"name\":\"Portal Tela Portugal\",\"description\":\"\",\"potentialAction\":[{\"@type\":\"SearchAction\",\"target\":{\"@type\":\"EntryPoint\",\"urlTemplate\":\"https:\/\/portaltela.pt\/?s={search_term_string}\"},\"query-input\":{\"@type\":\"PropertyValueSpecification\",\"valueRequired\":true,\"valueName\":\"search_term_string\"}}],\"inLanguage\":\"pt-PT\"},{\"@type\":\"Person\",\"@id\":\"https:\/\/portaltela.pt\/#\/schema\/person\/c4278d4a6028830caff9ee44b42d32ed\",\"name\":\"Telinha\",\"image\":{\"@type\":\"ImageObject\",\"inLanguage\":\"pt-PT\",\"@id\":\"https:\/\/portaltela.pt\/s.01k8rhncp4jt1\/2025\/11\/talking-bot-125x125.png\",\"url\":\"https:\/\/portaltela.pt\/s.01k8rhncp4jt1\/2025\/11\/talking-bot-125x125.png\",\"contentUrl\":\"https:\/\/portaltela.pt\/s.01k8rhncp4jt1\/2025\/11\/talking-bot-125x125.png\",\"caption\":\"Telinha\"},\"sameAs\":[\"https:\/\/portaltela.pt\/\"],\"url\":\"https:\/\/portaltela.pt\/por\/367410592786\/\"}]}<\/script>\n<!-- \/ Yoast SEO plugin. -->","yoast_head_json":{"title":"Ex-Portimonense regressa aos relvados ap\u00f3s luta contra a depress\u00e3o - Portal Tela Portugal","robots":{"index":"index","follow":"follow","max-snippet":"max-snippet:-1","max-image-preview":"max-image-preview:large","max-video-preview":"max-video-preview:-1"},"og_locale":"pt_PT","og_type":"article","og_title":"Ex-Portimonense regressa aos relvados ap\u00f3s luta contra a depress\u00e3o - Portal Tela Portugal","og_description":"Mazola, avan\u00e7ado de 36 anos, regressa aos relvados ao assinar pelo Nacional-SP, da 4.\u00aa divis\u00e3o estadual de S\u00e3o Paulo. O jogador esteve afastado dos campos em 2024, devido a depress\u00e3o e a problemas com \u00e1lcool e drogas, mas voltou a jogar em 2026. Em Portimonense, a passagem em 2013\/14 foi de 7 jogos e 2 golos. Em entrevista, Mazola relata uma inf\u00e2ncia dif\u00edcil, marcada pela morte do pai aos 36 anos, e pela vida de instabilidade econ\u00f3mica anterior \u00e0 carreira profissional. Refere tamb\u00e9m que, fora do Brasil, no Jap\u00e3o e na China, ganhou bastante dinheiro, mas sentiu solid\u00e3o e agravou a depress\u00e3o, recorrendo \u00e0 cannabis para \u201cesquecer o vazio\u201d.","og_url":"https:\/\/portaltela.pt\/noticias\/2026\/03\/28\/ex-portimonense-regressa-aos-relvados-apos-luta-contra-a-depressao\/","og_site_name":"Portal Tela Portugal","article_published_time":"2026-03-28T16:03:00+00:00","author":"Telinha","twitter_card":"summary_large_image","twitter_misc":{"Escrito por":"Telinha","Tempo estimado de leitura":"1 minuto"},"schema":{"@context":"https:\/\/schema.org","@graph":[{"@type":"Article","@id":"https:\/\/portaltela.pt\/noticias\/2026\/03\/28\/ex-portimonense-regressa-aos-relvados-apos-luta-contra-a-depressao\/#article","isPartOf":{"@id":"https:\/\/portaltela.pt\/noticias\/2026\/03\/28\/ex-portimonense-regressa-aos-relvados-apos-luta-contra-a-depressao\/"},"author":{"name":"Telinha","@id":"https:\/\/portaltela.pt\/#\/schema\/person\/c4278d4a6028830caff9ee44b42d32ed"},"headline":"Ex-Portimonense regressa aos relvados ap\u00f3s luta contra a depress\u00e3o","datePublished":"2026-03-28T16:03:00+00:00","mainEntityOfPage":{"@id":"https:\/\/portaltela.pt\/noticias\/2026\/03\/28\/ex-portimonense-regressa-aos-relvados-apos-luta-contra-a-depressao\/"},"wordCount":181,"image":{"@id":"https:\/\/portaltela.pt\/noticias\/2026\/03\/28\/ex-portimonense-regressa-aos-relvados-apos-luta-contra-a-depressao\/#primaryimage"},"thumbnailUrl":"https:\/\/portaltela.pt\/s.01k8rhncp4jt1\/2026\/03\/img_920x518uu2026-03-28-16-02-51-2429860.jpg","keywords":["Brasil","depress\u00e3o","desporto","futebol","futebol brasileiro","jogadores"],"articleSection":["Desporto","Futebol"],"inLanguage":"pt-PT"},{"@type":"WebPage","@id":"https:\/\/portaltela.pt\/noticias\/2026\/03\/28\/ex-portimonense-regressa-aos-relvados-apos-luta-contra-a-depressao\/","url":"https:\/\/portaltela.pt\/noticias\/2026\/03\/28\/ex-portimonense-regressa-aos-relvados-apos-luta-contra-a-depressao\/","name":"Ex-Portimonense regressa aos relvados ap\u00f3s luta contra a depress\u00e3o - Portal Tela Portugal","isPartOf":{"@id":"https:\/\/portaltela.pt\/#website"},"primaryImageOfPage":{"@id":"https:\/\/portaltela.pt\/noticias\/2026\/03\/28\/ex-portimonense-regressa-aos-relvados-apos-luta-contra-a-depressao\/#primaryimage"},"image":{"@id":"https:\/\/portaltela.pt\/noticias\/2026\/03\/28\/ex-portimonense-regressa-aos-relvados-apos-luta-contra-a-depressao\/#primaryimage"},"thumbnailUrl":"https:\/\/portaltela.pt\/s.01k8rhncp4jt1\/2026\/03\/img_920x518uu2026-03-28-16-02-51-2429860.jpg","datePublished":"2026-03-28T16:03:00+00:00","author":{"@id":"https:\/\/portaltela.pt\/#\/schema\/person\/c4278d4a6028830caff9ee44b42d32ed"},"breadcrumb":{"@id":"https:\/\/portaltela.pt\/noticias\/2026\/03\/28\/ex-portimonense-regressa-aos-relvados-apos-luta-contra-a-depressao\/#breadcrumb"},"inLanguage":"pt-PT","potentialAction":[{"@type":"ReadAction","target":["https:\/\/portaltela.pt\/noticias\/2026\/03\/28\/ex-portimonense-regressa-aos-relvados-apos-luta-contra-a-depressao\/"]}]},{"@type":"ImageObject","inLanguage":"pt-PT","@id":"https:\/\/portaltela.pt\/noticias\/2026\/03\/28\/ex-portimonense-regressa-aos-relvados-apos-luta-contra-a-depressao\/#primaryimage","url":"https:\/\/portaltela.pt\/s.01k8rhncp4jt1\/2026\/03\/img_920x518uu2026-03-28-16-02-51-2429860.jpg","contentUrl":"https:\/\/portaltela.pt\/s.01k8rhncp4jt1\/2026\/03\/img_920x518uu2026-03-28-16-02-51-2429860.jpg","width":796,"height":448,"caption":"Mazola ao servi\u00e7o do Portimonense"},{"@type":"BreadcrumbList","@id":"https:\/\/portaltela.pt\/noticias\/2026\/03\/28\/ex-portimonense-regressa-aos-relvados-apos-luta-contra-a-depressao\/#breadcrumb","itemListElement":[{"@type":"ListItem","position":1,"name":"In\u00edcio","item":"https:\/\/portaltela.pt\/"},{"@type":"ListItem","position":2,"name":"Ex-Portimonense regressa aos relvados ap\u00f3s luta contra a depress\u00e3o"}]},{"@type":"WebSite","@id":"https:\/\/portaltela.pt\/#website","url":"https:\/\/portaltela.pt\/","name":"Portal Tela Portugal","description":"","potentialAction":[{"@type":"SearchAction","target":{"@type":"EntryPoint","urlTemplate":"https:\/\/portaltela.pt\/?s={search_term_string}"},"query-input":{"@type":"PropertyValueSpecification","valueRequired":true,"valueName":"search_term_string"}}],"inLanguage":"pt-PT"},{"@type":"Person","@id":"https:\/\/portaltela.pt\/#\/schema\/person\/c4278d4a6028830caff9ee44b42d32ed","name":"Telinha","image":{"@type":"ImageObject","inLanguage":"pt-PT","@id":"https:\/\/portaltela.pt\/s.01k8rhncp4jt1\/2025\/11\/talking-bot-125x125.png","url":"https:\/\/portaltela.pt\/s.01k8rhncp4jt1\/2025\/11\/talking-bot-125x125.png","contentUrl":"https:\/\/portaltela.pt\/s.01k8rhncp4jt1\/2025\/11\/talking-bot-125x125.png","caption":"Telinha"},"sameAs":["https:\/\/portaltela.pt\/"],"url":"https:\/\/portaltela.pt\/por\/367410592786\/"}]}},"_links":{"self":[{"href":"https:\/\/portaltela.pt\/api\/wp\/v2\/posts\/425071","targetHints":{"allow":["GET"]}}],"collection":[{"href":"https:\/\/portaltela.pt\/api\/wp\/v2\/posts"}],"about":[{"href":"https:\/\/portaltela.pt\/api\/wp\/v2\/types\/post"}],"author":[{"embeddable":true,"href":"https:\/\/portaltela.pt\/api\/wp\/v2\/users\/2"}],"replies":[{"embeddable":true,"href":"https:\/\/portaltela.pt\/api\/wp\/v2\/comments?post=425071"}],"version-history":[{"count":0,"href":"https:\/\/portaltela.pt\/api\/wp\/v2\/posts\/425071\/revisions"}],"wp:featuredmedia":[{"embeddable":true,"href":"https:\/\/portaltela.pt\/api\/wp\/v2\/media\/425073"}],"wp:attachment":[{"href":"https:\/\/portaltela.pt\/api\/wp\/v2\/media?parent=425071"}],"wp:term":[{"taxonomy":"category","embeddable":true,"href":"https:\/\/portaltela.pt\/api\/wp\/v2\/categories?post=425071"},{"taxonomy":"post_tag","embeddable":true,"href":"https:\/\/portaltela.pt\/api\/wp\/v2\/tags?post=425071"}],"curies":[{"name":"wp","href":"https:\/\/api.w.org\/{rel}","templated":true}]}}