{"id":425067,"date":"2026-03-28T12:47:00","date_gmt":"2026-03-28T15:47:00","guid":{"rendered":"https:\/\/portaltela.pt\/noticias\/2026\/03\/28\/rubio-desmente-zelensky-sobre-pressoes-para-abdicar-do-donbass\/"},"modified":"2026-03-28T12:47:00","modified_gmt":"2026-03-28T15:47:00","slug":"rubio-desmente-zelensky-sobre-pressoes-para-abdicar-do-donbass","status":"publish","type":"post","link":"https:\/\/portaltela.pt\/geopolitica\/2026\/03\/28\/rubio-desmente-zelensky-sobre-pressoes-para-abdicar-do-donbass\/","title":{"rendered":"Rubio desmente Zelensky sobre press\u00f5es para abdicar do Donbass"},"content":{"rendered":"<p>O secret\u00e1rio de Estado dos EUA, Marco Rubio, desmentiu declara\u00e7\u00f5es do Presidente ucraniano, Volodymyr Zelenskyy, sobre condicionamento de garantias de seguran\u00e7a. Segundo Rubio, as afirma\u00e7\u00f5es de Zelenskyy n\u00e3o correspondem \u00e0 posi\u00e7\u00e3o dos EUA.<\/p>\n<p>Zelenskyy afirmou esta semana que os EUA estariam dispostos a formalizar garantias de seguran\u00e7a assim que Kiev aceitasse ceder territ\u00f3rio. A afirma\u00e7\u00e3o foi apresentada como condi\u00e7\u00e3o para avan\u00e7ar com esses compromissos.<\/p>\n<p>Rubio reagiu, garantindo que a vers\u00e3o do Presidente ucraniano \u00e9 falsa. O porta-voz n\u00e3o informou detalhes adicionais nem indicou mudan\u00e7as na pol\u00edtica norte-americana sobre garantias de seguran\u00e7a.<\/p>\n<p>O epis\u00f3dio ocorreu no contexto de negocia\u00e7\u00f5es entre Washington e Kiev sobre apoio e salvaguardas militares. A imprensa acompanha as declara\u00e7\u00f5es para entender se houve equ\u00edvoco comunicacional ou desentendimento entre as partes.<\/p>\n","protected":false},"excerpt":{"rendered":"<ul>\n<li>O presidente ucraniano Volodymyr Zelenskyy afirmou que os EUA est\u00e3o prontos a formalizar garantias de seguran\u00e7a quando Kiev aceitar ceder territ\u00f3rio.<\/li>\n<li>Marco Rubio, alegadamente secret\u00e1rio de Estado dos EUA, afirmou que Zelenskyy mentiu ao dizer que as garantias dependem da retirada das for\u00e7as do Donbass.<\/li>\n<li>Rubio garante que as garantias de seguran\u00e7a n\u00e3o est\u00e3o condicionadas \u00e0 retirada das for\u00e7as ucranianas do Donbass.<\/li>\n<li>A afirma\u00e7\u00e3o de Zelenskyy envolve poss\u00edveis condicionantes por parte dos Estados Unidos sobre apoio de seguran\u00e7a.<\/li>\n<li>A not\u00edcia reporta um confronto entre declara\u00e7\u00f5es de Zelenskyy e a posi\u00e7\u00e3o de Rubio sobre o tema.<\/li>\n<\/ul>\n","protected":false},"author":2,"featured_media":425068,"comment_status":"closed","ping_status":"closed","sticky":false,"template":"","format":"standard","meta":{"footnotes":""},"categories":[6814],"tags":[1600,6054,2036,7439,5698,2134],"class_list":["post-425067","post","type-post","status-publish","format-standard","has-post-thumbnail","hentry","category-geopolitica","tag-estados-unidos","tag-garantias","tag-negociacoes-internacionais","tag-politica-externa","tag-politica-internacional","tag-ucrania"],"yoast_head":"<!-- This site is optimized with the Yoast SEO plugin v27.2 - https:\/\/yoast.com\/product\/yoast-seo-wordpress\/ -->\n<title>Rubio desmente Zelensky sobre press\u00f5es para abdicar do Donbass - Portal Tela Portugal<\/title>\n<meta name=\"robots\" content=\"index, follow, max-snippet:-1, max-image-preview:large, max-video-preview:-1\" \/>\n<meta property=\"og:locale\" content=\"pt_PT\" \/>\n<meta property=\"og:type\" content=\"article\" \/>\n<meta property=\"og:title\" content=\"Rubio desmente Zelensky sobre press\u00f5es para abdicar do Donbass - Portal Tela Portugal\" \/>\n<meta property=\"og:description\" content=\"O presidente ucraniano Volodymyr Zelenskyy afirmou que os EUA est\u00e3o prontos a formalizar garantias de seguran\u00e7a quando Kiev aceitar ceder territ\u00f3rio. Marco Rubio, alegadamente secret\u00e1rio de Estado dos EUA, afirmou que Zelenskyy mentiu ao dizer que as garantias dependem da retirada das for\u00e7as do Donbass. Rubio garante que as garantias de seguran\u00e7a n\u00e3o est\u00e3o condicionadas \u00e0 retirada das for\u00e7as ucranianas do Donbass. A afirma\u00e7\u00e3o de Zelenskyy envolve poss\u00edveis condicionantes por parte dos Estados Unidos sobre apoio de seguran\u00e7a. A not\u00edcia reporta um confronto entre declara\u00e7\u00f5es de Zelenskyy e a posi\u00e7\u00e3o de Rubio sobre o tema.\" \/>\n<meta property=\"og:url\" content=\"https:\/\/portaltela.pt\/noticias\/2026\/03\/28\/rubio-desmente-zelensky-sobre-pressoes-para-abdicar-do-donbass\/\" \/>\n<meta property=\"og:site_name\" content=\"Portal Tela Portugal\" \/>\n<meta property=\"article:published_time\" content=\"2026-03-28T15:47:00+00:00\" \/>\n<meta name=\"author\" content=\"Telinha\" \/>\n<meta name=\"twitter:card\" content=\"summary_large_image\" \/>\n<meta name=\"twitter:label1\" content=\"Escrito por\" \/>\n\t<meta name=\"twitter:data1\" content=\"Telinha\" \/>\n\t<meta name=\"twitter:label2\" content=\"Tempo estimado de leitura\" \/>\n\t<meta name=\"twitter:data2\" content=\"1 minuto\" \/>\n<script type=\"application\/ld+json\" class=\"yoast-schema-graph\">{\"@context\":\"https:\/\/schema.org\",\"@graph\":[{\"@type\":\"Article\",\"@id\":\"https:\/\/portaltela.pt\/noticias\/2026\/03\/28\/rubio-desmente-zelensky-sobre-pressoes-para-abdicar-do-donbass\/#article\",\"isPartOf\":{\"@id\":\"https:\/\/portaltela.pt\/noticias\/2026\/03\/28\/rubio-desmente-zelensky-sobre-pressoes-para-abdicar-do-donbass\/\"},\"author\":{\"name\":\"Telinha\",\"@id\":\"https:\/\/portaltela.pt\/#\/schema\/person\/c4278d4a6028830caff9ee44b42d32ed\"},\"headline\":\"Rubio desmente Zelensky sobre press\u00f5es para abdicar do Donbass\",\"datePublished\":\"2026-03-28T15:47:00+00:00\",\"mainEntityOfPage\":{\"@id\":\"https:\/\/portaltela.pt\/noticias\/2026\/03\/28\/rubio-desmente-zelensky-sobre-pressoes-para-abdicar-do-donbass\/\"},\"wordCount\":151,\"image\":{\"@id\":\"https:\/\/portaltela.pt\/noticias\/2026\/03\/28\/rubio-desmente-zelensky-sobre-pressoes-para-abdicar-do-donbass\/#primaryimage\"},\"thumbnailUrl\":\"https:\/\/portaltela.pt\/s.01k8rhncp4jt1\/2026\/03\/2077645.jpg\",\"keywords\":[\"Estados Unidos\",\"garantias\",\"negocia\u00e7\u00f5es internacionais\",\"pol\u00edtica externa\",\"pol\u00edtica internacional\",\"Ucr\u00e2nia\"],\"articleSection\":[\"Geopol\u00edtica\"],\"inLanguage\":\"pt-PT\"},{\"@type\":\"WebPage\",\"@id\":\"https:\/\/portaltela.pt\/noticias\/2026\/03\/28\/rubio-desmente-zelensky-sobre-pressoes-para-abdicar-do-donbass\/\",\"url\":\"https:\/\/portaltela.pt\/noticias\/2026\/03\/28\/rubio-desmente-zelensky-sobre-pressoes-para-abdicar-do-donbass\/\",\"name\":\"Rubio desmente Zelensky sobre press\u00f5es para abdicar do Donbass - Portal Tela Portugal\",\"isPartOf\":{\"@id\":\"https:\/\/portaltela.pt\/#website\"},\"primaryImageOfPage\":{\"@id\":\"https:\/\/portaltela.pt\/noticias\/2026\/03\/28\/rubio-desmente-zelensky-sobre-pressoes-para-abdicar-do-donbass\/#primaryimage\"},\"image\":{\"@id\":\"https:\/\/portaltela.pt\/noticias\/2026\/03\/28\/rubio-desmente-zelensky-sobre-pressoes-para-abdicar-do-donbass\/#primaryimage\"},\"thumbnailUrl\":\"https:\/\/portaltela.pt\/s.01k8rhncp4jt1\/2026\/03\/2077645.jpg\",\"datePublished\":\"2026-03-28T15:47:00+00:00\",\"author\":{\"@id\":\"https:\/\/portaltela.pt\/#\/schema\/person\/c4278d4a6028830caff9ee44b42d32ed\"},\"breadcrumb\":{\"@id\":\"https:\/\/portaltela.pt\/noticias\/2026\/03\/28\/rubio-desmente-zelensky-sobre-pressoes-para-abdicar-do-donbass\/#breadcrumb\"},\"inLanguage\":\"pt-PT\",\"potentialAction\":[{\"@type\":\"ReadAction\",\"target\":[\"https:\/\/portaltela.pt\/noticias\/2026\/03\/28\/rubio-desmente-zelensky-sobre-pressoes-para-abdicar-do-donbass\/\"]}]},{\"@type\":\"ImageObject\",\"inLanguage\":\"pt-PT\",\"@id\":\"https:\/\/portaltela.pt\/noticias\/2026\/03\/28\/rubio-desmente-zelensky-sobre-pressoes-para-abdicar-do-donbass\/#primaryimage\",\"url\":\"https:\/\/portaltela.pt\/s.01k8rhncp4jt1\/2026\/03\/2077645.jpg\",\"contentUrl\":\"https:\/\/portaltela.pt\/s.01k8rhncp4jt1\/2026\/03\/2077645.jpg\",\"width\":796,\"height\":448,\"caption\":\"Volodymyr Zelensky visitou os Emirados \u00c1rabes Unidos e o Qatar neste s\u00e1bado, onde formalizou acordos de coopera\u00e7\u00e3o em seguran\u00e7a\"},{\"@type\":\"BreadcrumbList\",\"@id\":\"https:\/\/portaltela.pt\/noticias\/2026\/03\/28\/rubio-desmente-zelensky-sobre-pressoes-para-abdicar-do-donbass\/#breadcrumb\",\"itemListElement\":[{\"@type\":\"ListItem\",\"position\":1,\"name\":\"In\u00edcio\",\"item\":\"https:\/\/portaltela.pt\/\"},{\"@type\":\"ListItem\",\"position\":2,\"name\":\"Rubio desmente Zelensky sobre press\u00f5es para abdicar do Donbass\"}]},{\"@type\":\"WebSite\",\"@id\":\"https:\/\/portaltela.pt\/#website\",\"url\":\"https:\/\/portaltela.pt\/\",\"name\":\"Portal Tela Portugal\",\"description\":\"\",\"potentialAction\":[{\"@type\":\"SearchAction\",\"target\":{\"@type\":\"EntryPoint\",\"urlTemplate\":\"https:\/\/portaltela.pt\/?s={search_term_string}\"},\"query-input\":{\"@type\":\"PropertyValueSpecification\",\"valueRequired\":true,\"valueName\":\"search_term_string\"}}],\"inLanguage\":\"pt-PT\"},{\"@type\":\"Person\",\"@id\":\"https:\/\/portaltela.pt\/#\/schema\/person\/c4278d4a6028830caff9ee44b42d32ed\",\"name\":\"Telinha\",\"image\":{\"@type\":\"ImageObject\",\"inLanguage\":\"pt-PT\",\"@id\":\"https:\/\/portaltela.pt\/s.01k8rhncp4jt1\/2025\/11\/talking-bot-125x125.png\",\"url\":\"https:\/\/portaltela.pt\/s.01k8rhncp4jt1\/2025\/11\/talking-bot-125x125.png\",\"contentUrl\":\"https:\/\/portaltela.pt\/s.01k8rhncp4jt1\/2025\/11\/talking-bot-125x125.png\",\"caption\":\"Telinha\"},\"sameAs\":[\"https:\/\/portaltela.pt\/\"],\"url\":\"https:\/\/portaltela.pt\/por\/367410592786\/\"}]}<\/script>\n<!-- \/ Yoast SEO plugin. -->","yoast_head_json":{"title":"Rubio desmente Zelensky sobre press\u00f5es para abdicar do Donbass - Portal Tela Portugal","robots":{"index":"index","follow":"follow","max-snippet":"max-snippet:-1","max-image-preview":"max-image-preview:large","max-video-preview":"max-video-preview:-1"},"og_locale":"pt_PT","og_type":"article","og_title":"Rubio desmente Zelensky sobre press\u00f5es para abdicar do Donbass - Portal Tela Portugal","og_description":"O presidente ucraniano Volodymyr Zelenskyy afirmou que os EUA est\u00e3o prontos a formalizar garantias de seguran\u00e7a quando Kiev aceitar ceder territ\u00f3rio. Marco Rubio, alegadamente secret\u00e1rio de Estado dos EUA, afirmou que Zelenskyy mentiu ao dizer que as garantias dependem da retirada das for\u00e7as do Donbass. Rubio garante que as garantias de seguran\u00e7a n\u00e3o est\u00e3o condicionadas \u00e0 retirada das for\u00e7as ucranianas do Donbass. A afirma\u00e7\u00e3o de Zelenskyy envolve poss\u00edveis condicionantes por parte dos Estados Unidos sobre apoio de seguran\u00e7a. A not\u00edcia reporta um confronto entre declara\u00e7\u00f5es de Zelenskyy e a posi\u00e7\u00e3o de Rubio sobre o tema.","og_url":"https:\/\/portaltela.pt\/noticias\/2026\/03\/28\/rubio-desmente-zelensky-sobre-pressoes-para-abdicar-do-donbass\/","og_site_name":"Portal Tela Portugal","article_published_time":"2026-03-28T15:47:00+00:00","author":"Telinha","twitter_card":"summary_large_image","twitter_misc":{"Escrito por":"Telinha","Tempo estimado de leitura":"1 minuto"},"schema":{"@context":"https:\/\/schema.org","@graph":[{"@type":"Article","@id":"https:\/\/portaltela.pt\/noticias\/2026\/03\/28\/rubio-desmente-zelensky-sobre-pressoes-para-abdicar-do-donbass\/#article","isPartOf":{"@id":"https:\/\/portaltela.pt\/noticias\/2026\/03\/28\/rubio-desmente-zelensky-sobre-pressoes-para-abdicar-do-donbass\/"},"author":{"name":"Telinha","@id":"https:\/\/portaltela.pt\/#\/schema\/person\/c4278d4a6028830caff9ee44b42d32ed"},"headline":"Rubio desmente Zelensky sobre press\u00f5es para abdicar do Donbass","datePublished":"2026-03-28T15:47:00+00:00","mainEntityOfPage":{"@id":"https:\/\/portaltela.pt\/noticias\/2026\/03\/28\/rubio-desmente-zelensky-sobre-pressoes-para-abdicar-do-donbass\/"},"wordCount":151,"image":{"@id":"https:\/\/portaltela.pt\/noticias\/2026\/03\/28\/rubio-desmente-zelensky-sobre-pressoes-para-abdicar-do-donbass\/#primaryimage"},"thumbnailUrl":"https:\/\/portaltela.pt\/s.01k8rhncp4jt1\/2026\/03\/2077645.jpg","keywords":["Estados Unidos","garantias","negocia\u00e7\u00f5es internacionais","pol\u00edtica externa","pol\u00edtica internacional","Ucr\u00e2nia"],"articleSection":["Geopol\u00edtica"],"inLanguage":"pt-PT"},{"@type":"WebPage","@id":"https:\/\/portaltela.pt\/noticias\/2026\/03\/28\/rubio-desmente-zelensky-sobre-pressoes-para-abdicar-do-donbass\/","url":"https:\/\/portaltela.pt\/noticias\/2026\/03\/28\/rubio-desmente-zelensky-sobre-pressoes-para-abdicar-do-donbass\/","name":"Rubio desmente Zelensky sobre press\u00f5es para abdicar do Donbass - Portal Tela Portugal","isPartOf":{"@id":"https:\/\/portaltela.pt\/#website"},"primaryImageOfPage":{"@id":"https:\/\/portaltela.pt\/noticias\/2026\/03\/28\/rubio-desmente-zelensky-sobre-pressoes-para-abdicar-do-donbass\/#primaryimage"},"image":{"@id":"https:\/\/portaltela.pt\/noticias\/2026\/03\/28\/rubio-desmente-zelensky-sobre-pressoes-para-abdicar-do-donbass\/#primaryimage"},"thumbnailUrl":"https:\/\/portaltela.pt\/s.01k8rhncp4jt1\/2026\/03\/2077645.jpg","datePublished":"2026-03-28T15:47:00+00:00","author":{"@id":"https:\/\/portaltela.pt\/#\/schema\/person\/c4278d4a6028830caff9ee44b42d32ed"},"breadcrumb":{"@id":"https:\/\/portaltela.pt\/noticias\/2026\/03\/28\/rubio-desmente-zelensky-sobre-pressoes-para-abdicar-do-donbass\/#breadcrumb"},"inLanguage":"pt-PT","potentialAction":[{"@type":"ReadAction","target":["https:\/\/portaltela.pt\/noticias\/2026\/03\/28\/rubio-desmente-zelensky-sobre-pressoes-para-abdicar-do-donbass\/"]}]},{"@type":"ImageObject","inLanguage":"pt-PT","@id":"https:\/\/portaltela.pt\/noticias\/2026\/03\/28\/rubio-desmente-zelensky-sobre-pressoes-para-abdicar-do-donbass\/#primaryimage","url":"https:\/\/portaltela.pt\/s.01k8rhncp4jt1\/2026\/03\/2077645.jpg","contentUrl":"https:\/\/portaltela.pt\/s.01k8rhncp4jt1\/2026\/03\/2077645.jpg","width":796,"height":448,"caption":"Volodymyr Zelensky visitou os Emirados \u00c1rabes Unidos e o Qatar neste s\u00e1bado, onde formalizou acordos de coopera\u00e7\u00e3o em seguran\u00e7a"},{"@type":"BreadcrumbList","@id":"https:\/\/portaltela.pt\/noticias\/2026\/03\/28\/rubio-desmente-zelensky-sobre-pressoes-para-abdicar-do-donbass\/#breadcrumb","itemListElement":[{"@type":"ListItem","position":1,"name":"In\u00edcio","item":"https:\/\/portaltela.pt\/"},{"@type":"ListItem","position":2,"name":"Rubio desmente Zelensky sobre press\u00f5es para abdicar do Donbass"}]},{"@type":"WebSite","@id":"https:\/\/portaltela.pt\/#website","url":"https:\/\/portaltela.pt\/","name":"Portal Tela Portugal","description":"","potentialAction":[{"@type":"SearchAction","target":{"@type":"EntryPoint","urlTemplate":"https:\/\/portaltela.pt\/?s={search_term_string}"},"query-input":{"@type":"PropertyValueSpecification","valueRequired":true,"valueName":"search_term_string"}}],"inLanguage":"pt-PT"},{"@type":"Person","@id":"https:\/\/portaltela.pt\/#\/schema\/person\/c4278d4a6028830caff9ee44b42d32ed","name":"Telinha","image":{"@type":"ImageObject","inLanguage":"pt-PT","@id":"https:\/\/portaltela.pt\/s.01k8rhncp4jt1\/2025\/11\/talking-bot-125x125.png","url":"https:\/\/portaltela.pt\/s.01k8rhncp4jt1\/2025\/11\/talking-bot-125x125.png","contentUrl":"https:\/\/portaltela.pt\/s.01k8rhncp4jt1\/2025\/11\/talking-bot-125x125.png","caption":"Telinha"},"sameAs":["https:\/\/portaltela.pt\/"],"url":"https:\/\/portaltela.pt\/por\/367410592786\/"}]}},"_links":{"self":[{"href":"https:\/\/portaltela.pt\/api\/wp\/v2\/posts\/425067","targetHints":{"allow":["GET"]}}],"collection":[{"href":"https:\/\/portaltela.pt\/api\/wp\/v2\/posts"}],"about":[{"href":"https:\/\/portaltela.pt\/api\/wp\/v2\/types\/post"}],"author":[{"embeddable":true,"href":"https:\/\/portaltela.pt\/api\/wp\/v2\/users\/2"}],"replies":[{"embeddable":true,"href":"https:\/\/portaltela.pt\/api\/wp\/v2\/comments?post=425067"}],"version-history":[{"count":0,"href":"https:\/\/portaltela.pt\/api\/wp\/v2\/posts\/425067\/revisions"}],"wp:featuredmedia":[{"embeddable":true,"href":"https:\/\/portaltela.pt\/api\/wp\/v2\/media\/425068"}],"wp:attachment":[{"href":"https:\/\/portaltela.pt\/api\/wp\/v2\/media?parent=425067"}],"wp:term":[{"taxonomy":"category","embeddable":true,"href":"https:\/\/portaltela.pt\/api\/wp\/v2\/categories?post=425067"},{"taxonomy":"post_tag","embeddable":true,"href":"https:\/\/portaltela.pt\/api\/wp\/v2\/tags?post=425067"}],"curies":[{"name":"wp","href":"https:\/\/api.w.org\/{rel}","templated":true}]}}