{"id":425036,"date":"2026-03-28T12:12:00","date_gmt":"2026-03-28T15:12:00","guid":{"rendered":"https:\/\/portaltela.pt\/noticias\/2026\/03\/28\/tiger-woods-libertado-apos-varias-horas-detido-apos-acidente\/"},"modified":"2026-03-28T12:12:00","modified_gmt":"2026-03-28T15:12:00","slug":"tiger-woods-libertado-apos-varias-horas-detido-apos-acidente","status":"publish","type":"post","link":"https:\/\/portaltela.pt\/desporto\/futebol\/2026\/03\/28\/tiger-woods-libertado-apos-varias-horas-detido-apos-acidente\/","title":{"rendered":"Tiger Woods libertado ap\u00f3s v\u00e1rias horas detido ap\u00f3s acidente"},"content":{"rendered":"<p>Tiger Woods libertado ap\u00f3s v\u00e1rias horas detido em incidente na Florida<\/p>\n<p>O golfista norte-americano Tiger Woods foi libertado depois de permanecer detido durante v\u00e1rias horas, na sequ\u00eancia de um acidente de via\u00e7\u00e3o ocorrido na Florida. A deten\u00e7\u00e3o ocorreu sob a suspeita de condu\u00e7\u00e3o sob o efeito de subst\u00e2ncias ainda n\u00e3o especificadas.<\/p>\n<p>De acordo com informa\u00e7\u00f5es preliminares, o autom\u00f3vel sofreu um acidente que gerou a interven\u00e7\u00e3o de pol\u00edcia e servi\u00e7os de emerg\u00eancia. N\u00e3o foram avan\u00e7ados detalhes sobre ferimentos ou consequ\u00eancias para terceiros, nem sobre a natureza exata das circunst\u00e2ncias que levaram \u00e0 deten\u00e7\u00e3o.<\/p>\n<p>At\u00e9 ao momento, n\u00e3o h\u00e1 confirma\u00e7\u00e3o de cargos formais contra Woods. A investiga\u00e7\u00e3o sobre o incidente est\u00e1 a decorrer, com a divulga\u00e7\u00e3o de novos dados dependendo das autoridades competentes.<\/p>\n","protected":false},"excerpt":{"rendered":"<ul>\n<li>O golfista Tiger Woods foi libertado ap\u00f3s passar v\u00e1rias horas detido, na sequ\u00eancia de um acidente de via\u00e7\u00e3o ocorrido na Florida.<\/li>\n<li>A deten\u00e7\u00e3o ocorreu por suspeita de condu\u00e7\u00e3o sob o efeito de subst\u00e2ncias, cuja natureza n\u00e3o foi especificada.<\/li>\n<li>O texto n\u00e3o apresenta detalhes adicionais sobre o andamento do processo ou consequ\u00eancias legais.<\/li>\n<li>A informa\u00e7\u00e3o mant\u00e9m-se objetiva e foca nos factos principais do incidente.<\/li>\n<\/ul>\n","protected":false},"author":2,"featured_media":425039,"comment_status":"closed","ping_status":"closed","sticky":false,"template":"","format":"standard","meta":{"footnotes":""},"categories":[21,24],"tags":[4169,2074,147,4139,1600,5547],"class_list":["post-425036","post","type-post","status-publish","format-standard","has-post-thumbnail","hentry","category-desporto","category-futebol","tag-acidente-rodoviario","tag-conducao-sob-o-efeito-de-alcool","tag-crime","tag-detencao","tag-estados-unidos","tag-informacao-internacional"],"yoast_head":"<!-- This site is optimized with the Yoast SEO plugin v27.2 - https:\/\/yoast.com\/product\/yoast-seo-wordpress\/ -->\n<title>Tiger Woods libertado ap\u00f3s v\u00e1rias horas detido ap\u00f3s acidente - Portal Tela Portugal<\/title>\n<meta name=\"robots\" content=\"index, follow, max-snippet:-1, max-image-preview:large, max-video-preview:-1\" \/>\n<meta property=\"og:locale\" content=\"pt_PT\" \/>\n<meta property=\"og:type\" content=\"article\" \/>\n<meta property=\"og:title\" content=\"Tiger Woods libertado ap\u00f3s v\u00e1rias horas detido ap\u00f3s acidente - Portal Tela Portugal\" \/>\n<meta property=\"og:description\" content=\"O golfista Tiger Woods foi libertado ap\u00f3s passar v\u00e1rias horas detido, na sequ\u00eancia de um acidente de via\u00e7\u00e3o ocorrido na Florida. A deten\u00e7\u00e3o ocorreu por suspeita de condu\u00e7\u00e3o sob o efeito de subst\u00e2ncias, cuja natureza n\u00e3o foi especificada. O texto n\u00e3o apresenta detalhes adicionais sobre o andamento do processo ou consequ\u00eancias legais. A informa\u00e7\u00e3o mant\u00e9m-se objetiva e foca nos factos principais do incidente.\" \/>\n<meta property=\"og:url\" content=\"https:\/\/portaltela.pt\/noticias\/2026\/03\/28\/tiger-woods-libertado-apos-varias-horas-detido-apos-acidente\/\" \/>\n<meta property=\"og:site_name\" content=\"Portal Tela Portugal\" \/>\n<meta property=\"article:published_time\" content=\"2026-03-28T15:12:00+00:00\" \/>\n<meta name=\"author\" content=\"Telinha\" \/>\n<meta name=\"twitter:card\" content=\"summary_large_image\" \/>\n<meta name=\"twitter:label1\" content=\"Escrito por\" \/>\n\t<meta name=\"twitter:data1\" content=\"Telinha\" \/>\n\t<meta name=\"twitter:label2\" content=\"Tempo estimado de leitura\" \/>\n\t<meta name=\"twitter:data2\" content=\"1 minuto\" \/>\n<script type=\"application\/ld+json\" class=\"yoast-schema-graph\">{\"@context\":\"https:\/\/schema.org\",\"@graph\":[{\"@type\":\"Article\",\"@id\":\"https:\/\/portaltela.pt\/noticias\/2026\/03\/28\/tiger-woods-libertado-apos-varias-horas-detido-apos-acidente\/#article\",\"isPartOf\":{\"@id\":\"https:\/\/portaltela.pt\/noticias\/2026\/03\/28\/tiger-woods-libertado-apos-varias-horas-detido-apos-acidente\/\"},\"author\":{\"name\":\"Telinha\",\"@id\":\"https:\/\/portaltela.pt\/#\/schema\/person\/c4278d4a6028830caff9ee44b42d32ed\"},\"headline\":\"Tiger Woods libertado ap\u00f3s v\u00e1rias horas detido ap\u00f3s acidente\",\"datePublished\":\"2026-03-28T15:12:00+00:00\",\"mainEntityOfPage\":{\"@id\":\"https:\/\/portaltela.pt\/noticias\/2026\/03\/28\/tiger-woods-libertado-apos-varias-horas-detido-apos-acidente\/\"},\"wordCount\":156,\"image\":{\"@id\":\"https:\/\/portaltela.pt\/noticias\/2026\/03\/28\/tiger-woods-libertado-apos-varias-horas-detido-apos-acidente\/#primaryimage\"},\"thumbnailUrl\":\"https:\/\/portaltela.pt\/s.01k8rhncp4jt1\/2026\/03\/CACHE_780X1200_ANALOG_WATERMARKED_43238762_290428012805069.jpg\",\"keywords\":[\"acidente rodovi\u00e1rio\",\"condu\u00e7\u00e3o sob o efeito de \u00e1lcool\",\"crime\",\"deten\u00e7\u00e3o\",\"Estados Unidos\",\"informa\u00e7\u00e3o internacional\"],\"articleSection\":[\"Desporto\",\"Futebol\"],\"inLanguage\":\"pt-PT\"},{\"@type\":\"WebPage\",\"@id\":\"https:\/\/portaltela.pt\/noticias\/2026\/03\/28\/tiger-woods-libertado-apos-varias-horas-detido-apos-acidente\/\",\"url\":\"https:\/\/portaltela.pt\/noticias\/2026\/03\/28\/tiger-woods-libertado-apos-varias-horas-detido-apos-acidente\/\",\"name\":\"Tiger Woods libertado ap\u00f3s v\u00e1rias horas detido ap\u00f3s acidente - Portal Tela Portugal\",\"isPartOf\":{\"@id\":\"https:\/\/portaltela.pt\/#website\"},\"primaryImageOfPage\":{\"@id\":\"https:\/\/portaltela.pt\/noticias\/2026\/03\/28\/tiger-woods-libertado-apos-varias-horas-detido-apos-acidente\/#primaryimage\"},\"image\":{\"@id\":\"https:\/\/portaltela.pt\/noticias\/2026\/03\/28\/tiger-woods-libertado-apos-varias-horas-detido-apos-acidente\/#primaryimage\"},\"thumbnailUrl\":\"https:\/\/portaltela.pt\/s.01k8rhncp4jt1\/2026\/03\/CACHE_780X1200_ANALOG_WATERMARKED_43238762_290428012805069.jpg\",\"datePublished\":\"2026-03-28T15:12:00+00:00\",\"author\":{\"@id\":\"https:\/\/portaltela.pt\/#\/schema\/person\/c4278d4a6028830caff9ee44b42d32ed\"},\"breadcrumb\":{\"@id\":\"https:\/\/portaltela.pt\/noticias\/2026\/03\/28\/tiger-woods-libertado-apos-varias-horas-detido-apos-acidente\/#breadcrumb\"},\"inLanguage\":\"pt-PT\",\"potentialAction\":[{\"@type\":\"ReadAction\",\"target\":[\"https:\/\/portaltela.pt\/noticias\/2026\/03\/28\/tiger-woods-libertado-apos-varias-horas-detido-apos-acidente\/\"]}]},{\"@type\":\"ImageObject\",\"inLanguage\":\"pt-PT\",\"@id\":\"https:\/\/portaltela.pt\/noticias\/2026\/03\/28\/tiger-woods-libertado-apos-varias-horas-detido-apos-acidente\/#primaryimage\",\"url\":\"https:\/\/portaltela.pt\/s.01k8rhncp4jt1\/2026\/03\/CACHE_780X1200_ANALOG_WATERMARKED_43238762_290428012805069.jpg\",\"contentUrl\":\"https:\/\/portaltela.pt\/s.01k8rhncp4jt1\/2026\/03\/CACHE_780X1200_ANALOG_WATERMARKED_43238762_290428012805069.jpg\",\"width\":796,\"height\":448,\"caption\":\"Golfista Tiger Woods libertado depois de v\u00e1rias horas detido ap\u00f3s acidente\"},{\"@type\":\"BreadcrumbList\",\"@id\":\"https:\/\/portaltela.pt\/noticias\/2026\/03\/28\/tiger-woods-libertado-apos-varias-horas-detido-apos-acidente\/#breadcrumb\",\"itemListElement\":[{\"@type\":\"ListItem\",\"position\":1,\"name\":\"In\u00edcio\",\"item\":\"https:\/\/portaltela.pt\/\"},{\"@type\":\"ListItem\",\"position\":2,\"name\":\"Tiger Woods libertado ap\u00f3s v\u00e1rias horas detido ap\u00f3s acidente\"}]},{\"@type\":\"WebSite\",\"@id\":\"https:\/\/portaltela.pt\/#website\",\"url\":\"https:\/\/portaltela.pt\/\",\"name\":\"Portal Tela Portugal\",\"description\":\"\",\"potentialAction\":[{\"@type\":\"SearchAction\",\"target\":{\"@type\":\"EntryPoint\",\"urlTemplate\":\"https:\/\/portaltela.pt\/?s={search_term_string}\"},\"query-input\":{\"@type\":\"PropertyValueSpecification\",\"valueRequired\":true,\"valueName\":\"search_term_string\"}}],\"inLanguage\":\"pt-PT\"},{\"@type\":\"Person\",\"@id\":\"https:\/\/portaltela.pt\/#\/schema\/person\/c4278d4a6028830caff9ee44b42d32ed\",\"name\":\"Telinha\",\"image\":{\"@type\":\"ImageObject\",\"inLanguage\":\"pt-PT\",\"@id\":\"https:\/\/portaltela.pt\/s.01k8rhncp4jt1\/2025\/11\/talking-bot-125x125.png\",\"url\":\"https:\/\/portaltela.pt\/s.01k8rhncp4jt1\/2025\/11\/talking-bot-125x125.png\",\"contentUrl\":\"https:\/\/portaltela.pt\/s.01k8rhncp4jt1\/2025\/11\/talking-bot-125x125.png\",\"caption\":\"Telinha\"},\"sameAs\":[\"https:\/\/portaltela.pt\/\"],\"url\":\"https:\/\/portaltela.pt\/por\/367410592786\/\"}]}<\/script>\n<!-- \/ Yoast SEO plugin. -->","yoast_head_json":{"title":"Tiger Woods libertado ap\u00f3s v\u00e1rias horas detido ap\u00f3s acidente - Portal Tela Portugal","robots":{"index":"index","follow":"follow","max-snippet":"max-snippet:-1","max-image-preview":"max-image-preview:large","max-video-preview":"max-video-preview:-1"},"og_locale":"pt_PT","og_type":"article","og_title":"Tiger Woods libertado ap\u00f3s v\u00e1rias horas detido ap\u00f3s acidente - Portal Tela Portugal","og_description":"O golfista Tiger Woods foi libertado ap\u00f3s passar v\u00e1rias horas detido, na sequ\u00eancia de um acidente de via\u00e7\u00e3o ocorrido na Florida. A deten\u00e7\u00e3o ocorreu por suspeita de condu\u00e7\u00e3o sob o efeito de subst\u00e2ncias, cuja natureza n\u00e3o foi especificada. O texto n\u00e3o apresenta detalhes adicionais sobre o andamento do processo ou consequ\u00eancias legais. A informa\u00e7\u00e3o mant\u00e9m-se objetiva e foca nos factos principais do incidente.","og_url":"https:\/\/portaltela.pt\/noticias\/2026\/03\/28\/tiger-woods-libertado-apos-varias-horas-detido-apos-acidente\/","og_site_name":"Portal Tela Portugal","article_published_time":"2026-03-28T15:12:00+00:00","author":"Telinha","twitter_card":"summary_large_image","twitter_misc":{"Escrito por":"Telinha","Tempo estimado de leitura":"1 minuto"},"schema":{"@context":"https:\/\/schema.org","@graph":[{"@type":"Article","@id":"https:\/\/portaltela.pt\/noticias\/2026\/03\/28\/tiger-woods-libertado-apos-varias-horas-detido-apos-acidente\/#article","isPartOf":{"@id":"https:\/\/portaltela.pt\/noticias\/2026\/03\/28\/tiger-woods-libertado-apos-varias-horas-detido-apos-acidente\/"},"author":{"name":"Telinha","@id":"https:\/\/portaltela.pt\/#\/schema\/person\/c4278d4a6028830caff9ee44b42d32ed"},"headline":"Tiger Woods libertado ap\u00f3s v\u00e1rias horas detido ap\u00f3s acidente","datePublished":"2026-03-28T15:12:00+00:00","mainEntityOfPage":{"@id":"https:\/\/portaltela.pt\/noticias\/2026\/03\/28\/tiger-woods-libertado-apos-varias-horas-detido-apos-acidente\/"},"wordCount":156,"image":{"@id":"https:\/\/portaltela.pt\/noticias\/2026\/03\/28\/tiger-woods-libertado-apos-varias-horas-detido-apos-acidente\/#primaryimage"},"thumbnailUrl":"https:\/\/portaltela.pt\/s.01k8rhncp4jt1\/2026\/03\/CACHE_780X1200_ANALOG_WATERMARKED_43238762_290428012805069.jpg","keywords":["acidente rodovi\u00e1rio","condu\u00e7\u00e3o sob o efeito de \u00e1lcool","crime","deten\u00e7\u00e3o","Estados Unidos","informa\u00e7\u00e3o internacional"],"articleSection":["Desporto","Futebol"],"inLanguage":"pt-PT"},{"@type":"WebPage","@id":"https:\/\/portaltela.pt\/noticias\/2026\/03\/28\/tiger-woods-libertado-apos-varias-horas-detido-apos-acidente\/","url":"https:\/\/portaltela.pt\/noticias\/2026\/03\/28\/tiger-woods-libertado-apos-varias-horas-detido-apos-acidente\/","name":"Tiger Woods libertado ap\u00f3s v\u00e1rias horas detido ap\u00f3s acidente - Portal Tela Portugal","isPartOf":{"@id":"https:\/\/portaltela.pt\/#website"},"primaryImageOfPage":{"@id":"https:\/\/portaltela.pt\/noticias\/2026\/03\/28\/tiger-woods-libertado-apos-varias-horas-detido-apos-acidente\/#primaryimage"},"image":{"@id":"https:\/\/portaltela.pt\/noticias\/2026\/03\/28\/tiger-woods-libertado-apos-varias-horas-detido-apos-acidente\/#primaryimage"},"thumbnailUrl":"https:\/\/portaltela.pt\/s.01k8rhncp4jt1\/2026\/03\/CACHE_780X1200_ANALOG_WATERMARKED_43238762_290428012805069.jpg","datePublished":"2026-03-28T15:12:00+00:00","author":{"@id":"https:\/\/portaltela.pt\/#\/schema\/person\/c4278d4a6028830caff9ee44b42d32ed"},"breadcrumb":{"@id":"https:\/\/portaltela.pt\/noticias\/2026\/03\/28\/tiger-woods-libertado-apos-varias-horas-detido-apos-acidente\/#breadcrumb"},"inLanguage":"pt-PT","potentialAction":[{"@type":"ReadAction","target":["https:\/\/portaltela.pt\/noticias\/2026\/03\/28\/tiger-woods-libertado-apos-varias-horas-detido-apos-acidente\/"]}]},{"@type":"ImageObject","inLanguage":"pt-PT","@id":"https:\/\/portaltela.pt\/noticias\/2026\/03\/28\/tiger-woods-libertado-apos-varias-horas-detido-apos-acidente\/#primaryimage","url":"https:\/\/portaltela.pt\/s.01k8rhncp4jt1\/2026\/03\/CACHE_780X1200_ANALOG_WATERMARKED_43238762_290428012805069.jpg","contentUrl":"https:\/\/portaltela.pt\/s.01k8rhncp4jt1\/2026\/03\/CACHE_780X1200_ANALOG_WATERMARKED_43238762_290428012805069.jpg","width":796,"height":448,"caption":"Golfista Tiger Woods libertado depois de v\u00e1rias horas detido ap\u00f3s acidente"},{"@type":"BreadcrumbList","@id":"https:\/\/portaltela.pt\/noticias\/2026\/03\/28\/tiger-woods-libertado-apos-varias-horas-detido-apos-acidente\/#breadcrumb","itemListElement":[{"@type":"ListItem","position":1,"name":"In\u00edcio","item":"https:\/\/portaltela.pt\/"},{"@type":"ListItem","position":2,"name":"Tiger Woods libertado ap\u00f3s v\u00e1rias horas detido ap\u00f3s acidente"}]},{"@type":"WebSite","@id":"https:\/\/portaltela.pt\/#website","url":"https:\/\/portaltela.pt\/","name":"Portal Tela Portugal","description":"","potentialAction":[{"@type":"SearchAction","target":{"@type":"EntryPoint","urlTemplate":"https:\/\/portaltela.pt\/?s={search_term_string}"},"query-input":{"@type":"PropertyValueSpecification","valueRequired":true,"valueName":"search_term_string"}}],"inLanguage":"pt-PT"},{"@type":"Person","@id":"https:\/\/portaltela.pt\/#\/schema\/person\/c4278d4a6028830caff9ee44b42d32ed","name":"Telinha","image":{"@type":"ImageObject","inLanguage":"pt-PT","@id":"https:\/\/portaltela.pt\/s.01k8rhncp4jt1\/2025\/11\/talking-bot-125x125.png","url":"https:\/\/portaltela.pt\/s.01k8rhncp4jt1\/2025\/11\/talking-bot-125x125.png","contentUrl":"https:\/\/portaltela.pt\/s.01k8rhncp4jt1\/2025\/11\/talking-bot-125x125.png","caption":"Telinha"},"sameAs":["https:\/\/portaltela.pt\/"],"url":"https:\/\/portaltela.pt\/por\/367410592786\/"}]}},"_links":{"self":[{"href":"https:\/\/portaltela.pt\/api\/wp\/v2\/posts\/425036","targetHints":{"allow":["GET"]}}],"collection":[{"href":"https:\/\/portaltela.pt\/api\/wp\/v2\/posts"}],"about":[{"href":"https:\/\/portaltela.pt\/api\/wp\/v2\/types\/post"}],"author":[{"embeddable":true,"href":"https:\/\/portaltela.pt\/api\/wp\/v2\/users\/2"}],"replies":[{"embeddable":true,"href":"https:\/\/portaltela.pt\/api\/wp\/v2\/comments?post=425036"}],"version-history":[{"count":0,"href":"https:\/\/portaltela.pt\/api\/wp\/v2\/posts\/425036\/revisions"}],"wp:featuredmedia":[{"embeddable":true,"href":"https:\/\/portaltela.pt\/api\/wp\/v2\/media\/425039"}],"wp:attachment":[{"href":"https:\/\/portaltela.pt\/api\/wp\/v2\/media?parent=425036"}],"wp:term":[{"taxonomy":"category","embeddable":true,"href":"https:\/\/portaltela.pt\/api\/wp\/v2\/categories?post=425036"},{"taxonomy":"post_tag","embeddable":true,"href":"https:\/\/portaltela.pt\/api\/wp\/v2\/tags?post=425036"}],"curies":[{"name":"wp","href":"https:\/\/api.w.org\/{rel}","templated":true}]}}